{"id":1092444,"date":"2022-10-10T11:19:32","date_gmt":"2022-10-10T08:19:32","guid":{"rendered":"https:\/\/analyse.optim.biz\/?p=1092444"},"modified":"2022-10-10T11:19:32","modified_gmt":"2022-10-10T08:19:32","slug":"larisa-miroiulupta-cu-canceruldermopigmentistbolnave-de-c","status":"publish","type":"post","link":"https:\/\/analyse.optim.biz\/?p=1092444","title":{"rendered":"Larisa Miroiu,lupta cu cancerul,dermopigmentist,bolnave de c"},"content":{"rendered":"<article id=\"template-id-172790\" class=\"post-172790 tdb_templates type-tdb_templates status-publish post\">\n<div id=\"tdi_38\" class=\"tdc-zone\">\n<div class=\"tdc_zone tdi_39  wpb_row td-pb-row\">\n<div id=\"tdi_40\" class=\"tdc-row stretch_row_1400 td-stretch-content\">\n<div class=\"vc_row tdi_41  wpb_row td-pb-row tdc-element-style\">\n<div class=\"vc_column tdi_43  wpb_column vc_column_container tdc-column td-pb-span8\">\n<div class=\"wpb_wrapper\">\n<div class=\"td_block_wrap tdb_single_categories tdi_44 td-pb-border-top td_block_template_1 \" data-td-block-uid=\"tdi_44\">\n<div class=\"tdb-category td-fix-index\"><a class=\"tdb-entry-category\" href=\"https:\/\/voceatimisului.ro\/stiri-din-timisoara-si-timis\/\">\u0218tiri<\/a><a class=\"tdb-entry-category\" href=\"https:\/\/voceatimisului.ro\/utile\/\">Utile<\/a><\/div>\n<\/div>\n<div class=\"td_block_wrap tdb_title tdi_45 tdb-single-title td-pb-border-top td_block_template_1\" data-td-block-uid=\"tdi_45\">\n<div class=\"tdb-block-inner td-fix-index\">\n<h1 class=\"tdb-title-text\">Inedit! Larisa Miroiu, un specialist dermopigmentist \u00ee\u0219i pune experien\u021ba la b\u0103taie, \u00een mod gratuit, \u00een beneficiul femeilor bolnave de cancer<\/h1>\n<\/div>\n<\/div>\n<div class=\"td_block_wrap tdb_single_subtitle tdi_46 td-pb-border-top td_block_template_1\" data-td-block-uid=\"tdi_46\">\n<div class=\"tdb-block-inner td-fix-index\">\n<h2>Inedit! Un specialist dermopigmentist \u00ee\u0219i pune experien\u021ba la b\u0103taie, \u00een mod gratuit, \u00een beneficiul femeilor bolnave de cancer <\/h2>\n<\/div>\n<\/div>\n<div class=\"vc_row_inner tdi_48  vc_row vc_inner wpb_row td-pb-row\">\n<div class=\"vc_column_inner tdi_50  wpb_column vc_column_container tdc-inner-column td-pb-span6\">\n<div class=\"vc_column-inner\">\n<div class=\"wpb_wrapper\">\n<div class=\"td_block_wrap tdb_single_author tdi_51 td-pb-border-top td_block_template_1 tdb-post-meta\" data-td-block-uid=\"tdi_51\">\n<div class=\"tdb-block-inner td-fix-index\">\n<div class=\"tdb-author-name-wrap\"><span class=\"tdb-author-by\">Autor-<\/span><a class=\"tdb-author-name\" href=\"https:\/\/voceatimisului.ro\/author\/cataadmin\/\">Radu Constantin<\/a><\/div>\n<\/div>\n<\/div>\n<div class=\"td_block_wrap tdb_single_date tdi_52 td-pb-border-top td_block_template_1 tdb-post-meta\" data-td-block-uid=\"tdi_52\">\n<div class=\"tdb-block-inner td-fix-index\"><time class=\"entry-date updated td-module-date\" datetime=\"2022-10-10T14:19:32+03:00\">10 octombrie 2022<\/time><\/div>\n<\/div>\n<div class=\"td_block_wrap tdb_single_comments_count tdi_53 td-pb-border-top td_block_template_1 tdb-post-meta\" data-td-block-uid=\"tdi_53\">\n<div class=\"tdb-block-inner td-fix-index\"><a href=\"https:\/\/voceatimisului.ro\/inedit-un-specialist-dermopigmentist-isi-pune-experienta-la-bataie-in-mod-gratuit-in-beneficiul-femeilor-bolnave-de-cancer\/#respond\"><span>0<\/span><\/a><\/div>\n<\/div>\n<div class=\"td_block_wrap tdb_single_post_views tdi_54 td-pb-border-top td_block_template_1 tdb-post-meta\" data-td-block-uid=\"tdi_54\">\n<div class=\"tdb-block-inner td-fix-index\"><span class=\"tdb-add-text\">1<\/span><span class=\"td-nr-views-153675\">835<\/span><\/div>\n<\/div>\n<\/div>\n<\/div>\n<\/div>\n<div class=\"vc_column_inner tdi_56  wpb_column vc_column_container tdc-inner-column td-pb-span6\">\n<div class=\"vc_column-inner\">\n<div class=\"wpb_wrapper\">\n<div class=\"td_block_wrap tdb_single_post_share tdi_57  td-pb-border-top td_block_template_1\" data-td-block-uid=\"tdi_57\">\n<div id=\"tdi_57\" class=\"td-post-sharing tdb-block td-ps-bg td-ps-notext td-post-sharing-style1 \">\n<div class=\"td-post-sharing-visible\"><a class=\"td-social-sharing-button td-social-sharing-button-js td-social-network td-social-facebook\" href=\"https:\/\/www.facebook.com\/sharer.php?u=https%3A%2F%2Fvoceatimisului.ro%2Finedit-un-specialist-dermopigmentist-isi-pune-experienta-la-bataie-in-mod-gratuit-in-beneficiul-femeilor-bolnave-de-cancer%2F\" title=\"Facebook\" rel=\"noopener\"><\/p>\n<div class=\"td-social-but-text\">Facebook<\/div>\n<p><\/a><a class=\"td-social-sharing-button td-social-sharing-button-js td-social-network td-social-twitter\" href=\"https:\/\/twitter.com\/intent\/tweet?text=Inedit%21+Larisa+Miroiu%2C+un+specialist+dermopigmentist+%C3%AE%C8%99i+pune+experien%C8%9Ba+la+b%C4%83taie%2C+%C3%AEn+mod+gratuit%2C+%C3%AEn+beneficiul+femeilor+bolnave+de+cancer&amp;url=https%3A%2F%2Fvoceatimisului.ro%2Finedit-un-specialist-dermopigmentist-isi-pune-experienta-la-bataie-in-mod-gratuit-in-beneficiul-femeilor-bolnave-de-cancer%2F&amp;via=Vocea+Timisului\" title=\"Twitter\" rel=\"noopener\"><\/p>\n<div class=\"td-social-but-text\">Twitter<\/div>\n<p><\/a><a class=\"td-social-sharing-button td-social-sharing-button-js td-social-network td-social-pinterest\" href=\"https:\/\/pinterest.com\/pin\/create\/button\/?url=https:\/\/voceatimisului.ro\/inedit-un-specialist-dermopigmentist-isi-pune-experienta-la-bataie-in-mod-gratuit-in-beneficiul-femeilor-bolnave-de-cancer\/&amp;media=https:\/\/analyse.optim.biz\/wp-content\/uploads\/2025\/12\/larisa-miroiu1-jpg.webp&amp;description=Inedit%21+Larisa+Miroiu%2C+un+specialist+dermopigmentist+%C3%AE%C8%99i+pune+experien%C8%9Ba+la+b%C4%83taie%2C+%C3%AEn+mod+gratuit%2C+%C3%AEn+beneficiul+femeilor+bolnave+de+cancer\" title=\"Pinterest\" rel=\"noopener\"><\/p>\n<div class=\"td-social-but-text\">Pinterest<\/div>\n<p><\/a><a class=\"td-social-sharing-button td-social-sharing-button-js td-social-network td-social-whatsapp\" href=\"https:\/\/api.whatsapp.com\/send?text=Inedit%21+Larisa+Miroiu%2C+un+specialist+dermopigmentist+%C3%AE%C8%99i+pune+experien%C8%9Ba+la+b%C4%83taie%2C+%C3%AEn+mod+gratuit%2C+%C3%AEn+beneficiul+femeilor+bolnave+de+cancer%20%0A%0A%20https:\/\/voceatimisului.ro\/inedit-un-specialist-dermopigmentist-isi-pune-experienta-la-bataie-in-mod-gratuit-in-beneficiul-femeilor-bolnave-de-cancer\/\" title=\"WhatsApp\" rel=\"noopener\"><\/p>\n<div class=\"td-social-but-text\">WhatsApp<\/div>\n<p><\/a><a class=\"td-social-sharing-button td-social-sharing-button-js td-social-network td-social-linkedin\" href=\"https:\/\/www.linkedin.com\/shareArticle?mini=true&amp;url=https:\/\/voceatimisului.ro\/inedit-un-specialist-dermopigmentist-isi-pune-experienta-la-bataie-in-mod-gratuit-in-beneficiul-femeilor-bolnave-de-cancer\/&amp;title=Inedit%21+Larisa+Miroiu%2C+un+specialist+dermopigmentist+%C3%AE%C8%99i+pune+experien%C8%9Ba+la+b%C4%83taie%2C+%C3%AEn+mod+gratuit%2C+%C3%AEn+beneficiul+femeilor+bolnave+de+cancer\" title=\"Linkedin\" rel=\"noopener\"><\/p>\n<div class=\"td-social-but-text\">Linkedin<\/div>\n<p><\/a><a class=\"td-social-sharing-button td-social-sharing-button-js td-social-network td-social-copy_url\" href=\"https:\/\/voceatimisului.ro\/inedit-un-specialist-dermopigmentist-isi-pune-experienta-la-bataie-in-mod-gratuit-in-beneficiul-femeilor-bolnave-de-cancer\/\" title=\"Copy URL\" rel=\"noopener\"><\/p>\n<div class=\"td-social-but-text\">Copy URL<\/div>\n<p><\/a><\/div>\n<\/div>\n<\/div>\n<\/div>\n<\/div>\n<\/div>\n<\/div>\n<div class=\"td_block_wrap tdb_single_featured_image tdi_58 tdb-content-horiz-left td-pb-border-top td_block_template_1\" data-td-block-uid=\"tdi_58\">\n<div class=\"tdb-block-inner td-fix-index\">\n<figure><img fetchpriority=\"high\" decoding=\"async\" width=\"696\" height=\"583\" class=\"entry-thumb\" src=\"https:\/\/analyse.optim.biz\/wp-content\/uploads\/2025\/12\/larisa-miroiu1-jpg-696x583-1.webp\" alt=\"Larisa Miroiu1 jpg\" title=\"Larisa Miroiu1 jpg\" loading=\"eager\"><figcaption class=\"tdb-caption-text\">Larisa Miroiu1 jpg<\/figcaption><\/figure>\n<\/div>\n<\/div>\n<div class=\"vc_row_inner tdi_60  vc_row vc_inner wpb_row td-pb-row\">\n<div class=\"vc_column_inner tdi_62  wpb_column vc_column_container tdc-inner-column td-pb-span4 td-is-sticky\">\n<div class=\"vc_column-inner\">\n<div class=\"wpb_wrapper\" data-sticky-enabled-on=\"W3RydWUsdHJ1ZSx0cnVlLHRydWVd\" data-sticky-offset=\"20\" data-sticky-is-width-auto=\"W2ZhbHNlLGZhbHNlLGZhbHNlLGZhbHNlXQ==\">\n<div class=\"td_block_wrap td_flex_block_1 tdi_63 td-pb-border-top td_block_template_1 td_ajax_preloading_preload td_flex_block\" data-td-block-uid=\"tdi_63\">\n<div id=\"tdi_63\" class=\"td_block_inner td-mc1-wrap\">\n<div class=\"td_module_flex td_module_flex_1 td_module_wrap td-animation-stack td-meta-info-hide td-cpt-post\">\n<div class=\"td-module-container td-category-pos-image\">\n<div class=\"td-module-meta-info\">\n<h3 class=\"entry-title td-module-title\"><a href=\"https:\/\/voceatimisului.ro\/fetita-pe-care-parintii-nu-au-mai-vrut-sa-o-trateze-de-cancer-murit-micuta-fusese-internata-si-la-timisoara\/\" rel=\"bookmark\" title=\"Fetita pe care parintii nu au mai vrut sa o trateze de cancer a murit. Micuta fusese internata si la Timisoara\">Fetita pe care parintii nu au mai vrut sa o trateze de cancer a murit. Micuta fusese internata si la Timisoara<\/a><\/h3>\n<\/div>\n<\/div>\n<\/div>\n<div class=\"td_module_flex td_module_flex_1 td_module_wrap td-animation-stack td-meta-info-hide td-cpt-post\">\n<div class=\"td-module-container td-category-pos-image\">\n<div class=\"td-module-meta-info\">\n<h3 class=\"entry-title td-module-title\"><a href=\"https:\/\/voceatimisului.ro\/aparat-nou-pentru-tratamentul-cancerului-la-spitalul-municipal-din-timisoara\/\" rel=\"bookmark\" title=\"Aparat nou pentru tratamentul cancerului la Spitalul Municipal din Timisoara\">Aparat nou pentru tratamentul cancerului la Spitalul Municipal din Timisoara<\/a><\/h3>\n<\/div>\n<\/div>\n<\/div>\n<div class=\"td_module_flex td_module_flex_1 td_module_wrap td-animation-stack td-meta-info-hide td-cpt-post\">\n<div class=\"td-module-container td-category-pos-image\">\n<div class=\"td-module-meta-info\">\n<h3 class=\"entry-title td-module-title\"><a href=\"https:\/\/voceatimisului.ro\/3-milioane-de-euro-bani-de-la-ue-pentru-tratamentul-bolnavilor-de-cancer-din-vestul-tarii-proiectul-castigat-de-oncogen\/\" rel=\"bookmark\" title=\"3 milioane de euro, bani de la UE, pentru tratamentul bolnavilor de cancer din vestul \u021b\u0103rii. Proiectul c\u00e2\u0219tigat de Oncogen\">3 milioane de euro, bani de la UE, pentru tratamentul bolnavilor de cancer din vestul \u021b\u0103rii. Proiectul c\u00e2\u0219tigat de Oncogen<\/a><\/h3>\n<\/div>\n<\/div>\n<\/div>\n<div class=\"td_module_flex td_module_flex_1 td_module_wrap td-animation-stack td-meta-info-hide td-cpt-post\">\n<div class=\"td-module-container td-category-pos-image\">\n<div class=\"td-module-meta-info\">\n<h3 class=\"entry-title td-module-title\"><a href=\"https:\/\/voceatimisului.ro\/umilinta-pentru-bolnavii-care-se-trateaza-la-oncologia-din-timisoara-sunt-dusi-cu-targa-pe-scari-cand-va-fi-dotata-cladirea-cu-un-lift\/\" rel=\"bookmark\" title=\"Umilin\u021b\u0103 pentru bolnavii care se trateaz\u0103 la Oncologia din Timi\u0219oara: sunt du\u015fi cu targa pe sc\u0103ri. C\u00e2nd va fi dotat\u0103 cl\u0103direa cu un lift\">Umilin\u021b\u0103 pentru bolnavii care se trateaz\u0103 la Oncologia din Timi\u0219oara: sunt du\u015fi cu targa pe sc\u0103ri. C\u00e2nd va fi dotat\u0103 cl\u0103direa cu un lift<\/a><\/h3>\n<\/div>\n<\/div>\n<\/div>\n<\/div>\n<\/div>\n<div class=\"tdb-author-box td_block_wrap tdb_single_author_box tdi_68 tdb-content-vert-top td-pb-border-top td_block_template_1\" data-td-block-uid=\"tdi_68\">\n<div class=\"tdb-block-inner td-fix-index\">\n<div class=\"tdb-author-info\"><a href=\"https:\/\/voceatimisului.ro\/author\/cataadmin\/\" class=\"tdb-author-name\">Radu Constantin<\/a><a href=\"http:\/\/www.voceatimisului.ro\" rel=\"nofollow\" class=\"tdb-author-url\">http:\/\/www.voceatimisului.ro<\/a><\/p>\n<div class=\"tdb-author-descr\">\u00centreaga responsabilitate a comentariilor l\u0103sate de dumneavoastr\u0103 v\u0103 apar\u021bine!<br \/>\nClick <a href=\"https:\/\/voceatimisului.ro\/termeni-si-conditii\/\">aici<\/a>-citeste condi\u0163iile de utilizare ale site-ului www.voceatimisului.ro<\/div>\n<\/div>\n<\/div>\n<\/div>\n<\/div>\n<\/div>\n<\/div>\n<div class=\"vc_column_inner tdi_70  wpb_column vc_column_container tdc-inner-column td-pb-span8\">\n<div class=\"vc_column-inner\">\n<div class=\"wpb_wrapper\">\n<div class=\"td_block_wrap tdb_single_content tdi_71 td-pb-border-top td_block_template_1 td-post-content tagdiv-type\" data-td-block-uid=\"tdi_71\">\n<div class=\"tdb-block-inner td-fix-index\">\n<h5 class=\"wp-block-heading\" id=\"h-larisa-miroiu-nu-e-vreun-inger-\u0219i-nici-vreo-sfanta-coborata-din-calendarele-cre\u0219tine-cu-toate-acestea-se-comporta-ca-atare-nu-are-aripi-dar-prin-ceea-ce-face-da-aripi-fara-sa-ceara-nimic-in-schimb-nici-macar-o-vorba-buna-de-ce-e-atat-de-speciala-mai-ales-in-zilele-noastre-larisa-miroiu-in-primul-rand-pentru-ca-dincolo-de-naturale\u021bea-sa-ie\u0219ita-din-tipare-\u0219i-din-proprie-ini\u021biativa-tanara-s-a-angrenat-pe-un-drum-anevoios-de-cele-mai-multe-ori-unul-fara-intoarcere-lupta-cu-cancerul\">Larisa Miroiu nu e vreun \u00eenger! \u0218i nici vreo sf\u00e2nt\u0103 cobor\u00e2t\u0103 din calendarele cre\u0219tine! Cu toate acestea, se comport\u0103 ca atare: <em>nu are aripi dar, prin ceea ce face, d\u0103 aripi<\/em>! F\u0103r\u0103 s\u0103 cear\u0103 nimic, \u00een schimb! Nici m\u0103car o vorb\u0103 bun\u0103! De ce e at\u00e2t de special\u0103, mai ales \u00een zilele noastre, Larisa Miroiu? \u00cen primul r\u00e2nd pentru c\u0103, dincolo de naturale\u021bea sa ie\u0219it\u0103 din tipare \u0219i din proprie ini\u021biativ\u0103, t\u00e2n\u0103ra s-a angrenat pe un drum anevoios, de cele mai multe ori, unul f\u0103r\u0103 \u00eentoarcere: <em>lupta cu cancerul<\/em>!<\/h5>\n<p>Nu, Larisa Miroiu nu e nici medic \u0219i nici psihoterapeut. Dar asta nu \u00eenseamn\u0103 c\u0103 din postura de dermopigmentist nu poate pune um\u0103rul \u0219i o vorb\u0103 bun\u0103, acolo Sus, pentru toate clientele sale, \u00eencercate de boal\u0103: <b>\u201d<\/b><em><b>Am ini\u021biat acest proiect umanitar de remodelare \u0219i corectare a spr\u00e2ncenelor, \u00een primul r\u00e2nd, cu g\u00e2ndul de a oferi un z\u00e2mbet tuturor femeilor care sunt bolnave de cancer. Ele sunt <\/b><\/em><strong><em>adev\u0103rate lupt\u0103toare care trec prin chinuitoarele proceduri cu citostatice. \u0218tim cu to\u021bii c\u0103 una din consecin\u021bele tratamentelor agresive de chimioterapie \u0219i radioterapie este pierderea \u0219i spr\u00e2ncenelor\u201d.<\/em><\/strong><\/p>\n<p>A\u0219a s-a n\u0103scut ideea Larisei Miroiu! Ulterior, de la pacientele de oncologie, t\u00e2n\u0103ra \u0219i-a extins raza binef\u0103c\u0103toare \u0219i asupra femeilor care sufer\u0103 de Alopecie sau de alte boli autoimune care determin\u0103 c\u0103derea p\u0103rului din spr\u00e2ncean\u0103. Procedura de micro-pigmentare, spune t\u00e2n\u0103ra, nu este deloc dureroas\u0103 \u0219i presupune introducerea de pigment, \u00een stratul superior al dermului, cu ajutorul unui ac foarte fin. <\/p>\n<p>Se creaz\u0103 astfel un efect de tatuaj, cu un aspect discret de fard, dar cel mai important lucru este c\u0103, prin aceast\u0103 tehnic\u0103, forma si pozi\u021bionarea spr\u00e2ncenelor sunt cele corecte \u0219i naturale. Ceea ce, din punct de vedere psihic, pentru orice pacient\u0103 de Oncologie este un adev\u0103rat c\u00e2\u0219tig!<\/p>\n<p>A\u0219adar, pentru toate femeile care au trecut prin proceduri de chimioterapie sau sufer\u0103 de Alopecie \u0219i alte boli autoimune, e bine de \u0219tiut c\u0103 Larisa Miroiu ofer\u0103 gratuit \u0219i pe baz\u0103 de programare, \u00eentr-un cadru profesional, \u0219edin\u021be de micro-pigmentare: <strong>\u201d<em>Nu vrem dec\u00e2t s\u0103 aducem pu\u021bin\u0103 bucurie pe chipurile suferinde ale doamnelor.\u00a0Credem cu t\u0103rie c\u0103 frumuse\u021bea aduce sufletul la via\u021b\u0103<\/em>\u201d.<\/strong> Program\u0103rile se pot face la num\u0103rul de telefon 0790.080.091<\/p>\n<figure class=\"wp-block-gallery has-nested-images columns-default is-cropped wp-block-gallery-1 is-layout-flex wp-block-gallery-is-layout-flex\">\n<figure class=\"wp-block-image size-large\"><a href=\"https:\/\/analyse.optim.biz\/wp-content\/uploads\/2025\/12\/larisa-miroiu1.jpg\"><img decoding=\"async\" data-id=\"153683\" src=\"https:\/\/analyse.optim.biz\/wp-content\/uploads\/2025\/12\/larisa-miroiu1.jpg\" alt=\"Inedit! Larisa Miroiu, un specialist dermopigmentist \u00ee\u0219i pune experien\u021ba la b\u0103taie, \u00een mod gratuit, \u00een beneficiul femeilor bolnave de cancer\" class=\"wp-image-153683\" width=\"940\" height=\"788\" loading=\"lazy\" title=\"larisa-miroiu1\"><\/a><\/figure>\n<figure class=\"wp-block-image size-large\"><a href=\"https:\/\/analyse.optim.biz\/wp-content\/uploads\/2025\/12\/larisa-miroiu5.jpg\"><img decoding=\"async\" width=\"682\" height=\"1024\" data-id=\"153682\" src=\"https:\/\/analyse.optim.biz\/wp-content\/uploads\/2025\/12\/larisa-miroiu5.jpg\" alt=\"Inedit! Larisa Miroiu, un specialist dermopigmentist \u00ee\u0219i pune experien\u021ba la b\u0103taie, \u00een mod gratuit, \u00een beneficiul femeilor bolnave de cancer\" class=\"wp-image-153682\" loading=\"lazy\" title=\"larisa-miroiu5\"><\/a><\/figure>\n<figure class=\"wp-block-image size-large\"><a href=\"https:\/\/analyse.optim.biz\/wp-content\/uploads\/2025\/12\/larisa-miroiu6.jpg\"><img decoding=\"async\" width=\"1024\" height=\"682\" data-id=\"153681\" src=\"https:\/\/analyse.optim.biz\/wp-content\/uploads\/2025\/12\/larisa-miroiu6.jpg\" alt=\"Inedit! Larisa Miroiu, un specialist dermopigmentist \u00ee\u0219i pune experien\u021ba la b\u0103taie, \u00een mod gratuit, \u00een beneficiul femeilor bolnave de cancer\" class=\"wp-image-153681\" loading=\"lazy\" title=\"larisa-miroiu6\"><\/a><\/figure>\n<figure class=\"wp-block-image size-large\"><a href=\"https:\/\/analyse.optim.biz\/wp-content\/uploads\/2025\/12\/larisa-miroiu4.jpg\"><img decoding=\"async\" width=\"1024\" height=\"682\" data-id=\"153680\" src=\"https:\/\/analyse.optim.biz\/wp-content\/uploads\/2025\/12\/larisa-miroiu4.jpg\" alt=\"Inedit! Larisa Miroiu, un specialist dermopigmentist \u00ee\u0219i pune experien\u021ba la b\u0103taie, \u00een mod gratuit, \u00een beneficiul femeilor bolnave de cancer\" class=\"wp-image-153680\" loading=\"lazy\" title=\"larisa-miroiu4\"><\/a><\/figure>\n<figure class=\"wp-block-image size-large\"><a href=\"https:\/\/analyse.optim.biz\/wp-content\/uploads\/2025\/12\/larisa-miroiu2.jpg\"><img decoding=\"async\" loading=\"lazy\" width=\"682\" height=\"1024\" data-id=\"153679\" src=\"https:\/\/analyse.optim.biz\/wp-content\/uploads\/2025\/12\/larisa-miroiu2.jpg\" alt=\"Inedit! Larisa Miroiu, un specialist dermopigmentist \u00ee\u0219i pune experien\u021ba la b\u0103taie, \u00een mod gratuit, \u00een beneficiul femeilor bolnave de cancer\" class=\"wp-image-153679\" title=\"larisa-miroiu2\"><\/a><\/figure>\n<figure class=\"wp-block-image size-large\"><a href=\"https:\/\/analyse.optim.biz\/wp-content\/uploads\/2025\/12\/larisa-miroiu3.jpg\"><img decoding=\"async\" loading=\"lazy\" width=\"1024\" height=\"682\" data-id=\"153678\" src=\"https:\/\/analyse.optim.biz\/wp-content\/uploads\/2025\/12\/larisa-miroiu3.jpg\" alt=\"Inedit! Larisa Miroiu, un specialist dermopigmentist \u00ee\u0219i pune experien\u021ba la b\u0103taie, \u00een mod gratuit, \u00een beneficiul femeilor bolnave de cancer\" class=\"wp-image-153678\" title=\"larisa-miroiu3\"><\/a><\/figure>\n<figure class=\"wp-block-image size-large\"><a href=\"https:\/\/analyse.optim.biz\/wp-content\/uploads\/2025\/12\/larisa-miroiu7.jpg\"><img decoding=\"async\" loading=\"lazy\" width=\"682\" height=\"1024\" data-id=\"153677\" src=\"https:\/\/analyse.optim.biz\/wp-content\/uploads\/2025\/12\/larisa-miroiu7.jpg\" alt=\"Larisa Miroiu\" class=\"wp-image-153677\" title=\"larisa-miroiu7\"><\/a><\/figure>\n<\/figure>\n<\/div>\n<\/div>\n<div class=\"td_block_wrap tdb_single_tags tdi_74 td-pb-border-top td_block_template_1\" data-td-block-uid=\"tdi_74\">\n<div class=\"tdb-block-inner td-fix-index\">\n<ul class=\"tdb-tags\">\n<li><span>Tags<\/span><\/li>\n<li><a href=\"https:\/\/voceatimisului.ro\/tag\/cancer\/\">cancer<\/a><\/li>\n<li><a href=\"https:\/\/voceatimisului.ro\/tag\/dermopigmentist\/\">dermopigmentist<\/a><\/li>\n<li><a href=\"https:\/\/voceatimisului.ro\/tag\/larisa-miroiu\/\">Larisa Miroiu<\/a><\/li>\n<li><a href=\"https:\/\/voceatimisului.ro\/tag\/lupta-cu-cancerul\/\">lupta cu cancerul<\/a><\/li>\n<\/ul>\n<\/div>\n<\/div>\n<div class=\"td_block_wrap tdb_single_post_share tdi_75  td-pb-border-top td_block_template_1\" data-td-block-uid=\"tdi_75\">\n<div id=\"tdi_75\" class=\"td-post-sharing tdb-block td-ps-bg td-ps-notext td-post-sharing-style1 \">\n<div class=\"td-post-sharing-visible\"><a class=\"td-social-sharing-button td-social-sharing-button-js td-social-network td-social-facebook\" href=\"https:\/\/www.facebook.com\/sharer.php?u=https%3A%2F%2Fvoceatimisului.ro%2Finedit-un-specialist-dermopigmentist-isi-pune-experienta-la-bataie-in-mod-gratuit-in-beneficiul-femeilor-bolnave-de-cancer%2F\" title=\"Facebook\" rel=\"noopener\"><\/p>\n<div class=\"td-social-but-text\">Facebook<\/div>\n<p><\/a><a class=\"td-social-sharing-button td-social-sharing-button-js td-social-network td-social-twitter\" href=\"https:\/\/twitter.com\/intent\/tweet?text=Inedit%21+Larisa+Miroiu%2C+un+specialist+dermopigmentist+%C3%AE%C8%99i+pune+experien%C8%9Ba+la+b%C4%83taie%2C+%C3%AEn+mod+gratuit%2C+%C3%AEn+beneficiul+femeilor+bolnave+de+cancer&amp;url=https%3A%2F%2Fvoceatimisului.ro%2Finedit-un-specialist-dermopigmentist-isi-pune-experienta-la-bataie-in-mod-gratuit-in-beneficiul-femeilor-bolnave-de-cancer%2F&amp;via=Vocea+Timisului\" title=\"Twitter\" rel=\"noopener\"><\/p>\n<div class=\"td-social-but-text\">Twitter<\/div>\n<p><\/a><a class=\"td-social-sharing-button td-social-sharing-button-js td-social-network td-social-pinterest\" href=\"https:\/\/pinterest.com\/pin\/create\/button\/?url=https:\/\/voceatimisului.ro\/inedit-un-specialist-dermopigmentist-isi-pune-experienta-la-bataie-in-mod-gratuit-in-beneficiul-femeilor-bolnave-de-cancer\/&amp;media=https:\/\/analyse.optim.biz\/wp-content\/uploads\/2025\/12\/larisa-miroiu1-jpg.webp&amp;description=Inedit%21+Larisa+Miroiu%2C+un+specialist+dermopigmentist+%C3%AE%C8%99i+pune+experien%C8%9Ba+la+b%C4%83taie%2C+%C3%AEn+mod+gratuit%2C+%C3%AEn+beneficiul+femeilor+bolnave+de+cancer\" title=\"Pinterest\" rel=\"noopener\"><\/p>\n<div class=\"td-social-but-text\">Pinterest<\/div>\n<p><\/a><a class=\"td-social-sharing-button td-social-sharing-button-js td-social-network td-social-whatsapp\" href=\"https:\/\/api.whatsapp.com\/send?text=Inedit%21+Larisa+Miroiu%2C+un+specialist+dermopigmentist+%C3%AE%C8%99i+pune+experien%C8%9Ba+la+b%C4%83taie%2C+%C3%AEn+mod+gratuit%2C+%C3%AEn+beneficiul+femeilor+bolnave+de+cancer%20%0A%0A%20https:\/\/voceatimisului.ro\/inedit-un-specialist-dermopigmentist-isi-pune-experienta-la-bataie-in-mod-gratuit-in-beneficiul-femeilor-bolnave-de-cancer\/\" title=\"WhatsApp\" rel=\"noopener\"><\/p>\n<div class=\"td-social-but-text\">WhatsApp<\/div>\n<p><\/a><a class=\"td-social-sharing-button td-social-sharing-button-js td-social-network td-social-linkedin\" href=\"https:\/\/www.linkedin.com\/shareArticle?mini=true&amp;url=https:\/\/voceatimisului.ro\/inedit-un-specialist-dermopigmentist-isi-pune-experienta-la-bataie-in-mod-gratuit-in-beneficiul-femeilor-bolnave-de-cancer\/&amp;title=Inedit%21+Larisa+Miroiu%2C+un+specialist+dermopigmentist+%C3%AE%C8%99i+pune+experien%C8%9Ba+la+b%C4%83taie%2C+%C3%AEn+mod+gratuit%2C+%C3%AEn+beneficiul+femeilor+bolnave+de+cancer\" title=\"Linkedin\" rel=\"noopener\"><\/p>\n<div class=\"td-social-but-text\">Linkedin<\/div>\n<p><\/a><a class=\"td-social-sharing-button td-social-sharing-button-js td-social-network td-social-copy_url\" href=\"https:\/\/voceatimisului.ro\/inedit-un-specialist-dermopigmentist-isi-pune-experienta-la-bataie-in-mod-gratuit-in-beneficiul-femeilor-bolnave-de-cancer\/\" title=\"Copy URL\" rel=\"noopener\"><\/p>\n<div class=\"td-social-but-text\">Copy URL<\/div>\n<p><\/a><\/div>\n<\/div>\n<\/div>\n<div class=\"td_block_wrap tdb_single_next_prev tdi_76 td-animation-stack td-next-prev-img-on td-pb-border-top td_block_template_1\" data-td-block-uid=\"tdi_76\">\n<div class=\"tdb-block-inner td-fix-index\">\n<div class=\"tdb-next-post tdb-next-post-bg tdb-post-prev\"><span>Articolul precedent<\/span><\/p>\n<div class=\"td-module-container\">\n<div class=\"td-image-container\"><a class=\"td-image-wrap\" href=\"https:\/\/voceatimisului.ro\/ca-la-biliard-puiu-minda-inculpat-de-dna-timisoara-pentru-tentativa-de-mituire-a-arhitectului-sef-florin-roman-de-la-primaria-giroc\/\"><img loading=\"lazy\" decoding=\"async\" class=\"td-next-prev-image td-fix-index td-lazy-img\" title=\"Ca la biliard! Puiu Minda, inculpat de DNA Timi\u0219oara pentru tentativa de mituire a arhitectului-\u0219ef Florin Roman de la Prim\u0103ria Giroc\" width=\"696\" height=\"694\" src=\"https:\/\/analyse.optim.biz\/wp-content\/uploads\/2025\/12\/puiu-minda-si-mimo-la-plaja-jpeg-696x694-1.webp\"><\/a><\/div>\n<div class=\"next-prev-title\"><a href=\"https:\/\/voceatimisului.ro\/ca-la-biliard-puiu-minda-inculpat-de-dna-timisoara-pentru-tentativa-de-mituire-a-arhitectului-sef-florin-roman-de-la-primaria-giroc\/\">Ca la biliard! Puiu Minda, inculpat de DNA Timi\u0219oara pentru tentativa de mituire a arhitectului-\u0219ef Florin Roman de la Prim\u0103ria Giroc<\/a><\/div>\n<\/div>\n<\/div>\n<div class=\"tdb-next-post tdb-next-post-bg tdb-post-next\"><span>Articolul urm\u0103tor<\/span><\/p>\n<div class=\"td-module-container\">\n<div class=\"td-image-container\"><a class=\"td-image-wrap\" href=\"https:\/\/voceatimisului.ro\/divort-cu-martori-iordanianul-mueen-al-shawish-s-a-asociat-pentru-ultima-data-cu-puiu-minda-in-calitate-de-inculpat-al-dna-timisoara\/\"><img loading=\"lazy\" decoding=\"async\" class=\"td-next-prev-image td-fix-index td-lazy-img\" title=\"Divor\u021b cu martori! Iordanianul Mueen Al Shawish s-a asociat pentru ultima dat\u0103 cu Puiu Minda, \u00een calitate de inculpat al DNA Timi\u0219oara\" width=\"696\" height=\"953\" src=\"https:\/\/analyse.optim.biz\/wp-content\/uploads\/2025\/12\/minda-si-mimo-jpeg-696x953-1.webp\"><\/a><\/div>\n<div class=\"next-prev-title\"><a href=\"https:\/\/voceatimisului.ro\/divort-cu-martori-iordanianul-mueen-al-shawish-s-a-asociat-pentru-ultima-data-cu-puiu-minda-in-calitate-de-inculpat-al-dna-timisoara\/\">Divor\u021b cu martori! Iordanianul Mueen Al Shawish s-a asociat pentru ultima dat\u0103 cu Puiu Minda, \u00een calitate de inculpat al DNA Timi\u0219oara<\/a><\/div>\n<\/div>\n<\/div>\n<\/div>\n<\/div>\n<\/div>\n<\/div>\n<\/div>\n<\/div>\n<div class=\"vc_row_inner tdi_86  vc_row vc_inner wpb_row td-pb-row\">\n<div class=\"vc_column_inner tdi_88  wpb_column vc_column_container tdc-inner-column td-pb-span4 td-is-sticky\">\n<div class=\"vc_column-inner\">\n<div class=\"wpb_wrapper\" data-sticky-enabled-on=\"W3RydWUsdHJ1ZSx0cnVlLHRydWVd\" data-sticky-offset=\"20\" data-sticky-is-width-auto=\"W2ZhbHNlLGZhbHNlLGZhbHNlLGZhbHNlXQ==\">\n<div class=\"td_block_wrap tdb_single_related tdi_89 td_with_ajax_pagination td-pb-border-top td_block_template_1 tdb-single-related-posts\" data-td-block-uid=\"tdi_89\">\n<div id=\"tdi_89\" class=\"td_block_inner tdb-block-inner td-fix-index\">\n<div class=\"tdb_module_related td_module_wrap td-animation-stack td-meta-info-hide\">\n<div class=\"td-module-container td-category-pos-image\">\n<div class=\"td-module-meta-info\">\n<h3 class=\"entry-title td-module-title\"><a href=\"https:\/\/voceatimisului.ro\/centrul-de-radioterapie-oncohelp-gata-de-lansare-cine-a-donat-400-000-de-euro\/\" rel=\"bookmark\" title=\"Centrul de Radioterapie OncoHelp, gata de lansare. Cine a DONAT 400.000 de euro\">Centrul de Radioterapie OncoHelp, gata de lansare. Cine a DONAT 400.000 de euro<\/a><\/h3>\n<\/div>\n<\/div>\n<\/div>\n<div class=\"tdb_module_related td_module_wrap td-animation-stack td-meta-info-hide\">\n<div class=\"td-module-container td-category-pos-image\">\n<div class=\"td-module-meta-info\">\n<h3 class=\"entry-title td-module-title\"><a href=\"https:\/\/voceatimisului.ro\/caravana-help25-continua-funda-roz-a-ajuns-la-arad\/\" rel=\"bookmark\" title=\"Caravana Help25 continu\u0103. Funda ROZ a ajuns la Arad\">Caravana Help25 continu\u0103. Funda ROZ a ajuns la Arad<\/a><\/h3>\n<\/div>\n<\/div>\n<\/div>\n<div class=\"tdb_module_related td_module_wrap td-animation-stack td-meta-info-hide\">\n<div class=\"td-module-container td-category-pos-image\">\n<div class=\"td-module-meta-info\">\n<h3 class=\"entry-title td-module-title\"><a href=\"https:\/\/voceatimisului.ro\/asociatia-oncohelp-continua-lupta-impotriva-cancerului-ce-campanie-de-constientizare-au-demarat-voluntarii\/\" rel=\"bookmark\" title=\"Asocia\u021bia OncoHelp continu\u0103 lupta \u00eempotriva cancerului. Ce campanie de con\u0219tientizare au demarat voluntarii\">Asocia\u021bia OncoHelp continu\u0103 lupta \u00eempotriva cancerului. Ce campanie de con\u0219tientizare au demarat voluntarii<\/a><\/h3>\n<\/div>\n<\/div>\n<\/div>\n<\/div>\n<\/div>\n<\/div>\n<\/div>\n<\/div>\n<div class=\"vc_column_inner tdi_91  wpb_column vc_column_container tdc-inner-column td-pb-span8\">\n<div class=\"vc_column-inner\">\n<div class=\"wpb_wrapper\">\n<div class=\"td_block_wrap tdb_single_comments tdi_92 tdb-comm-layout2 td-pb-border-top td_block_template_2\" data-td-block-uid=\"tdi_92\">\n<div class=\"tdb-block-inner td-fix-index\">\n<div class=\"comments\" id=\"comments\">\n<div id=\"respond\" class=\"comment-respond\">\n<h3 id=\"reply-title\" class=\"comment-reply-title\">L\u0102SA\u021aI UN MESAJ <small><a rel=\"nofollow\" id=\"cancel-comment-reply-link\" href=\"https:\/\/voceatimisului.ro\/inedit-un-specialist-dermopigmentist-isi-pune-experienta-la-bataie-in-mod-gratuit-in-beneficiul-femeilor-bolnave-de-cancer\/#respond\">Renun\u021ba\u021bi la r\u0103spuns<\/a><\/small><\/h3>\n<div class=\"comment-form-input-wrap td-form-comment\">\n<div class=\"td-warning-comment\">V\u0103 rug\u0103m s\u0103 introduce\u021bi comentariul dvs.!<\/div>\n<\/div>\n<div class=\"comment-form-input-wrap td-form-author\">\n<div class=\"td-warning-author\">Introduce\u021bi aici numele dvs.<\/div>\n<\/div>\n<div class=\"comment-form-input-wrap td-form-email\">\n<div class=\"td-warning-email-error\">A\u021bi introdus o adres\u0103 de e-mail incorect\u0103!<\/div>\n<div class=\"td-warning-email\">V\u0103 rug\u0103m s\u0103 introduce\u021bi adresa dvs. de e-mail aici<\/div>\n<\/div>\n<\/div>\n<\/div>\n<\/div>\n<\/div>\n<\/div>\n<\/div>\n<\/div>\n<\/div>\n<\/div>\n<\/div>\n<div class=\"vc_column tdi_94  wpb_column vc_column_container tdc-column td-pb-span4 td-is-sticky\">\n<div class=\"wpb_wrapper\" data-sticky-enabled-on=\"W3RydWUsdHJ1ZSx0cnVlLHRydWVd\" data-sticky-offset=\"20\" data-sticky-is-width-auto=\"W2ZhbHNlLGZhbHNlLGZhbHNlLGZhbHNlXQ==\">\n<div class=\"vc_row_inner tdi_96  vc_row vc_inner wpb_row td-pb-row\">\n<div class=\"vc_column_inner tdi_98  wpb_column vc_column_container tdc-inner-column td-pb-span12\">\n<div class=\"vc_column-inner\">\n<div class=\"wpb_wrapper\">\n<div class=\"td_block_wrap td_block_title tdi_99 td-pb-border-top td_block_template_11 td-fix-index\" data-td-block-uid=\"tdi_99\">\n<div class=\"td-block-title-wrap\">\n<h4 class=\"td-block-title\"><span class=\"td-pulldown-size\">ANUN\u021aURI \u0218I PUBLICITATE<\/span><\/h4>\n<\/div>\n<\/div>\n<\/div>\n<\/div>\n<\/div>\n<\/div>\n<div class=\"wpb_wrapper td_block_wrap vc_widget_sidebar tdi_101 \">\n<aside id=\"block-10\" class=\"td_block_template_1 widget block-10 widget_block widget_media_image\">\n<figure class=\"wp-block-image size-full\"><a href=\"https:\/\/adpghiroda.ro\/index.html\" target=\"_blank\" rel=\" noreferrer noopener\"><img decoding=\"async\" loading=\"eager\" width=\"960\" height=\"960\" src=\"https:\/\/analyse.optim.biz\/wp-content\/uploads\/2025\/12\/adp-ghiroda2-58.jpg\" class=\"wp-image-171492\" title=\"adp-ghiroda2-58\"><\/a><\/figure>\n<\/aside>\n<aside id=\"block-11\" class=\"td_block_template_1 widget block-11 widget_block widget_media_image\">\n<figure class=\"wp-block-image size-full\"><a href=\"https:\/\/adpghiroda.ro\/index.html\" target=\"_blank\" rel=\" noreferrer noopener\"><img decoding=\"async\" loading=\"eager\" width=\"960\" height=\"960\" src=\"https:\/\/analyse.optim.biz\/wp-content\/uploads\/2025\/12\/adp-ghiroda1-58.jpg\" class=\"wp-image-171491\" title=\"adp-ghiroda1-58\"><\/a><\/figure>\n<\/aside>\n<aside id=\"block-17\" class=\"td_block_template_1 widget block-17 widget_block widget_media_image\">\n<figure class=\"wp-block-image size-large is-resized\"><a href=\"https:\/\/verde.events\/\" target=\"_blank\" rel=\" noreferrer noopener\"><img decoding=\"async\" loading=\"lazy\" width=\"1024\" height=\"683\" src=\"https:\/\/analyse.optim.biz\/wp-content\/uploads\/2025\/12\/verde-events-24-1024x683-59.jpg\" alt=\"Verde Events\" class=\"wp-image-174395\" title=\"verde-events-24-1024x683-59\"><\/a><figcaption class=\"wp-element-caption\"><strong><em>O experien\u021b\u0103 unic\u0103 pentru orice tip de eveniment<\/em><\/strong><\/figcaption><\/figure>\n<\/aside>\n<\/div>\n<div class=\"td_block_wrap td_flex_block_1 tdi_107 td-pb-border-top td_block_template_1 td_ajax_preloading_preload td_flex_block\" data-td-block-uid=\"tdi_107\">\n<div id=\"tdi_107\" class=\"td_block_inner td-mc1-wrap\">\n<div class=\"td_module_flex td_module_flex_1 td_module_wrap td-animation-stack td-meta-info-hide td-cpt-post\">\n<div class=\"td-module-container td-category-pos-image\">\n<div class=\"td-module-meta-info\">\n<h3 class=\"entry-title td-module-title\"><a href=\"https:\/\/voceatimisului.ro\/mancare-nepotrivita-pentru-pacientii-de-la-centrul-oncohelp-diaree-si-voma-la-bolnavii-de-cancer-exclusiv\/\" rel=\"bookmark\" title=\"M\u00e2ncare \u201dnepotrivit\u0103\u201d pentru pacien\u021bii de la Centrul \u201dOncoHelp\u201d. Diaree \u0219i vom\u0103 la bolnavii de cancer\">M\u00e2ncare \u201dnepotrivit\u0103\u201d pentru pacien\u021bii de la Centrul \u201dOncoHelp\u201d. Diaree \u0219i vom\u0103 la bolnavii de cancer<\/a><\/h3>\n<\/div>\n<\/div>\n<\/div>\n<div class=\"td_module_flex td_module_flex_1 td_module_wrap td-animation-stack td-meta-info-hide td-cpt-post\">\n<div class=\"td-module-container td-category-pos-image\">\n<div class=\"td-module-meta-info\">\n<h3 class=\"entry-title td-module-title\"><a href=\"https:\/\/voceatimisului.ro\/un-copilas-de-nici-sase-anisori-nevoie-de-ajutor-cancer-si-trebuie-operat-urgent-turcia\/\" rel=\"bookmark\" title=\"Un copila\u0219 de nici \u0219ase ani\u0219ori are nevoie de AJUTOR! Are CANCER \u0219i trebuie operat, URGENT, \u00een Turcia\">Un copila\u0219 de nici \u0219ase ani\u0219ori are nevoie de AJUTOR! Are CANCER \u0219i trebuie operat, URGENT, \u00een Turcia<\/a><\/h3>\n<\/div>\n<\/div>\n<\/div>\n<div class=\"td_module_flex td_module_flex_1 td_module_wrap td-animation-stack td-meta-info-hide td-cpt-post\">\n<div class=\"td-module-container td-category-pos-image\">\n<div class=\"td-module-meta-info\">\n<h3 class=\"entry-title td-module-title\"><a href=\"https:\/\/voceatimisului.ro\/vrei-sa-donezi-sange-si-nu-cunosti-conditiile-afla-ce-trebuie-sa-faci-si-unde-este-centrul-din-timis\/\" rel=\"bookmark\" title=\"Vrei s\u0103 donezi s\u00e2nge \u0219i nu cuno\u0219ti condi\u021biile? Afl\u0103 ce trebuie s\u0103 faci \u0219i unde este Centrul din Timi\u0219\">Vrei s\u0103 donezi s\u00e2nge \u0219i nu cuno\u0219ti condi\u021biile? Afl\u0103 ce trebuie s\u0103 faci \u0219i unde este Centrul din Timi\u0219<\/a><\/h3>\n<\/div>\n<\/div>\n<\/div>\n<div class=\"td_module_flex td_module_flex_1 td_module_wrap td-animation-stack td-meta-info-hide td-cpt-post\">\n<div class=\"td-module-container td-category-pos-image\">\n<div class=\"td-module-meta-info\">\n<h3 class=\"entry-title td-module-title\"><a href=\"https:\/\/voceatimisului.ro\/omul-de-afaceri-dinu-patriciu-decedat-azi-la-londra\/\" rel=\"bookmark\" title=\"Omul de afaceri Dinu Patriciu a DECEDAT, azi, la Londra!\">Omul de afaceri Dinu Patriciu a DECEDAT, azi, la Londra!<\/a><\/h3>\n<\/div>\n<\/div>\n<\/div>\n<div class=\"td_module_flex td_module_flex_1 td_module_wrap td-animation-stack td-meta-info-hide td-cpt-post\">\n<div class=\"td-module-container td-category-pos-image\">\n<div class=\"td-module-meta-info\">\n<h3 class=\"entry-title td-module-title\"><a href=\"https:\/\/voceatimisului.ro\/szobi-cseh-murit-boala-l-luat-dintre-noi-la-71-de-ani\/\" rel=\"bookmark\" title=\"Szobi Cseh A MURIT. Boala l-a luat dintre noi, la 71 de ani\">Szobi Cseh A MURIT. Boala l-a luat dintre noi, la 71 de ani<\/a><\/h3>\n<\/div>\n<\/div>\n<\/div>\n<\/div>\n<\/div>\n<\/div>\n<\/div>\n<\/div>\n<\/div>\n<\/div>\n<\/div>\n<p><span class=\"td-page-meta\"><\/span><span class=\"td-page-meta\"><span class=\"td-page-meta\"><\/span><\/span><span class=\"td-page-meta\"><\/span><\/article>\n<p> Source URL: https:\/\/voceatimisului.ro\/inedit-un-specialist-dermopigmentist-isi-pune-experienta-la-bataie-in-mod-gratuit-in-beneficiul-femeilor-bolnave-de-cancer\/<\/p>\n","protected":false},"excerpt":{"rendered":"<p>\u0218tiriUtile Inedit! Larisa Miroiu, un specialist dermopigmentist \u00ee\u0219i pune experien\u021ba la b\u0103taie, \u00een mod gratuit, \u00een beneficiul femeilor bolnave de cancer Inedit! Un specialist dermopigmentist \u00ee\u0219i pune experien\u021ba la b\u0103taie, \u00een mod gratuit, \u00een beneficiul femeilor bolnave de cancer Autor-Radu Constantin 10 octombrie 2022 0 1835 Facebook Twitter Pinterest WhatsApp Linkedin Copy URL Larisa Miroiu1 [&hellip;]<\/p>\n","protected":false},"author":1,"featured_media":1092445,"comment_status":"open","ping_status":"","sticky":false,"template":"","format":"standard","meta":{"footnotes":""},"categories":[89],"tags":[199],"class_list":["post-1092444","post","type-post","status-publish","format-standard","has-post-thumbnail","hentry","category-romania","tag-voceatimisului-ro"],"_links":{"self":[{"href":"https:\/\/analyse.optim.biz\/index.php?rest_route=\/wp\/v2\/posts\/1092444","targetHints":{"allow":["GET"]}}],"collection":[{"href":"https:\/\/analyse.optim.biz\/index.php?rest_route=\/wp\/v2\/posts"}],"about":[{"href":"https:\/\/analyse.optim.biz\/index.php?rest_route=\/wp\/v2\/types\/post"}],"author":[{"embeddable":true,"href":"https:\/\/analyse.optim.biz\/index.php?rest_route=\/wp\/v2\/users\/1"}],"replies":[{"embeddable":true,"href":"https:\/\/analyse.optim.biz\/index.php?rest_route=%2Fwp%2Fv2%2Fcomments&post=1092444"}],"version-history":[{"count":0,"href":"https:\/\/analyse.optim.biz\/index.php?rest_route=\/wp\/v2\/posts\/1092444\/revisions"}],"wp:featuredmedia":[{"embeddable":true,"href":"https:\/\/analyse.optim.biz\/index.php?rest_route=\/wp\/v2\/media\/1092445"}],"wp:attachment":[{"href":"https:\/\/analyse.optim.biz\/index.php?rest_route=%2Fwp%2Fv2%2Fmedia&parent=1092444"}],"wp:term":[{"taxonomy":"category","embeddable":true,"href":"https:\/\/analyse.optim.biz\/index.php?rest_route=%2Fwp%2Fv2%2Fcategories&post=1092444"},{"taxonomy":"post_tag","embeddable":true,"href":"https:\/\/analyse.optim.biz\/index.php?rest_route=%2Fwp%2Fv2%2Ftags&post=1092444"}],"curies":[{"name":"wp","href":"https:\/\/api.w.org\/{rel}","templated":true}]}}