{"id":1092389,"date":"2025-04-17T03:15:51","date_gmt":"2025-04-17T00:15:51","guid":{"rendered":"https:\/\/analyse.optim.biz\/?p=1092389"},"modified":"2025-04-17T03:15:51","modified_gmt":"2025-04-17T00:15:51","slug":"campanie-gratuita-de-colectare-a-deseurilor-electrice-si-electronice-la-sag","status":"publish","type":"post","link":"https:\/\/analyse.optim.biz\/?p=1092389","title":{"rendered":"Campanie gratuit\u0103 de colectare a de\u0219eurilor electrice \u0219i electronice, la \u0218ag"},"content":{"rendered":"<article id=\"template-id-172790\" class=\"post-172790 tdb_templates type-tdb_templates status-publish post\">\n<div id=\"tdi_38\" class=\"tdc-zone\">\n<div class=\"tdc_zone tdi_39  wpb_row td-pb-row\">\n<div id=\"tdi_40\" class=\"tdc-row stretch_row_1400 td-stretch-content\">\n<div class=\"vc_row tdi_41  wpb_row td-pb-row tdc-element-style\">\n<div class=\"vc_column tdi_43  wpb_column vc_column_container tdc-column td-pb-span8\">\n<div class=\"wpb_wrapper\">\n<div class=\"td_block_wrap tdb_single_categories tdi_44 td-pb-border-top td_block_template_1 \" data-td-block-uid=\"tdi_44\">\n<div class=\"tdb-category td-fix-index\"><a class=\"tdb-entry-category\" href=\"https:\/\/voceatimisului.ro\/stiri-din-timisoara-si-timis\/\">\u0218tiri<\/a><a class=\"tdb-entry-category\" href=\"https:\/\/voceatimisului.ro\/utile\/\">Utile<\/a><\/div>\n<\/div>\n<div class=\"td_block_wrap tdb_title tdi_45 tdb-single-title td-pb-border-top td_block_template_1\" data-td-block-uid=\"tdi_45\">\n<div class=\"tdb-block-inner td-fix-index\">\n<h1 class=\"tdb-title-text\">Campanie gratuit\u0103 de colectare a de\u0219eurilor electrice \u0219i electronice, la \u0218ag<\/h1>\n<\/div>\n<\/div>\n<div class=\"vc_row_inner tdi_48  vc_row vc_inner wpb_row td-pb-row\">\n<div class=\"vc_column_inner tdi_50  wpb_column vc_column_container tdc-inner-column td-pb-span6\">\n<div class=\"vc_column-inner\">\n<div class=\"wpb_wrapper\">\n<div class=\"td_block_wrap tdb_single_author tdi_51 td-pb-border-top td_block_template_1 tdb-post-meta\" data-td-block-uid=\"tdi_51\">\n<div class=\"tdb-block-inner td-fix-index\">\n<div class=\"tdb-author-name-wrap\"><span class=\"tdb-author-by\">Autor-<\/span><a class=\"tdb-author-name\" href=\"https:\/\/voceatimisului.ro\/author\/redactia\/\">Redac\u021bia<\/a><\/div>\n<\/div>\n<\/div>\n<div class=\"td_block_wrap tdb_single_date tdi_52 td-pb-border-top td_block_template_1 tdb-post-meta\" data-td-block-uid=\"tdi_52\">\n<div class=\"tdb-block-inner td-fix-index\"><time class=\"entry-date updated td-module-date\" datetime=\"2025-04-17T06:15:51+03:00\">17 aprilie 2025<\/time><\/div>\n<\/div>\n<div class=\"td_block_wrap tdb_single_comments_count tdi_53 td-pb-border-top td_block_template_1 tdb-post-meta\" data-td-block-uid=\"tdi_53\">\n<div class=\"tdb-block-inner td-fix-index\"><a href=\"https:\/\/voceatimisului.ro\/campanie-gratuita-de-colectare-a-deseurilor-electrice-si-electronice-la-sag\/#respond\"><span>0<\/span><\/a><\/div>\n<\/div>\n<div class=\"td_block_wrap tdb_single_post_views tdi_54 td-pb-border-top td_block_template_1 tdb-post-meta\" data-td-block-uid=\"tdi_54\">\n<div class=\"tdb-block-inner td-fix-index\"><span class=\"tdb-add-text\">1<\/span><span class=\"td-nr-views-171769\">217<\/span><\/div>\n<\/div>\n<\/div>\n<\/div>\n<\/div>\n<div class=\"vc_column_inner tdi_56  wpb_column vc_column_container tdc-inner-column td-pb-span6\">\n<div class=\"vc_column-inner\">\n<div class=\"wpb_wrapper\">\n<div class=\"td_block_wrap tdb_single_post_share tdi_57  td-pb-border-top td_block_template_1\" data-td-block-uid=\"tdi_57\">\n<div id=\"tdi_57\" class=\"td-post-sharing tdb-block td-ps-bg td-ps-notext td-post-sharing-style1 \">\n<div class=\"td-post-sharing-visible\"><a class=\"td-social-sharing-button td-social-sharing-button-js td-social-network td-social-facebook\" href=\"https:\/\/www.facebook.com\/sharer.php?u=https%3A%2F%2Fvoceatimisului.ro%2Fcampanie-gratuita-de-colectare-a-deseurilor-electrice-si-electronice-la-sag%2F\" title=\"Facebook\" rel=\"noopener\"><\/p>\n<div class=\"td-social-but-text\">Facebook<\/div>\n<p><\/a><a class=\"td-social-sharing-button td-social-sharing-button-js td-social-network td-social-twitter\" href=\"https:\/\/twitter.com\/intent\/tweet?text=Campanie+gratuit%C4%83+de+colectare+a+de%C8%99eurilor+electrice+%C8%99i+electronice%2C+la+%C8%98ag&amp;url=https%3A%2F%2Fvoceatimisului.ro%2Fcampanie-gratuita-de-colectare-a-deseurilor-electrice-si-electronice-la-sag%2F&amp;via=Vocea+Timisului\" title=\"Twitter\" rel=\"noopener\"><\/p>\n<div class=\"td-social-but-text\">Twitter<\/div>\n<p><\/a><a class=\"td-social-sharing-button td-social-sharing-button-js td-social-network td-social-pinterest\" href=\"https:\/\/pinterest.com\/pin\/create\/button\/?url=https:\/\/voceatimisului.ro\/campanie-gratuita-de-colectare-a-deseurilor-electrice-si-electronice-la-sag\/&amp;media=https:\/\/analyse.optim.biz\/wp-content\/uploads\/2025\/12\/campanie-gratuita-de-colectare-a-deseurilor-electrice-si-electronice-la-sag-1.jpg&amp;description=Campanie+gratuit%C4%83+de+colectare+a+de%C8%99eurilor+electrice+%C8%99i+electronice%2C+la+%C8%98ag\" title=\"Pinterest\" rel=\"noopener\"><\/p>\n<div class=\"td-social-but-text\">Pinterest<\/div>\n<p><\/a><a class=\"td-social-sharing-button td-social-sharing-button-js td-social-network td-social-whatsapp\" href=\"https:\/\/api.whatsapp.com\/send?text=Campanie+gratuit%C4%83+de+colectare+a+de%C8%99eurilor+electrice+%C8%99i+electronice%2C+la+%C8%98ag%20%0A%0A%20https:\/\/voceatimisului.ro\/campanie-gratuita-de-colectare-a-deseurilor-electrice-si-electronice-la-sag\/\" title=\"WhatsApp\" rel=\"noopener\"><\/p>\n<div class=\"td-social-but-text\">WhatsApp<\/div>\n<p><\/a><a class=\"td-social-sharing-button td-social-sharing-button-js td-social-network td-social-linkedin\" href=\"https:\/\/www.linkedin.com\/shareArticle?mini=true&amp;url=https:\/\/voceatimisului.ro\/campanie-gratuita-de-colectare-a-deseurilor-electrice-si-electronice-la-sag\/&amp;title=Campanie+gratuit%C4%83+de+colectare+a+de%C8%99eurilor+electrice+%C8%99i+electronice%2C+la+%C8%98ag\" title=\"Linkedin\" rel=\"noopener\"><\/p>\n<div class=\"td-social-but-text\">Linkedin<\/div>\n<p><\/a><a class=\"td-social-sharing-button td-social-sharing-button-js td-social-network td-social-copy_url\" href=\"https:\/\/voceatimisului.ro\/campanie-gratuita-de-colectare-a-deseurilor-electrice-si-electronice-la-sag\/\" title=\"Copy URL\" rel=\"noopener\"><\/p>\n<div class=\"td-social-but-text\">Copy URL<\/div>\n<p><\/a><\/div>\n<\/div>\n<\/div>\n<\/div>\n<\/div>\n<\/div>\n<\/div>\n<div class=\"td_block_wrap tdb_single_featured_image tdi_58 tdb-content-horiz-left td-pb-border-top td_block_template_1\" data-td-block-uid=\"tdi_58\">\n<div class=\"tdb-block-inner td-fix-index\">\n<figure><img fetchpriority=\"high\" decoding=\"async\" width=\"599\" height=\"458\" class=\"entry-thumb\" src=\"https:\/\/analyse.optim.biz\/wp-content\/uploads\/2025\/12\/campanie-gratuita-de-colectare-a-deseurilor-electrice-si-electronice-la-sag-1.jpg\" title=\"Campanie gratuit\u0103 de colectare a de\u0219eurilor electrice \u0219i electronice, la \u0218ag\" loading=\"eager\"><figcaption class=\"tdb-caption-text\">Campanie gratuit\u0103 de colectare a de\u0219eurilor electrice \u0219i electronice, la \u0218ag<\/figcaption><\/figure>\n<\/div>\n<\/div>\n<div class=\"vc_row_inner tdi_60  vc_row vc_inner wpb_row td-pb-row\">\n<div class=\"vc_column_inner tdi_62  wpb_column vc_column_container tdc-inner-column td-pb-span4 td-is-sticky\">\n<div class=\"vc_column-inner\">\n<div class=\"wpb_wrapper\" data-sticky-enabled-on=\"W3RydWUsdHJ1ZSx0cnVlLHRydWVd\" data-sticky-offset=\"20\" data-sticky-is-width-auto=\"W2ZhbHNlLGZhbHNlLGZhbHNlLGZhbHNlXQ==\">\n<div class=\"td_block_wrap td_flex_block_1 tdi_63 td-pb-border-top td_block_template_1 td_ajax_preloading_preload td_flex_block\" data-td-block-uid=\"tdi_63\">\n<div id=\"tdi_63\" class=\"td_block_inner td-mc1-wrap\">\n<div class=\"td_module_flex td_module_flex_1 td_module_wrap td-animation-stack td-meta-info-hide td-cpt-post\">\n<div class=\"td-module-container td-category-pos-image\">\n<div class=\"td-module-meta-info\">\n<h3 class=\"entry-title td-module-title\"><a href=\"https:\/\/voceatimisului.ro\/retim-lovitura-in-instanta-si-factura-de-24-600-lei-pe-fondul-haosului-din-gestionarea-gunoiului\/\" rel=\"bookmark\" title=\"RETIM, lovitur\u0103 \u00een instan\u021b\u0103 \u0219i factur\u0103 de 24.600 lei pe fondul haosului din gestionarea gunoiului\">RETIM, lovitur\u0103 \u00een instan\u021b\u0103 \u0219i factur\u0103 de 24.600 lei pe fondul haosului din gestionarea gunoiului<\/a><\/h3>\n<\/div>\n<\/div>\n<\/div>\n<div class=\"td_module_flex td_module_flex_1 td_module_wrap td-animation-stack td-meta-info-hide td-cpt-post\">\n<div class=\"td-module-container td-category-pos-image\">\n<div class=\"td-module-meta-info\">\n<h3 class=\"entry-title td-module-title\"><a href=\"https:\/\/voceatimisului.ro\/retim-a-plecat-din-timisoara-sub-nasul-consiliului-local\/\" rel=\"bookmark\" title=\"RETIM a plecat din Timi\u0219oara sub nasul Consiliului Local\">RETIM a plecat din Timi\u0219oara sub nasul Consiliului Local<\/a><\/h3>\n<\/div>\n<\/div>\n<\/div>\n<div class=\"td_module_flex td_module_flex_1 td_module_wrap td-animation-stack td-meta-info-hide td-cpt-post\">\n<div class=\"td-module-container td-category-pos-image\">\n<div class=\"td-module-meta-info\">\n<h3 class=\"entry-title td-module-title\"><a href=\"https:\/\/voceatimisului.ro\/retim-si-a-mutat-sediul-in-oradea-timisoara-pierde-taxe-administratia-fritz-tace\/\" rel=\"bookmark\" title=\"RETIM \u0219i-a mutat sediul \u00een Oradea. Timi\u0219oara pierde taxe, administra\u021bia Fritz tace\">RETIM \u0219i-a mutat sediul \u00een Oradea. Timi\u0219oara pierde taxe, administra\u021bia Fritz tace<\/a><\/h3>\n<\/div>\n<\/div>\n<\/div>\n<div class=\"td_module_flex td_module_flex_1 td_module_wrap td-animation-stack td-meta-info-hide td-cpt-post\">\n<div class=\"td-module-container td-category-pos-image\">\n<div class=\"td-module-meta-info\">\n<h3 class=\"entry-title td-module-title\"><a href=\"https:\/\/voceatimisului.ro\/retim-groapa-nervilor-simonis-a-inchis-bomba-ecologica-iar-retim-a-trecut-la-intimidari\/\" rel=\"bookmark\" title=\"RETIM, groapa nervilor. Simonis a \u00eenchis bomba ecologic\u0103, iar RETIM a trecut la intimid\u0103ri\">RETIM, groapa nervilor. Simonis a \u00eenchis bomba ecologic\u0103, iar RETIM a trecut la intimid\u0103ri<\/a><\/h3>\n<\/div>\n<\/div>\n<\/div>\n<\/div>\n<\/div>\n<div class=\"tdb-author-box td_block_wrap tdb_single_author_box tdi_68 tdb-content-vert-top td-pb-border-top td_block_template_1\" data-td-block-uid=\"tdi_68\">\n<div class=\"tdb-block-inner td-fix-index\">\n<div class=\"tdb-author-info\"><a href=\"https:\/\/voceatimisului.ro\/author\/redactia\/\" class=\"tdb-author-name\">Redac\u021bia<\/a><\/p>\n<div class=\"tdb-author-descr\">\u00centreaga responsabilitate a comentariilor l\u0103sate de dumneavoastr\u0103 v\u0103 apar\u021bine!<br \/>\nClick <a href=\"https:\/\/voceatimisului.ro\/termeni-si-conditii\/\">aici<\/a>-citeste condi\u0163iile de utilizare ale site-ului www.voceatimisului.ro<\/div>\n<\/div>\n<\/div>\n<\/div>\n<\/div>\n<\/div>\n<\/div>\n<div class=\"vc_column_inner tdi_70  wpb_column vc_column_container tdc-inner-column td-pb-span8\">\n<div class=\"vc_column-inner\">\n<div class=\"wpb_wrapper\">\n<div class=\"td_block_wrap tdb_single_content tdi_71 td-pb-border-top td_block_template_1 td-post-content tagdiv-type\" data-td-block-uid=\"tdi_71\">\n<div class=\"tdb-block-inner td-fix-index\">\n<h5 class=\"wp-block-heading\">ADID Timi\u0219, \u00een parteneriat cu Organiza\u021bia care Implementeaz\u0103 R\u0103spunderea Extins\u0103 a Produc\u0103torului (OIREP) ECO POSITIVE S.A. \u0219i Prim\u0103ria Comunei \u0218ag, desf\u0103\u0219oar\u0103 campania \u201eRecicleaz\u0103 \u0219i c\u00e2\u0219tig\u0103\u201d \u2013 edi\u021bia de prim\u0103var\u0103 2025.<\/h5>\n<p>Campania se desf\u0103\u0219oar\u0103 \u00een perioada 31 martie \u2013 31 mai 2025 \u0219i are ca scop informarea \u0219i con\u0219tientizarea popula\u021biei cu privire la importan\u021ba colect\u0103rii separate a de\u0219eurilor de echipamente electrice \u0219i electronice (DEEE), precum \u0219i facilitarea pred\u0103rii acestora \u00een mod gratuit.<\/p>\n<p>Cet\u0103\u021benii, persoane fizice sau juridice, sunt invita\u021bi s\u0103 aduc\u0103 DEEE-uri de mici \u0219i mari dimensiuni la punctul de colectare amplasat \u00een curtea Prim\u0103riei \u0218ag, pe strada a II-a, nr. 49, de luni p\u00e2n\u0103 vineri, \u00een intervalul orar 08:30 \u2013 14:00. Pot fi predate echipamente precum frigidere, televizoare, ma\u0219ini de sp\u0103lat, monitoare, calculatoare, imprimante, telefoane mobile, mixere, fierb\u0103toare, aspiratoare \u0219i alte aparate electrice sau electronice uzate sau defecte.<\/p>\n<p>Reciclarea acestor echipamente este esen\u021bial\u0103 pentru reducerea polu\u0103rii, protejarea s\u0103n\u0103t\u0103\u021bii publice \u0219i recuperarea materialelor valoroase. Printr-un gest simplu, fiecare contribuie la un mediu mai curat \u0219i mai sigur.<\/p>\n<p>Campania \u201eRecicleaz\u0103 \u0219i c\u00e2\u0219tig\u0103\u201d face parte dintr-un program na\u021bional \u0219i poate include, \u00een func\u021bie de organizare, tombole sau premii simbolice pentru participan\u021bii care predau o cantitate mai mare de DEEE-uri.<\/p>\n<p>Pentru mai multe informa\u021bii, cet\u0103\u021benii pot contacta Prim\u0103ria \u0218ag sau pot urm\u0103ri actualiz\u0103rile transmise de ADID Timi\u0219.<\/p>\n<\/div>\n<\/div>\n<div class=\"td_block_wrap tdb_single_tags tdi_74 td-pb-border-top td_block_template_1\" data-td-block-uid=\"tdi_74\">\n<div class=\"tdb-block-inner td-fix-index\">\n<ul class=\"tdb-tags\">\n<li><span>Tags<\/span><\/li>\n<li><a href=\"https:\/\/voceatimisului.ro\/tag\/adid-timis\/\">ADID Timis<\/a><\/li>\n<li><a href=\"https:\/\/voceatimisului.ro\/tag\/colectarea-deseurilor\/\">colectarea deseurilor<\/a><\/li>\n<li><a href=\"https:\/\/voceatimisului.ro\/tag\/comuna-sag\/\">comuna sag<\/a><\/li>\n<\/ul>\n<\/div>\n<\/div>\n<div class=\"td_block_wrap tdb_single_post_share tdi_75  td-pb-border-top td_block_template_1\" data-td-block-uid=\"tdi_75\">\n<div id=\"tdi_75\" class=\"td-post-sharing tdb-block td-ps-bg td-ps-notext td-post-sharing-style1 \">\n<div class=\"td-post-sharing-visible\"><a class=\"td-social-sharing-button td-social-sharing-button-js td-social-network td-social-facebook\" href=\"https:\/\/www.facebook.com\/sharer.php?u=https%3A%2F%2Fvoceatimisului.ro%2Fcampanie-gratuita-de-colectare-a-deseurilor-electrice-si-electronice-la-sag%2F\" title=\"Facebook\" rel=\"noopener\"><\/p>\n<div class=\"td-social-but-text\">Facebook<\/div>\n<p><\/a><a class=\"td-social-sharing-button td-social-sharing-button-js td-social-network td-social-twitter\" href=\"https:\/\/twitter.com\/intent\/tweet?text=Campanie+gratuit%C4%83+de+colectare+a+de%C8%99eurilor+electrice+%C8%99i+electronice%2C+la+%C8%98ag&amp;url=https%3A%2F%2Fvoceatimisului.ro%2Fcampanie-gratuita-de-colectare-a-deseurilor-electrice-si-electronice-la-sag%2F&amp;via=Vocea+Timisului\" title=\"Twitter\" rel=\"noopener\"><\/p>\n<div class=\"td-social-but-text\">Twitter<\/div>\n<p><\/a><a class=\"td-social-sharing-button td-social-sharing-button-js td-social-network td-social-pinterest\" href=\"https:\/\/pinterest.com\/pin\/create\/button\/?url=https:\/\/voceatimisului.ro\/campanie-gratuita-de-colectare-a-deseurilor-electrice-si-electronice-la-sag\/&amp;media=https:\/\/analyse.optim.biz\/wp-content\/uploads\/2025\/12\/campanie-gratuita-de-colectare-a-deseurilor-electrice-si-electronice-la-sag-1.jpg&amp;description=Campanie+gratuit%C4%83+de+colectare+a+de%C8%99eurilor+electrice+%C8%99i+electronice%2C+la+%C8%98ag\" title=\"Pinterest\" rel=\"noopener\"><\/p>\n<div class=\"td-social-but-text\">Pinterest<\/div>\n<p><\/a><a class=\"td-social-sharing-button td-social-sharing-button-js td-social-network td-social-whatsapp\" href=\"https:\/\/api.whatsapp.com\/send?text=Campanie+gratuit%C4%83+de+colectare+a+de%C8%99eurilor+electrice+%C8%99i+electronice%2C+la+%C8%98ag%20%0A%0A%20https:\/\/voceatimisului.ro\/campanie-gratuita-de-colectare-a-deseurilor-electrice-si-electronice-la-sag\/\" title=\"WhatsApp\" rel=\"noopener\"><\/p>\n<div class=\"td-social-but-text\">WhatsApp<\/div>\n<p><\/a><a class=\"td-social-sharing-button td-social-sharing-button-js td-social-network td-social-linkedin\" href=\"https:\/\/www.linkedin.com\/shareArticle?mini=true&amp;url=https:\/\/voceatimisului.ro\/campanie-gratuita-de-colectare-a-deseurilor-electrice-si-electronice-la-sag\/&amp;title=Campanie+gratuit%C4%83+de+colectare+a+de%C8%99eurilor+electrice+%C8%99i+electronice%2C+la+%C8%98ag\" title=\"Linkedin\" rel=\"noopener\"><\/p>\n<div class=\"td-social-but-text\">Linkedin<\/div>\n<p><\/a><a class=\"td-social-sharing-button td-social-sharing-button-js td-social-network td-social-copy_url\" href=\"https:\/\/voceatimisului.ro\/campanie-gratuita-de-colectare-a-deseurilor-electrice-si-electronice-la-sag\/\" title=\"Copy URL\" rel=\"noopener\"><\/p>\n<div class=\"td-social-but-text\">Copy URL<\/div>\n<p><\/a><\/div>\n<\/div>\n<\/div>\n<div class=\"td_block_wrap tdb_single_next_prev tdi_76 td-animation-stack td-next-prev-img-on td-pb-border-top td_block_template_1\" data-td-block-uid=\"tdi_76\">\n<div class=\"tdb-block-inner td-fix-index\">\n<div class=\"tdb-next-post tdb-next-post-bg tdb-post-prev\"><span>Articolul precedent<\/span><\/p>\n<div class=\"td-module-container\">\n<div class=\"td-image-container\"><a class=\"td-image-wrap\" href=\"https:\/\/voceatimisului.ro\/sizeer-ne-cere-sa-stergem-un-articol-despre-un-client-nemultumit-pentru-ca-nu-le-convine-realitatea\/\"><img loading=\"lazy\" decoding=\"async\" class=\"td-next-prev-image td-fix-index td-lazy-img\" title=\"Sizeer ne cere s\u0103 \u0219tergem un articol despre un client nemul\u021bumit. Pentru c\u0103\u2026 nu le convine realitatea\" width=\"696\" height=\"392\" src=\"https:\/\/analyse.optim.biz\/wp-content\/uploads\/2025\/12\/sizeer-696x392-1.png\"><\/a><\/div>\n<div class=\"next-prev-title\"><a href=\"https:\/\/voceatimisului.ro\/sizeer-ne-cere-sa-stergem-un-articol-despre-un-client-nemultumit-pentru-ca-nu-le-convine-realitatea\/\">Sizeer ne cere s\u0103 \u0219tergem un articol despre un client nemul\u021bumit. Pentru c\u0103\u2026 nu le convine realitatea<\/a><\/div>\n<\/div>\n<\/div>\n<div class=\"tdb-next-post tdb-next-post-bg tdb-post-next\"><span>Articolul urm\u0103tor<\/span><\/p>\n<div class=\"td-module-container\">\n<div class=\"td-image-container\"><a class=\"td-image-wrap\" href=\"https:\/\/voceatimisului.ro\/viteza-nu-tine-loc-de-siguranta-politistii-din-timis-in-actiune-inainte-de-paste\/\"><img loading=\"lazy\" decoding=\"async\" class=\"td-next-prev-image td-fix-index td-lazy-img\" title=\"Viteza nu \u021bine loc de siguran\u021b\u0103! Poli\u021bi\u0219tii din Timi\u0219, \u00een ac\u021biune \u00eenainte de Pa\u0219te\" width=\"696\" height=\"1237\" src=\"https:\/\/analyse.optim.biz\/wp-content\/uploads\/2025\/12\/politistii-din-timis-in-actiune-inainte-de-paste04-696x1237-1.jpg\"><\/a><\/div>\n<div class=\"next-prev-title\"><a href=\"https:\/\/voceatimisului.ro\/viteza-nu-tine-loc-de-siguranta-politistii-din-timis-in-actiune-inainte-de-paste\/\">Viteza nu \u021bine loc de siguran\u021b\u0103! Poli\u021bi\u0219tii din Timi\u0219, \u00een ac\u021biune \u00eenainte de Pa\u0219te<\/a><\/div>\n<\/div>\n<\/div>\n<\/div>\n<\/div>\n<\/div>\n<\/div>\n<\/div>\n<\/div>\n<div class=\"vc_row_inner tdi_86  vc_row vc_inner wpb_row td-pb-row\">\n<div class=\"vc_column_inner tdi_88  wpb_column vc_column_container tdc-inner-column td-pb-span4 td-is-sticky\">\n<div class=\"vc_column-inner\">\n<div class=\"wpb_wrapper\" data-sticky-enabled-on=\"W3RydWUsdHJ1ZSx0cnVlLHRydWVd\" data-sticky-offset=\"20\" data-sticky-is-width-auto=\"W2ZhbHNlLGZhbHNlLGZhbHNlLGZhbHNlXQ==\">\n<div class=\"td_block_wrap tdb_single_related tdi_89 td_with_ajax_pagination td-pb-border-top td_block_template_1 tdb-single-related-posts\" data-td-block-uid=\"tdi_89\">\n<div id=\"tdi_89\" class=\"td_block_inner tdb-block-inner td-fix-index\">\n<div class=\"tdb_module_related td_module_wrap td-animation-stack td-meta-info-hide\">\n<div class=\"td-module-container td-category-pos-image\">\n<div class=\"td-module-meta-info\">\n<h3 class=\"entry-title td-module-title\"><a href=\"https:\/\/voceatimisului.ro\/retim-ne-face-prosti-cu-tupeu-pascu-ii-ataca-pe-simonis-si-nica-da-vina-pe-cetateni-si-scumpeste-tarifele-in-timp-ce-levigatul-se-varsa-in-timis\/\" rel=\"bookmark\" title=\"RETIM ne face pro\u0219ti cu tupeu: Pascu \u00eei atac\u0103 pe Simonis \u0219i Nica, d\u0103 vina pe cet\u0103\u021beni \u0219i scumpe\u0219te tarifele \u00een timp ce levigatul se vars\u0103 \u00een Timi\u0219\">RETIM ne face pro\u0219ti cu tupeu: Pascu \u00eei atac\u0103 pe Simonis \u0219i Nica, d\u0103 vina pe cet\u0103\u021beni \u0219i scumpe\u0219te tarifele \u00een timp ce levigatul&#8230;<\/a><\/h3>\n<\/div>\n<\/div>\n<\/div>\n<div class=\"tdb_module_related td_module_wrap td-animation-stack td-meta-info-hide\">\n<div class=\"td-module-container td-category-pos-image\">\n<div class=\"td-module-meta-info\">\n<h3 class=\"entry-title td-module-title\"><a href=\"https:\/\/voceatimisului.ro\/gunoiul-ipocriziei-retim-ne-otraveste-nica-plange-iar-institutiile-dorm-pe-levigat\/\" rel=\"bookmark\" title=\"Gunoiul ipocriziei: RETIM ne otr\u0103ve\u0219te, Nica pl\u00e2nge, iar institu\u021biile dorm pe levigat\">Gunoiul ipocriziei: RETIM ne otr\u0103ve\u0219te, Nica pl\u00e2nge, iar institu\u021biile dorm pe levigat<\/a><\/h3>\n<\/div>\n<\/div>\n<\/div>\n<div class=\"tdb_module_related td_module_wrap td-animation-stack td-meta-info-hide\">\n<div class=\"td-module-container td-category-pos-image\">\n<div class=\"td-module-meta-info\">\n<h3 class=\"entry-title td-module-title\"><a href=\"https:\/\/voceatimisului.ro\/tichete-electronice-de-energie-pentru-consumatorii-casnici-vulnerabili\/\" rel=\"bookmark\" title=\"Tichete electronice de energie pentru consumatorii casnici vulnerabili\">Tichete electronice de energie pentru consumatorii casnici vulnerabili<\/a><\/h3>\n<\/div>\n<\/div>\n<\/div>\n<\/div>\n<\/div>\n<\/div>\n<\/div>\n<\/div>\n<div class=\"vc_column_inner tdi_91  wpb_column vc_column_container tdc-inner-column td-pb-span8\">\n<div class=\"vc_column-inner\">\n<div class=\"wpb_wrapper\">\n<div class=\"td_block_wrap tdb_single_comments tdi_92 tdb-comm-layout2 td-pb-border-top td_block_template_2\" data-td-block-uid=\"tdi_92\">\n<div class=\"tdb-block-inner td-fix-index\">\n<div class=\"comments\" id=\"comments\">\n<div id=\"respond\" class=\"comment-respond\">\n<h3 id=\"reply-title\" class=\"comment-reply-title\">L\u0102SA\u021aI UN MESAJ <small><a rel=\"nofollow\" id=\"cancel-comment-reply-link\" href=\"https:\/\/voceatimisului.ro\/campanie-gratuita-de-colectare-a-deseurilor-electrice-si-electronice-la-sag\/#respond\">Renun\u021ba\u021bi la r\u0103spuns<\/a><\/small><\/h3>\n<div class=\"comment-form-input-wrap td-form-comment\">\n<div class=\"td-warning-comment\">V\u0103 rug\u0103m s\u0103 introduce\u021bi comentariul dvs.!<\/div>\n<\/div>\n<div class=\"comment-form-input-wrap td-form-author\">\n<div class=\"td-warning-author\">Introduce\u021bi aici numele dvs.<\/div>\n<\/div>\n<div class=\"comment-form-input-wrap td-form-email\">\n<div class=\"td-warning-email-error\">A\u021bi introdus o adres\u0103 de e-mail incorect\u0103!<\/div>\n<div class=\"td-warning-email\">V\u0103 rug\u0103m s\u0103 introduce\u021bi adresa dvs. de e-mail aici<\/div>\n<\/div>\n<\/div>\n<\/div>\n<\/div>\n<\/div>\n<\/div>\n<\/div>\n<\/div>\n<\/div>\n<\/div>\n<\/div>\n<div class=\"vc_column tdi_94  wpb_column vc_column_container tdc-column td-pb-span4 td-is-sticky\">\n<div class=\"wpb_wrapper\" data-sticky-enabled-on=\"W3RydWUsdHJ1ZSx0cnVlLHRydWVd\" data-sticky-offset=\"20\" data-sticky-is-width-auto=\"W2ZhbHNlLGZhbHNlLGZhbHNlLGZhbHNlXQ==\">\n<div class=\"vc_row_inner tdi_96  vc_row vc_inner wpb_row td-pb-row\">\n<div class=\"vc_column_inner tdi_98  wpb_column vc_column_container tdc-inner-column td-pb-span12\">\n<div class=\"vc_column-inner\">\n<div class=\"wpb_wrapper\">\n<div class=\"td_block_wrap td_block_title tdi_99 td-pb-border-top td_block_template_11 td-fix-index\" data-td-block-uid=\"tdi_99\">\n<div class=\"td-block-title-wrap\">\n<h4 class=\"td-block-title\"><span class=\"td-pulldown-size\">ANUN\u021aURI \u0218I PUBLICITATE<\/span><\/h4>\n<\/div>\n<\/div>\n<\/div>\n<\/div>\n<\/div>\n<\/div>\n<div class=\"wpb_wrapper td_block_wrap vc_widget_sidebar tdi_101 \">\n<aside id=\"block-10\" class=\"td_block_template_1 widget block-10 widget_block widget_media_image\">\n<figure class=\"wp-block-image size-full\"><a href=\"https:\/\/adpghiroda.ro\/index.html\" target=\"_blank\" rel=\" noreferrer noopener\"><img decoding=\"async\" loading=\"eager\" width=\"960\" height=\"960\" src=\"https:\/\/analyse.optim.biz\/wp-content\/uploads\/2025\/12\/adp-ghiroda2-56.jpg\" class=\"wp-image-171492\" title=\"adp-ghiroda2-56\"><\/a><\/figure>\n<\/aside>\n<aside id=\"block-11\" class=\"td_block_template_1 widget block-11 widget_block widget_media_image\">\n<figure class=\"wp-block-image size-full\"><a href=\"https:\/\/adpghiroda.ro\/index.html\" target=\"_blank\" rel=\" noreferrer noopener\"><img decoding=\"async\" loading=\"eager\" width=\"960\" height=\"960\" src=\"https:\/\/analyse.optim.biz\/wp-content\/uploads\/2025\/12\/adp-ghiroda1-56.jpg\" class=\"wp-image-171491\" title=\"adp-ghiroda1-56\"><\/a><\/figure>\n<\/aside>\n<aside id=\"block-17\" class=\"td_block_template_1 widget block-17 widget_block widget_media_image\">\n<figure class=\"wp-block-image size-large is-resized\"><a href=\"https:\/\/verde.events\/\" target=\"_blank\" rel=\" noreferrer noopener\"><img decoding=\"async\" loading=\"lazy\" width=\"1024\" height=\"683\" src=\"https:\/\/analyse.optim.biz\/wp-content\/uploads\/2025\/12\/verde-events-24-1024x683-57.jpg\" alt=\"Verde Events\" class=\"wp-image-174395\" title=\"verde-events-24-1024x683-57\"><\/a><figcaption class=\"wp-element-caption\"><strong><em>O experien\u021b\u0103 unic\u0103 pentru orice tip de eveniment<\/em><\/strong><\/figcaption><\/figure>\n<\/aside>\n<\/div>\n<div class=\"td_block_wrap td_flex_block_1 tdi_107 td-pb-border-top td_block_template_1 td_ajax_preloading_preload td_flex_block\" data-td-block-uid=\"tdi_107\">\n<div id=\"tdi_107\" class=\"td_block_inner td-mc1-wrap\">\n<div class=\"td_module_flex td_module_flex_1 td_module_wrap td-animation-stack td-meta-info-hide td-cpt-post\">\n<div class=\"td-module-container td-category-pos-image\">\n<div class=\"td-module-meta-info\">\n<h3 class=\"entry-title td-module-title\"><a href=\"https:\/\/voceatimisului.ro\/la-glina-utilajele-se-ingroapa-in-gunoaie-la-retim-adevarul-se-ingroapa-sub-tacere\/\" rel=\"bookmark\" title=\"La Ghizela, utilajele se \u00eengroap\u0103 \u00een gunoaie. La Retim, adev\u0103rul se \u00eengroap\u0103 sub t\u0103cere\">La Ghizela, utilajele se \u00eengroap\u0103 \u00een gunoaie. La Retim, adev\u0103rul se \u00eengroap\u0103 sub t\u0103cere<\/a><\/h3>\n<\/div>\n<\/div>\n<\/div>\n<div class=\"td_module_flex td_module_flex_1 td_module_wrap td-animation-stack td-meta-info-hide td-cpt-post\">\n<div class=\"td-module-container td-category-pos-image\">\n<div class=\"td-module-meta-info\">\n<h3 class=\"entry-title td-module-title\"><a href=\"https:\/\/voceatimisului.ro\/doua-investitii-europene-majore-pentru-comuna-sag-scoala-verde-si-asfaltari-pe-strazi-importante\/\" rel=\"bookmark\" title=\"Dou\u0103 investi\u021bii europene majore pentru comuna \u0218ag: \u0219coal\u0103 verde \u0219i asfalt\u0103ri pe str\u0103zi importante\">Dou\u0103 investi\u021bii europene majore pentru comuna \u0218ag: \u0219coal\u0103 verde \u0219i asfalt\u0103ri pe str\u0103zi importante<\/a><\/h3>\n<\/div>\n<\/div>\n<\/div>\n<div class=\"td_module_flex td_module_flex_1 td_module_wrap td-animation-stack td-meta-info-hide td-cpt-post\">\n<div class=\"td-module-container td-category-pos-image\">\n<div class=\"td-module-meta-info\">\n<h3 class=\"entry-title td-module-title\"><a href=\"https:\/\/voceatimisului.ro\/post-de-medic-de-familie-disponibil-in-sag-judetul-timis-centru-medical-nou-construit-cu-fonduri-europene\/\" rel=\"bookmark\" title=\"Post de medic de familie disponibil \u00een \u0218ag, jude\u021bul Timi\u0219 \u2013 centru medical nou, construit cu fonduri europene\">Post de medic de familie disponibil \u00een \u0218ag, jude\u021bul Timi\u0219 \u2013 centru medical nou, construit cu fonduri europene<\/a><\/h3>\n<\/div>\n<\/div>\n<\/div>\n<div class=\"td_module_flex td_module_flex_1 td_module_wrap td-animation-stack td-meta-info-hide td-cpt-post\">\n<div class=\"td-module-container td-category-pos-image\">\n<div class=\"td-module-meta-info\">\n<h3 class=\"entry-title td-module-title\"><a href=\"https:\/\/voceatimisului.ro\/investitii-in-infrastructura-comunei-sag-parcare-noua-asfaltari-si-piste-pentru-biciclete\/\" rel=\"bookmark\" title=\"Investi\u021bii \u00een infrastructura comunei \u0218ag: parcare nou\u0103, asfalt\u0103ri \u0219i piste pentru biciclete\">Investi\u021bii \u00een infrastructura comunei \u0218ag: parcare nou\u0103, asfalt\u0103ri \u0219i piste pentru biciclete<\/a><\/h3>\n<\/div>\n<\/div>\n<\/div>\n<div class=\"td_module_flex td_module_flex_1 td_module_wrap td-animation-stack td-meta-info-hide td-cpt-post\">\n<div class=\"td-module-container td-category-pos-image\">\n<div class=\"td-module-meta-info\">\n<h3 class=\"entry-title td-module-title\"><a href=\"https:\/\/voceatimisului.ro\/retim-acuzata-de-incalcarea-legii-muncii-in-transferul-angajatilor-catre-supercom-sindicatul-cere-interventia-itm\/\" rel=\"bookmark\" title=\"RETIM, acuzat\u0103 de \u00eenc\u0103lcarea legii muncii \u00een transferul angaja\u021bilor c\u0103tre SUPERCOM. Sindicatul cere interven\u021bia ITM\">RETIM, acuzat\u0103 de \u00eenc\u0103lcarea legii muncii \u00een transferul angaja\u021bilor c\u0103tre SUPERCOM. Sindicatul cere interven\u021bia ITM<\/a><\/h3>\n<\/div>\n<\/div>\n<\/div>\n<\/div>\n<\/div>\n<\/div>\n<\/div>\n<\/div>\n<\/div>\n<\/div>\n<\/div>\n<p><span class=\"td-page-meta\"><\/span><span class=\"td-page-meta\"><span class=\"td-page-meta\"><\/span><\/span><span class=\"td-page-meta\"><\/span><\/article>\n<p> Source URL: https:\/\/voceatimisului.ro\/campanie-gratuita-de-colectare-a-deseurilor-electrice-si-electronice-la-sag\/<\/p>\n","protected":false},"excerpt":{"rendered":"<p>\u0218tiriUtile Campanie gratuit\u0103 de colectare a de\u0219eurilor electrice \u0219i electronice, la \u0218ag Autor-Redac\u021bia 17 aprilie 2025 0 1217 Facebook Twitter Pinterest WhatsApp Linkedin Copy URL Campanie gratuit\u0103 de colectare a de\u0219eurilor electrice \u0219i electronice, la \u0218ag RETIM, lovitur\u0103 \u00een instan\u021b\u0103 \u0219i factur\u0103 de 24.600 lei pe fondul haosului din gestionarea gunoiului RETIM a plecat din [&hellip;]<\/p>\n","protected":false},"author":1,"featured_media":1092390,"comment_status":"open","ping_status":"","sticky":false,"template":"","format":"standard","meta":{"footnotes":""},"categories":[89],"tags":[199],"class_list":["post-1092389","post","type-post","status-publish","format-standard","has-post-thumbnail","hentry","category-romania","tag-voceatimisului-ro"],"_links":{"self":[{"href":"https:\/\/analyse.optim.biz\/index.php?rest_route=\/wp\/v2\/posts\/1092389","targetHints":{"allow":["GET"]}}],"collection":[{"href":"https:\/\/analyse.optim.biz\/index.php?rest_route=\/wp\/v2\/posts"}],"about":[{"href":"https:\/\/analyse.optim.biz\/index.php?rest_route=\/wp\/v2\/types\/post"}],"author":[{"embeddable":true,"href":"https:\/\/analyse.optim.biz\/index.php?rest_route=\/wp\/v2\/users\/1"}],"replies":[{"embeddable":true,"href":"https:\/\/analyse.optim.biz\/index.php?rest_route=%2Fwp%2Fv2%2Fcomments&post=1092389"}],"version-history":[{"count":0,"href":"https:\/\/analyse.optim.biz\/index.php?rest_route=\/wp\/v2\/posts\/1092389\/revisions"}],"wp:featuredmedia":[{"embeddable":true,"href":"https:\/\/analyse.optim.biz\/index.php?rest_route=\/wp\/v2\/media\/1092390"}],"wp:attachment":[{"href":"https:\/\/analyse.optim.biz\/index.php?rest_route=%2Fwp%2Fv2%2Fmedia&parent=1092389"}],"wp:term":[{"taxonomy":"category","embeddable":true,"href":"https:\/\/analyse.optim.biz\/index.php?rest_route=%2Fwp%2Fv2%2Fcategories&post=1092389"},{"taxonomy":"post_tag","embeddable":true,"href":"https:\/\/analyse.optim.biz\/index.php?rest_route=%2Fwp%2Fv2%2Ftags&post=1092389"}],"curies":[{"name":"wp","href":"https:\/\/api.w.org\/{rel}","templated":true}]}}