{"id":1092358,"date":"2025-06-06T05:52:03","date_gmt":"2025-06-06T02:52:03","guid":{"rendered":"https:\/\/analyse.optim.biz\/?p=1092358"},"modified":"2025-06-06T05:52:03","modified_gmt":"2025-06-06T02:52:03","slug":"a-inceput-primul-recensamant-online-al-cainilor-cu-stapan-din-comuna-giroc","status":"publish","type":"post","link":"https:\/\/analyse.optim.biz\/?p=1092358","title":{"rendered":"A \u00eenceput primul recens\u0103m\u00e2nt online al c\u00e2inilor cu st\u0103p\u00e2n din Comuna Giroc"},"content":{"rendered":"<article id=\"template-id-172790\" class=\"post-172790 tdb_templates type-tdb_templates status-publish post\">\n<div id=\"tdi_38\" class=\"tdc-zone\">\n<div class=\"tdc_zone tdi_39  wpb_row td-pb-row\">\n<div id=\"tdi_40\" class=\"tdc-row stretch_row_1400 td-stretch-content\">\n<div class=\"vc_row tdi_41  wpb_row td-pb-row tdc-element-style\">\n<div class=\"vc_column tdi_43  wpb_column vc_column_container tdc-column td-pb-span8\">\n<div class=\"wpb_wrapper\">\n<div class=\"td_block_wrap tdb_single_categories tdi_44 td-pb-border-top td_block_template_1 \" data-td-block-uid=\"tdi_44\">\n<div class=\"tdb-category td-fix-index\"><a class=\"tdb-entry-category\" href=\"https:\/\/voceatimisului.ro\/stiri-din-timisoara-si-timis\/\">\u0218tiri<\/a><a class=\"tdb-entry-category\" href=\"https:\/\/voceatimisului.ro\/utile\/\">Utile<\/a><\/div>\n<\/div>\n<div class=\"td_block_wrap tdb_title tdi_45 tdb-single-title td-pb-border-top td_block_template_1\" data-td-block-uid=\"tdi_45\">\n<div class=\"tdb-block-inner td-fix-index\">\n<h1 class=\"tdb-title-text\">A \u00eenceput primul recens\u0103m\u00e2nt online al c\u00e2inilor cu st\u0103p\u00e2n din Comuna Giroc<\/h1>\n<\/div>\n<\/div>\n<div class=\"vc_row_inner tdi_48  vc_row vc_inner wpb_row td-pb-row\">\n<div class=\"vc_column_inner tdi_50  wpb_column vc_column_container tdc-inner-column td-pb-span6\">\n<div class=\"vc_column-inner\">\n<div class=\"wpb_wrapper\">\n<div class=\"td_block_wrap tdb_single_author tdi_51 td-pb-border-top td_block_template_1 tdb-post-meta\" data-td-block-uid=\"tdi_51\">\n<div class=\"tdb-block-inner td-fix-index\">\n<div class=\"tdb-author-name-wrap\"><span class=\"tdb-author-by\">Autor-<\/span><a class=\"tdb-author-name\" href=\"https:\/\/voceatimisului.ro\/author\/ioana\/\">Ioana Danciu<\/a><\/div>\n<\/div>\n<\/div>\n<div class=\"td_block_wrap tdb_single_date tdi_52 td-pb-border-top td_block_template_1 tdb-post-meta\" data-td-block-uid=\"tdi_52\">\n<div class=\"tdb-block-inner td-fix-index\"><time class=\"entry-date updated td-module-date\" datetime=\"2025-06-06T08:52:03+03:00\">6 iunie 2025<\/time><\/div>\n<\/div>\n<div class=\"td_block_wrap tdb_single_comments_count tdi_53 td-pb-border-top td_block_template_1 tdb-post-meta\" data-td-block-uid=\"tdi_53\">\n<div class=\"tdb-block-inner td-fix-index\"><a href=\"https:\/\/voceatimisului.ro\/a-inceput-primul-recensamant-online-al-cainilor-cu-stapan-din-comuna-giroc\/#respond\"><span>0<\/span><\/a><\/div>\n<\/div>\n<div class=\"td_block_wrap tdb_single_post_views tdi_54 td-pb-border-top td_block_template_1 tdb-post-meta\" data-td-block-uid=\"tdi_54\">\n<div class=\"tdb-block-inner td-fix-index\"><span class=\"tdb-add-text\">1<\/span><span class=\"td-nr-views-172521\">213<\/span><\/div>\n<\/div>\n<\/div>\n<\/div>\n<\/div>\n<div class=\"vc_column_inner tdi_56  wpb_column vc_column_container tdc-inner-column td-pb-span6\">\n<div class=\"vc_column-inner\">\n<div class=\"wpb_wrapper\">\n<div class=\"td_block_wrap tdb_single_post_share tdi_57  td-pb-border-top td_block_template_1\" data-td-block-uid=\"tdi_57\">\n<div id=\"tdi_57\" class=\"td-post-sharing tdb-block td-ps-bg td-ps-notext td-post-sharing-style1 \">\n<div class=\"td-post-sharing-visible\"><a class=\"td-social-sharing-button td-social-sharing-button-js td-social-network td-social-facebook\" href=\"https:\/\/www.facebook.com\/sharer.php?u=https%3A%2F%2Fvoceatimisului.ro%2Fa-inceput-primul-recensamant-online-al-cainilor-cu-stapan-din-comuna-giroc%2F\" title=\"Facebook\" rel=\"noopener\"><\/p>\n<div class=\"td-social-but-text\">Facebook<\/div>\n<p><\/a><a class=\"td-social-sharing-button td-social-sharing-button-js td-social-network td-social-twitter\" href=\"https:\/\/twitter.com\/intent\/tweet?text=A+%C3%AEnceput+primul+recens%C4%83m%C3%A2nt+online+al+c%C3%A2inilor+cu+st%C4%83p%C3%A2n+din+Comuna+Giroc&amp;url=https%3A%2F%2Fvoceatimisului.ro%2Fa-inceput-primul-recensamant-online-al-cainilor-cu-stapan-din-comuna-giroc%2F&amp;via=Vocea+Timisului\" title=\"Twitter\" rel=\"noopener\"><\/p>\n<div class=\"td-social-but-text\">Twitter<\/div>\n<p><\/a><a class=\"td-social-sharing-button td-social-sharing-button-js td-social-network td-social-pinterest\" href=\"https:\/\/pinterest.com\/pin\/create\/button\/?url=https:\/\/voceatimisului.ro\/a-inceput-primul-recensamant-online-al-cainilor-cu-stapan-din-comuna-giroc\/&amp;media=https:\/\/analyse.optim.biz\/wp-content\/uploads\/2025\/12\/recensamant-online-al-cainilor-cu-stapan-din-comuna-giroc.jpg&amp;description=A+%C3%AEnceput+primul+recens%C4%83m%C3%A2nt+online+al+c%C3%A2inilor+cu+st%C4%83p%C3%A2n+din+Comuna+Giroc\" title=\"Pinterest\" rel=\"noopener\"><\/p>\n<div class=\"td-social-but-text\">Pinterest<\/div>\n<p><\/a><a class=\"td-social-sharing-button td-social-sharing-button-js td-social-network td-social-whatsapp\" href=\"https:\/\/api.whatsapp.com\/send?text=A+%C3%AEnceput+primul+recens%C4%83m%C3%A2nt+online+al+c%C3%A2inilor+cu+st%C4%83p%C3%A2n+din+Comuna+Giroc%20%0A%0A%20https:\/\/voceatimisului.ro\/a-inceput-primul-recensamant-online-al-cainilor-cu-stapan-din-comuna-giroc\/\" title=\"WhatsApp\" rel=\"noopener\"><\/p>\n<div class=\"td-social-but-text\">WhatsApp<\/div>\n<p><\/a><a class=\"td-social-sharing-button td-social-sharing-button-js td-social-network td-social-linkedin\" href=\"https:\/\/www.linkedin.com\/shareArticle?mini=true&amp;url=https:\/\/voceatimisului.ro\/a-inceput-primul-recensamant-online-al-cainilor-cu-stapan-din-comuna-giroc\/&amp;title=A+%C3%AEnceput+primul+recens%C4%83m%C3%A2nt+online+al+c%C3%A2inilor+cu+st%C4%83p%C3%A2n+din+Comuna+Giroc\" title=\"Linkedin\" rel=\"noopener\"><\/p>\n<div class=\"td-social-but-text\">Linkedin<\/div>\n<p><\/a><a class=\"td-social-sharing-button td-social-sharing-button-js td-social-network td-social-copy_url\" href=\"https:\/\/voceatimisului.ro\/a-inceput-primul-recensamant-online-al-cainilor-cu-stapan-din-comuna-giroc\/\" title=\"Copy URL\" rel=\"noopener\"><\/p>\n<div class=\"td-social-but-text\">Copy URL<\/div>\n<p><\/a><\/div>\n<\/div>\n<\/div>\n<\/div>\n<\/div>\n<\/div>\n<\/div>\n<div class=\"td_block_wrap tdb_single_featured_image tdi_58 tdb-content-horiz-left td-pb-border-top td_block_template_1\" data-td-block-uid=\"tdi_58\">\n<div class=\"tdb-block-inner td-fix-index\">\n<figure><img fetchpriority=\"high\" decoding=\"async\" width=\"696\" height=\"696\" class=\"entry-thumb\" src=\"https:\/\/analyse.optim.biz\/wp-content\/uploads\/2025\/12\/recensamant-online-al-cainilor-cu-stapan-din-comuna-giroc-696x696-2.jpg\" title=\"recens\u0103m\u00e2nt online al c\u00e2inilor cu st\u0103p\u00e2n din Comuna Giroc\" loading=\"eager\"><figcaption class=\"tdb-caption-text\">A \u00eenceput primul recens\u0103m\u00e2nt online al c\u00e2inilor cu st\u0103p\u00e2n din Comuna Giroc<\/figcaption><\/figure>\n<\/div>\n<\/div>\n<div class=\"vc_row_inner tdi_60  vc_row vc_inner wpb_row td-pb-row\">\n<div class=\"vc_column_inner tdi_62  wpb_column vc_column_container tdc-inner-column td-pb-span4 td-is-sticky\">\n<div class=\"vc_column-inner\">\n<div class=\"wpb_wrapper\" data-sticky-enabled-on=\"W3RydWUsdHJ1ZSx0cnVlLHRydWVd\" data-sticky-offset=\"20\" data-sticky-is-width-auto=\"W2ZhbHNlLGZhbHNlLGZhbHNlLGZhbHNlXQ==\">\n<div class=\"td_block_wrap td_flex_block_1 tdi_63 td-pb-border-top td_block_template_1 td_ajax_preloading_preload td_flex_block\" data-td-block-uid=\"tdi_63\">\n<div id=\"tdi_63\" class=\"td_block_inner td-mc1-wrap\">\n<div class=\"td_module_flex td_module_flex_1 td_module_wrap td-animation-stack td-meta-info-hide td-cpt-post\">\n<div class=\"td-module-container td-category-pos-image\">\n<div class=\"td-module-meta-info\">\n<h3 class=\"entry-title td-module-title\"><a href=\"https:\/\/voceatimisului.ro\/targul-de-craciun-giroc-2025-artisti-cunoscuti-in-programul-spectacolelor-gratuite\/\" rel=\"bookmark\" title=\"T\u00e2rgul de Cr\u0103ciun Giroc 2025, arti\u0219ti cunoscu\u021bi \u00een programul spectacolelor gratuite\">T\u00e2rgul de Cr\u0103ciun Giroc 2025, arti\u0219ti cunoscu\u021bi \u00een programul spectacolelor gratuite<\/a><\/h3>\n<\/div>\n<\/div>\n<\/div>\n<div class=\"td_module_flex td_module_flex_1 td_module_wrap td-animation-stack td-meta-info-hide td-cpt-post\">\n<div class=\"td-module-container td-category-pos-image\">\n<div class=\"td-module-meta-info\">\n<h3 class=\"entry-title td-module-title\"><a href=\"https:\/\/voceatimisului.ro\/targ-caritabil-la-gpp-giroc-pentru-sustinerea-terapiilor-unui-copil-si-modernizarea-curtii\/\" rel=\"bookmark\" title=\"T\u00e2rg caritabil la GPP Giroc pentru sus\u021binerea terapiilor unui copil \u0219i modernizarea cur\u021bii\">T\u00e2rg caritabil la GPP Giroc pentru sus\u021binerea terapiilor unui copil \u0219i modernizarea cur\u021bii<\/a><\/h3>\n<\/div>\n<\/div>\n<\/div>\n<div class=\"td_module_flex td_module_flex_1 td_module_wrap td-animation-stack td-meta-info-hide td-cpt-post\">\n<div class=\"td-module-container td-category-pos-image\">\n<div class=\"td-module-meta-info\">\n<h3 class=\"entry-title td-module-title\"><a href=\"https:\/\/voceatimisului.ro\/festivalul-ceaunul-chisozean-ajunge-la-editia-a-vi-a\/\" rel=\"bookmark\" title=\"Festivalul \u201eCeaunul Chi\u0219ozean\u201d ajunge la edi\u021bia a VI-a\">Festivalul \u201eCeaunul Chi\u0219ozean\u201d ajunge la edi\u021bia a VI-a<\/a><\/h3>\n<\/div>\n<\/div>\n<\/div>\n<div class=\"td_module_flex td_module_flex_1 td_module_wrap td-animation-stack td-meta-info-hide td-cpt-post\">\n<div class=\"td-module-container td-category-pos-image\">\n<div class=\"td-module-meta-info\">\n<h3 class=\"entry-title td-module-title\"><a href=\"https:\/\/voceatimisului.ro\/10-milioane-de-lei-pentru-eco-administratie-primaria-giroc-devine-model-verde-in-colaborare-cu-serbia\/\" rel=\"bookmark\" title=\"10 milioane de lei pentru \u201eEco-Administra\u021bie\u201d \u2013 Prim\u0103ria Giroc devine model verde \u00een colaborare cu Serbia\">10 milioane de lei pentru \u201eEco-Administra\u021bie\u201d \u2013 Prim\u0103ria Giroc devine model verde \u00een colaborare cu Serbia<\/a><\/h3>\n<\/div>\n<\/div>\n<\/div>\n<\/div>\n<\/div>\n<div class=\"tdb-author-box td_block_wrap tdb_single_author_box tdi_68 tdb-content-vert-top td-pb-border-top td_block_template_1\" data-td-block-uid=\"tdi_68\">\n<div class=\"tdb-block-inner td-fix-index\">\n<div class=\"tdb-author-info\"><a href=\"https:\/\/voceatimisului.ro\/author\/ioana\/\" class=\"tdb-author-name\">Ioana Danciu<\/a><\/p>\n<div class=\"tdb-author-descr\">\u00centreaga responsabilitate a comentariilor l\u0103sate de dumneavoastr\u0103 v\u0103 apar\u021bine!<br \/>\nClick <a href=\"https:\/\/voceatimisului.ro\/termeni-si-conditii\/\">aici<\/a>-citeste condi\u0163iile de utilizare ale site-ului www.voceatimisului.ro<\/div>\n<\/div>\n<\/div>\n<\/div>\n<\/div>\n<\/div>\n<\/div>\n<div class=\"vc_column_inner tdi_70  wpb_column vc_column_container tdc-inner-column td-pb-span8\">\n<div class=\"vc_column-inner\">\n<div class=\"wpb_wrapper\">\n<div class=\"td_block_wrap tdb_single_content tdi_71 td-pb-border-top td_block_template_1 td-post-content tagdiv-type\" data-td-block-uid=\"tdi_71\">\n<div class=\"tdb-block-inner td-fix-index\">\n<h5 class=\"wp-block-heading\">Prim\u0103ria Comunei Giroc a lansat, \u00een parteneriat cu Asocia\u021bia Animal Care Team, <strong>primul recens\u0103m\u00e2nt online al c\u00e2inilor cu st\u0103p\u00e2n<\/strong>. Ini\u021biativa are ca scop gestionarea mai eficient\u0103 a situa\u021biei animalelor de companie \u0219i reducerea num\u0103rului de c\u00e2ini f\u0103r\u0103 st\u0103p\u00e2n de pe raza localit\u0103\u021bii.<\/h5>\n<p><strong>Recens\u0103m\u00e2ntul se desf\u0103\u0219oar\u0103 p\u00e2n\u0103 la data de 30 iunie 2025<\/strong>, iar to\u021bi cet\u0103\u021benii care de\u021bin c\u00e2ini sunt ruga\u021bi s\u0103 completeze<a href=\"https:\/\/giroc.ro\/recensamant-caini-cu-stapan?fbclid=IwY2xjawKvXv1leHRuA2FlbQIxMABicmlkETBUeUFMVElJeTVkSG5LTTZFAR59m4YiX-hu3ZmeFoHqKs8DebDdJxN8Y502_JoY6f2cJxOXM8pGahCmsshsow_aem_fUqb4qSNinPwTkkcDueHjA\" target=\"_blank\" rel=\"noreferrer noopener\"><strong>chestionarul online<\/strong><\/a> disponibil pe site-ul Prim\u0103riei sau prin linkul pus la dispozi\u021bie \u00een comunic\u0103rile oficiale.<\/p>\n<p>Potrivit autorit\u0103\u021bilor locale, datele colectate vor sta la baza unor ac\u021biuni concrete:<\/p>\n<ul class=\"wp-block-list\">\n<li>verific\u0103ri \u00een teren,<\/li>\n<li>microcipare \u0219i \u00eenregistrare,<\/li>\n<li>campanii de sterilizare acolo unde este necesar.<\/li>\n<\/ul>\n<p>\u201e<strong>Acest proiect nu este doar despre reguli \u0219i eviden\u021be. Este despre responsabilitate, respect \u0219i grij\u0103 fa\u021b\u0103 de animalele care fac parte din familiile noastre<\/strong>. Ca medic veterinar, dar \u0219i ca om care iube\u0219te animalele, \u0219tiu c\u00e2t de important este s\u0103 avem grij\u0103 unii de al\u021bii, inclusiv de prietenii no\u0219tri necuv\u00e2nt\u0103tori\u201d, a transmis reprezentantul autorit\u0103\u021bilor locale.<\/p>\n<p><strong>Partenerul principal al proiectului este Asocia\u021bia Animal Care Team<\/strong>, cu peste dou\u0103 decenii de activitate \u00een domeniul protec\u021biei animalelor. Asocia\u021bia a fost implicat\u0103 activ \u0219i \u00een campaniile anterioare de sterilizare gratuit\u0103 din comuna Giroc.<\/p>\n<p>Autorit\u0103\u021bile fac un apel la to\u021bi cet\u0103\u021benii: <strong><a href=\"https:\/\/giroc.ro\/recensamant-caini-cu-stapan?fbclid=IwY2xjawKvXv1leHRuA2FlbQIxMABicmlkETBUeUFMVElJeTVkSG5LTTZFAR59m4YiX-hu3ZmeFoHqKs8DebDdJxN8Y502_JoY6f2cJxOXM8pGahCmsshsow_aem_fUqb4qSNinPwTkkcDueHjA\" target=\"_blank\" rel=\"noreferrer noopener\">s\u0103 completeze formularul \u0219i s\u0103 distribuie informa\u021bia mai departe<\/a><\/strong>. Este un gest simplu, dar cu un impact major asupra comunit\u0103\u021bii \u0219i asupra animalelor.<\/p>\n<\/div>\n<\/div>\n<div class=\"td_block_wrap tdb_single_tags tdi_74 td-pb-border-top td_block_template_1\" data-td-block-uid=\"tdi_74\">\n<div class=\"tdb-block-inner td-fix-index\">\n<ul class=\"tdb-tags\">\n<li><span>Tags<\/span><\/li>\n<li><a href=\"https:\/\/voceatimisului.ro\/tag\/cainii-cu-stapan\/\">cainii cu stapan<\/a><\/li>\n<li><a href=\"https:\/\/voceatimisului.ro\/tag\/comuna-giroc\/\">comuna giroc<\/a><\/li>\n<li><a href=\"https:\/\/voceatimisului.ro\/tag\/primaria-giroc\/\">primaria giroc<\/a><\/li>\n<li><a href=\"https:\/\/voceatimisului.ro\/tag\/recensamant-online\/\">recens\u0103m\u00e2nt online<\/a><\/li>\n<\/ul>\n<\/div>\n<\/div>\n<div class=\"td_block_wrap tdb_single_post_share tdi_75  td-pb-border-top td_block_template_1\" data-td-block-uid=\"tdi_75\">\n<div id=\"tdi_75\" class=\"td-post-sharing tdb-block td-ps-bg td-ps-notext td-post-sharing-style1 \">\n<div class=\"td-post-sharing-visible\"><a class=\"td-social-sharing-button td-social-sharing-button-js td-social-network td-social-facebook\" href=\"https:\/\/www.facebook.com\/sharer.php?u=https%3A%2F%2Fvoceatimisului.ro%2Fa-inceput-primul-recensamant-online-al-cainilor-cu-stapan-din-comuna-giroc%2F\" title=\"Facebook\" rel=\"noopener\"><\/p>\n<div class=\"td-social-but-text\">Facebook<\/div>\n<p><\/a><a class=\"td-social-sharing-button td-social-sharing-button-js td-social-network td-social-twitter\" href=\"https:\/\/twitter.com\/intent\/tweet?text=A+%C3%AEnceput+primul+recens%C4%83m%C3%A2nt+online+al+c%C3%A2inilor+cu+st%C4%83p%C3%A2n+din+Comuna+Giroc&amp;url=https%3A%2F%2Fvoceatimisului.ro%2Fa-inceput-primul-recensamant-online-al-cainilor-cu-stapan-din-comuna-giroc%2F&amp;via=Vocea+Timisului\" title=\"Twitter\" rel=\"noopener\"><\/p>\n<div class=\"td-social-but-text\">Twitter<\/div>\n<p><\/a><a class=\"td-social-sharing-button td-social-sharing-button-js td-social-network td-social-pinterest\" href=\"https:\/\/pinterest.com\/pin\/create\/button\/?url=https:\/\/voceatimisului.ro\/a-inceput-primul-recensamant-online-al-cainilor-cu-stapan-din-comuna-giroc\/&amp;media=https:\/\/analyse.optim.biz\/wp-content\/uploads\/2025\/12\/recensamant-online-al-cainilor-cu-stapan-din-comuna-giroc.jpg&amp;description=A+%C3%AEnceput+primul+recens%C4%83m%C3%A2nt+online+al+c%C3%A2inilor+cu+st%C4%83p%C3%A2n+din+Comuna+Giroc\" title=\"Pinterest\" rel=\"noopener\"><\/p>\n<div class=\"td-social-but-text\">Pinterest<\/div>\n<p><\/a><a class=\"td-social-sharing-button td-social-sharing-button-js td-social-network td-social-whatsapp\" href=\"https:\/\/api.whatsapp.com\/send?text=A+%C3%AEnceput+primul+recens%C4%83m%C3%A2nt+online+al+c%C3%A2inilor+cu+st%C4%83p%C3%A2n+din+Comuna+Giroc%20%0A%0A%20https:\/\/voceatimisului.ro\/a-inceput-primul-recensamant-online-al-cainilor-cu-stapan-din-comuna-giroc\/\" title=\"WhatsApp\" rel=\"noopener\"><\/p>\n<div class=\"td-social-but-text\">WhatsApp<\/div>\n<p><\/a><a class=\"td-social-sharing-button td-social-sharing-button-js td-social-network td-social-linkedin\" href=\"https:\/\/www.linkedin.com\/shareArticle?mini=true&amp;url=https:\/\/voceatimisului.ro\/a-inceput-primul-recensamant-online-al-cainilor-cu-stapan-din-comuna-giroc\/&amp;title=A+%C3%AEnceput+primul+recens%C4%83m%C3%A2nt+online+al+c%C3%A2inilor+cu+st%C4%83p%C3%A2n+din+Comuna+Giroc\" title=\"Linkedin\" rel=\"noopener\"><\/p>\n<div class=\"td-social-but-text\">Linkedin<\/div>\n<p><\/a><a class=\"td-social-sharing-button td-social-sharing-button-js td-social-network td-social-copy_url\" href=\"https:\/\/voceatimisului.ro\/a-inceput-primul-recensamant-online-al-cainilor-cu-stapan-din-comuna-giroc\/\" title=\"Copy URL\" rel=\"noopener\"><\/p>\n<div class=\"td-social-but-text\">Copy URL<\/div>\n<p><\/a><\/div>\n<\/div>\n<\/div>\n<div class=\"td_block_wrap tdb_single_next_prev tdi_76 td-animation-stack td-next-prev-img-on td-pb-border-top td_block_template_1\" data-td-block-uid=\"tdi_76\">\n<div class=\"tdb-block-inner td-fix-index\">\n<div class=\"tdb-next-post tdb-next-post-bg tdb-post-prev\"><span>Articolul precedent<\/span><\/p>\n<div class=\"td-module-container\">\n<div class=\"td-image-container\"><a class=\"td-image-wrap\" href=\"https:\/\/voceatimisului.ro\/cand-fritz-ne-vorbeste-de-dreptate-dar-isi-angajeaza-toti-prietenii\/\"><img loading=\"lazy\" decoding=\"async\" class=\"td-next-prev-image td-fix-index td-lazy-img\" title=\"C\u00e2nd Fritz ne vorbe\u0219te de dreptate, dar \u00ee\u0219i angajeaz\u0103 to\u021bi prietenii\" width=\"696\" height=\"522\" src=\"https:\/\/analyse.optim.biz\/wp-content\/uploads\/2025\/12\/cand-fritz-ne-vorbeste-de-dreptate-dar-isi-angajeaza-toti-prietenii-696x522-1.jpg\"><\/a><\/div>\n<div class=\"next-prev-title\"><a href=\"https:\/\/voceatimisului.ro\/cand-fritz-ne-vorbeste-de-dreptate-dar-isi-angajeaza-toti-prietenii\/\">C\u00e2nd Fritz ne vorbe\u0219te de dreptate, dar \u00ee\u0219i angajeaz\u0103 to\u021bi prietenii<\/a><\/div>\n<\/div>\n<\/div>\n<div class=\"tdb-next-post tdb-next-post-bg tdb-post-next\"><span>Articolul urm\u0103tor<\/span><\/p>\n<div class=\"td-module-container\">\n<div class=\"td-image-container\"><a class=\"td-image-wrap\" href=\"https:\/\/voceatimisului.ro\/simonis-nu-voi-sustine-niciun-guvern-care-scoate-stadionul-din-timisoara-de-pe-lista-de-investitii\/\"><img loading=\"lazy\" decoding=\"async\" class=\"td-next-prev-image td-fix-index td-lazy-img\" title=\"Simonis: \u201eNu voi sus\u021bine niciun guvern care scoate stadionul din Timi\u0219oara de pe lista de investi\u021bii!\u201d\" width=\"696\" height=\"392\" src=\"https:\/\/analyse.optim.biz\/wp-content\/uploads\/2025\/12\/maxresdefault-696x392-4.jpg\"><\/a><\/div>\n<div class=\"next-prev-title\"><a href=\"https:\/\/voceatimisului.ro\/simonis-nu-voi-sustine-niciun-guvern-care-scoate-stadionul-din-timisoara-de-pe-lista-de-investitii\/\">Simonis: \u201eNu voi sus\u021bine niciun guvern care scoate stadionul din Timi\u0219oara de pe lista de investi\u021bii!\u201d<\/a><\/div>\n<\/div>\n<\/div>\n<\/div>\n<\/div>\n<\/div>\n<\/div>\n<\/div>\n<\/div>\n<div class=\"vc_row_inner tdi_86  vc_row vc_inner wpb_row td-pb-row\">\n<div class=\"vc_column_inner tdi_88  wpb_column vc_column_container tdc-inner-column td-pb-span4 td-is-sticky\">\n<div class=\"vc_column-inner\">\n<div class=\"wpb_wrapper\" data-sticky-enabled-on=\"W3RydWUsdHJ1ZSx0cnVlLHRydWVd\" data-sticky-offset=\"20\" data-sticky-is-width-auto=\"W2ZhbHNlLGZhbHNlLGZhbHNlLGZhbHNlXQ==\">\n<div class=\"td_block_wrap tdb_single_related tdi_89 td_with_ajax_pagination td-pb-border-top td_block_template_1 tdb-single-related-posts\" data-td-block-uid=\"tdi_89\">\n<div id=\"tdi_89\" class=\"td_block_inner tdb-block-inner td-fix-index\">\n<div class=\"tdb_module_related td_module_wrap td-animation-stack td-meta-info-hide\">\n<div class=\"td-module-container td-category-pos-image\">\n<div class=\"td-module-meta-info\">\n<h3 class=\"entry-title td-module-title\"><a href=\"https:\/\/voceatimisului.ro\/deparazitare-la-giroc-si-chisoda-pe-14-iulie-acces-interzis-temporar-in-parcuri-si-locuri-de-joaca\/\" rel=\"bookmark\" title=\"Deparazitare la Giroc \u0219i Chi\u0219oda pe 14 iulie. Acces interzis temporar \u00een parcuri \u0219i locuri de joac\u0103\">Deparazitare la Giroc \u0219i Chi\u0219oda pe 14 iulie. Acces interzis temporar \u00een parcuri \u0219i locuri de joac\u0103<\/a><\/h3>\n<\/div>\n<\/div>\n<\/div>\n<div class=\"tdb_module_related td_module_wrap td-animation-stack td-meta-info-hide\">\n<div class=\"td-module-container td-category-pos-image\">\n<div class=\"td-module-meta-info\">\n<h3 class=\"entry-title td-module-title\"><a href=\"https:\/\/voceatimisului.ro\/restrictii-de-circulatie-in-comuna-giroc-in-zona-caii-ferate-se-construieste-un-nou-sens-giratoriu\/\" rel=\"bookmark\" title=\"Restric\u021bii de circula\u021bie \u00een Comuna Giroc, \u00een zona c\u0103ii ferate. Se construie\u0219te un nou sens giratoriu\">Restric\u021bii de circula\u021bie \u00een Comuna Giroc, \u00een zona c\u0103ii ferate. Se construie\u0219te un nou sens giratoriu<\/a><\/h3>\n<\/div>\n<\/div>\n<\/div>\n<div class=\"tdb_module_related td_module_wrap td-animation-stack td-meta-info-hide\">\n<div class=\"td-module-container td-category-pos-image\">\n<div class=\"td-module-meta-info\">\n<h3 class=\"entry-title td-module-title\"><a href=\"https:\/\/voceatimisului.ro\/in-memoriam-ionel-lucian-sipos-girocul-celebreaza-dansul-popular-la-a-v-a-editie-a-festivalului-care-i-poarta-numele\/\" rel=\"bookmark\" title=\"\u00cen memoriam Ionel Lucian \u0218ipo\u0219: Girocul celebreaz\u0103 dansul popular la a V-a edi\u021bie a festivalului care-i poart\u0103 numele\">\u00cen memoriam Ionel Lucian \u0218ipo\u0219: Girocul celebreaz\u0103 dansul popular la a V-a edi\u021bie a festivalului care-i poart\u0103 numele<\/a><\/h3>\n<\/div>\n<\/div>\n<\/div>\n<\/div>\n<\/div>\n<\/div>\n<\/div>\n<\/div>\n<div class=\"vc_column_inner tdi_91  wpb_column vc_column_container tdc-inner-column td-pb-span8\">\n<div class=\"vc_column-inner\">\n<div class=\"wpb_wrapper\">\n<div class=\"td_block_wrap tdb_single_comments tdi_92 tdb-comm-layout2 td-pb-border-top td_block_template_2\" data-td-block-uid=\"tdi_92\">\n<div class=\"tdb-block-inner td-fix-index\">\n<div class=\"comments\" id=\"comments\">\n<div id=\"respond\" class=\"comment-respond\">\n<h3 id=\"reply-title\" class=\"comment-reply-title\">L\u0102SA\u021aI UN MESAJ <small><a rel=\"nofollow\" id=\"cancel-comment-reply-link\" href=\"https:\/\/voceatimisului.ro\/a-inceput-primul-recensamant-online-al-cainilor-cu-stapan-din-comuna-giroc\/#respond\">Renun\u021ba\u021bi la r\u0103spuns<\/a><\/small><\/h3>\n<div class=\"comment-form-input-wrap td-form-comment\">\n<div class=\"td-warning-comment\">V\u0103 rug\u0103m s\u0103 introduce\u021bi comentariul dvs.!<\/div>\n<\/div>\n<div class=\"comment-form-input-wrap td-form-author\">\n<div class=\"td-warning-author\">Introduce\u021bi aici numele dvs.<\/div>\n<\/div>\n<div class=\"comment-form-input-wrap td-form-email\">\n<div class=\"td-warning-email-error\">A\u021bi introdus o adres\u0103 de e-mail incorect\u0103!<\/div>\n<div class=\"td-warning-email\">V\u0103 rug\u0103m s\u0103 introduce\u021bi adresa dvs. de e-mail aici<\/div>\n<\/div>\n<\/div>\n<\/div>\n<\/div>\n<\/div>\n<\/div>\n<\/div>\n<\/div>\n<\/div>\n<\/div>\n<\/div>\n<div class=\"vc_column tdi_94  wpb_column vc_column_container tdc-column td-pb-span4 td-is-sticky\">\n<div class=\"wpb_wrapper\" data-sticky-enabled-on=\"W3RydWUsdHJ1ZSx0cnVlLHRydWVd\" data-sticky-offset=\"20\" data-sticky-is-width-auto=\"W2ZhbHNlLGZhbHNlLGZhbHNlLGZhbHNlXQ==\">\n<div class=\"vc_row_inner tdi_96  vc_row vc_inner wpb_row td-pb-row\">\n<div class=\"vc_column_inner tdi_98  wpb_column vc_column_container tdc-inner-column td-pb-span12\">\n<div class=\"vc_column-inner\">\n<div class=\"wpb_wrapper\">\n<div class=\"td_block_wrap td_block_title tdi_99 td-pb-border-top td_block_template_11 td-fix-index\" data-td-block-uid=\"tdi_99\">\n<div class=\"td-block-title-wrap\">\n<h4 class=\"td-block-title\"><span class=\"td-pulldown-size\">ANUN\u021aURI \u0218I PUBLICITATE<\/span><\/h4>\n<\/div>\n<\/div>\n<\/div>\n<\/div>\n<\/div>\n<\/div>\n<div class=\"wpb_wrapper td_block_wrap vc_widget_sidebar tdi_101 \">\n<aside id=\"block-10\" class=\"td_block_template_1 widget block-10 widget_block widget_media_image\">\n<figure class=\"wp-block-image size-full\"><a href=\"https:\/\/adpghiroda.ro\/index.html\" target=\"_blank\" rel=\" noreferrer noopener\"><img decoding=\"async\" loading=\"eager\" width=\"960\" height=\"960\" src=\"https:\/\/analyse.optim.biz\/wp-content\/uploads\/2025\/12\/adp-ghiroda2-54.jpg\" class=\"wp-image-171492\" title=\"adp-ghiroda2-54\"><\/a><\/figure>\n<\/aside>\n<aside id=\"block-11\" class=\"td_block_template_1 widget block-11 widget_block widget_media_image\">\n<figure class=\"wp-block-image size-full\"><a href=\"https:\/\/adpghiroda.ro\/index.html\" target=\"_blank\" rel=\" noreferrer noopener\"><img decoding=\"async\" loading=\"eager\" width=\"960\" height=\"960\" src=\"https:\/\/analyse.optim.biz\/wp-content\/uploads\/2025\/12\/adp-ghiroda1-54.jpg\" class=\"wp-image-171491\" title=\"adp-ghiroda1-54\"><\/a><\/figure>\n<\/aside>\n<aside id=\"block-17\" class=\"td_block_template_1 widget block-17 widget_block widget_media_image\">\n<figure class=\"wp-block-image size-large is-resized\"><a href=\"https:\/\/verde.events\/\" target=\"_blank\" rel=\" noreferrer noopener\"><img decoding=\"async\" loading=\"lazy\" width=\"1024\" height=\"683\" src=\"https:\/\/analyse.optim.biz\/wp-content\/uploads\/2025\/12\/verde-events-24-1024x683-55.jpg\" alt=\"Verde Events\" class=\"wp-image-174395\" title=\"verde-events-24-1024x683-55\"><\/a><figcaption class=\"wp-element-caption\"><strong><em>O experien\u021b\u0103 unic\u0103 pentru orice tip de eveniment<\/em><\/strong><\/figcaption><\/figure>\n<\/aside>\n<\/div>\n<div class=\"td_block_wrap td_flex_block_1 tdi_107 td-pb-border-top td_block_template_1 td_ajax_preloading_preload td_flex_block\" data-td-block-uid=\"tdi_107\">\n<div id=\"tdi_107\" class=\"td_block_inner td-mc1-wrap\">\n<div class=\"td_module_flex td_module_flex_1 td_module_wrap td-animation-stack td-meta-info-hide td-cpt-post\">\n<div class=\"td-module-container td-category-pos-image\">\n<div class=\"td-module-meta-info\">\n<h3 class=\"entry-title td-module-title\"><a href=\"https:\/\/voceatimisului.ro\/gradinita-noua-in-giroc-investitie-de-peste-26-de-milioane-de-lei-pentru-viitorul-copiilor\/\" rel=\"bookmark\" title=\"Gr\u0103dini\u021b\u0103 nou\u0103 \u00een Giroc: investi\u021bie de peste 26 de milioane de lei pentru viitorul copiilor\">Gr\u0103dini\u021b\u0103 nou\u0103 \u00een Giroc: investi\u021bie de peste 26 de milioane de lei pentru viitorul copiilor<\/a><\/h3>\n<\/div>\n<\/div>\n<\/div>\n<div class=\"td_module_flex td_module_flex_1 td_module_wrap td-animation-stack td-meta-info-hide td-cpt-post\">\n<div class=\"td-module-container td-category-pos-image\">\n<div class=\"td-module-meta-info\">\n<h3 class=\"entry-title td-module-title\"><a href=\"https:\/\/voceatimisului.ro\/complexul-sportiv-multifunctional-timis-4-all-mai-aproape-de-realitate-studiul-de-fezabilitate-scos-la-licitatie\/\" rel=\"bookmark\" title=\"Complexul Sportiv Multifunc\u021bional \u201eTimi\u0219 4 All\u201d, mai aproape de realitate: Studiul de fezabilitate, scos la licita\u021bie\">Complexul Sportiv Multifunc\u021bional \u201eTimi\u0219 4 All\u201d, mai aproape de realitate: Studiul de fezabilitate, scos la licita\u021bie<\/a><\/h3>\n<\/div>\n<\/div>\n<\/div>\n<div class=\"td_module_flex td_module_flex_1 td_module_wrap td-animation-stack td-meta-info-hide td-cpt-post\">\n<div class=\"td-module-container td-category-pos-image\">\n<div class=\"td-module-meta-info\">\n<h3 class=\"entry-title td-module-title\"><a href=\"https:\/\/voceatimisului.ro\/amatorism-public-administratia-giroc-cauta-solutii-disperate-si-gratuite-pentru-corectarea-exceselor-de-putere-impuse-ilegal-in-materie-de-urbanism\/\" rel=\"bookmark\" title=\"Amatorism public! Administra\u021bia Giroc caut\u0103 solu\u021bii disperate \u0219i gratuite pentru corectarea exceselor de putere, impuse ilegal, \u00een materie de urbanism\u00a0\">Amatorism public! Administra\u021bia Giroc caut\u0103 solu\u021bii disperate \u0219i gratuite pentru corectarea exceselor de putere, impuse ilegal, \u00een materie de urbanism\u00a0<\/a><\/h3>\n<\/div>\n<\/div>\n<\/div>\n<div class=\"td_module_flex td_module_flex_1 td_module_wrap td-animation-stack td-meta-info-hide td-cpt-post\">\n<div class=\"td-module-container td-category-pos-image\">\n<div class=\"td-module-meta-info\">\n<h3 class=\"entry-title td-module-title\"><a href=\"https:\/\/voceatimisului.ro\/efect-de-bumerang-primaria-giroc-se-pregateste-sa-plateasca-despagubiri-de-milioane-de-euro-in-cazul-unor-abuzuri-imobiliare-fara-precedent\/\" rel=\"bookmark\" title=\"Efect de bumerang! Prim\u0103ria Giroc se preg\u0103te\u0219te s\u0103 pl\u0103teasc\u0103 desp\u0103gubiri de milioane de euro, \u00een cazul unor abuzuri imobiliare, f\u0103r\u0103 precedent\">Efect de bumerang! Prim\u0103ria Giroc se preg\u0103te\u0219te s\u0103 pl\u0103teasc\u0103 desp\u0103gubiri de milioane de euro, \u00een cazul unor abuzuri imobiliare, f\u0103r\u0103 precedent<\/a><\/h3>\n<\/div>\n<\/div>\n<\/div>\n<div class=\"td_module_flex td_module_flex_1 td_module_wrap td-animation-stack td-meta-info-hide td-cpt-post\">\n<div class=\"td-module-container td-category-pos-image\">\n<div class=\"td-module-meta-info\">\n<h3 class=\"entry-title td-module-title\"><a href=\"https:\/\/voceatimisului.ro\/sub-lupa-primaria-giroc-i-a-surprins-din-nou-pe-profesionistii-de-la-d-g-a-timis-cand-isi-evacuau-tehnica-cu-ajutorul-secretarei-carmina-mateia\/\" rel=\"bookmark\" title=\"Sub lup\u0103! Prim\u0103ria Giroc i-a surprins, din nou, pe profesioni\u0219tii de la D.G.A Timi\u0219, c\u00e2nd \u00ee\u0219i evacuau tehnica, cu ajutorul secretarei Carmina Mateia\">Sub lup\u0103! Prim\u0103ria Giroc i-a surprins, din nou, pe profesioni\u0219tii de la D.G.A Timi\u0219, c\u00e2nd \u00ee\u0219i evacuau tehnica, cu ajutorul secretarei Carmina Mateia<\/a><\/h3>\n<\/div>\n<\/div>\n<\/div>\n<\/div>\n<\/div>\n<\/div>\n<\/div>\n<\/div>\n<\/div>\n<\/div>\n<\/div>\n<p><span class=\"td-page-meta\"><\/span><span class=\"td-page-meta\"><span class=\"td-page-meta\"><\/span><\/span><span class=\"td-page-meta\"><\/span><\/article>\n<p> Source URL: https:\/\/voceatimisului.ro\/a-inceput-primul-recensamant-online-al-cainilor-cu-stapan-din-comuna-giroc\/<\/p>\n","protected":false},"excerpt":{"rendered":"<p>\u0218tiriUtile A \u00eenceput primul recens\u0103m\u00e2nt online al c\u00e2inilor cu st\u0103p\u00e2n din Comuna Giroc Autor-Ioana Danciu 6 iunie 2025 0 1213 Facebook Twitter Pinterest WhatsApp Linkedin Copy URL A \u00eenceput primul recens\u0103m\u00e2nt online al c\u00e2inilor cu st\u0103p\u00e2n din Comuna Giroc T\u00e2rgul de Cr\u0103ciun Giroc 2025, arti\u0219ti cunoscu\u021bi \u00een programul spectacolelor gratuite T\u00e2rg caritabil la GPP Giroc [&hellip;]<\/p>\n","protected":false},"author":1,"featured_media":1092359,"comment_status":"open","ping_status":"","sticky":false,"template":"","format":"standard","meta":{"footnotes":""},"categories":[89],"tags":[199],"class_list":["post-1092358","post","type-post","status-publish","format-standard","has-post-thumbnail","hentry","category-romania","tag-voceatimisului-ro"],"_links":{"self":[{"href":"https:\/\/analyse.optim.biz\/index.php?rest_route=\/wp\/v2\/posts\/1092358","targetHints":{"allow":["GET"]}}],"collection":[{"href":"https:\/\/analyse.optim.biz\/index.php?rest_route=\/wp\/v2\/posts"}],"about":[{"href":"https:\/\/analyse.optim.biz\/index.php?rest_route=\/wp\/v2\/types\/post"}],"author":[{"embeddable":true,"href":"https:\/\/analyse.optim.biz\/index.php?rest_route=\/wp\/v2\/users\/1"}],"replies":[{"embeddable":true,"href":"https:\/\/analyse.optim.biz\/index.php?rest_route=%2Fwp%2Fv2%2Fcomments&post=1092358"}],"version-history":[{"count":0,"href":"https:\/\/analyse.optim.biz\/index.php?rest_route=\/wp\/v2\/posts\/1092358\/revisions"}],"wp:featuredmedia":[{"embeddable":true,"href":"https:\/\/analyse.optim.biz\/index.php?rest_route=\/wp\/v2\/media\/1092359"}],"wp:attachment":[{"href":"https:\/\/analyse.optim.biz\/index.php?rest_route=%2Fwp%2Fv2%2Fmedia&parent=1092358"}],"wp:term":[{"taxonomy":"category","embeddable":true,"href":"https:\/\/analyse.optim.biz\/index.php?rest_route=%2Fwp%2Fv2%2Fcategories&post=1092358"},{"taxonomy":"post_tag","embeddable":true,"href":"https:\/\/analyse.optim.biz\/index.php?rest_route=%2Fwp%2Fv2%2Ftags&post=1092358"}],"curies":[{"name":"wp","href":"https:\/\/api.w.org\/{rel}","templated":true}]}}