{"id":1086977,"date":"2025-12-16T16:51:45","date_gmt":"2025-12-16T13:51:45","guid":{"rendered":"https:\/\/analyse.optim.biz\/?p=1086977"},"modified":"2025-12-16T16:51:45","modified_gmt":"2025-12-16T13:51:45","slug":"18-medalii-de-aur-argint-si-bronz-obtinute-de-sportivii-de-la-asociatia-brilliant-taekwondo-sporting-club-la-campionatul-balcanic-de-taekwondo-wt","status":"publish","type":"post","link":"https:\/\/analyse.optim.biz\/?p=1086977","title":{"rendered":"18 medalii de aur, argint \u0219i bronz ob\u021binute de sportivii de la Asocia\u021bia Brilliant Taekwondo Sporting Club, la Campionatul Balcanic de Taekwondo WT"},"content":{"rendered":"<div class=\"entry-content\">\n<p><img decoding=\"async\" loading=\"lazy\" class=\"alignright size-medium wp-image-276053\" src=\"https:\/\/analyse.optim.biz\/wp-content\/uploads\/2025\/12\/comunicat-de-presa-campionatul-balcanic-de-taekwondo-13-300x200-1.jpg\" width=\"300\" height=\"200\" title=\"comunicat-de-presa-campionatul-balcanic-de-taekwondo-13-300x200-1\">\u00cen perioada 13-16 septembrie 2018, la Sala Polivalent\u0103 din municipiul Bucure\u0219ti, Federa\u021bia Rom\u00e2n\u0103 de Taekwondo WT, \u00eempreun\u0103 cu Uniunea Balcanic\u0103 de Taekwondo WT, au organizat cea 20-a edi\u021bie a Campionatului Balcanic de Taekwondo WT, ce a adunat la start peste 600 de sportivi \u0219i 50 de oficiali din \u021b\u0103rile membre ale Uniunii Balcanice de Taekwondo WT.<\/p>\n<p>Din cadrul Asocia\u021biei Brilliant Taekwondo Sporting Club au fost selec\u021biona\u021bi la lotul na\u021bional 24 de sportivi pentru lotul A, respectiv lotul B, fiind un num\u0103r foarte mare pentru o competi\u021bie interna\u021bional\u0103 de asemenea anvergur\u0103.<\/p>\n<p><a href=\"https:\/\/www.facebook.com\/suceavanews.ro\/\"><img decoding=\"async\" loading=\"lazy\" class=\"alignleft size-full wp-image-139939\" src=\"https:\/\/analyse.optim.biz\/wp-content\/uploads\/2025\/12\/like-facebook-4.jpg\" alt=\"like facebook, suceava, news, stiri\" width=\"50\" height=\"23\" title=\"like-facebook-4\"><\/a>Cei 24 de sportivi fac parte din cadrul sec\u021biilor Dumbr\u0103veni \u0219i Boto\u0219ani.<br \/>\n\u00cen acest an, clasamentul general pe na\u021biuni a desemnat Rom\u00e2nia ca fiind c\u00e2\u0219tig\u0103toarea Trofeului Campionatului Balcanic. Locul 1 fost ob\u021binut prin cumularea medaliilor ob\u021binute de sportivii rom\u00e2ni. Asocia\u021bia Brilliant Taekwondo Sporting Club a ob\u021binut pentru Rom\u00e2nia nu mai pu\u021bin de 18 medalii, din care 3 de aur, 4 de argint \u0219i 11 de bronz, dup\u0103 cum urmeaz\u0103:<br \/>\nLOCUL I:<br \/>\n\u2013 Diana-Nicola MATEI, la categoria Seniori Feminin +73 Kg;<br \/>\n\u2013 Mihai TUDOSAN, la categoria Seniori Masculin -68 Kg;<br \/>\n\u2013 Alexandra Andreea AGACHE, la categoria Juniori -55 Kg.<br \/>\nLOCUL II:<br \/>\n\u2013 Vlad PETREANU, la categoria Cade\u021bi Masculin -57 Kg;<br \/>\n\u2013 Florin Alexandru RACLE\u0218, la categoria Cade\u021bi Masculin -45 Kg;<br \/>\n\u2013 Dumitru Robert ANU\u021aA, la categoria Juniori Masculin -63 Kg;<br \/>\n\u2013 Antonia Giuliana VORNICEANU, la categoria Juniori Feminin -55 Kg.<br \/>\nLOCUL III:<br \/>\n\u2013 Florin R\u0102ILEANU, la categoria Seniori Masculin -68 Kg;<br \/>\n\u2013 Alexandru Andrei AGACHE, la categoria Cade\u021bi Masculin -45 Kg;<br \/>\n\u2013 Mario Alexandru COJOCARIU, la categoria Copii Masculin -43 Kg;<br \/>\n\u2013 Sidonia Nicoleta PAVEL, la categoria Copii Feminin -38 Kg;<br \/>\n\u2013 Andreea Gabriela IGNAT, la categoria Juniori Feminin -46 Kg;<br \/>\n\u2013 Paul Daniel \u0218TIRBU, la categoria Copii Masculin -26 Kg;<br \/>\n\u2013 Patrik \u0218tefan BRUMARI, la categoria Copii Masculin -38 Kg;<br \/>\n\u2013 Gabriel Alin AGHI\u021aOAIE, la categoria Cade\u021bi Masculin -49 Kg;<br \/>\n\u2013 Vasile Ionu\u021b S\u00c2RBU, la categoria Juniori Masculin -48 Kg;<br \/>\n\u2013 Denis-Paul MATEI, la categoria Seniori Masculin -63 Kg.<\/p>\n<p>Cu o prezen\u021b\u0103 remarcabil\u0103, cu victorii ob\u021binute, dar f\u0103r\u0103 \u0219ansa ob\u021binerii medaliilor pentru Rom\u00e2nia, sunt urm\u0103torii: Ana S\u0102N\u0102U\u021aANU, Andreea CORDUNEANU, Camelia DAVID, Andrei Alexandru ANDRU\u0218, George HOBJIL\u0102, Robert Gabriel D\u00ceRVARIU, Mario Alexandru TOFAN \u0219i Cristian Daniel SENCIUC.<br \/>\nAceste rezultate au fost posibile \u0219i prin aportul adus de conduc\u0103torul de delega\u021bie, Nicoleta-Ana MATEI, de kinetoterapeutul Lucian IB\u0102NESCU \u0219i de tehnicienii Diana-Nicola MATEI, Andrei Alexandru ANDRU\u0218, George HOBJIL\u0102, Marian COJOCARIU, Jan-Pavel MATEI \u0219i Denis-Paul MATEI. Toate aceste rezultate nu ar fi fost posibile f\u0103r\u0103 sprijinul \u0219i implicarea partenerilor no\u0219tri principali, ace\u0219tia fiind p\u0103rin\u021bii sportivilor.<\/p>\n<p>Sportivii reprezenta\u021bi din Dumbr\u0103veni sunt Alexandra Andreea Agache (Campioan\u0103 Balcanic\u0103), Gabriel Alin Aghi\u021boaie (medalie de bronz), Paul Daniel \u0218tirbu (medalie de bronz) \u0219i Alexandru Andrei Agache (medalie de bronz).<\/p>\n<p><em><strong>\u201cSunt foarte mul\u021bumit de to\u021bi sportivii no\u0219tri participan\u021bi la a XX-a edi\u021bie a Campionatului Balcanic de Taekwondo WT, aceste rezultate reprezint\u0103 munca intens\u0103 la antrenamente \u0219i cantonamente a sportivilor \u0219i a staffului tehnic. Sunt bucuros c\u0103 am avut selec\u021biona\u021bi \u00een cadrul lotului na\u021bional sportivi la ambele grupe de antrenament, Boto\u0219ani, respectiv Dumbr\u0103veni. Sunt foarte \u00eenc\u00e2ntat c\u0103 proiectul nostru de dezvoltare a performan\u021bei sportive \u0219i \u00een Dumbr\u0103veni a prins deja o amploare foarte mare, g\u0103sind sportivi cu calit\u0103\u021bi remarcabile. Doresc s\u0103 le mul\u021bumesc pe aceast\u0103 cale tuturor persoanelor implicate \u00een activitatea clubului, sportivi, p\u0103rin\u021bi, tehnicieni, autorit\u0103\u021bi locale, parteneri, sponsori \u0219i sus\u021bin\u0103tori. Ne preg\u0103tim s\u0103 particip\u0103m la Cupa Rom\u00e2niei cu cel mai numeros lot de sportivi de la \u00eenfiin\u021barea clubului, competi\u021bie ce se va desf\u0103\u0219ura \u00een perioada 12-14 octombrie la Sala Polivalent\u0103 din Boto\u0219ani.\u201d<\/strong><\/em> a declarat pre\u0219edintele Asocia\u021biei Brilliant Taekwondo Sporting Club, Denis-Paul MATEI \u2013 Centur\u0103 neagr\u0103 4 Dan.<\/p>\n<div id=\"gallery-1\" class=\"gallery galleryid-276043 gallery-columns-3 gallery-size-thumbnail\">\n<dl class=\"gallery-item\">\n<dt class=\"gallery-icon landscape\"><a href=\"https:\/\/suceavanews.ro\/wp-content\/uploads\/2018\/09\/Comunicat-de-presa-Campionatul-Balcanic-de-Taekwondo-1.jpg\"><img decoding=\"async\" width=\"150\" height=\"150\" src=\"https:\/\/analyse.optim.biz\/wp-content\/uploads\/2025\/12\/comunicat-de-presa-campionatul-balcanic-de-taekwondo-1-150x150-1.jpg\" class=\"attachment-thumbnail size-thumbnail\" loading=\"lazy\" title=\"comunicat-de-presa-campionatul-balcanic-de-taekwondo-1-150x150-1\"><\/a><\/dt>\n<\/dl>\n<dl class=\"gallery-item\">\n<dt class=\"gallery-icon landscape\"><a href=\"https:\/\/suceavanews.ro\/wp-content\/uploads\/2018\/09\/Comunicat-de-presa-Campionatul-Balcanic-de-Taekwondo-2.jpg\"><img decoding=\"async\" width=\"150\" height=\"150\" src=\"https:\/\/analyse.optim.biz\/wp-content\/uploads\/2025\/12\/comunicat-de-presa-campionatul-balcanic-de-taekwondo-2-150x150-1.jpg\" class=\"attachment-thumbnail size-thumbnail\" loading=\"lazy\" title=\"comunicat-de-presa-campionatul-balcanic-de-taekwondo-2-150x150-1\"><\/a><\/dt>\n<\/dl>\n<dl class=\"gallery-item\">\n<dt class=\"gallery-icon landscape\"><a href=\"https:\/\/suceavanews.ro\/wp-content\/uploads\/2018\/09\/Comunicat-de-presa-Campionatul-Balcanic-de-Taekwondo-3.jpg\"><img decoding=\"async\" width=\"150\" height=\"150\" src=\"https:\/\/analyse.optim.biz\/wp-content\/uploads\/2025\/12\/comunicat-de-presa-campionatul-balcanic-de-taekwondo-3-150x150-1.jpg\" class=\"attachment-thumbnail size-thumbnail\" loading=\"lazy\" title=\"comunicat-de-presa-campionatul-balcanic-de-taekwondo-3-150x150-1\"><\/a><\/dt>\n<\/dl>\n<p><\/p>\n<dl class=\"gallery-item\">\n<dt class=\"gallery-icon landscape\"><a href=\"https:\/\/suceavanews.ro\/wp-content\/uploads\/2018\/09\/Comunicat-de-presa-Campionatul-Balcanic-de-Taekwondo-4.jpg\"><img decoding=\"async\" width=\"150\" height=\"150\" src=\"https:\/\/analyse.optim.biz\/wp-content\/uploads\/2025\/12\/comunicat-de-presa-campionatul-balcanic-de-taekwondo-4-150x150-1.jpg\" class=\"attachment-thumbnail size-thumbnail\" loading=\"lazy\" title=\"comunicat-de-presa-campionatul-balcanic-de-taekwondo-4-150x150-1\"><\/a><\/dt>\n<\/dl>\n<dl class=\"gallery-item\">\n<dt class=\"gallery-icon landscape\"><a href=\"https:\/\/suceavanews.ro\/wp-content\/uploads\/2018\/09\/Comunicat-de-presa-Campionatul-Balcanic-de-Taekwondo-6.jpg\"><img decoding=\"async\" width=\"150\" height=\"150\" src=\"https:\/\/analyse.optim.biz\/wp-content\/uploads\/2025\/12\/comunicat-de-presa-campionatul-balcanic-de-taekwondo-6-150x150-1.jpg\" class=\"attachment-thumbnail size-thumbnail\" loading=\"lazy\" title=\"comunicat-de-presa-campionatul-balcanic-de-taekwondo-6-150x150-1\"><\/a><\/dt>\n<\/dl>\n<dl class=\"gallery-item\">\n<dt class=\"gallery-icon landscape\"><a href=\"https:\/\/suceavanews.ro\/wp-content\/uploads\/2018\/09\/Comunicat-de-presa-Campionatul-Balcanic-de-Taekwondo-10.jpg\"><img decoding=\"async\" width=\"150\" height=\"150\" src=\"https:\/\/analyse.optim.biz\/wp-content\/uploads\/2025\/12\/comunicat-de-presa-campionatul-balcanic-de-taekwondo-10-150x150-1.jpg\" class=\"attachment-thumbnail size-thumbnail\" loading=\"lazy\" title=\"comunicat-de-presa-campionatul-balcanic-de-taekwondo-10-150x150-1\"><\/a><\/dt>\n<\/dl>\n<p><\/p>\n<dl class=\"gallery-item\">\n<dt class=\"gallery-icon landscape\"><a href=\"https:\/\/suceavanews.ro\/wp-content\/uploads\/2018\/09\/Comunicat-de-presa-Campionatul-Balcanic-de-Taekwondo-11.jpg\"><img decoding=\"async\" width=\"150\" height=\"150\" src=\"https:\/\/analyse.optim.biz\/wp-content\/uploads\/2025\/12\/comunicat-de-presa-campionatul-balcanic-de-taekwondo-11-150x150-1.jpg\" class=\"attachment-thumbnail size-thumbnail\" loading=\"lazy\" title=\"comunicat-de-presa-campionatul-balcanic-de-taekwondo-11-150x150-1\"><\/a><\/dt>\n<\/dl>\n<dl class=\"gallery-item\">\n<dt class=\"gallery-icon landscape\"><a href=\"https:\/\/suceavanews.ro\/wp-content\/uploads\/2018\/09\/Comunicat-de-presa-Campionatul-Balcanic-de-Taekwondo-12.jpg\"><img decoding=\"async\" width=\"150\" height=\"150\" src=\"https:\/\/analyse.optim.biz\/wp-content\/uploads\/2025\/12\/comunicat-de-presa-campionatul-balcanic-de-taekwondo-12-150x150-1.jpg\" class=\"attachment-thumbnail size-thumbnail\" loading=\"lazy\" title=\"comunicat-de-presa-campionatul-balcanic-de-taekwondo-12-150x150-1\"><\/a><\/dt>\n<\/dl>\n<dl class=\"gallery-item\">\n<dt class=\"gallery-icon landscape\"><a href=\"https:\/\/suceavanews.ro\/wp-content\/uploads\/2018\/09\/Comunicat-de-presa-Campionatul-Balcanic-de-Taekwondo-13.jpg\"><img decoding=\"async\" width=\"150\" height=\"150\" src=\"https:\/\/analyse.optim.biz\/wp-content\/uploads\/2025\/12\/comunicat-de-presa-campionatul-balcanic-de-taekwondo-13-150x150-1.jpg\" class=\"attachment-thumbnail size-thumbnail\" loading=\"lazy\" title=\"comunicat-de-presa-campionatul-balcanic-de-taekwondo-13-150x150-1\"><\/a><\/dt>\n<\/dl>\n<p><\/div>\n<\/div>\n","protected":false},"excerpt":{"rendered":"<p>\u00cen perioada 13-16 septembrie 2018, la Sala Polivalent\u0103 din municipiul Bucure\u0219ti, Federa\u021bia Rom\u00e2n\u0103 de Taekwondo WT, \u00eempreun\u0103 cu Uniunea Balcanic\u0103 de Taekwondo WT, au organizat cea 20-a edi\u021bie a Campionatului Balcanic de Taekwondo WT, ce a adunat la start peste 600 de sportivi \u0219i 50 de oficiali din \u021b\u0103rile membre ale Uniunii Balcanice de Taekwondo [&hellip;]<\/p>\n","protected":false},"author":1,"featured_media":1086978,"comment_status":"open","ping_status":"","sticky":false,"template":"","format":"standard","meta":{"footnotes":""},"categories":[89],"tags":[174],"class_list":["post-1086977","post","type-post","status-publish","format-standard","has-post-thumbnail","hentry","category-romania","tag-suceavanews-ro"],"_links":{"self":[{"href":"https:\/\/analyse.optim.biz\/index.php?rest_route=\/wp\/v2\/posts\/1086977","targetHints":{"allow":["GET"]}}],"collection":[{"href":"https:\/\/analyse.optim.biz\/index.php?rest_route=\/wp\/v2\/posts"}],"about":[{"href":"https:\/\/analyse.optim.biz\/index.php?rest_route=\/wp\/v2\/types\/post"}],"author":[{"embeddable":true,"href":"https:\/\/analyse.optim.biz\/index.php?rest_route=\/wp\/v2\/users\/1"}],"replies":[{"embeddable":true,"href":"https:\/\/analyse.optim.biz\/index.php?rest_route=%2Fwp%2Fv2%2Fcomments&post=1086977"}],"version-history":[{"count":0,"href":"https:\/\/analyse.optim.biz\/index.php?rest_route=\/wp\/v2\/posts\/1086977\/revisions"}],"wp:featuredmedia":[{"embeddable":true,"href":"https:\/\/analyse.optim.biz\/index.php?rest_route=\/wp\/v2\/media\/1086978"}],"wp:attachment":[{"href":"https:\/\/analyse.optim.biz\/index.php?rest_route=%2Fwp%2Fv2%2Fmedia&parent=1086977"}],"wp:term":[{"taxonomy":"category","embeddable":true,"href":"https:\/\/analyse.optim.biz\/index.php?rest_route=%2Fwp%2Fv2%2Fcategories&post=1086977"},{"taxonomy":"post_tag","embeddable":true,"href":"https:\/\/analyse.optim.biz\/index.php?rest_route=%2Fwp%2Fv2%2Ftags&post=1086977"}],"curies":[{"name":"wp","href":"https:\/\/api.w.org\/{rel}","templated":true}]}}