{"id":1086862,"date":"2025-12-16T16:48:19","date_gmt":"2025-12-16T13:48:19","guid":{"rendered":"https:\/\/analyse.optim.biz\/?p=1086862"},"modified":"2025-12-16T16:48:19","modified_gmt":"2025-12-16T13:48:19","slug":"o-tanara-din-suceava-a-obtinut-argintul-la-campionatul-mondial-de-canotaj","status":"publish","type":"post","link":"https:\/\/analyse.optim.biz\/?p=1086862","title":{"rendered":"O t\u00e2n\u0103r\u0103 din Suceava a ob\u021binut argintul la Campionatul Mondial de Canotaj"},"content":{"rendered":"<div class=\"entry-content\">\n<p><a href=\"https:\/\/www.botosaninews.ro\/wp-content\/uploads\/2019\/09\/bodnar-simona.jpg\"><img decoding=\"async\" loading=\"lazy\" class=\"alignright size-medium wp-image-401086\" src=\"https:\/\/analyse.optim.biz\/wp-content\/uploads\/2025\/12\/bodnar-simona-300x206-1.jpg\" width=\"300\" height=\"206\" title=\"bodnar-simona-300x206-1\"><\/a>Suceveanca Ancu\u021ba Bodnar \u0219i boto\u0219\u0103neanca Simona Radi\u0219 au cucerit medalia de argint in proba de dublu v\u00e2sle feminin (W2X), la Campionatul Mondial de Canotaj.<\/p>\n<p>\u201c<em><strong>Am c\u00e2\u0219tigat dou\u0103 medalii de argint la Campionatul Mondial de la Linz \u0219i am reu\u0219it s\u0103 ne calific\u0103m pentru Jocurile Olimpice de la Tokyo 7 echipaje din cele 11 cu care ne-am prezentat la start.\u00a0 Strategia Federa\u021biei Rom\u00e2ne de Canotaj pentru acest Campionat Mondial a fost s\u0103 c\u0103lific\u0103m b\u0103rcile mici. Ne-am \u00eendeplinit obiectivul.<\/strong><\/em><em><strong>Mai mult, \u00een premier\u0103 pentru noi, la acest Campionat Mondial echipajele aliniate la start au fost de sine st\u0103t\u0103toare; nu a mai fost nevoie s\u0103 dubl\u0103m sportiv<\/strong><\/em><span class=\"text_exposed_show\"><em><strong>i. De 20 de ani nu am avut at\u00e2tea b\u0103rci calificate \u0219i at\u00e2\u021bia sportivi la start.<\/strong><\/em>\u201d \u2013 declar\u0103 Elisabeta Lip\u0103.<\/span><\/p>\n<p>\u00a0<\/p>\n<\/div>\n","protected":false},"excerpt":{"rendered":"<p>Suceveanca Ancu\u021ba Bodnar \u0219i boto\u0219\u0103neanca Simona Radi\u0219 au cucerit medalia de argint in proba de dublu v\u00e2sle feminin (W2X), la Campionatul Mondial de Canotaj. \u201cAm c\u00e2\u0219tigat dou\u0103 medalii de argint la Campionatul Mondial de la Linz \u0219i am reu\u0219it s\u0103 ne calific\u0103m pentru Jocurile Olimpice de la Tokyo 7 echipaje din cele 11 cu care [&hellip;]<\/p>\n","protected":false},"author":1,"featured_media":1086863,"comment_status":"open","ping_status":"","sticky":false,"template":"","format":"standard","meta":{"footnotes":""},"categories":[89],"tags":[174],"class_list":["post-1086862","post","type-post","status-publish","format-standard","has-post-thumbnail","hentry","category-romania","tag-suceavanews-ro"],"_links":{"self":[{"href":"https:\/\/analyse.optim.biz\/index.php?rest_route=\/wp\/v2\/posts\/1086862","targetHints":{"allow":["GET"]}}],"collection":[{"href":"https:\/\/analyse.optim.biz\/index.php?rest_route=\/wp\/v2\/posts"}],"about":[{"href":"https:\/\/analyse.optim.biz\/index.php?rest_route=\/wp\/v2\/types\/post"}],"author":[{"embeddable":true,"href":"https:\/\/analyse.optim.biz\/index.php?rest_route=\/wp\/v2\/users\/1"}],"replies":[{"embeddable":true,"href":"https:\/\/analyse.optim.biz\/index.php?rest_route=%2Fwp%2Fv2%2Fcomments&post=1086862"}],"version-history":[{"count":0,"href":"https:\/\/analyse.optim.biz\/index.php?rest_route=\/wp\/v2\/posts\/1086862\/revisions"}],"wp:featuredmedia":[{"embeddable":true,"href":"https:\/\/analyse.optim.biz\/index.php?rest_route=\/wp\/v2\/media\/1086863"}],"wp:attachment":[{"href":"https:\/\/analyse.optim.biz\/index.php?rest_route=%2Fwp%2Fv2%2Fmedia&parent=1086862"}],"wp:term":[{"taxonomy":"category","embeddable":true,"href":"https:\/\/analyse.optim.biz\/index.php?rest_route=%2Fwp%2Fv2%2Fcategories&post=1086862"},{"taxonomy":"post_tag","embeddable":true,"href":"https:\/\/analyse.optim.biz\/index.php?rest_route=%2Fwp%2Fv2%2Ftags&post=1086862"}],"curies":[{"name":"wp","href":"https:\/\/api.w.org\/{rel}","templated":true}]}}