{"id":1086733,"date":"2019-02-18T08:29:31","date_gmt":"2019-02-18T05:29:31","guid":{"rendered":"https:\/\/analyse.optim.biz\/?p=1086733"},"modified":"2019-02-18T08:29:31","modified_gmt":"2019-02-18T05:29:31","slug":"parchetul-de-pe-langa-tribunalul-teleorman-in-2018-au-fost-dispuse-6-solutii-de-achitare-prin-hotarari-definitive-informatia-de-teleorman","status":"publish","type":"post","link":"https:\/\/analyse.optim.biz\/?p=1086733","title":{"rendered":"Parchetul de pe l\u00e2ng\u0103 Tribunalul Teleorman: \u00cen 2018, au fost dispuse 6 solu\u021bii de achitare, prin hot\u0103r\u00e2ri definitive &#8211; Informatia de Teleorman"},"content":{"rendered":"<article id=\"template-id-25729\" class=\"post-25729 tdb_templates type-tdb_templates status-publish post\">\n<div id=\"tdi_67\" class=\"tdc-zone\">\n<div class=\"tdc_zone tdi_68  wpb_row td-pb-row\">\n<div id=\"tdi_69\" class=\"tdc-row stretch_row_1600 td-stretch-content\">\n<div class=\"vc_row tdi_70  wpb_row td-pb-row\">\n<div class=\"vc_column tdi_72  wpb_column vc_column_container tdc-column td-pb-span12\">\n<div class=\"wpb_wrapper\">\n<div class=\"td_block_wrap tdb_single_categories tdi_73 td-pb-border-top td_block_template_1 \" data-td-block-uid=\"tdi_73\">\n<div class=\"tdb-category td-fix-index\"><a class=\"tdb-entry-category\" href=\"https:\/\/infotr.ro\/category\/justitie\/\">Justitie<\/a><\/div>\n<\/div>\n<div class=\"td_block_wrap tdb_single_modified_date tdi_74 td-pb-border-top td_block_template_1 tdb-post-meta\" data-td-block-uid=\"tdi_74\">\n<div class=\"tdb-block-inner td-fix-index\"><span>Actualizat la:<\/span><time class=\"entry-date updated td-module-date\" datetime=\"2019-02-18T11:29:40+03:00\">18\/02\/2019<\/time><\/div>\n<\/div>\n<div class=\"td_block_wrap tdb_title tdi_75 tdb-single-title td-pb-border-top td_block_template_1\" data-td-block-uid=\"tdi_75\">\n<div class=\"tdb-block-inner td-fix-index\">\n<h1 class=\"tdb-title-text\">Parchetul de pe l\u00e2ng\u0103 Tribunalul Teleorman: \u00cen 2018, au fost dispuse 6 solu\u021bii de achitare, prin hot\u0103r\u00e2ri definitive<\/h1>\n<\/div>\n<\/div>\n<div class=\"vc_row_inner tdi_77  vc_row vc_inner wpb_row td-pb-row\">\n<div class=\"vc_column_inner tdi_79  wpb_column vc_column_container tdc-inner-column td-pb-span5\">\n<div class=\"vc_column-inner\">\n<div class=\"wpb_wrapper\">\n<div class=\"td_block_wrap tdb_single_author tdi_80 td-pb-border-top td_block_template_1 tdb-post-meta\" data-td-block-uid=\"tdi_80\">\n<div class=\"tdb-block-inner td-fix-index\"><a class=\"tdb-author-photo\" href=\"https:\/\/infotr.ro\/author\/admin-mihai\/\" title=\"Info TR\"><img decoding=\"async\" src=\"https:\/\/analyse.optim.biz\/wp-content\/uploads\/2025\/12\/5f53876719360924b847a70c7a351ec3-66.jpg\" alt=\"Info TR\" class=\"avatar avatar-96 photo\" height=\"96\" width=\"96\" loading=\"lazy\" title=\"5f53876719360924b847a70c7a351ec3-66\"><\/a><\/p>\n<div class=\"tdb-author-name-wrap\"><span class=\"tdb-author-by\">By<\/span><a class=\"tdb-author-name\" href=\"https:\/\/infotr.ro\/author\/admin-mihai\/\">Info TR<\/a><\/div>\n<\/div>\n<\/div>\n<div class=\"td_block_wrap tdb_single_date tdi_83 td-pb-border-top td_block_template_1 tdb-post-meta\" data-td-block-uid=\"tdi_83\">\n<div class=\"tdb-block-inner td-fix-index\"><time class=\"entry-date updated td-module-date\" datetime=\"2019-02-18T11:29:31+03:00\">18\/02\/2019<\/time><\/div>\n<\/div>\n<div class=\"td_block_wrap tdb_single_post_views tdi_86 td-pb-border-top td_block_template_1 tdb-post-meta\" data-td-block-uid=\"tdi_86\">\n<div class=\"tdb-block-inner td-fix-index\"><span class=\"td-nr-views-17742\">609<\/span><\/div>\n<\/div>\n<div class=\"td_block_wrap tdb_single_comments_count tdi_89 td-pb-border-top td_block_template_1 tdb-post-meta\" data-td-block-uid=\"tdi_89\">\n<div class=\"tdb-block-inner td-fix-index\"><a href=\"https:\/\/infotr.ro\/parchetul-de-pe-langa-tribunalulteleorman-in-2018-au-fost-dispuse-6-solutii-de-achitare-prin-hotarari-definitive\/#respond\"><span>0<\/span><\/a><\/div>\n<\/div>\n<\/div>\n<\/div>\n<\/div>\n<div class=\"vc_column_inner tdi_91  wpb_column vc_column_container tdc-inner-column td-pb-span7\">\n<div class=\"vc_column-inner\">\n<div class=\"wpb_wrapper\">\n<div class=\"td_block_wrap tdb_single_post_share tdi_92  td-pb-border-top td_block_template_1\" data-td-block-uid=\"tdi_92\">\n<div id=\"tdi_92\" class=\"td-post-sharing tdb-block td-ps-border td-ps-border-grey td-ps-icon-arrow td-ps-icon-bg td-ps-text-color td-post-sharing-style19 \">\n<div class=\"td-post-sharing-visible\">\n<div class=\"td-social-sharing-button td-social-sharing-button-js td-social-handler td-social-share-text\">\n<div class=\"td-social-but-text\">Ac\u021biune<\/div>\n<\/div>\n<p><a class=\"td-social-sharing-button td-social-sharing-button-js td-social-network td-social-facebook\" href=\"https:\/\/www.facebook.com\/sharer.php?u=https%3A%2F%2Finfotr.ro%2Fparchetul-de-pe-langa-tribunalulteleorman-in-2018-au-fost-dispuse-6-solutii-de-achitare-prin-hotarari-definitive%2F\" title=\"Facebook\"><\/p>\n<div class=\"td-social-but-text\">Facebook<\/div>\n<p><\/a><a class=\"td-social-sharing-button td-social-sharing-button-js td-social-network td-social-twitter\" href=\"https:\/\/twitter.com\/intent\/tweet?text=Parchetul+de+pe+l%C3%A2ng%C4%83+Tribunalul+Teleorman%3A+%C3%8En+2018%2C+au+fost+dispuse+6+solu%C8%9Bii+de+achitare%2C+prin+hot%C4%83r%C3%A2ri+definitive&amp;url=https%3A%2F%2Finfotr.ro%2Fparchetul-de-pe-langa-tribunalulteleorman-in-2018-au-fost-dispuse-6-solutii-de-achitare-prin-hotarari-definitive%2F&amp;via=Informatia+de+Teleorman\" title=\"Twitter\"><\/p>\n<div class=\"td-social-but-text\">Twitter<\/div>\n<p><\/a><a class=\"td-social-sharing-button td-social-sharing-button-js td-social-network td-social-pinterest\" href=\"https:\/\/pinterest.com\/pin\/create\/button\/?url=https:\/\/infotr.ro\/parchetul-de-pe-langa-tribunalulteleorman-in-2018-au-fost-dispuse-6-solutii-de-achitare-prin-hotarari-definitive\/&amp;media=https:\/\/analyse.optim.biz\/wp-content\/uploads\/2025\/12\/parchet-teleorman-1.jpg&amp;description=Parchetul+de+pe+l%C3%A2ng%C4%83+Tribunalul+Teleorman%3A+%C3%8En+2018%2C+au+fost+dispuse+6+solu%C8%9Bii+de+achitare%2C+prin+hot%C4%83r%C3%A2ri+definitive\" title=\"Pinterest\"><\/p>\n<div class=\"td-social-but-text\">Pinterest<\/div>\n<p><\/a><a class=\"td-social-sharing-button td-social-sharing-button-js td-social-network td-social-whatsapp\" href=\"https:\/\/api.whatsapp.com\/send?text=Parchetul+de+pe+l%C3%A2ng%C4%83+Tribunalul+Teleorman%3A+%C3%8En+2018%2C+au+fost+dispuse+6+solu%C8%9Bii+de+achitare%2C+prin+hot%C4%83r%C3%A2ri+definitive%20%0A%0A%20https:\/\/infotr.ro\/parchetul-de-pe-langa-tribunalulteleorman-in-2018-au-fost-dispuse-6-solutii-de-achitare-prin-hotarari-definitive\/\" title=\"WhatsApp\"><\/p>\n<div class=\"td-social-but-text\">WhatsApp<\/div>\n<p><\/a><\/div>\n<\/div>\n<\/div>\n<\/div>\n<\/div>\n<\/div>\n<\/div>\n<\/div>\n<\/div>\n<\/div>\n<\/div>\n<div id=\"tdi_99\" class=\"tdc-row stretch_row_1400 td-stretch-content\">\n<div class=\"vc_row tdi_100  wpb_row td-pb-row\">\n<div class=\"vc_column tdi_102  wpb_column vc_column_container tdc-column td-pb-span9\">\n<div class=\"wpb_wrapper\">\n<div class=\"vc_row_inner tdi_105  vc_row vc_inner wpb_row td-pb-row\">\n<div class=\"vc_column_inner tdi_107  wpb_column vc_column_container tdc-inner-column td-pb-span4 td-is-sticky\">\n<div class=\"vc_column-inner\">\n<div class=\"wpb_wrapper\" data-sticky-enabled-on=\"W3RydWUsdHJ1ZSx0cnVlLHRydWVd\" data-sticky-offset=\"20\" data-sticky-is-width-auto=\"W2ZhbHNlLGZhbHNlLGZhbHNlLGZhbHNlXQ==\">\n<div class=\"td_block_wrap td_block_title tdi_108 td-pb-border-top td_block_template_2 td-fix-index\" data-td-block-uid=\"tdi_108\">\n<div class=\"td-block-title-wrap\">\n<h4 class=\"td-block-title\"><span class=\"td-pulldown-size\">Articole noi<\/span><\/h4>\n<\/div>\n<\/div>\n<div class=\"td_block_wrap td_flex_block_5 tdi_109 td-pb-border-top td_block_template_1 td_flex_block\" data-td-block-uid=\"tdi_109\">\n<div id=\"tdi_109\" class=\"td_block_inner td-mc1-wrap\">\n<div class=\"td_module_flex td_module_flex_5 td_module_wrap td-animation-stack td-cpt-post\">\n<div class=\"td-module-container td-category-pos-\">\n<div class=\"td-module-meta-info td-module-meta-info-bottom\">\n<div class=\"td-editor-date\"><a href=\"https:\/\/infotr.ro\/category\/actualitate\/\" class=\"td-post-category\">Actualitate<\/a><span class=\"td-author-date\"><span class=\"td-post-author-name\"><a href=\"https:\/\/infotr.ro\/author\/admin-mihai\/\">Info TR<\/a><span>&#8211;<\/span><\/span><span class=\"td-post-date\"><time class=\"entry-date updated td-module-date\" datetime=\"2025-12-16T11:35:48+03:00\">16\/12\/2025<\/time><\/span><\/span><\/div>\n<h3 class=\"entry-title td-module-title\"><a href=\"https:\/\/infotr.ro\/mos-craciun-a-poposit-la-gradinita-cu-pp-nr-7-din-alexandria-spre-bucuria-celor-mici\/\" rel=\"bookmark\" title=\"Mo\u015f Cr\u0103ciun a poposit la Gr\u0103dini\u0163a cu PP nr. 7 din Alexandria, spre bucuria celor mici\">Mo\u015f Cr\u0103ciun a poposit la Gr\u0103dini\u0163a cu PP nr. 7 din Alexandria, spre bucuria celor mici<\/a><\/h3>\n<\/div>\n<\/div>\n<\/div>\n<div class=\"td_module_flex td_module_flex_5 td_module_wrap td-animation-stack td-cpt-post\">\n<div class=\"td-module-container td-category-pos-\">\n<div class=\"td-module-meta-info td-module-meta-info-bottom\">\n<div class=\"td-editor-date\"><a href=\"https:\/\/infotr.ro\/category\/actualitate\/\" class=\"td-post-category\">Actualitate<\/a><span class=\"td-author-date\"><span class=\"td-post-author-name\"><a href=\"https:\/\/infotr.ro\/author\/admin-mihai\/\">Info TR<\/a><span>&#8211;<\/span><\/span><span class=\"td-post-date\"><time class=\"entry-date updated td-module-date\" datetime=\"2025-12-16T11:20:21+03:00\">16\/12\/2025<\/time><\/span><\/span><\/div>\n<h3 class=\"entry-title td-module-title\"><a href=\"https:\/\/infotr.ro\/primariile-marzanesti-si-crangeni-au-primit-bani-pentru-decontarea-unor-lucrari-realizate-prin-pnrr\/\" rel=\"bookmark\" title=\"Prim\u0103riile M\u00e2rz\u0103ne\u015fti \u015fi Cr\u00e2ngeni au primit bani pentru decontarea unor lucr\u0103ri realizate prin PNRR\">Prim\u0103riile M\u00e2rz\u0103ne\u015fti \u015fi Cr\u00e2ngeni au primit bani pentru decontarea unor lucr\u0103ri realizate prin PNRR<\/a><\/h3>\n<\/div>\n<\/div>\n<\/div>\n<div class=\"td_module_flex td_module_flex_5 td_module_wrap td-animation-stack td-cpt-post\">\n<div class=\"td-module-container td-category-pos-\">\n<div class=\"td-module-meta-info td-module-meta-info-bottom\">\n<div class=\"td-editor-date\"><a href=\"https:\/\/infotr.ro\/category\/actualitate\/\" class=\"td-post-category\">Actualitate<\/a><span class=\"td-author-date\"><span class=\"td-post-author-name\"><a href=\"https:\/\/infotr.ro\/author\/admin-mihai\/\">Info TR<\/a><span>&#8211;<\/span><\/span><span class=\"td-post-date\"><time class=\"entry-date updated td-module-date\" datetime=\"2025-12-16T11:19:05+03:00\">16\/12\/2025<\/time><\/span><\/span><\/div>\n<h3 class=\"entry-title td-module-title\"><a href=\"https:\/\/infotr.ro\/prognoza-meteo-pentru-teleorman-precipitatii-sub-forma-de-ploaie-in-perioada-craciunului\/\" rel=\"bookmark\" title=\"Prognoza meteo pentru Teleorman. Precipita\u0163ii sub form\u0103 de ploaie, \u00een perioada Cr\u0103ciunului\">Prognoza meteo pentru Teleorman. Precipita\u0163ii sub form\u0103 de ploaie, \u00een perioada Cr\u0103ciunului<\/a><\/h3>\n<\/div>\n<\/div>\n<\/div>\n<\/div>\n<\/div>\n<div class=\"tdb-author-box td_block_wrap tdb_single_author_box tdi_110 tdb-content-vert-top td-pb-border-top td_block_template_1\" data-td-block-uid=\"tdi_110\">\n<div class=\"tdb-block-inner td-fix-index\"><a href=\"https:\/\/infotr.ro\/author\/admin-mihai\/\" class=\"tdb-author-photo\" title=\"Info TR\"><img decoding=\"async\" src=\"https:\/\/analyse.optim.biz\/wp-content\/uploads\/2025\/12\/37d76b27c6373c170d06b295a47df6d2-66.jpg\" alt=\"Info TR\" class=\"avatar avatar-120 photo\" height=\"120\" width=\"120\" loading=\"lazy\" title=\"37d76b27c6373c170d06b295a47df6d2-66\"><\/a><\/p>\n<div class=\"tdb-author-info\"><a href=\"https:\/\/infotr.ro\/author\/admin-mihai\/\" class=\"tdb-author-name\">Info TR<\/a><a href=\"https:\/\/infotr.ro\" class=\"tdb-author-url\">https:\/\/infotr.ro<\/a><\/p>\n<div class=\"tdb-author-descr\">Stiri, reportaje, anchete si informa\u021bii din Teleorman.<\/div>\n<\/div>\n<\/div>\n<\/div>\n<\/div>\n<\/div>\n<\/div>\n<div class=\"vc_column_inner tdi_112  wpb_column vc_column_container tdc-inner-column td-pb-span8\">\n<div class=\"vc_column-inner\">\n<div class=\"wpb_wrapper\">\n<div class=\"td_block_wrap tdb_single_content tdi_115 td-pb-border-top td_block_template_1 td-post-content tagdiv-type\" data-td-block-uid=\"tdi_115\">\n<div class=\"tdb-block-inner td-fix-index\">\n<p>Potrivit ultimului Raport de activitate, \u00een anul 2018, la nivelul Parchetului de pe l\u00e2ng\u0103 Tribunalul Teleorman \u015fi unit\u0103\u0163ile din subordine au fost dispuse prin hot\u0103r\u00e2ri definitive 6 solu\u0163ii de achitare, \u00een 6 cauze, \u00een sc\u0103dere semnificativ\u0103 fa\u0163\u0103 de anul 2017, c\u00e2nd au fost \u00eenregistrate 20 cazuri de inculpa\u0163i achita\u0163i, \u00een 18 cauze. Cele 6 cauze \u00een care s-au pronun\u0163at solu\u0163ii de achitare s-au \u00eenregistrat la Parchetul de pe l\u00e2ng\u0103 Judec\u0103toria Alexandria, 2 cauze\/2 inculpa\u0163i achita\u0163i \u0219i la Parchetul de pe l\u00e2ng\u0103 Judec\u0103toria Ro\u015fiorii de Vede, 4 cauze\/4 inculpa\u0163i achita\u0163i. Cauzele au avut ca obiect infrac\u0163iunile de conducere sub influen\u0163a alcoolului, ucidere din culp\u0103, v\u0103t\u0103mare corporal\u0103 din culp\u0103, lovire sau alte violen\u0163e \u015fi \u015fantaj. Solu\u0163iile de achitare au fost pronun\u0163ate \u00een temeiul principiului in dubio pro reo, lipsa culpei conduc\u0103torului auto \u00een producerea accidentului, inculpatul nu a avut discern\u0103m\u00e2nt, nu exist\u0103 probe suficiente c\u0103 inculpatul a s\u0103v\u00e2r\u015fit infrac\u0163iunea de lovire sau alte violen\u0163e sau probele administrate nu dovedesc comiterea infrac\u0163iunii de \u015fantaj.<\/p>\n<p>\u00cen urma analizelor efectuate de procurorii din cadrul sec\u0163iilor judiciare ale Parchetului de pe l\u00e2ng\u0103 Curtea de Apel Bucure\u015fti \u015fi Parchetului de pe l\u00e2ng\u0103 \u00cenalta Curte de Casa\u0163ie \u015fi Justi\u0163ie, niciuna din solu\u0163iile de achitare nu a fost apreciat\u0103 ca imputabil\u0103 procurorilor. Anul trecut a fost \u00eenregistrat\u0103 o cauz\u0103 cu inculpa\u0163i aresta\u0163i preventiv, fa\u0163\u0103 de care a fost adoptat\u0103 solu\u0163ie de netrimitere \u00een judecat\u0103 (2 cauze \u00een anul 2017), la Parchetul de pe l\u00e2ng\u0103 Judec\u0103toria Ro\u015fiorii de Vede, motivat\u0103 de lipsa discern\u0103m\u00e2ntului inculpatului stabilit\u0103 ulterior lu\u0103rii m\u0103surii arestului preventiv. \u00cen ceea ce prive\u015fte cauzele de redeschidere \u015fi infirmare a urm\u0103ririi penale se constat\u0103 o sc\u0103dere cu 56 cauze, respectiv de la 138 cauze \u00een 2017, la 82 cauze \u00een 2018 (30 pronun\u0163ate de instan\u0163ele de judecat\u0103), cele mai multe fiind \u00eenregistrate la Parchetul de pe l\u00e2ng\u0103 Judec\u0103toria Videle \u2013 31, Parchetul de pe l\u00e2ng\u0103 Judec\u0103toria Alexandria \u2013 29 cauze, la celelalte unit\u0103\u0163i de parchet num\u0103rul acestora variind \u00eentre 2 \u0219i 14 cauze. S-a constatat c\u0103 \u00een anul 2018, a existat o preocupare constant\u0103 at\u00e2t a procurorilor cu func\u0163ii de execu\u0163ie c\u00e2t \u015fi a procurorilor cu func\u0163ii de conducere, pentru \u00eembun\u0103t\u0103\u0163irea indicatorilor de calitate la Parchetul de pe l\u00e2ng\u0103 Tribunalul Teleorman \u015fi unit\u0103\u0163ile din subordine, rezultatul fiind reducerea semnificativ\u0103 a num\u0103rului de inculpa\u0163i achita\u0163i, a cauzelor \u00een care s-a dispus redeschiderea \u015fi\/sau infirmarea urm\u0103ririi penale \u015fi absen\u0163a cauzelor restituite de instan\u0163ele de judecat\u0103.<\/p>\n<\/div>\n<\/div>\n<div class=\"td_block_wrap tdb_single_tags tdi_118 td-pb-border-top td_block_template_1\" data-td-block-uid=\"tdi_118\">\n<div class=\"tdb-block-inner td-fix-index\">\n<ul class=\"tdb-tags\">\n<li><span>Tags<\/span><\/li>\n<li><a href=\"https:\/\/infotr.ro\/tag\/achitari\/\">achitari<\/a><\/li>\n<li><a href=\"https:\/\/infotr.ro\/tag\/dosare-penale\/\">dosare penale<\/a><\/li>\n<li><a href=\"https:\/\/infotr.ro\/tag\/hotarai-definitive\/\">hotarai definitive<\/a><\/li>\n<li><a href=\"https:\/\/infotr.ro\/tag\/parchetul-teleorman\/\">Parchetul teleorman<\/a><\/li>\n<li><a href=\"https:\/\/infotr.ro\/tag\/procurori\/\">procurori<\/a><\/li>\n<li><a href=\"https:\/\/infotr.ro\/tag\/raport-de-activitate\/\">raport de activitate<\/a><\/li>\n<\/ul>\n<\/div>\n<\/div>\n<div class=\"td_block_wrap tdb_single_post_share tdi_119  td-pb-border-top td_block_template_1\" data-td-block-uid=\"tdi_119\">\n<div id=\"tdi_119\" class=\"td-post-sharing tdb-block td-ps-bg td-ps-notext td-ps-bar td-post-sharing-style5 \">\n<div class=\"td-post-sharing-visible\">\n<div class=\"td-social-sharing-button td-social-sharing-button-js td-social-handler td-social-share-text\">\n<div class=\"td-social-but-text\">Ac\u021biune<\/div>\n<\/div>\n<p><a class=\"td-social-sharing-button td-social-sharing-button-js td-social-network td-social-facebook\" href=\"https:\/\/www.facebook.com\/sharer.php?u=https%3A%2F%2Finfotr.ro%2Fparchetul-de-pe-langa-tribunalulteleorman-in-2018-au-fost-dispuse-6-solutii-de-achitare-prin-hotarari-definitive%2F\" title=\"Facebook\"><\/p>\n<div class=\"td-social-but-text\">Facebook<\/div>\n<p><\/a><a class=\"td-social-sharing-button td-social-sharing-button-js td-social-network td-social-twitter\" href=\"https:\/\/twitter.com\/intent\/tweet?text=Parchetul+de+pe+l%C3%A2ng%C4%83+Tribunalul+Teleorman%3A+%C3%8En+2018%2C+au+fost+dispuse+6+solu%C8%9Bii+de+achitare%2C+prin+hot%C4%83r%C3%A2ri+definitive&amp;url=https%3A%2F%2Finfotr.ro%2Fparchetul-de-pe-langa-tribunalulteleorman-in-2018-au-fost-dispuse-6-solutii-de-achitare-prin-hotarari-definitive%2F&amp;via=Informatia+de+Teleorman\" title=\"Twitter\"><\/p>\n<div class=\"td-social-but-text\">Twitter<\/div>\n<p><\/a><a class=\"td-social-sharing-button td-social-sharing-button-js td-social-network td-social-pinterest\" href=\"https:\/\/pinterest.com\/pin\/create\/button\/?url=https:\/\/infotr.ro\/parchetul-de-pe-langa-tribunalulteleorman-in-2018-au-fost-dispuse-6-solutii-de-achitare-prin-hotarari-definitive\/&amp;media=https:\/\/analyse.optim.biz\/wp-content\/uploads\/2025\/12\/parchet-teleorman-1.jpg&amp;description=Parchetul+de+pe+l%C3%A2ng%C4%83+Tribunalul+Teleorman%3A+%C3%8En+2018%2C+au+fost+dispuse+6+solu%C8%9Bii+de+achitare%2C+prin+hot%C4%83r%C3%A2ri+definitive\" title=\"Pinterest\"><\/p>\n<div class=\"td-social-but-text\">Pinterest<\/div>\n<p><\/a><a class=\"td-social-sharing-button td-social-sharing-button-js td-social-network td-social-whatsapp\" href=\"https:\/\/api.whatsapp.com\/send?text=Parchetul+de+pe+l%C3%A2ng%C4%83+Tribunalul+Teleorman%3A+%C3%8En+2018%2C+au+fost+dispuse+6+solu%C8%9Bii+de+achitare%2C+prin+hot%C4%83r%C3%A2ri+definitive%20%0A%0A%20https:\/\/infotr.ro\/parchetul-de-pe-langa-tribunalulteleorman-in-2018-au-fost-dispuse-6-solutii-de-achitare-prin-hotarari-definitive\/\" title=\"WhatsApp\"><\/p>\n<div class=\"td-social-but-text\">WhatsApp<\/div>\n<p><\/a><\/div>\n<\/div>\n<\/div>\n<\/div>\n<\/div>\n<\/div>\n<\/div>\n<div class=\"vc_row_inner tdi_121  vc_row vc_inner wpb_row td-pb-row\">\n<div class=\"vc_column_inner tdi_123  wpb_column vc_column_container tdc-inner-column td-pb-span12\">\n<div class=\"vc_column-inner\">\n<div class=\"wpb_wrapper\">\n<div class=\"td_block_wrap tdb_single_next_prev tdi_130 td-pb-border-top td_block_template_1\" data-td-block-uid=\"tdi_130\">\n<div class=\"tdb-block-inner td-fix-index\">\n<div class=\"tdb-next-post tdb-next-post-bg tdb-post-prev\"><span>Articolul precedent<\/span><\/p>\n<div class=\"td-module-container\">\n<div class=\"next-prev-title\"><a href=\"https:\/\/infotr.ro\/baschet-feminin-css-csm-alexandria-a-castigat-derby-ul-cu-css-csm-targoviste-la-under-18\/\">BASCHET FEMININ \/ CSS-CSM ALEXANDRIA A C\u00c2\u015eTIGAT DERBY-UL CU CSS-CSM T\u00c2RGOVISTE LA UNDER 18<\/a><\/div>\n<\/div>\n<\/div>\n<div class=\"tdb-next-post tdb-next-post-bg tdb-post-next\"><span>Articolul urm\u0103tor<\/span><\/p>\n<div class=\"td-module-container\">\n<div class=\"next-prev-title\"><a href=\"https:\/\/infotr.ro\/distributie-oltenia-angajeaza-specialist-documentatii-cpt-2\/\">Distribu\u0163ie Oltenia angajeaz\u0103 Specialist Documenta\u0163ii CPT<\/a><\/div>\n<\/div>\n<\/div>\n<\/div>\n<\/div>\n<\/div>\n<\/div>\n<\/div>\n<\/div>\n<\/div>\n<\/div>\n<div class=\"vc_column tdi_132  wpb_column vc_column_container tdc-column td-pb-span3 td-is-sticky\">\n<div class=\"wpb_wrapper\" data-sticky-enabled-on=\"W3RydWUsdHJ1ZSx0cnVlLHRydWVd\" data-sticky-offset=\"20\" data-sticky-is-width-auto=\"W2ZhbHNlLGZhbHNlLGZhbHNlLGZhbHNlXQ==\">\n<div class=\"td_block_wrap td-a-rec td-a-rec-id-custom-spot td-a-rec-img tdi_133 td_block_template_1\">\n<div><span class=\"td-adspot-title\">&#8211; Advertisement &#8211;<\/span><a href class=\"td_spot_img_all\"><img loading=\"lazy\" decoding=\"async\" src=\"https:\/\/analyse.optim.biz\/wp-content\/uploads\/2025\/12\/distributie-300x117-1-jpg-66.webp\" width=\"300\" height=\"117\" alt=\"spot_img\" title=\"distributie-300x117-1-jpg-66\"><\/a><\/div>\n<\/div>\n<div class=\"td_block_wrap td-a-rec td-a-rec-id-custom-spot td-a-rec-img tdi_134 td_block_template_1\">\n<div><span class=\"td-adspot-title\">&#8211; Advertisement &#8211;<\/span><a href=\"https:\/\/www.drpciv.ro\/drpciv-booking\/activities\/34\" class=\"td_spot_img_all\"><img loading=\"lazy\" decoding=\"async\" src=\"https:\/\/analyse.optim.biz\/wp-content\/uploads\/2025\/12\/programare-permis-1024x570-1-jpg-66.webp\" width=\"1024\" height=\"570\" alt=\"spot_img\" title=\"programare-permis-1024x570-1-jpg-66\"><\/a><\/div>\n<\/div>\n<div class=\"td_block_wrap td_block_title tdi_137 td-pb-border-top td_block_template_2 td-fix-index\" data-td-block-uid=\"tdi_137\">\n<div class=\"td-block-title-wrap\">\n<h4 class=\"td-block-title\"><span class=\"td-pulldown-size\">Recente<\/span><\/h4>\n<\/div>\n<\/div>\n<div class=\"td_block_wrap td_flex_block_5 tdi_138 td-pb-border-top td_block_template_1 td_flex_block\" data-td-block-uid=\"tdi_138\">\n<div id=\"tdi_138\" class=\"td_block_inner td-mc1-wrap\">\n<div class=\"td_module_flex td_module_flex_5 td_module_wrap td-animation-stack td-cpt-post\">\n<div class=\"td-module-container td-category-pos-\">\n<div class=\"td-module-meta-info td-module-meta-info-bottom\">\n<div class=\"td-editor-date\"><a href=\"https:\/\/infotr.ro\/category\/actualitate\/\" class=\"td-post-category\">Actualitate<\/a><span class=\"td-author-date\"><span class=\"td-post-author-name\"><a href=\"https:\/\/infotr.ro\/author\/admin-mihai\/\">Info TR<\/a><span>&#8211;<\/span><\/span><span class=\"td-post-date\"><time class=\"entry-date updated td-module-date\" datetime=\"2025-12-16T11:35:48+03:00\">16\/12\/2025<\/time><\/span><\/span><\/div>\n<h3 class=\"entry-title td-module-title\"><a href=\"https:\/\/infotr.ro\/mos-craciun-a-poposit-la-gradinita-cu-pp-nr-7-din-alexandria-spre-bucuria-celor-mici\/\" rel=\"bookmark\" title=\"Mo\u015f Cr\u0103ciun a poposit la Gr\u0103dini\u0163a cu PP nr. 7 din Alexandria, spre bucuria celor mici\">Mo\u015f Cr\u0103ciun a poposit la Gr\u0103dini\u0163a cu PP nr. 7 din Alexandria, spre bucuria celor mici<\/a><\/h3>\n<div class=\"td-excerpt\">Sub magia s\u0103rb\u0103torilor de iarn\u0103, Mo\u015f Cr\u0103ciun a venit mai devreme la Gr\u0103dini\u0163a cu Program Prelungit nr. 7 din&#8230;<\/div>\n<\/div>\n<\/div>\n<\/div>\n<\/div>\n<\/div>\n<div class=\"td_block_wrap td_flex_block_1 tdi_139 td-pb-border-top td_block_template_1 td_flex_block\" data-td-block-uid=\"tdi_139\">\n<div id=\"tdi_139\" class=\"td_block_inner td-mc1-wrap\">\n<div class=\"td_module_flex td_module_flex_1 td_module_wrap td-animation-stack td-cpt-post\">\n<div class=\"td-module-container td-category-pos-above\">\n<div class=\"td-module-meta-info\"><a href=\"https:\/\/infotr.ro\/category\/actualitate\/\" class=\"td-post-category\">Actualitate<\/a><\/p>\n<h3 class=\"entry-title td-module-title\"><a href=\"https:\/\/infotr.ro\/primariile-marzanesti-si-crangeni-au-primit-bani-pentru-decontarea-unor-lucrari-realizate-prin-pnrr\/\" rel=\"bookmark\" title=\"Prim\u0103riile M\u00e2rz\u0103ne\u015fti \u015fi Cr\u00e2ngeni au primit bani pentru decontarea unor lucr\u0103ri realizate prin PNRR\">Prim\u0103riile M\u00e2rz\u0103ne\u015fti \u015fi Cr\u00e2ngeni au primit bani pentru decontarea unor lucr\u0103ri realizate prin PNRR<\/a><\/h3>\n<div class=\"td-editor-date\"><span class=\"td-author-date\"><span class=\"td-post-author-name\"><a href=\"https:\/\/infotr.ro\/author\/admin-mihai\/\">Info TR<\/a><span>&#8211;<\/span><\/span><span class=\"td-post-date\"><time class=\"entry-date updated td-module-date\" datetime=\"2025-12-16T11:20:21+03:00\">16\/12\/2025<\/time><\/span><\/span><\/div>\n<\/div>\n<\/div>\n<\/div>\n<div class=\"td_module_flex td_module_flex_1 td_module_wrap td-animation-stack td-cpt-post\">\n<div class=\"td-module-container td-category-pos-above\">\n<div class=\"td-module-meta-info\"><a href=\"https:\/\/infotr.ro\/category\/actualitate\/\" class=\"td-post-category\">Actualitate<\/a><\/p>\n<h3 class=\"entry-title td-module-title\"><a href=\"https:\/\/infotr.ro\/prognoza-meteo-pentru-teleorman-precipitatii-sub-forma-de-ploaie-in-perioada-craciunului\/\" rel=\"bookmark\" title=\"Prognoza meteo pentru Teleorman. Precipita\u0163ii sub form\u0103 de ploaie, \u00een perioada Cr\u0103ciunului\">Prognoza meteo pentru Teleorman. Precipita\u0163ii sub form\u0103 de ploaie, \u00een perioada Cr\u0103ciunului<\/a><\/h3>\n<div class=\"td-editor-date\"><span class=\"td-author-date\"><span class=\"td-post-author-name\"><a href=\"https:\/\/infotr.ro\/author\/admin-mihai\/\">Info TR<\/a><span>&#8211;<\/span><\/span><span class=\"td-post-date\"><time class=\"entry-date updated td-module-date\" datetime=\"2025-12-16T11:19:05+03:00\">16\/12\/2025<\/time><\/span><\/span><\/div>\n<\/div>\n<\/div>\n<\/div>\n<div class=\"td_module_flex td_module_flex_1 td_module_wrap td-animation-stack td-cpt-post\">\n<div class=\"td-module-container td-category-pos-above\">\n<div class=\"td-module-meta-info\"><a href=\"https:\/\/infotr.ro\/category\/actualitate\/\" class=\"td-post-category\">Actualitate<\/a><\/p>\n<h3 class=\"entry-title td-module-title\"><a href=\"https:\/\/infotr.ro\/magistrat-de-la-tribunalul-teleorman-eliberat-din-functie-presedintele-romaniei-a-semnat-decretul-2\/\" rel=\"bookmark\" title=\"Magistrat de la Tribunalul Teleorman, eliberat din func\u0163ie. Pre\u015fedintele Rom\u00e2niei a semnat decretul\">Magistrat de la Tribunalul Teleorman, eliberat din func\u0163ie. Pre\u015fedintele Rom\u00e2niei a semnat decretul<\/a><\/h3>\n<div class=\"td-editor-date\"><span class=\"td-author-date\"><span class=\"td-post-author-name\"><a href=\"https:\/\/infotr.ro\/author\/admin-mihai\/\">Info TR<\/a><span>&#8211;<\/span><\/span><span class=\"td-post-date\"><time class=\"entry-date updated td-module-date\" datetime=\"2025-12-15T12:50:09+03:00\">15\/12\/2025<\/time><\/span><\/span><\/div>\n<\/div>\n<\/div>\n<\/div>\n<div class=\"td_module_flex td_module_flex_1 td_module_wrap td-animation-stack td-cpt-post\">\n<div class=\"td-module-container td-category-pos-above\">\n<div class=\"td-module-meta-info\"><a href=\"https:\/\/infotr.ro\/category\/actualitate\/\" class=\"td-post-category\">Actualitate<\/a><\/p>\n<h3 class=\"entry-title td-module-title\"><a href=\"https:\/\/infotr.ro\/angajari-in-primariile-si-institutiile-din-teleorman-se-cauta-asistenti-medicali-infirmiere-electrician-si-casier\/\" rel=\"bookmark\" title=\"Angajari \u00een prim\u0103riile \u015fi institu\u0163iile din Teleorman. Se caut\u0103 asisten\u0163i medicali, infirmiere, electrician \u015fi casier\">Angajari \u00een prim\u0103riile \u015fi institu\u0163iile din Teleorman. Se caut\u0103 asisten\u0163i medicali, infirmiere, electrician \u015fi casier<\/a><\/h3>\n<div class=\"td-editor-date\"><span class=\"td-author-date\"><span class=\"td-post-author-name\"><a href=\"https:\/\/infotr.ro\/author\/admin-mihai\/\">Info TR<\/a><span>&#8211;<\/span><\/span><span class=\"td-post-date\"><time class=\"entry-date updated td-module-date\" datetime=\"2025-12-15T12:47:36+03:00\">15\/12\/2025<\/time><\/span><\/span><\/div>\n<\/div>\n<\/div>\n<\/div>\n<\/div>\n<\/div>\n<\/div>\n<\/div>\n<\/div>\n<\/div>\n<div id=\"tdi_140\" class=\"tdc-row stretch_row_1200 td-stretch-content\">\n<div class=\"vc_row tdi_141  wpb_row td-pb-row\">\n<div class=\"vc_column tdi_143  wpb_column vc_column_container tdc-column td-pb-span12\">\n<div class=\"wpb_wrapper\">\n<div class=\"td_block_wrap td_block_title tdi_150 td-pb-border-top td_block_template_2 td-fix-index\" data-td-block-uid=\"tdi_150\">\n<div class=\"td-block-title-wrap\">\n<h4 class=\"td-block-title\"><span class=\"td-pulldown-size\">Articole similare<\/span><\/h4>\n<\/div>\n<\/div>\n<\/div>\n<\/div>\n<\/div>\n<\/div>\n<div id=\"tdi_151\" class=\"tdc-row stretch_row_1600 td-stretch-content\">\n<div class=\"vc_row tdi_152  wpb_row td-pb-row\">\n<div class=\"vc_column tdi_154  wpb_column vc_column_container tdc-column td-pb-span12\">\n<div class=\"wpb_wrapper\">\n<div class=\"td_block_wrap tdb_single_related tdi_155 td_with_ajax_pagination td-pb-border-top td_block_template_1 tdb-single-related-posts\" data-td-block-uid=\"tdi_155\">\n<div id=\"tdi_155\" class=\"td_block_inner tdb-block-inner td-fix-index\">\n<div class=\"tdb_module_related td_module_wrap td-animation-stack\">\n<div class=\"td-module-container td-category-pos-\">\n<div class=\"td-module-meta-info\">\n<h3 class=\"entry-title td-module-title\"><a href=\"https:\/\/infotr.ro\/magistratii-de-la-tribunalul-teleorman-mentin-masura-controlului-judiciar-fata-de-fostul-sef-al-serviciului-permise-si-alti-doi-ofiteri\/\" rel=\"bookmark\" title=\"Magistra\u021bii de la Tribunalul Teleorman men\u021bin m\u0103sura controlului judiciar fa\u021b\u0103 de fostul \u0219ef al Serviciului Permise \u0219i al\u021bi doi ofi\u021beri\">Magistra\u021bii de la Tribunalul Teleorman men\u021bin m\u0103sura controlului judiciar fa\u021b\u0103 de fostul \u0219ef al Serviciului Permise \u0219i al\u021bi doi ofi\u021beri<\/a><\/h3>\n<div class=\"td-editor-date\"><a href=\"https:\/\/infotr.ro\/category\/justitie\/\" class=\"td-post-category\">Justitie<\/a><span class=\"td-author-date\"><span class=\"td-post-author-name\"><a href=\"https:\/\/infotr.ro\/author\/admin-mihai\/\">Info TR<\/a><span>&#8211;<\/span><\/span><span class=\"td-post-date\"><time class=\"entry-date updated td-module-date\" datetime=\"2024-05-17T10:05:32+03:00\">17\/05\/2024<\/time><\/span><\/span><\/div>\n<\/div>\n<\/div>\n<\/div>\n<div class=\"tdb_module_related td_module_wrap td-animation-stack\">\n<div class=\"td-module-container td-category-pos-\">\n<div class=\"td-module-meta-info\">\n<h3 class=\"entry-title td-module-title\"><a href=\"https:\/\/infotr.ro\/magistratii-au-respins-cererea-de-arestare-preventiva-a-primarului-din-botoroaga-mihail-cojocaru\/\" rel=\"bookmark\" title=\"Magistra\u021bii au respins cererea de arestare preventiv\u0103 a primarului din Botoroaga, Mihail Cojocaru\">Magistra\u021bii au respins cererea de arestare preventiv\u0103 a primarului din Botoroaga, Mihail Cojocaru<\/a><\/h3>\n<div class=\"td-editor-date\"><a href=\"https:\/\/infotr.ro\/category\/justitie\/\" class=\"td-post-category\">Justitie<\/a><span class=\"td-author-date\"><span class=\"td-post-author-name\"><a href=\"https:\/\/infotr.ro\/author\/admin-mihai\/\">Info TR<\/a><span>&#8211;<\/span><\/span><span class=\"td-post-date\"><time class=\"entry-date updated td-module-date\" datetime=\"2023-09-19T09:01:22+03:00\">19\/09\/2023<\/time><\/span><\/span><\/div>\n<\/div>\n<\/div>\n<\/div>\n<div class=\"tdb_module_related td_module_wrap td-animation-stack\">\n<div class=\"td-module-container td-category-pos-\">\n<div class=\"td-module-meta-info\">\n<h3 class=\"entry-title td-module-title\"><a href=\"https:\/\/infotr.ro\/dna-fost-presedinte-cj-teleorman-8-persoane-fizice-si-o-societate-comerciala-trimise-in-judecata-pentru-constituirea-unui-grup-infractional-organizat-abuz-in-serviciu-evaziune-fiscala-si-fraudar\/\" rel=\"bookmark\" title=\"DNA: Liviu Dragnea, opt persoane fizice \u0219i Tel Drum, trimitere \u00een judecat\u0103 pentru constituirea unui grup infrac\u021bional organizat, abuz \u00een serviciu, evaziune fiscal\u0103 \u0219i fraudarea fondurilor europene\">DNA: Liviu Dragnea, opt persoane fizice \u0219i Tel Drum, trimitere \u00een judecat\u0103 pentru constituirea unui grup infrac\u021bional organizat, abuz \u00een serviciu, evaziune fiscal\u0103 \u0219i&#8230;<\/a><\/h3>\n<div class=\"td-editor-date\"><a href=\"https:\/\/infotr.ro\/category\/justitie\/\" class=\"td-post-category\">Justitie<\/a><span class=\"td-author-date\"><span class=\"td-post-author-name\"><a href=\"https:\/\/infotr.ro\/author\/admin-mihai\/\">Info TR<\/a><span>&#8211;<\/span><\/span><span class=\"td-post-date\"><time class=\"entry-date updated td-module-date\" datetime=\"2022-10-17T14:25:51+03:00\">17\/10\/2022<\/time><\/span><\/span><\/div>\n<\/div>\n<\/div>\n<\/div>\n<div class=\"tdb_module_related td_module_wrap td-animation-stack\">\n<div class=\"td-module-container td-category-pos-\">\n<div class=\"td-module-meta-info\">\n<h3 class=\"entry-title td-module-title\"><a href=\"https:\/\/infotr.ro\/parchetul-alexandria-medicul-acuzat-de-agresiune-sexuala-aspura-unei-fetite-de-11-ani-a-fost-trimis-in-judecata\/\" rel=\"bookmark\" title=\"Parchetul Alexandria: Medicul acuzat de agresiune sexual\u0103 asupra unei feti\u021be de 11 ani a fost trimis \u00een judecat\u0103\">Parchetul Alexandria: Medicul acuzat de agresiune sexual\u0103 asupra unei feti\u021be de 11 ani a fost trimis \u00een judecat\u0103<\/a><\/h3>\n<div class=\"td-editor-date\"><a href=\"https:\/\/infotr.ro\/category\/justitie\/\" class=\"td-post-category\">Justitie<\/a><span class=\"td-author-date\"><span class=\"td-post-author-name\"><a href=\"https:\/\/infotr.ro\/author\/admin-mihai\/\">Info TR<\/a><span>&#8211;<\/span><\/span><span class=\"td-post-date\"><time class=\"entry-date updated td-module-date\" datetime=\"2022-09-22T11:44:46+03:00\">22\/09\/2022<\/time><\/span><\/span><\/div>\n<\/div>\n<\/div>\n<\/div>\n<\/div>\n<\/div>\n<\/div>\n<\/div>\n<\/div>\n<\/div>\n<\/div>\n<\/div>\n<p><span class=\"td-page-meta\"><\/span><span class=\"td-page-meta\"><span class=\"td-page-meta\"><\/span><\/span><span class=\"td-page-meta\"><\/span><\/article>\n<p> Source URL: https:\/\/infotr.ro\/parchetul-de-pe-langa-tribunalulteleorman-in-2018-au-fost-dispuse-6-solutii-de-achitare-prin-hotarari-definitive\/<\/p>\n","protected":false},"excerpt":{"rendered":"<p>Justitie Actualizat la:18\/02\/2019 Parchetul de pe l\u00e2ng\u0103 Tribunalul Teleorman: \u00cen 2018, au fost dispuse 6 solu\u021bii de achitare, prin hot\u0103r\u00e2ri definitive ByInfo TR 18\/02\/2019 609 0 Ac\u021biune Facebook Twitter Pinterest WhatsApp Articole noi ActualitateInfo TR&#8211;16\/12\/2025 Mo\u015f Cr\u0103ciun a poposit la Gr\u0103dini\u0163a cu PP nr. 7 din Alexandria, spre bucuria celor mici ActualitateInfo TR&#8211;16\/12\/2025 Prim\u0103riile M\u00e2rz\u0103ne\u015fti [&hellip;]<\/p>\n","protected":false},"author":1,"featured_media":1086734,"comment_status":"open","ping_status":"","sticky":false,"template":"","format":"standard","meta":{"footnotes":""},"categories":[89],"tags":[183],"class_list":["post-1086733","post","type-post","status-publish","format-standard","has-post-thumbnail","hentry","category-romania","tag-infotr-ro"],"_links":{"self":[{"href":"https:\/\/analyse.optim.biz\/index.php?rest_route=\/wp\/v2\/posts\/1086733","targetHints":{"allow":["GET"]}}],"collection":[{"href":"https:\/\/analyse.optim.biz\/index.php?rest_route=\/wp\/v2\/posts"}],"about":[{"href":"https:\/\/analyse.optim.biz\/index.php?rest_route=\/wp\/v2\/types\/post"}],"author":[{"embeddable":true,"href":"https:\/\/analyse.optim.biz\/index.php?rest_route=\/wp\/v2\/users\/1"}],"replies":[{"embeddable":true,"href":"https:\/\/analyse.optim.biz\/index.php?rest_route=%2Fwp%2Fv2%2Fcomments&post=1086733"}],"version-history":[{"count":0,"href":"https:\/\/analyse.optim.biz\/index.php?rest_route=\/wp\/v2\/posts\/1086733\/revisions"}],"wp:featuredmedia":[{"embeddable":true,"href":"https:\/\/analyse.optim.biz\/index.php?rest_route=\/wp\/v2\/media\/1086734"}],"wp:attachment":[{"href":"https:\/\/analyse.optim.biz\/index.php?rest_route=%2Fwp%2Fv2%2Fmedia&parent=1086733"}],"wp:term":[{"taxonomy":"category","embeddable":true,"href":"https:\/\/analyse.optim.biz\/index.php?rest_route=%2Fwp%2Fv2%2Fcategories&post=1086733"},{"taxonomy":"post_tag","embeddable":true,"href":"https:\/\/analyse.optim.biz\/index.php?rest_route=%2Fwp%2Fv2%2Ftags&post=1086733"}],"curies":[{"name":"wp","href":"https:\/\/api.w.org\/{rel}","templated":true}]}}