{"id":1085895,"date":"2014-08-27T22:10:32","date_gmt":"2014-08-27T19:10:32","guid":{"rendered":"https:\/\/analyse.optim.biz\/?p=1085895"},"modified":"2014-08-27T22:10:32","modified_gmt":"2014-08-27T19:10:32","slug":"laleaua-pestrita-pe-cale-de-disparitie-in-timis","status":"publish","type":"post","link":"https:\/\/analyse.optim.biz\/?p=1085895","title":{"rendered":"Laleaua pestri\u0163\u0103, pe cale de dispari\u0163ie \u00een Timi\u015f"},"content":{"rendered":"<div class=\"pf-content\">\n<p><strong><a href=\"http:\/\/timpolis.ro\/wp-content\/uploads\/2014\/08\/laleaua-pestrita-4.jpg\"><img decoding=\"async\" loading=\"lazy\" alt=\"KONICA MINOLTA DIGITAL CAMERA\" height=\"165\" title=\"KONICA MINOLTA DIGITAL CAMERA\" width=\"249\" class=\"alignright size-medium wp-image-10025 lazyload\" src=\"https:\/\/analyse.optim.biz\/wp-content\/uploads\/2025\/12\/laleaua-pestrita-4-270x179-1.jpg\"><\/a><\/strong><\/p>\n<p><img decoding=\"async\" loading=\"lazy\" alt=\"KONICA MINOLTA DIGITAL CAMERA\" class=\"alignright size-medium wp-image-10025\" height=\"165\" src=\"https:\/\/analyse.optim.biz\/wp-content\/uploads\/2025\/12\/laleaua-pestrita-4-270x179-1.jpg\" title=\"KONICA MINOLTA DIGITAL CAMERA\" width=\"249\">Una dintre atrac\u0163iile turistice naturale ale Timi\u015fului, laleaua pestri\u0163\u0103, din Rezerva\u0163ia Lunca Pog\u0103ni\u015fului, este pe cale de dispari\u0163ie. \u00cen primul r\u00e2nd, din cauza defri\u015f\u0103rilor f\u0103cute dup\u0103 ureche \u015fi a culegerii iresponsabile.<\/p>\n<p>\n\t\u00a0\n<\/p>\n<h4><strong>O atrac\u0163ie a jude\u0163ului risc\u0103 s\u0103 r\u0103m\u00e2n\u0103 doar \u00een c\u0103r\u0163i<\/strong><br \/><\/h4>\n<p>\n\t\u00cen majoritatea monografiilor legate de Timi\u015f se men\u0163ioneaz\u0103 rezerva\u0163ia Lunca Pog\u0103ni\u015fului, cu precizarea c\u0103 aici, prim\u0103vara, \u00eenflore\u015fte o plant\u0103 rar\u0103, monument al naturii: Laleaua pestri\u0163\u0103 \u2013 Frittilaria meleagris. Floarea a fost recunoscut\u0103 de legisla\u0163ia rom\u00e2neasc\u0103 drept \u201cmonument al naturii\u201d. Faptul c\u0103 laleaua pestri\u0163\u0103 a fost \u00eenscris\u0103 ca specie protejat\u0103 \u015fi de Conven\u0163ia de la Berna, ar fi trebuit s\u0103-i asigure acesteia un viitor neproblematic.\n<\/p>\n<p>\n\t\u00cens\u0103 datorit\u0103 frumuse\u0163ii ei a fost culeasa abuziv, astfel \u00eenc\u00e2t \u00een Lunca Pog\u0103n\u015fului, aceast\u0103 floare este, azi, pe cale de dispari\u0163ie. La dispari\u0163ia de pe hectare \u00eentregi a lalelei pestri\u0163e au contribuit \u015fi administrarea defectuoas\u0103 a p\u0103durilor trecute \u00een proprietate privat\u0103 \u015fi defri\u015f\u0103rile f\u0103r\u0103 nici un control. Laleaua pestri\u0163\u0103 de Pog\u0103ni\u015f cre\u015fte \u00eentr-o p\u0103dure rar\u0103 de stejar, frasin \u015fi jugastru, \u00een amestec cu carpen, ulm, p\u0103r p\u0103dure\u0163, cire\u015f \u015fi m\u0103r padure\u0163. \u00cen Lunca Pog\u0103ni\u015fului laleaua pestri\u0163\u0103 vegeteaz\u0103 pe arii extinse, prefer\u00e2nd habitatele s\u0103lbatice. Astfel se \u00eent\u00e2lne\u015fte \u00een p\u0103durile de la Berini, Blajova, Cadar, Ni\u0163chidorf, \u00een jurul localit\u0103\u0163ilor Buzia\u015f, Otve\u015fti, Chevere\u015f, dup\u0103 cum se specific\u0103 \u00een aproape toate monografiile Timi\u015fului.\n<\/p>\n<p>\n\tAceste informa\u0163ii, spun unii reprezentan\u0163i ai Sec\u0163iei de \u015etiin\u0163ele Naturii a Muzeului Banatului, nu prea mai sunt de actualitate. \u201e<em>Laleaua pestri\u0163\u0103, pe cale de dispari\u0163ie, avea ca habitat p\u0103durile de stejar din zon\u0103. Acum nu mai exist\u0103 aproape nimic \u00een zon\u0103. Terenurile \u00eemp\u0103durite au fost retrocedate, iar noii proprietari au t\u0103iat aproape totul. Ca atare, nici laleaua pestri\u0163\u0103 nu mai poate cre\u015fte acolo<\/em>\u201d, spune <strong>Sretko Milanovici<\/strong>, biolog-muzeograf la Sec\u0163ia de \u015etiin\u0163ele Naturii a Muzeului Banatului. Coordonatorul Sec\u0163iei de \u015etiin\u0163ele Naturii a Muzeului Banatului,<strong> Kiss Andrei M, <\/strong>spune \u015fi el c\u0103 exist\u0103 o problem\u0103 ecologic\u0103 complex\u0103 legat\u0103 de acea zon\u0103,<em> \u201cprincipala deficien\u0163\u0103 este legat\u0103 de defri\u015f\u0103ri, \u00eens\u0103 nu este singura\u201d<\/em>.\n<\/p>\n<p>\n\t\u00cen pofida oric\u0103rei logici, terenurile respective au fost retrocedate \u00een natur\u0103, de\u015fi proprietarii care le revendicau puteau primi desp\u0103gubiri sau terenuri \u00een echivalent, \u00een alt\u0103 parte. A\u015fa \u00eens\u0103, p\u0103durea, foarte frumoas\u0103, din zon\u0103 a fost t\u0103iat\u0103 complet \u015fi nu se \u015ftie dac\u0103 rezerva\u0163ia va mai redeveni vreodat\u0103 ce a fost.\n<\/p>\n<p>\n\t\u00cen opinia unor speciali\u015fti \u00een \u015etiin\u0163ele Naturii, integrarea c\u00e2t mai rapid\u0103 a c\u00e2t mai multor arii protejate din Timi\u015f \u00een re\u0163eaua Natura 2000 va \u00eensemna, de fapt, salvarea acestora. Ei spun c\u0103 s-a constatat c\u0103 activitatea uman\u0103 exercitat\u0103 asupra acestor arii protejate are efectul cel mai distrug\u0103tor, iar \u00een alte zone protejate, cum sunt Satchinez sau la Murani nu au existat probleme ca la Valea Pog\u0103ni\u015fului doar pentru c\u0103 \u00een zon\u0103 nu era teren \u00eemp\u0103durit.\n<\/p>\n<p>\n\tDe aceea, integrarea c\u00e2t mai multor arii protejate \u00een Re\u0163eaua Natura 2000 ar avea efecte extrem de benefice. Practic, orice autoriza\u0163ie legat\u0103 de desf\u0103\u015furarea de activit\u0103\u0163i socio-economice \u00een arealele respective ar trebui avizat\u0103 ori de Agen\u0163ia pentru Protec\u0163ia Mediului ori de c\u0103tre Mueul Banatului. Ar fi instituite zone special, tampon, de protec\u0163ie, \u015fi s-ar \u00eembun\u0103t\u0103\u0163i semnificativ ac\u0163iunile de paz\u0103 \u015fi conservare a acestor arii naturale.\n<\/p>\n<h4><strong>Dispari\u0163ii de plante \u015fi animale rare<\/strong><br \/><\/h4>\n<p>\n\tStudiul privind <em>\u201cStrategia de Dezvoltare Spa\u0163ial\u0103 a jude\u0163ului Timi\u015f pentru domeniul \u0163int\u0103 \u2013 Turism\u201d,<\/em> elaborat de Consiliului Jude\u0163ean Timi\u015f, a adus \u00een prim-plan necesitatea monitoriz\u0103rii suprafe\u0163ei \u015fi calit\u0103\u0163ii habitatelor pentru speciile de flor\u0103 \u015fi faun\u0103 ocrotite, periclitate, vulnerabile, endemice,\u00a0 pe cale de dispari\u0163ie.<br \/>\n\tO astfel de m\u0103sur\u0103 este impus\u0103 de prezen\u0163a unor dezechilibre la nivelul ariilor naturale protejate care pun \u00een pericol laleaua pestri\u0163\u0103 (Fritillaria\u00a0meleagris) din rezerva\u0163ia natural\u0103 Lunca Pog\u0103ni\u015fului, pericol creat \u2013 se men\u0163ioneaz\u0103 \u00een studiu \u2013 de recolt\u0103rile ilegale \u015fi p\u0103\u015funat excesiv.<br \/>\n\tLaleaua pestri\u0163\u0103, numit\u0103 \u015fi \u201cfloare-de-\u015fah\u201d, \u201cbibilic\u0103\u201d sau \u201cc\u0103ld\u0103ru\u015fe\u201d, vine din cultura oriental\u0103 \u015fi, pentru o vreme, a fost \u00een siguran\u0163\u0103 pe cele 75,5 hectare din Lunca Pog\u0103ni\u015fului (cea mai mare parte, \u00een perimetrul localit\u0103\u0163ii Ni\u0163chidorf, dar \u015fi la Tormac, Berini \u015fi Otve\u015fti). Numai c\u0103 \u00een ultimii ani comercializarea lalelei pestri\u0163e \u00een pie\u0163ele ora\u015fului, p\u0103\u015funatul \u015fi defri\u015f\u0103rile care s-au extins \u00een perimetrul protejat au restr\u00e2ns tot mai accentuat arealul acestei specii.<br \/>\n\tA\u015fa s-a ajuns ca prin 2008 s\u0103 se constate dispari\u0163ia aproape total\u0103 a acesti plante din zonele periferice rezerva\u0163iei (lizierele p\u0103durilor de la Blajova, Cadar ), dar \u015fi din\u0103untrul perimetrului protejat \u2013 satele Berini \u015fi Otve\u015fti din comuna Saco\u015fu Turcesc. Doar la Ni\u0163chidorf \u00a0lucrurile sunt oarecum sub control.<br \/>\n\tIar flora rar\u0103 din zon\u0103 nu dispare singur\u0103. Cu doar o genera\u0163ie \u00een urm\u0103, \u00een umiditatea specific\u0103 a Luncii Pog\u0103ni\u015fului \u015fi \u00een por\u0163iunile de p\u0103dure \u00ee\u015fi g\u0103seau ad\u0103post zeci de specii ast\u0103zi disp\u0103rute din zon\u0103. Vidrele n-au mai fost z\u0103rite aici de prin 1977, nici somnul pitic american ori st\u00e2rcii cenu\u015fii, nici cea mai mare colonie de ciori din vestul Rom\u00e2niei, care num\u0103ra peste 1.500 de cuiburi \u2013 iar cei 280 de c\u0103priori \u00eenregistra\u0163i aici \u00een 1988 au devenit, ast\u0103zi, amintire.\n<\/p>\n<h4><strong>Lips\u0103 de proiecte pentru ariile protejate<\/strong><br \/><\/h4>\n<p><a href=\"http:\/\/timpolis.ro\/wp-content\/uploads\/2014\/08\/Mlasina-Satchinez.jpg\"><img decoding=\"async\" loading=\"lazy\" alt=\"Mlasina Satchinez\" height=\"166\" title=\"Mlasina Satchinez\" width=\"222\" class=\"alignright size-medium wp-image-10026 lazyload\" src=\"https:\/\/analyse.optim.biz\/wp-content\/uploads\/2025\/12\/mlasina-satchinez-270x202-1.jpg\"><\/a><\/p>\n<p><img decoding=\"async\" loading=\"lazy\" alt=\"Mlasina Satchinez\" class=\"alignright size-medium wp-image-10026\" height=\"166\" src=\"https:\/\/analyse.optim.biz\/wp-content\/uploads\/2025\/12\/mlasina-satchinez-270x202-1.jpg\" title=\"Mlasina Satchinez\" width=\"222\">Anul trecut Ministerul Mediului \u015fi Schimb\u0103rilor Climatice a fost interpelat de mai mul\u0163i parlamentari, care au precizat c\u0103 una dintre obliga\u0163iile asumate de Rom\u00e2nia odat\u0103 cu aderarea la UE este \u00eenfiin\u0163area Agen\u0163iei Na\u0163ionale pentru Arii Protejate. Aceasta ar fi trebuit s\u0103 implementeze c\u00e2t mai multe proiecte pentru aceste zone, fiind principalul beneficiar al Axei 4 din Programul Opera\u0163ional Sectorial de Mediu \u201eProtec\u0163ia naturii \u015fi biodiversitate\u201d.<\/p>\n<p>\n\tR\u0103spunsul ministerului a fost edificator. Dup\u0103 lungi explica\u0163ii legate de demersurile birocratice prin care ANAP a devenit Direc\u0163ia General\u0103 Protec\u0163ia Naturii, Ministerul Mediului a recunoscut c\u0103 respectiva direc\u0163ie este implicat\u0103 \u00een doar dou\u0103 proiecte destinate ariilor protejate. \u00centr-unul din aceste proiecte \u2013 \u201e<em>Realizarea de seturi de date spa\u0163iale pentru ariile naturale protejate, av\u00e2nd \u00een vedere optimizarea facilit\u0103\u0163ilor de administrare a acestora\u201d<\/em> \u2013 era doar beneficiar.\u00a0 \u00cen cel\u0103lalt proiect \u2013 <em>\u201eMonitorizarea st\u0103rii de conservare a speciilor \u015fi habitatelor din Rom\u00e2nia\u201d <\/em>\u2013, Direc\u0163ia General\u0103 Protec\u0163ia Naturii era partener.\n<\/p>\n<blockquote>\n<p>\n\t\tAl\u0103turi de Rezerva\u0163ia de la Satchinez, lista ariilor protejate din Timi\u015f afectate de degradare este completat\u0103 de P\u0103durea Cenad, Insula Mare Cenad, Insulele de la Igri\u015f, Lunca Pog\u0103ni\u015fului \u015fi zona de lunc\u0103 a Mure\u015fului. La acestea se adaug\u0103 alte arii protejate care necesit\u0103 reabilitare: arboretumul de la Bazo\u015f (cu specii exotice), acumularea de ap\u0103 de la Murani \u2013 Pi\u015fchia (renumit\u0103 pentru fauna divers\u0103\u2013 fazani, cerbi lop\u0103tari, mistre\u0163i, p\u0103uni, specii de p\u0103s\u0103ri rare, cum ar fi barza neagr\u0103), Parcul Buzia\u015f sau lacul Surduc.\n\t<\/p>\n<\/blockquote>\n<p>\n\tDup\u0103 cum se observ\u0103 \u015fi din titulatur\u0103, ambele proiecte au mai degrab\u0103 rol de monitorizare, de str\u00e2ngere de date, lipsind proiectele cu m\u0103suri concrete pentru protejarea efectiv\u0103 a ariilor naturale. \u00cen plus, un portofoliu de doar dou\u0103 proiecte pentru arii protejate pentru o structur\u0103 numit\u0103 Direc\u0163ia General\u0103 Protec\u0163ia Naturii, care e \u015fi principal beneficiar al unei axe de finan\u0163are, poate fi considerat modest.\n<\/p>\n<p>\n\t\u00cen Timi\u015f exist\u0103 habitate naturale pentru care, \u00een ultimii ani, nu au mai fost alocate fonduri pentru protejare \u015fi conservare. De\u015fi exist\u0103 un parc natural, 14 rezerva\u0163ii \u015fi monumente ale naturii de interes na\u0163ional, patru arii naturale protejate de interes jude\u0163ean, 19 situri de interes comunitar \u015fi 11 arii de protec\u0163ie special\u0103 avifaunistic\u0103, o bun\u0103 parte dintre ele sunt ale nim\u0103nui. Oficial, multe dintre ele nu sunt administrare de nimeni, f\u0103c\u00e2nd obiectul unui ping-pong \u00eentre administra\u0163ia central\u0103 \u015fi cea local\u0103.\n<\/p>\n<p>\n\tLipsesc proiectele cu finan\u0163are european\u0103 derulate \u00een Timi\u015f, care s\u0103 vizeze protejarea habitatelor naturale. \u015ei aceasta pentru c\u0103, de multe ori, \u00een varianta \u00een care oricum apeleaz\u0103 la firme de proiectare, care s\u0103 le scrie, contra-cost, proiecte pentru ob\u0163inerea de granturi, Prim\u0103riile prefer\u0103 s\u0103 acceseze fonduri pentru diverse proiecte de infrastructur\u0103, \u015fi nu pentru habitatele naturale din zona lor de acoperire. Tocmai de aceea, Ministerul Mediului, prin structurile sale, ar fi trebuit s\u0103 se ocupe de implementarea unor astfel de proiecte.\n<\/p>\n<p>\n\tAgen\u0163ia pentru Protec\u0163ia Mediului realiza \u00een urm\u0103 cu ceva timp un top al celor mai degradate habitate naturale, clasament condus de c\u0103tre Rezerva\u0163ia ornitologic\u0103 de la Satchinez, pentru care, culmea, \u00eencep\u00e2nd din anii \u201990, s-au cheltuit sume imense din finan\u0163\u0103ri europene pentru protejarea \u015fi amenajarea zonei. Probabil c\u0103 finan\u0163atorii acestor proiecte ar fi \u015foca\u0163i s\u0103 vad\u0103 ce s-a ales de eforturile lor \u015fi de sutele de mii de euro investi\u0163i \u00een zon\u0103.<\/p>\n<div id=\"metaslider-id-56545\" class=\"ml-slider-3-18-9 metaslider metaslider-responsive metaslider-56545 ml-slider nav-hidden nav-hidden nav-hidden\">\n<div id=\"metaslider_container_56545\">\n<ul id=\"metaslider_56545\" class=\"rslides\">\n<li><a href=\"https:\/\/iuliustown.ro\/ro\" target=\"_blank\"><img decoding=\"async\" width=\"610\" height=\"260\" loading=\"lazy\" title=\"Banner Iulius Town - decembrie 2025 - 610x260\" class=\"slider-56545 slide-60736 lazyload\" src=\"https:\/\/analyse.optim.biz\/wp-content\/uploads\/2025\/12\/banner-iulius-town-decembrie-2025-610x260-1-59.png\"><img decoding=\"async\" width=\"610\" height=\"260\" src=\"https:\/\/analyse.optim.biz\/wp-content\/uploads\/2025\/12\/banner-iulius-town-decembrie-2025-610x260-1-59.png\" class=\"slider-56545 slide-60736\" loading=\"lazy\" title=\"Banner Iulius Town - decembrie 2025 - 610x260\"><\/a><\/li>\n<\/ul>\n<\/div>\n<\/div>\n<div class=\"printfriendly pf-alignright\"><a href=\"https:\/\/timpolis.ro\/laleaua-pestrita-pe-cale-de-disparitie-in-timis\/\" rel=\"nofollow\" title=\"Printer Friendly, PDF &amp; Email\"><img decoding=\"async\" alt=\"Print Friendly, PDF &amp; Email\" class=\"lazyload\" src=\"https:\/\/analyse.optim.biz\/wp-content\/uploads\/2025\/12\/print-button-59.png\" title=\"print-button-59\"><img decoding=\"async\" src=\"https:\/\/analyse.optim.biz\/wp-content\/uploads\/2025\/12\/print-button-59.png\" alt=\"Print Friendly, PDF &amp; Email\" title=\"print-button-59\"><\/a><\/div>\n<\/div>\n<p> Source URL: https:\/\/timpolis.ro\/laleaua-pestrita-pe-cale-de-disparitie-in-timis\/<\/p>\n","protected":false},"excerpt":{"rendered":"<p>Una dintre atrac\u0163iile turistice naturale ale Timi\u015fului, laleaua pestri\u0163\u0103, din Rezerva\u0163ia Lunca Pog\u0103ni\u015fului, este pe cale de dispari\u0163ie. \u00cen primul r\u00e2nd, din cauza defri\u015f\u0103rilor f\u0103cute dup\u0103 ureche \u015fi a culegerii iresponsabile. \u00a0 O atrac\u0163ie a jude\u0163ului risc\u0103 s\u0103 r\u0103m\u00e2n\u0103 doar \u00een c\u0103r\u0163i \u00cen majoritatea monografiilor legate de Timi\u015f se men\u0163ioneaz\u0103 rezerva\u0163ia Lunca Pog\u0103ni\u015fului, cu precizarea [&hellip;]<\/p>\n","protected":false},"author":1,"featured_media":1085896,"comment_status":"open","ping_status":"","sticky":false,"template":"","format":"standard","meta":{"footnotes":""},"categories":[89],"tags":[202],"class_list":["post-1085895","post","type-post","status-publish","format-standard","has-post-thumbnail","hentry","category-romania","tag-timpolis-ro"],"_links":{"self":[{"href":"https:\/\/analyse.optim.biz\/index.php?rest_route=\/wp\/v2\/posts\/1085895","targetHints":{"allow":["GET"]}}],"collection":[{"href":"https:\/\/analyse.optim.biz\/index.php?rest_route=\/wp\/v2\/posts"}],"about":[{"href":"https:\/\/analyse.optim.biz\/index.php?rest_route=\/wp\/v2\/types\/post"}],"author":[{"embeddable":true,"href":"https:\/\/analyse.optim.biz\/index.php?rest_route=\/wp\/v2\/users\/1"}],"replies":[{"embeddable":true,"href":"https:\/\/analyse.optim.biz\/index.php?rest_route=%2Fwp%2Fv2%2Fcomments&post=1085895"}],"version-history":[{"count":0,"href":"https:\/\/analyse.optim.biz\/index.php?rest_route=\/wp\/v2\/posts\/1085895\/revisions"}],"wp:featuredmedia":[{"embeddable":true,"href":"https:\/\/analyse.optim.biz\/index.php?rest_route=\/wp\/v2\/media\/1085896"}],"wp:attachment":[{"href":"https:\/\/analyse.optim.biz\/index.php?rest_route=%2Fwp%2Fv2%2Fmedia&parent=1085895"}],"wp:term":[{"taxonomy":"category","embeddable":true,"href":"https:\/\/analyse.optim.biz\/index.php?rest_route=%2Fwp%2Fv2%2Fcategories&post=1085895"},{"taxonomy":"post_tag","embeddable":true,"href":"https:\/\/analyse.optim.biz\/index.php?rest_route=%2Fwp%2Fv2%2Ftags&post=1085895"}],"curies":[{"name":"wp","href":"https:\/\/api.w.org\/{rel}","templated":true}]}}