{"id":1085776,"date":"2014-06-01T22:25:03","date_gmt":"2014-06-01T19:25:03","guid":{"rendered":"https:\/\/analyse.optim.biz\/?p=1085776"},"modified":"2014-06-01T22:25:03","modified_gmt":"2014-06-01T19:25:03","slug":"fondul-forestier-al-romaniei-a-crescut-cu-peste-9-000-de-hectare-in-2013","status":"publish","type":"post","link":"https:\/\/analyse.optim.biz\/?p=1085776","title":{"rendered":"Fondul forestier al Rom\u00e2niei a crescut cu peste 9.000 de hectare, \u00een 2013"},"content":{"rendered":"<div class=\"pf-content\">\n<p><a href=\"http:\/\/timpolis.ro\/wp-content\/uploads\/2014\/05\/defrisari.jpg\"><img decoding=\"async\" loading=\"lazy\" alt=\"defrisari\" height=\"185\" title=\"defrisari\" width=\"248\" class=\"alignright size-medium wp-image-8325 lazyload\" src=\"https:\/\/analyse.optim.biz\/wp-content\/uploads\/2025\/12\/defrisari-270x202-1.jpg\"><\/a><\/p>\n<p><img decoding=\"async\" loading=\"lazy\" alt=\"defrisari\" class=\"alignright size-medium wp-image-8325\" height=\"185\" src=\"https:\/\/analyse.optim.biz\/wp-content\/uploads\/2025\/12\/defrisari-270x202-1.jpg\" title=\"defrisari\" width=\"248\"><strong>Institutul Na\u0163ional de Statistic\u0103 anun\u0163\u0103 c\u0103, anul trecut, fondul forestier din Rom\u00e2nia ar fi crescut cu aproximativ 9.000 de hectare. Aceste date sunt \u00eens\u0103 doar scriptice \u015fi pot s\u0103 nu corespund\u0103 cu realitatea, a\u015fa cum a dovedit situa\u0163ia \u201cp\u0103durii invizibile\u201d descoperite de Curtea de Conturi la Cenad, \u00eentr-o anchet\u0103 care nu a mai dus nic\u0103ieri.<\/strong><\/p>\n<p>\n\t\u00a0\n<\/p>\n<h4><strong>Date oficiale \u00eembucur\u0103toare<\/strong><br \/><\/h4>\n<p>\n\tConform unor informa\u0163ii date publicit\u0103\u0163ii la sf\u00e2r\u015fitul s\u0103pt\u0103m\u00e2nii trecute de c\u0103tre Institutului Na\u0163ional de Statistic\u0103, fondul forestier al Rom\u00e2niei are o suprafa\u0163\u0103 de 6,54 milioane hectare, cresc\u00e2nd anual cu 9.356 de hectare (0,14%), \u00een condi\u0163iile \u00een care volumul de lemn recoltat a sc\u0103zut cu 0,1%, potrivit datelor INS. <em>\u201cAceast\u0103 cre\u015ftere se datoreaz\u0103 \u00een principal unor reamenaj\u0103ri de p\u0103\u015funi \u00eemp\u0103durite \u015fi introducerii \u00een fondul forestier a terenurilor degradate \u015fi a terenurilor ne\u00eemp\u0103durite, stabilite \u00een condi\u0163iile legii a fi \u00eemp\u0103durite\u201d,<\/em> spun reprezentan\u0163ii INS.\n<\/p>\n<p>\n\tSuprafa\u0163a p\u0103durilor reprezint\u0103 97,6% din fondul forestier na\u0163ional, adic\u0103 6,38 milioane hectare, fiind \u00een cre\u015ftere cu 7.776 hectare comparativ cu 2012.\n<\/p>\n<p>\n\tDistribu\u0163ia fondului forestier pe regiuni de dezvoltare indic\u0103 o concentrare \u00eentr-o propor\u0163ie \u00eensemnat\u0103 a acestuia \u00een regiunile de dezvoltare Centru \u2013 19,3% \u015fi Nord-Est \u2013 18,2%, urmate de zonele Vest \u2013 16%, Nord-Vest \u2013 15,2%, Sud \u2013 Vest-Oltenia \u2013 12,4%, Sud-Muntenia \u2013 10,1%, Sud-Est \u2013 8,4% \u015fi Bucure\u015fti-Ilfov \u2013 0,4%.\n<\/p>\n<p>\n\t\u00cen ceea ce prive\u015fte masa lemnoas\u0103 recoltat\u0103 \u00een 2013, volumul acesteia a sc\u0103zut cu aproximativ 0,1% fa\u0163\u0103 de anul 2012, la 19,063 milioane metri cubi.\n<\/p>\n<p>\n\tSuprafa\u0163a parcurs\u0103 cu t\u0103ieri de regenerare a p\u0103durilor, efectuate \u00een cadrul tratamentelor silvice pentru trecerea p\u0103durii de la o genera\u0163ie la alta, a \u00eenregistrat anul trecut o sc\u0103dere cu circa 1,2% fa\u0163\u0103 de anul 2012. Din aceast\u0103 suprafa\u0163\u0103, t\u0103ierile rase (suprafe\u0163e de pe care s-a recoltat \u00een totalitate masa lemnoas\u0103) reprezint\u0103 4,5%.\n<\/p>\n<p>\n\tCel mai mare volum de mas\u0103 lemnoas\u0103 s-a recoltat \u00een regiunea de dezvoltare Nord-Est \u2013 28,4%, urmat\u0103 de regiunea de dezvoltare Centru \u2013 22,2% \u015fi \u00eentr-o propor\u0163ie mai mic\u0103 \u00een Vest \u2013 12,2%, Nord-Vest \u2013 12,1%, Sud-Muntenia \u2013 9,9%, Sud-Vest Oltenia \u2013 7,4%, Sud-Est \u2013 7,4% \u015fi Bucure\u015fti-Ilfov \u2013 0,4%.\n<\/p>\n<p>\n\t\u00cen 2013 s-au realizat lucr\u0103ri de regenerare a p\u0103durilor pe o suprafa\u0163\u0103 de 26.285 hectare, cu 2,2% mai mare fa\u0163\u0103 de anul 2012. Cele mai mari suprafe\u0163e pe care s-au realizat lucr\u0103ri de regenerare a p\u0103durilor s-au \u00eenregistrat \u00een Nord-Vest \u2013 22,2% \u015fi Centru \u2013 17,5%, urmate de regiunile de dezvoltare Sud-Est \u2013 13,4%, Sud-Muntenia \u2013 12,8%, Vest \u2013 12%, Nord-Vest \u2013 12%, Sud-Vest-Oltenia \u2013 9,4% \u015fi Bucure\u015fti-Ilfov \u2013 0,7%.\n<\/p>\n<h4><strong>\u00cemp\u0103duriri reale sau scriptice<\/strong><br \/><\/h4>\n<p>\n\tSitua\u0163ia prezentat\u0103 de c\u0103tre INS este una bazat\u0103 pe date scriptice, care poate fi diferit\u0103 fa\u0163\u0103 de cea real\u0103. Acest lucru a fost constatat recent inclusiv \u00een Timi\u015f, unde \u00een comuna Cenad Curtea de Conturi a descoperit o suprafa\u0163\u0103 \u00eemp\u0103durit\u0103 pe h\u00e2rtie, care nu se reg\u0103sea la controlul faptic.\n<\/p>\n<p>\n\tLa \u00eenceputul lunii martie, <strong>TIMPOLIS<\/strong> f\u0103cea publice \u00een premier\u0103 constat\u0103rile Cur\u0163ii de Conturi \u00een urma anchetei f\u0103cute la Prim\u0103ria Cenad, unde inspectorii institu\u0163iei de control financiar au constatat plantarea unei\u2026 p\u0103duri virtuale, care a costat peste un milion de lei. \u201c<em>Urmare a deplas\u0103rii pe teren spre a efectua inspec\u0163ia lucr\u0103rilor de \u00eemp\u0103durire pe suprafa\u0163a celor 73,14 ha, la fa\u0163a locului am constatat c\u0103, pe suprafa\u0163a celor 73,14 ha teren \u00eemp\u0103durit, nu se reg\u0103se\u015fte nici m\u0103car un puiet din speciile de arbori planta\u0163i, \u00eentreaga suprafa\u0163\u0103 fiind acoperit\u0103 cu buruieni \u015fi spini, lucrarea fiind compromis\u0103 100%\u201d,<\/em> se preciza \u00een raportul Cur\u0163ii de Conturi. Documentele aferente acestei investi\u0163ii au ar\u0103tat c\u0103 structurile abilitate de control silvic au constatat c\u0103\u00a0 350.000 de puie\u0163i de stejar, fag, salc\u00e2m s-au uscat,\u00a0 din cauza secetei.\n<\/p>\n<p><em>\u201cDin verific\u0103rile \u00eentreprinse reiese c\u0103 factorul v\u0103t\u0103m\u0103tor care a ac\u0163ionat este seceta. Din cauza acesteia au fost distru\u015fi 70% din puie\u0163ii planta\u0163i. Conform recep\u0163iilor \u00eencheiate, lucr\u0103rile de \u00eemp\u0103durire \u015fi de \u00eentre\u0163inere a planta\u0163iei au fost executate corespunz\u0103tor\u201d,<\/em> a fost concluzia Inspectoratului Teritorial de Regim Silvic \u015fi V\u00e2n\u0103toare Timi\u015foara, care a propus sc\u0103derea din eviden\u0163e a lucr\u0103rilor, <em>\u201cale c\u0103ror pierderi se justific\u0103\u201d.<\/em><\/p>\n<p>\n\tDosarul a ajuns s\u0103 fie instrumentat de Parchetul de pe l\u00e2ng\u0103 Curtea de Apel Timi\u015foara, \u00een urma controlului Cur\u0163ii de Conturi. Procurorii au precizat <em>c\u0103\u00a0 \u201cvaloarea estimat\u0103 a proiectului a fost de 1.827.698 de lei, din care s-a pl\u0103tit suma de 1.035.214 lei, aceasta fiind \u015fi valoarea estimat\u0103 a prejudiciului cauzat Administra\u0163iei pentru Fondul de Mediu.\u201d<\/em><\/p>\n<p>\n\tCei 350.000 de puie\u0163i de stejar, frasin, tei \u015fi al\u0163i arbu\u015fti au fost planta\u0163i \u00een trei etape, \u00een prim\u0103vara lui 2012. Dup\u0103 fiecare plantare s-au realizat recep\u0163ii. Culmea e c\u0103, la una dintre aceste recep\u0163ii, s-a constatat \u201cun procent de prindere de 82%\u201d. \u00cen aceste condi\u0163ii, e greu de \u00een\u0163eles unde au disp\u0103rut cei 300.000 de puie\u0163i prin\u015fi care ar fi trebuit deja s\u0103 fie arbu\u015fti dezvolta\u0163i.\n<\/p>\n<h4><strong>Nicio anchet\u0103 la Inspectoratul Silvic<\/strong><br \/><\/h4>\n<p>\n\tNu se \u015ftie ce finalitate va avea ancheta deschis\u0103 de Parchetul de pe l\u00e2ng\u0103 Curtea de Apel Timi\u015foara, \u0163in\u00e2nd cont de faptul c\u0103, \u00een pofida neregulilor descoperite an de an, majoritatea Prim\u0103riilor din Timi\u015f contest\u0103 cu succes \u00een instan\u0163\u0103 rapoartele \u015fi m\u0103surile dispuse de Curtea de Conturi. \u00cen plus, nici Inspectoratul Teritorial de Regim Silvic \u015fi V\u00e2n\u0103toare Timi\u015foara nu a considerat c\u0103 se impune demararea unei anchete. <em>\u201cParchetul se ocup\u0103 acum de acest caz. Iar anchet\u0103 ar fi trebuit s\u0103 fac\u0103 institu\u0163ia pl\u0103titoare \u2013 respectiv Prim\u0103ria Cenad. Prim\u0103ria Cenad a f\u0103cut contractul, \u015fi tot ea a recep\u0163ionat lucrarea. Noi am avut doar un delegat la recep\u0163ie, care a constatat c\u0103 suprafa\u0163a a fost plantat\u0103\u201d,<\/em> ne-a declarat <strong>Aristotel Vi\u015foiu<\/strong>, inspectorul \u015fef al Inspectoratului Teritorial de Regim Silvic \u015fi V\u00e2n\u0103toare Timi\u015foara.<br \/>\n\tOricum, opinia reprezentan\u0163ilor Inspectoratului este c\u0103, probabil, ciobanii au intrat cu oile \u00een acea zon\u0103 \u00eemp\u0103durit\u0103, crez\u00e2nd c\u0103 nu e nimic plantat, \u015fi \u00een urma p\u0103\u015funatului s-a distrus planta\u0163ia, iar \u201cce a mai r\u0103mas s-a distrus din cauza secetei.\u201d\n<\/p>\n<p>\n\tUna peste alta, suprafa\u0163a cu \u201cp\u0103durea invizibil\u0103\u201d de la Cenad nu a fost sc\u0103zut\u0103 din total suprafe\u0163elor \u00eemp\u0103durite la nivel na\u0163ional, ceea ce \u00eenseamn\u0103 c\u0103, la nivel na\u0163ional, constat\u0103rile legate de faptul c\u0103 suprafa\u0163a \u00eemp\u0103durit\u0103 a crescut trebuie private cu rezervele de rigoare.\n<\/p>\n<h4><strong>P\u0103durile unor priva\u0163i nu sunt p\u0103zite pentru c\u0103\u2026 nu se pot \u00eencheia contracte cu mor\u0163ii<\/strong><br \/><\/h4>\n<p><a href=\"http:\/\/timpolis.ro\/wp-content\/uploads\/2014\/05\/Padure.jpg\"><img decoding=\"async\" loading=\"lazy\" alt=\"Padure\" height=\"192\" title=\"Padure\" width=\"250\" class=\"alignright size-medium wp-image-8326 lazyload\" src=\"https:\/\/analyse.optim.biz\/wp-content\/uploads\/2025\/12\/padure-270x202-1.jpg\"><\/a><\/p>\n<p><img decoding=\"async\" loading=\"lazy\" alt=\"Padure\" class=\"alignright size-medium wp-image-8326\" height=\"192\" src=\"https:\/\/analyse.optim.biz\/wp-content\/uploads\/2025\/12\/padure-270x202-1.jpg\" title=\"Padure\" width=\"250\">Conform unui raport recent al Cur\u0163ii de Conturi legat de gestionarea fondului forestier de stat, retroced\u0103rile, nu \u00eentotdeauna foarte clare, au f\u0103cut ca \u015fi \u00een Timi\u015f, ca de altfel \u00een majoritatea jude\u0163elor \u0163\u0103rii, suprafa\u0163a \u00eemp\u0103durit\u0103 s\u0103 scad\u0103 dramatic.<\/p>\n<p>\n\t\u00cen Timi\u015f, prin retroced\u0103ri, Statul a cedat 22.742 de hectare de p\u0103dure unui num\u0103r foarte mare de proprietari. Practic, aceast\u0103 suprafa\u0163\u0103 pierdut\u0103 reprezint\u0103 aproape o treime din actuala suprafa\u0163\u0103 \u00eemp\u0103durit\u0103 de\u0163inut\u0103 de Romsilva. Conform Direc\u0163iei SIlvice, \u015fi \u00een Timi\u015f suprafa\u0163a de lemn recoltat\u0103 a crescut \u00een ultimii zece ani, de la 251.000 de metri cubi la 295.000 de metri cubi, cre\u015fterea fiind de 18%, de\u015fi, \u0163in\u00e2nd cont de specificul jude\u0163ului, ar fi trebuit s\u0103 se \u00eenregistreze o sc\u0103dere, nu o cre\u015ftere a exploat\u0103rii lemnului.\n<\/p>\n<p>\n\tAristotel Vi\u015foiu, afirm\u0103 c\u0103 problemele cele mai mari, din punct de vedere al defri\u015f\u0103rilor, sunt \u00een zona Lugoj \u2013 Victor Vlad Delamarina.\n<\/p>\n<p><em>\u201cDificult\u0103\u0163i avem \u015fi la Criciova, unde deja ne zbatem de ani buni s\u0103 combatem defri\u015f\u0103rile ilegale. \u00cens\u0103 ar trebui mediatizate nu doar problemele legate de defri\u015f\u0103ri, ci \u015fi faptul c\u0103 am reu\u015fit s\u0103 realiz\u0103m ni\u015fte planta\u0163ii foarte frumoase, la Uivar \u015fi Biled\u201d,<\/em> sus\u0163ine \u015feful Inspectoratul Silvic.\n<\/p>\n<p>\n\tAici s-au f\u0103cut \u015fi cele mai multe retroced\u0103ri pe suprafe\u0163e mici, iar noii proprietari s-au dovedit reticen\u0163i la contractarea serviciilor de paz\u0103 ale Inspectoratului Silvic. Aceasta, de\u015fi tarifele practicate pentru aceste servicii sunt mai degrab\u0103 simbolice. Refuzul contract\u0103rii serviciilor de paz\u0103 a fost interesat, \u00een majoritatea cazurilor, pentru c\u0103, f\u0103r\u0103 paz\u0103, proprietarii au putut s\u0103 fac\u0103 defri\u015f\u0103ri ilegale \u015fi s\u0103 v\u00e2nd\u0103 lemnul diver\u015filor c\u0103r\u0103u\u015fi\u201d.\n<\/p>\n<p>\n\tProblema legat\u0103 de refuzul de paz\u0103 este cu at\u00e2t mai complicat\u0103 cu c\u00e2t unii proprietari care nu sunt interesa\u0163i de contractarea pazei, pentru a putea t\u0103ia lemn ilegal, \u015fi nu \u00ee\u015fi intabuleaz\u0103 suprafe\u0163ele primite mo\u015ftenire. <em>\u201c\u00cen aceste condi\u0163ii este foarte greu s\u0103 se \u00eencheie contracte de paz\u0103, pentru c\u0103 aceste contracte nu se pot \u00eencheia cu mor\u0163ii care figureaz\u0103 \u00een acte ca proprietari pe suprafa\u0163a \u00eemp\u0103durit\u0103. Un astfel de contract nu se poate face dec\u00e2t cu o persoan\u0103 \u00een via\u0163\u0103\u201d<\/em>, ne-a precizat inginerul silvic <strong>Valer Bercea<\/strong>, purt\u0103torul de cuv\u00e2nt al Direc\u0163iei Silvice Timi\u015foara.<\/p>\n<div id=\"metaslider-id-56545\" class=\"ml-slider-3-18-9 metaslider metaslider-responsive metaslider-56545 ml-slider nav-hidden nav-hidden nav-hidden\">\n<div id=\"metaslider_container_56545\">\n<ul id=\"metaslider_56545\" class=\"rslides\">\n<li><a href=\"https:\/\/iuliustown.ro\/ro\" target=\"_blank\"><img decoding=\"async\" width=\"610\" height=\"260\" loading=\"lazy\" title=\"Banner Iulius Town - decembrie 2025 - 610x260\" class=\"slider-56545 slide-60736 lazyload\" src=\"https:\/\/analyse.optim.biz\/wp-content\/uploads\/2025\/12\/banner-iulius-town-decembrie-2025-610x260-1-52.png\"><img decoding=\"async\" width=\"610\" height=\"260\" src=\"https:\/\/analyse.optim.biz\/wp-content\/uploads\/2025\/12\/banner-iulius-town-decembrie-2025-610x260-1-52.png\" class=\"slider-56545 slide-60736\" loading=\"lazy\" title=\"Banner Iulius Town - decembrie 2025 - 610x260\"><\/a><\/li>\n<\/ul>\n<\/div>\n<\/div>\n<div class=\"printfriendly pf-alignright\"><a href=\"https:\/\/timpolis.ro\/fondul-forestier-al-romaniei-a-crescut-cu-peste-9-000-de-hectare-in-2013\/\" rel=\"nofollow\" title=\"Printer Friendly, PDF &amp; Email\"><img decoding=\"async\" alt=\"Print Friendly, PDF &amp; Email\" class=\"lazyload\" src=\"https:\/\/analyse.optim.biz\/wp-content\/uploads\/2025\/12\/print-button-52.png\" title=\"print-button-52\"><img decoding=\"async\" src=\"https:\/\/analyse.optim.biz\/wp-content\/uploads\/2025\/12\/print-button-52.png\" alt=\"Print Friendly, PDF &amp; Email\" title=\"print-button-52\"><\/a><\/div>\n<\/div>\n<p> Source URL: https:\/\/timpolis.ro\/fondul-forestier-al-romaniei-a-crescut-cu-peste-9-000-de-hectare-in-2013\/<\/p>\n","protected":false},"excerpt":{"rendered":"<p>Institutul Na\u0163ional de Statistic\u0103 anun\u0163\u0103 c\u0103, anul trecut, fondul forestier din Rom\u00e2nia ar fi crescut cu aproximativ 9.000 de hectare. Aceste date sunt \u00eens\u0103 doar scriptice \u015fi pot s\u0103 nu corespund\u0103 cu realitatea, a\u015fa cum a dovedit situa\u0163ia \u201cp\u0103durii invizibile\u201d descoperite de Curtea de Conturi la Cenad, \u00eentr-o anchet\u0103 care nu a mai dus nic\u0103ieri. [&hellip;]<\/p>\n","protected":false},"author":1,"featured_media":1085777,"comment_status":"open","ping_status":"","sticky":false,"template":"","format":"standard","meta":{"footnotes":""},"categories":[89],"tags":[202],"class_list":["post-1085776","post","type-post","status-publish","format-standard","has-post-thumbnail","hentry","category-romania","tag-timpolis-ro"],"_links":{"self":[{"href":"https:\/\/analyse.optim.biz\/index.php?rest_route=\/wp\/v2\/posts\/1085776","targetHints":{"allow":["GET"]}}],"collection":[{"href":"https:\/\/analyse.optim.biz\/index.php?rest_route=\/wp\/v2\/posts"}],"about":[{"href":"https:\/\/analyse.optim.biz\/index.php?rest_route=\/wp\/v2\/types\/post"}],"author":[{"embeddable":true,"href":"https:\/\/analyse.optim.biz\/index.php?rest_route=\/wp\/v2\/users\/1"}],"replies":[{"embeddable":true,"href":"https:\/\/analyse.optim.biz\/index.php?rest_route=%2Fwp%2Fv2%2Fcomments&post=1085776"}],"version-history":[{"count":0,"href":"https:\/\/analyse.optim.biz\/index.php?rest_route=\/wp\/v2\/posts\/1085776\/revisions"}],"wp:featuredmedia":[{"embeddable":true,"href":"https:\/\/analyse.optim.biz\/index.php?rest_route=\/wp\/v2\/media\/1085777"}],"wp:attachment":[{"href":"https:\/\/analyse.optim.biz\/index.php?rest_route=%2Fwp%2Fv2%2Fmedia&parent=1085776"}],"wp:term":[{"taxonomy":"category","embeddable":true,"href":"https:\/\/analyse.optim.biz\/index.php?rest_route=%2Fwp%2Fv2%2Fcategories&post=1085776"},{"taxonomy":"post_tag","embeddable":true,"href":"https:\/\/analyse.optim.biz\/index.php?rest_route=%2Fwp%2Fv2%2Ftags&post=1085776"}],"curies":[{"name":"wp","href":"https:\/\/api.w.org\/{rel}","templated":true}]}}