{"id":1085736,"date":"2025-07-15T12:13:59","date_gmt":"2025-07-15T09:13:59","guid":{"rendered":"https:\/\/analyse.optim.biz\/?p=1085736"},"modified":"2025-07-15T12:13:59","modified_gmt":"2025-07-15T09:13:59","slug":"zboruri-zilnice-timisoara-bucuresti-din-octombrie-cu-animawings","status":"publish","type":"post","link":"https:\/\/analyse.optim.biz\/?p=1085736","title":{"rendered":"Zboruri zilnice Timi\u0219oara\u2013Bucure\u0219ti din octombrie, cu Animawings"},"content":{"rendered":"<article id=\"template-id-172790\" class=\"post-172790 tdb_templates type-tdb_templates status-publish post\">\n<div id=\"tdi_38\" class=\"tdc-zone\">\n<div class=\"tdc_zone tdi_39  wpb_row td-pb-row\">\n<div id=\"tdi_40\" class=\"tdc-row stretch_row_1400 td-stretch-content\">\n<div class=\"vc_row tdi_41  wpb_row td-pb-row tdc-element-style\">\n<div class=\"vc_column tdi_43  wpb_column vc_column_container tdc-column td-pb-span8\">\n<div class=\"wpb_wrapper\">\n<div class=\"td_block_wrap tdb_single_categories tdi_44 td-pb-border-top td_block_template_1 \" data-td-block-uid=\"tdi_44\">\n<div class=\"tdb-category td-fix-index\"><a class=\"tdb-entry-category\" href=\"https:\/\/voceatimisului.ro\/stiri-din-timisoara-si-timis\/\">\u0218tiri<\/a><a class=\"tdb-entry-category\" href=\"https:\/\/voceatimisului.ro\/utile\/\">Utile<\/a><\/div>\n<\/div>\n<div class=\"td_block_wrap tdb_title tdi_45 tdb-single-title td-pb-border-top td_block_template_1\" data-td-block-uid=\"tdi_45\">\n<div class=\"tdb-block-inner td-fix-index\">\n<h1 class=\"tdb-title-text\">Zboruri zilnice Timi\u0219oara\u2013Bucure\u0219ti din octombrie, cu Animawings<\/h1>\n<\/div>\n<\/div>\n<div class=\"td_block_wrap tdb_single_subtitle tdi_46 td-pb-border-top td_block_template_1\" data-td-block-uid=\"tdi_46\">\n<div class=\"tdb-block-inner td-fix-index\">\n<h2>Compania aerian\u0103 introduce 12 curse s\u0103pt\u0103m\u00e2nale c\u0103tre Capital\u0103, cu pre\u021buri ce pornesc de la 29,99 euro pe segment.<\/h2>\n<\/div>\n<\/div>\n<div class=\"vc_row_inner tdi_48  vc_row vc_inner wpb_row td-pb-row\">\n<div class=\"vc_column_inner tdi_50  wpb_column vc_column_container tdc-inner-column td-pb-span6\">\n<div class=\"vc_column-inner\">\n<div class=\"wpb_wrapper\">\n<div class=\"td_block_wrap tdb_single_author tdi_51 td-pb-border-top td_block_template_1 tdb-post-meta\" data-td-block-uid=\"tdi_51\">\n<div class=\"tdb-block-inner td-fix-index\">\n<div class=\"tdb-author-name-wrap\"><span class=\"tdb-author-by\">Autor-<\/span><a class=\"tdb-author-name\" href=\"https:\/\/voceatimisului.ro\/author\/marta-stirbey\/\">Marta Stirbey<\/a><\/div>\n<\/div>\n<\/div>\n<div class=\"td_block_wrap tdb_single_date tdi_52 td-pb-border-top td_block_template_1 tdb-post-meta\" data-td-block-uid=\"tdi_52\">\n<div class=\"tdb-block-inner td-fix-index\"><time class=\"entry-date updated td-module-date\" datetime=\"2025-07-15T15:13:59+03:00\">15 iulie 2025<\/time><\/div>\n<\/div>\n<div class=\"td_block_wrap tdb_single_comments_count tdi_53 td-pb-border-top td_block_template_1 tdb-post-meta\" data-td-block-uid=\"tdi_53\">\n<div class=\"tdb-block-inner td-fix-index\"><a href=\"https:\/\/voceatimisului.ro\/zboruri-zilnice-timisoara-bucuresti-din-octombrie-cu-animawings\/#respond\"><span>0<\/span><\/a><\/div>\n<\/div>\n<div class=\"td_block_wrap tdb_single_post_views tdi_54 td-pb-border-top td_block_template_1 tdb-post-meta\" data-td-block-uid=\"tdi_54\">\n<div class=\"tdb-block-inner td-fix-index\"><span class=\"tdb-add-text\">1<\/span><span class=\"td-nr-views-173980\">206<\/span><\/div>\n<\/div>\n<\/div>\n<\/div>\n<\/div>\n<div class=\"vc_column_inner tdi_56  wpb_column vc_column_container tdc-inner-column td-pb-span6\">\n<div class=\"vc_column-inner\">\n<div class=\"wpb_wrapper\">\n<div class=\"td_block_wrap tdb_single_post_share tdi_57  td-pb-border-top td_block_template_1\" data-td-block-uid=\"tdi_57\">\n<div id=\"tdi_57\" class=\"td-post-sharing tdb-block td-ps-bg td-ps-notext td-post-sharing-style1 \">\n<div class=\"td-post-sharing-visible\"><a class=\"td-social-sharing-button td-social-sharing-button-js td-social-network td-social-facebook\" href=\"https:\/\/www.facebook.com\/sharer.php?u=https%3A%2F%2Fvoceatimisului.ro%2Fzboruri-zilnice-timisoara-bucuresti-din-octombrie-cu-animawings%2F\" title=\"Facebook\" rel=\"noopener\"><\/p>\n<div class=\"td-social-but-text\">Facebook<\/div>\n<p><\/a><a class=\"td-social-sharing-button td-social-sharing-button-js td-social-network td-social-twitter\" href=\"https:\/\/twitter.com\/intent\/tweet?text=Zboruri+zilnice+Timi%C8%99oara%E2%80%93Bucure%C8%99ti+din+octombrie%2C+cu+Animawings&amp;url=https%3A%2F%2Fvoceatimisului.ro%2Fzboruri-zilnice-timisoara-bucuresti-din-octombrie-cu-animawings%2F&amp;via=Vocea+Timisului\" title=\"Twitter\" rel=\"noopener\"><\/p>\n<div class=\"td-social-but-text\">Twitter<\/div>\n<p><\/a><a class=\"td-social-sharing-button td-social-sharing-button-js td-social-network td-social-pinterest\" href=\"https:\/\/pinterest.com\/pin\/create\/button\/?url=https:\/\/voceatimisului.ro\/zboruri-zilnice-timisoara-bucuresti-din-octombrie-cu-animawings\/&amp;media=https:\/\/voceatimisului.ro\/wp-content\/uploads\/2025\/07\/Animawings.jpg&amp;description=Zboruri+zilnice+Timi%C8%99oara%E2%80%93Bucure%C8%99ti+din+octombrie%2C+cu+Animawings\" title=\"Pinterest\" rel=\"noopener\"><\/p>\n<div class=\"td-social-but-text\">Pinterest<\/div>\n<p><\/a><a class=\"td-social-sharing-button td-social-sharing-button-js td-social-network td-social-whatsapp\" href=\"https:\/\/api.whatsapp.com\/send?text=Zboruri+zilnice+Timi%C8%99oara%E2%80%93Bucure%C8%99ti+din+octombrie%2C+cu+Animawings%20%0A%0A%20https:\/\/voceatimisului.ro\/zboruri-zilnice-timisoara-bucuresti-din-octombrie-cu-animawings\/\" title=\"WhatsApp\" rel=\"noopener\"><\/p>\n<div class=\"td-social-but-text\">WhatsApp<\/div>\n<p><\/a><a class=\"td-social-sharing-button td-social-sharing-button-js td-social-network td-social-linkedin\" href=\"https:\/\/www.linkedin.com\/shareArticle?mini=true&amp;url=https:\/\/voceatimisului.ro\/zboruri-zilnice-timisoara-bucuresti-din-octombrie-cu-animawings\/&amp;title=Zboruri+zilnice+Timi%C8%99oara%E2%80%93Bucure%C8%99ti+din+octombrie%2C+cu+Animawings\" title=\"Linkedin\" rel=\"noopener\"><\/p>\n<div class=\"td-social-but-text\">Linkedin<\/div>\n<p><\/a><a class=\"td-social-sharing-button td-social-sharing-button-js td-social-network td-social-copy_url\" href=\"https:\/\/voceatimisului.ro\/zboruri-zilnice-timisoara-bucuresti-din-octombrie-cu-animawings\/\" title=\"Copy URL\" rel=\"noopener\"><\/p>\n<div class=\"td-social-but-text\">Copy URL<\/div>\n<p><\/a><\/div>\n<\/div>\n<\/div>\n<\/div>\n<\/div>\n<\/div>\n<\/div>\n<div class=\"td_block_wrap tdb_single_featured_image tdi_58 tdb-content-horiz-left td-pb-border-top td_block_template_1\" data-td-block-uid=\"tdi_58\">\n<div class=\"tdb-block-inner td-fix-index\"><img fetchpriority=\"high\" decoding=\"async\" width=\"696\" height=\"696\" class=\"entry-thumb\" src=\"https:\/\/analyse.optim.biz\/wp-content\/uploads\/2025\/12\/animawings-696x696-1.jpg\" alt=\"Animawings\" title=\"Animawings\" loading=\"eager\"><\/div>\n<\/div>\n<div class=\"vc_row_inner tdi_60  vc_row vc_inner wpb_row td-pb-row\">\n<div class=\"vc_column_inner tdi_62  wpb_column vc_column_container tdc-inner-column td-pb-span4 td-is-sticky\">\n<div class=\"vc_column-inner\">\n<div class=\"wpb_wrapper\" data-sticky-enabled-on=\"W3RydWUsdHJ1ZSx0cnVlLHRydWVd\" data-sticky-offset=\"20\" data-sticky-is-width-auto=\"W2ZhbHNlLGZhbHNlLGZhbHNlLGZhbHNlXQ==\">\n<div class=\"td_block_wrap td_flex_block_1 tdi_63 td-pb-border-top td_block_template_1 td_ajax_preloading_preload td_flex_block\" data-td-block-uid=\"tdi_63\">\n<div id=\"tdi_63\" class=\"td_block_inner td-mc1-wrap\">\n<div class=\"td_module_flex td_module_flex_1 td_module_wrap td-animation-stack td-meta-info-hide td-cpt-post\">\n<div class=\"td-module-container td-category-pos-image\">\n<div class=\"td-module-meta-info\">\n<h3 class=\"entry-title td-module-title\"><a href=\"https:\/\/voceatimisului.ro\/animawings-lanseaza-cinci-rute-noi-de-la-timisoara-din-sezonul-estival-2026\/\" rel=\"bookmark\" title=\"AnimaWings lanseaz\u0103 cinci rute noi de la Timi\u0219oara din sezonul estival 2026\">AnimaWings lanseaz\u0103 cinci rute noi de la Timi\u0219oara din sezonul estival 2026<\/a><\/h3>\n<\/div>\n<\/div>\n<\/div>\n<div class=\"td_module_flex td_module_flex_1 td_module_wrap td-animation-stack td-meta-info-hide td-cpt-post\">\n<div class=\"td-module-container td-category-pos-image\">\n<div class=\"td-module-meta-info\">\n<h3 class=\"entry-title td-module-title\"><a href=\"https:\/\/voceatimisului.ro\/wizz-air-aduce-o-a-treia-aeronava-la-timisoara-si-lanseaza-cinci-rute-noi\/\" rel=\"bookmark\" title=\"Wizz Air aduce o a treia aeronav\u0103 la Timi\u0219oara \u0219i lanseaz\u0103 cinci rute noi\">Wizz Air aduce o a treia aeronav\u0103 la Timi\u0219oara \u0219i lanseaz\u0103 cinci rute noi<\/a><\/h3>\n<\/div>\n<\/div>\n<\/div>\n<div class=\"td_module_flex td_module_flex_1 td_module_wrap td-animation-stack td-meta-info-hide td-cpt-post\">\n<div class=\"td-module-container td-category-pos-image\">\n<div class=\"td-module-meta-info\">\n<h3 class=\"entry-title td-module-title\"><a href=\"https:\/\/voceatimisului.ro\/animawings-isi-extinde-prezenta-la-timisoara-zboruri-directe-spre-bucuresti-istanbul-si-dubai\/\" rel=\"bookmark\" title=\"AnimaWings \u00ee\u0219i extinde prezen\u021ba la Timi\u0219oara: zboruri directe spre Bucure\u0219ti, Istanbul \u0219i Dubai\">AnimaWings \u00ee\u0219i extinde prezen\u021ba la Timi\u0219oara: zboruri directe spre Bucure\u0219ti, Istanbul \u0219i Dubai<\/a><\/h3>\n<\/div>\n<\/div>\n<\/div>\n<div class=\"td_module_flex td_module_flex_1 td_module_wrap td-animation-stack td-meta-info-hide td-cpt-post\">\n<div class=\"td-module-container td-category-pos-image\">\n<div class=\"td-module-meta-info\">\n<h3 class=\"entry-title td-module-title\"><a href=\"https:\/\/voceatimisului.ro\/aeroportul-international-timisoara-a-inregistrat-pasagerul-cu-numarul-1-milion-in-2025\/\" rel=\"bookmark\" title=\"Aeroportul Interna\u021bional Timi\u0219oara a \u00eenregistrat pasagerul cu num\u0103rul 1 milion \u00een 2025\">Aeroportul Interna\u021bional Timi\u0219oara a \u00eenregistrat pasagerul cu num\u0103rul 1 milion \u00een 2025<\/a><\/h3>\n<\/div>\n<\/div>\n<\/div>\n<\/div>\n<\/div>\n<div class=\"tdb-author-box td_block_wrap tdb_single_author_box tdi_68 tdb-content-vert-top td-pb-border-top td_block_template_1\" data-td-block-uid=\"tdi_68\">\n<div class=\"tdb-block-inner td-fix-index\">\n<div class=\"tdb-author-info\"><a href=\"https:\/\/voceatimisului.ro\/author\/marta-stirbey\/\" class=\"tdb-author-name\">Marta Stirbey<\/a><\/p>\n<div class=\"tdb-author-descr\">\u00centreaga responsabilitate a comentariilor l\u0103sate de dumneavoastr\u0103 v\u0103 apar\u021bine!<br \/>\nClick <a href=\"https:\/\/voceatimisului.ro\/termeni-si-conditii\/\">aici<\/a>-citeste condi\u0163iile de utilizare ale site-ului www.voceatimisului.ro<\/div>\n<\/div>\n<\/div>\n<\/div>\n<\/div>\n<\/div>\n<\/div>\n<div class=\"vc_column_inner tdi_70  wpb_column vc_column_container tdc-inner-column td-pb-span8\">\n<div class=\"vc_column-inner\">\n<div class=\"wpb_wrapper\">\n<div class=\"td_block_wrap tdb_single_content tdi_71 td-pb-border-top td_block_template_1 td-post-content tagdiv-type\" data-td-block-uid=\"tdi_71\">\n<div class=\"tdb-block-inner td-fix-index\">\n<h2 class=\"wp-block-heading\">\u00cencep\u00e2nd din luna octombrie 2025, compania aerian\u0103 Animawings va introduce zboruri zilnice pe ruta Timi\u0219oara\u2013Bucure\u0219ti. Anun\u021bul a fost f\u0103cut de reprezentan\u021bii Aeroportului Interna\u021bional \u201eTraian Vuia\u201d din Timi\u0219oara, care transmit c\u0103 pasagerii vor avea la dispozi\u021bie un total de 12 zboruri s\u0103pt\u0103m\u00e2nale c\u0103tre capital\u0103.<\/h2>\n<p>Potrivit companiei, biletele pornesc de la 29,99 euro pe segment, iar rezerv\u0103rile sunt deja disponibile pe site-ul oficial <a href=\"https:\/\/www.animawings.com\" target=\"_blank\" rel=\"noreferrer noopener\">www.animawings.com<\/a>.<\/p>\n<p>Aceast\u0103 nou\u0103 frecven\u021b\u0103 zilnic\u0103 vine \u00een sprijinul pasagerilor care c\u0103l\u0103toresc frecvent \u00een interes de serviciu sau pentru motive personale, oferind o alternativ\u0103 competitiv\u0103 la cursele existente operate de TAROM \u0219i HiSky. Cre\u0219terea conectivit\u0103\u021bii \u00eentre vestul \u021b\u0103rii \u0219i Capital\u0103 reprezint\u0103 un pas important \u00een dezvoltarea mobilit\u0103\u021bii regionale \u0219i \u00een sprijinirea mediului de afaceri din Timi\u0219oara.<\/p>\n<p>Oficialii aeroportului se a\u0219teapt\u0103 ca noua rut\u0103 s\u0103 aib\u0103 un impact pozitiv \u0219i asupra traficului de pasageri, \u00een contextul \u00een care tot mai mul\u021bi rom\u00e2ni aleg transportul aerian pentru deplas\u0103rile interne.<\/p>\n<\/div>\n<\/div>\n<div class=\"td_block_wrap tdb_single_tags tdi_74 td-pb-border-top td_block_template_1\" data-td-block-uid=\"tdi_74\">\n<div class=\"tdb-block-inner td-fix-index\">\n<ul class=\"tdb-tags\">\n<li><span>Tags<\/span><\/li>\n<li><a href=\"https:\/\/voceatimisului.ro\/tag\/aeroportul-international-timisoara\/\">aeroportul international timisoara<\/a><\/li>\n<li><a href=\"https:\/\/voceatimisului.ro\/tag\/aeroportul-traian-vuia\/\">aeroportul Traian Vuia<\/a><\/li>\n<li><a href=\"https:\/\/voceatimisului.ro\/tag\/animawings\/\">AnimaWings<\/a><\/li>\n<li><a href=\"https:\/\/voceatimisului.ro\/tag\/zboruri-directe-bucuresti\/\">zboruri directe bucuresti<\/a><\/li>\n<\/ul>\n<\/div>\n<\/div>\n<div class=\"td_block_wrap tdb_single_post_share tdi_75  td-pb-border-top td_block_template_1\" data-td-block-uid=\"tdi_75\">\n<div id=\"tdi_75\" class=\"td-post-sharing tdb-block td-ps-bg td-ps-notext td-post-sharing-style1 \">\n<div class=\"td-post-sharing-visible\"><a class=\"td-social-sharing-button td-social-sharing-button-js td-social-network td-social-facebook\" href=\"https:\/\/www.facebook.com\/sharer.php?u=https%3A%2F%2Fvoceatimisului.ro%2Fzboruri-zilnice-timisoara-bucuresti-din-octombrie-cu-animawings%2F\" title=\"Facebook\" rel=\"noopener\"><\/p>\n<div class=\"td-social-but-text\">Facebook<\/div>\n<p><\/a><a class=\"td-social-sharing-button td-social-sharing-button-js td-social-network td-social-twitter\" href=\"https:\/\/twitter.com\/intent\/tweet?text=Zboruri+zilnice+Timi%C8%99oara%E2%80%93Bucure%C8%99ti+din+octombrie%2C+cu+Animawings&amp;url=https%3A%2F%2Fvoceatimisului.ro%2Fzboruri-zilnice-timisoara-bucuresti-din-octombrie-cu-animawings%2F&amp;via=Vocea+Timisului\" title=\"Twitter\" rel=\"noopener\"><\/p>\n<div class=\"td-social-but-text\">Twitter<\/div>\n<p><\/a><a class=\"td-social-sharing-button td-social-sharing-button-js td-social-network td-social-pinterest\" href=\"https:\/\/pinterest.com\/pin\/create\/button\/?url=https:\/\/voceatimisului.ro\/zboruri-zilnice-timisoara-bucuresti-din-octombrie-cu-animawings\/&amp;media=https:\/\/voceatimisului.ro\/wp-content\/uploads\/2025\/07\/Animawings.jpg&amp;description=Zboruri+zilnice+Timi%C8%99oara%E2%80%93Bucure%C8%99ti+din+octombrie%2C+cu+Animawings\" title=\"Pinterest\" rel=\"noopener\"><\/p>\n<div class=\"td-social-but-text\">Pinterest<\/div>\n<p><\/a><a class=\"td-social-sharing-button td-social-sharing-button-js td-social-network td-social-whatsapp\" href=\"https:\/\/api.whatsapp.com\/send?text=Zboruri+zilnice+Timi%C8%99oara%E2%80%93Bucure%C8%99ti+din+octombrie%2C+cu+Animawings%20%0A%0A%20https:\/\/voceatimisului.ro\/zboruri-zilnice-timisoara-bucuresti-din-octombrie-cu-animawings\/\" title=\"WhatsApp\" rel=\"noopener\"><\/p>\n<div class=\"td-social-but-text\">WhatsApp<\/div>\n<p><\/a><a class=\"td-social-sharing-button td-social-sharing-button-js td-social-network td-social-linkedin\" href=\"https:\/\/www.linkedin.com\/shareArticle?mini=true&amp;url=https:\/\/voceatimisului.ro\/zboruri-zilnice-timisoara-bucuresti-din-octombrie-cu-animawings\/&amp;title=Zboruri+zilnice+Timi%C8%99oara%E2%80%93Bucure%C8%99ti+din+octombrie%2C+cu+Animawings\" title=\"Linkedin\" rel=\"noopener\"><\/p>\n<div class=\"td-social-but-text\">Linkedin<\/div>\n<p><\/a><a class=\"td-social-sharing-button td-social-sharing-button-js td-social-network td-social-copy_url\" href=\"https:\/\/voceatimisului.ro\/zboruri-zilnice-timisoara-bucuresti-din-octombrie-cu-animawings\/\" title=\"Copy URL\" rel=\"noopener\"><\/p>\n<div class=\"td-social-but-text\">Copy URL<\/div>\n<p><\/a><\/div>\n<\/div>\n<\/div>\n<div class=\"td_block_wrap tdb_single_next_prev tdi_76 td-animation-stack td-next-prev-img-on td-pb-border-top td_block_template_1\" data-td-block-uid=\"tdi_76\">\n<div class=\"tdb-block-inner td-fix-index\">\n<div class=\"tdb-next-post tdb-next-post-bg tdb-post-prev\"><span>Articolul precedent<\/span><\/p>\n<div class=\"td-module-container\">\n<div class=\"td-image-container\"><a class=\"td-image-wrap\" href=\"https:\/\/voceatimisului.ro\/mcs-united-aduce-hip-hop-ul-local-la-bastion-pe-19-iulie\/\"><img loading=\"lazy\" decoding=\"async\" class=\"td-next-prev-image td-fix-index td-lazy-img\" title=\"MCs United aduce hip-hop-ul local la Bastion, pe 19 iulie\" width=\"696\" height=\"696\" src=\"https:\/\/analyse.optim.biz\/wp-content\/uploads\/2025\/12\/mcs-united-696x696-1.jpg\"><\/a><\/div>\n<div class=\"next-prev-title\"><a href=\"https:\/\/voceatimisului.ro\/mcs-united-aduce-hip-hop-ul-local-la-bastion-pe-19-iulie\/\">MCs United aduce hip-hop-ul local la Bastion, pe 19 iulie<\/a><\/div>\n<\/div>\n<\/div>\n<div class=\"tdb-next-post tdb-next-post-bg tdb-post-next\"><span>Articolul urm\u0103tor<\/span><\/p>\n<div class=\"td-module-container\">\n<div class=\"td-image-container\"><a class=\"td-image-wrap\" href=\"https:\/\/voceatimisului.ro\/institutul-oncologic-timisoara-incepe-constructia-dupa-demolarea-cladirii-abandonate\/\"><img loading=\"lazy\" decoding=\"async\" class=\"td-next-prev-image td-fix-index td-lazy-img\" title=\"Institutul Oncologic Timi\u0219oara: \u00eencepe construc\u021bia, dup\u0103 demolarea cl\u0103dirii abandonate\" width=\"696\" height=\"464\" src=\"https:\/\/analyse.optim.biz\/wp-content\/uploads\/2025\/12\/institutul-oncologic-timisoara5-696x464-1.jpg\"><\/a><\/div>\n<div class=\"next-prev-title\"><a href=\"https:\/\/voceatimisului.ro\/institutul-oncologic-timisoara-incepe-constructia-dupa-demolarea-cladirii-abandonate\/\">Institutul Oncologic Timi\u0219oara: \u00eencepe construc\u021bia, dup\u0103 demolarea cl\u0103dirii abandonate<\/a><\/div>\n<\/div>\n<\/div>\n<\/div>\n<\/div>\n<\/div>\n<\/div>\n<\/div>\n<\/div>\n<div class=\"vc_row_inner tdi_86  vc_row vc_inner wpb_row td-pb-row\">\n<div class=\"vc_column_inner tdi_88  wpb_column vc_column_container tdc-inner-column td-pb-span4 td-is-sticky\">\n<div class=\"vc_column-inner\">\n<div class=\"wpb_wrapper\" data-sticky-enabled-on=\"W3RydWUsdHJ1ZSx0cnVlLHRydWVd\" data-sticky-offset=\"20\" data-sticky-is-width-auto=\"W2ZhbHNlLGZhbHNlLGZhbHNlLGZhbHNlXQ==\">\n<div class=\"td_block_wrap tdb_single_related tdi_89 td_with_ajax_pagination td-pb-border-top td_block_template_1 tdb-single-related-posts\" data-td-block-uid=\"tdi_89\">\n<div id=\"tdi_89\" class=\"td_block_inner tdb-block-inner td-fix-index\">\n<div class=\"tdb_module_related td_module_wrap td-animation-stack td-meta-info-hide\">\n<div class=\"td-module-container td-category-pos-image\">\n<div class=\"td-module-meta-info\">\n<h3 class=\"entry-title td-module-title\"><a href=\"https:\/\/voceatimisului.ro\/ministerul-transporturilor-aproba-opt-proiecte-pentru-energie-verde-la-aerodromuri-cu-finantare-de-260-milioane-lei\/\" rel=\"bookmark\" title=\"Ministerul Transporturilor aprob\u0103 opt proiecte pentru energie verde la aerodromuri, cu finan\u021bare de 260 milioane lei\">Ministerul Transporturilor aprob\u0103 opt proiecte pentru energie verde la aerodromuri, cu finan\u021bare de 260 milioane lei<\/a><\/h3>\n<\/div>\n<\/div>\n<\/div>\n<div class=\"tdb_module_related td_module_wrap td-animation-stack td-meta-info-hide\">\n<div class=\"td-module-container td-category-pos-image\">\n<div class=\"td-module-meta-info\">\n<h3 class=\"entry-title td-module-title\"><a href=\"https:\/\/voceatimisului.ro\/animawings-a-transportat-peste-300-000-de-pasageri-in-sezonul-estival-si-isi-dubleaza-operatiunile-pana-la-final-de-an\/\" rel=\"bookmark\" title=\"AnimaWings a transportat peste 300.000 de pasageri \u00een sezonul estival \u0219i \u00ee\u0219i dubleaz\u0103 opera\u021biunile p\u00e2n\u0103 la final de an\">AnimaWings a transportat peste 300.000 de pasageri \u00een sezonul estival \u0219i \u00ee\u0219i dubleaz\u0103 opera\u021biunile p\u00e2n\u0103 la final de an<\/a><\/h3>\n<\/div>\n<\/div>\n<\/div>\n<div class=\"tdb_module_related td_module_wrap td-animation-stack td-meta-info-hide\">\n<div class=\"td-module-container td-category-pos-image\">\n<div class=\"td-module-meta-info\">\n<h3 class=\"entry-title td-module-title\"><a href=\"https:\/\/voceatimisului.ro\/parcarea-aeroportului-timisoara-pastreaza-tarifele-neschimbate-si-facilitati-noi-pentru-calatori\/\" rel=\"bookmark\" title=\"Parcarea Aeroportului Timi\u0219oara, p\u0103streaz\u0103 tarifele neschimbate \u0219i facilit\u0103\u021bi noi pentru c\u0103l\u0103tori\">Parcarea Aeroportului Timi\u0219oara, p\u0103streaz\u0103 tarifele neschimbate \u0219i facilit\u0103\u021bi noi pentru c\u0103l\u0103tori<\/a><\/h3>\n<\/div>\n<\/div>\n<\/div>\n<\/div>\n<\/div>\n<\/div>\n<\/div>\n<\/div>\n<div class=\"vc_column_inner tdi_91  wpb_column vc_column_container tdc-inner-column td-pb-span8\">\n<div class=\"vc_column-inner\">\n<div class=\"wpb_wrapper\">\n<div class=\"td_block_wrap tdb_single_comments tdi_92 tdb-comm-layout2 td-pb-border-top td_block_template_2\" data-td-block-uid=\"tdi_92\">\n<div class=\"tdb-block-inner td-fix-index\">\n<div class=\"comments\" id=\"comments\">\n<div id=\"respond\" class=\"comment-respond\">\n<h3 id=\"reply-title\" class=\"comment-reply-title\">L\u0102SA\u021aI UN MESAJ <small><a rel=\"nofollow\" id=\"cancel-comment-reply-link\" href=\"https:\/\/voceatimisului.ro\/zboruri-zilnice-timisoara-bucuresti-din-octombrie-cu-animawings\/#respond\">Renun\u021ba\u021bi la r\u0103spuns<\/a><\/small><\/h3>\n<div class=\"comment-form-input-wrap td-form-comment\">\n<div class=\"td-warning-comment\">V\u0103 rug\u0103m s\u0103 introduce\u021bi comentariul dvs.!<\/div>\n<\/div>\n<div class=\"comment-form-input-wrap td-form-author\">\n<div class=\"td-warning-author\">Introduce\u021bi aici numele dvs.<\/div>\n<\/div>\n<div class=\"comment-form-input-wrap td-form-email\">\n<div class=\"td-warning-email-error\">A\u021bi introdus o adres\u0103 de e-mail incorect\u0103!<\/div>\n<div class=\"td-warning-email\">V\u0103 rug\u0103m s\u0103 introduce\u021bi adresa dvs. de e-mail aici<\/div>\n<\/div>\n<\/div>\n<\/div>\n<\/div>\n<\/div>\n<\/div>\n<\/div>\n<\/div>\n<\/div>\n<\/div>\n<\/div>\n<div class=\"vc_column tdi_94  wpb_column vc_column_container tdc-column td-pb-span4 td-is-sticky\">\n<div class=\"wpb_wrapper\" data-sticky-enabled-on=\"W3RydWUsdHJ1ZSx0cnVlLHRydWVd\" data-sticky-offset=\"20\" data-sticky-is-width-auto=\"W2ZhbHNlLGZhbHNlLGZhbHNlLGZhbHNlXQ==\">\n<div class=\"vc_row_inner tdi_96  vc_row vc_inner wpb_row td-pb-row\">\n<div class=\"vc_column_inner tdi_98  wpb_column vc_column_container tdc-inner-column td-pb-span12\">\n<div class=\"vc_column-inner\">\n<div class=\"wpb_wrapper\">\n<div class=\"td_block_wrap td_block_title tdi_99 td-pb-border-top td_block_template_11 td-fix-index\" data-td-block-uid=\"tdi_99\">\n<div class=\"td-block-title-wrap\">\n<h4 class=\"td-block-title\"><span class=\"td-pulldown-size\">ANUN\u021aURI \u0218I PUBLICITATE<\/span><\/h4>\n<\/div>\n<\/div>\n<\/div>\n<\/div>\n<\/div>\n<\/div>\n<div class=\"wpb_wrapper td_block_wrap vc_widget_sidebar tdi_101 \">\n<aside id=\"block-10\" class=\"td_block_template_1 widget block-10 widget_block widget_media_image\">\n<figure class=\"wp-block-image size-full\"><a href=\"https:\/\/adpghiroda.ro\/index.html\" target=\"_blank\" rel=\" noreferrer noopener\"><img decoding=\"async\" loading=\"eager\" width=\"960\" height=\"960\" src=\"https:\/\/analyse.optim.biz\/wp-content\/uploads\/2025\/12\/adp-ghiroda2-51.jpg\" class=\"wp-image-171492\" title=\"adp-ghiroda2-51\"><\/a><\/figure>\n<\/aside>\n<aside id=\"block-11\" class=\"td_block_template_1 widget block-11 widget_block widget_media_image\">\n<figure class=\"wp-block-image size-full\"><a href=\"https:\/\/adpghiroda.ro\/index.html\" target=\"_blank\" rel=\" noreferrer noopener\"><img decoding=\"async\" loading=\"eager\" width=\"960\" height=\"960\" src=\"https:\/\/analyse.optim.biz\/wp-content\/uploads\/2025\/12\/adp-ghiroda1-51.jpg\" class=\"wp-image-171491\" title=\"adp-ghiroda1-51\"><\/a><\/figure>\n<\/aside>\n<aside id=\"block-17\" class=\"td_block_template_1 widget block-17 widget_block widget_media_image\">\n<figure class=\"wp-block-image size-large is-resized\"><a href=\"https:\/\/verde.events\/\" target=\"_blank\" rel=\" noreferrer noopener\"><img decoding=\"async\" loading=\"lazy\" width=\"1024\" height=\"683\" src=\"https:\/\/analyse.optim.biz\/wp-content\/uploads\/2025\/12\/verde-events-24-1024x683-52.jpg\" alt=\"Verde Events\" class=\"wp-image-174395\" title=\"verde-events-24-1024x683-52\"><\/a><figcaption class=\"wp-element-caption\"><strong><em>O experien\u021b\u0103 unic\u0103 pentru orice tip de eveniment<\/em><\/strong><\/figcaption><\/figure>\n<\/aside>\n<\/div>\n<div class=\"td_block_wrap td_flex_block_1 tdi_107 td-pb-border-top td_block_template_1 td_ajax_preloading_preload td_flex_block\" data-td-block-uid=\"tdi_107\">\n<div id=\"tdi_107\" class=\"td_block_inner td-mc1-wrap\">\n<div class=\"td_module_flex td_module_flex_1 td_module_wrap td-animation-stack td-meta-info-hide td-cpt-post\">\n<div class=\"td-module-container td-category-pos-image\">\n<div class=\"td-module-meta-info\">\n<h3 class=\"entry-title td-module-title\"><a href=\"https:\/\/voceatimisului.ro\/forza-zu-2025-vine-la-timisoara-zeci-de-artisti-romani-urca-pe-scena-pe-aeroportul-traian-vuia-pe-26-iulie\/\" rel=\"bookmark\" title=\"Forza ZU 2025 vine la Timi\u0219oara! Zeci de arti\u0219ti rom\u00e2ni urc\u0103 pe scen\u0103 pe Aeroportul \u201eTraian Vuia\u201d pe 26 iulie\">Forza ZU 2025 vine la Timi\u0219oara! Zeci de arti\u0219ti rom\u00e2ni urc\u0103 pe scen\u0103 pe Aeroportul \u201eTraian Vuia\u201d pe 26 iulie<\/a><\/h3>\n<\/div>\n<\/div>\n<\/div>\n<div class=\"td_module_flex td_module_flex_1 td_module_wrap td-animation-stack td-meta-info-hide td-cpt-post\">\n<div class=\"td-module-container td-category-pos-image\">\n<div class=\"td-module-meta-info\">\n<h3 class=\"entry-title td-module-title\"><a href=\"https:\/\/voceatimisului.ro\/timisul-sarbatoreste-106-ani-de-administratie-romaneasca-cu-cinci-zile-pline-de-spectacole-muzica-si-cultura\/\" rel=\"bookmark\" title=\"Timi\u0219ul s\u0103rb\u0103tore\u0219te 106 ani de administra\u021bie rom\u00e2neasc\u0103 cu cinci zile pline de spectacole, muzic\u0103 \u0219i cultur\u0103\">Timi\u0219ul s\u0103rb\u0103tore\u0219te 106 ani de administra\u021bie rom\u00e2neasc\u0103 cu cinci zile pline de spectacole, muzic\u0103 \u0219i cultur\u0103<\/a><\/h3>\n<\/div>\n<\/div>\n<\/div>\n<div class=\"td_module_flex td_module_flex_1 td_module_wrap td-animation-stack td-meta-info-hide td-cpt-post\">\n<div class=\"td-module-container td-category-pos-image\">\n<div class=\"td-module-meta-info\">\n<h3 class=\"entry-title td-module-title\"><a href=\"https:\/\/voceatimisului.ro\/concert-forza-zu-la-timisoara-pe-26-iulie-la-aeroportul-international-sarbatoare-de-ziua-judetului-timis-cu-zeci-de-artisti-pe-scena\/\" rel=\"bookmark\" title=\"Concert Forza ZU la Timi\u0219oara, pe 26 iulie, la Aeroportul Interna\u021bional. S\u0103rb\u0103toare de Ziua Jude\u021bului Timi\u0219, cu zeci de arti\u0219ti pe scen\u0103\">Concert Forza ZU la Timi\u0219oara, pe 26 iulie, la Aeroportul Interna\u021bional. S\u0103rb\u0103toare de Ziua Jude\u021bului Timi\u0219, cu zeci de arti\u0219ti pe scen\u0103<\/a><\/h3>\n<\/div>\n<\/div>\n<\/div>\n<div class=\"td_module_flex td_module_flex_1 td_module_wrap td-animation-stack td-meta-info-hide td-cpt-post\">\n<div class=\"td-module-container td-category-pos-image\">\n<div class=\"td-module-meta-info\">\n<h3 class=\"entry-title td-module-title\"><a href=\"https:\/\/voceatimisului.ro\/directorul-aeroportului-international-timisoara-si-a-dat-demisia-interimat-pana-in-august-decizie-asteptata-de-consiliul-de-administratie\/\" rel=\"bookmark\" title=\"Directorul Aeroportului Interna\u021bional Timi\u0219oara \u0219i-a dat demisia. Interimat p\u00e2n\u0103 \u00een august, decizie a\u0219teptat\u0103 de Consiliul de Administra\u021bie\">Directorul Aeroportului Interna\u021bional Timi\u0219oara \u0219i-a dat demisia. Interimat p\u00e2n\u0103 \u00een august, decizie a\u0219teptat\u0103 de Consiliul de Administra\u021bie<\/a><\/h3>\n<\/div>\n<\/div>\n<\/div>\n<div class=\"td_module_flex td_module_flex_1 td_module_wrap td-animation-stack td-meta-info-hide td-cpt-post\">\n<div class=\"td-module-container td-category-pos-image\">\n<div class=\"td-module-meta-info\">\n<h3 class=\"entry-title td-module-title\"><a href=\"https:\/\/voceatimisului.ro\/lucrari-de-reparatii-la-parcarea-aeroportului-din-timisoara-pasagerii-sfatuiti-sa-foloseasca-transportul-public\/\" rel=\"bookmark\" title=\"Lucr\u0103ri de repara\u021bii la parcarea aeroportului din Timi\u0219oara. Pasagerii, sf\u0103tui\u021bi s\u0103 foloseasc\u0103 transportul public\">Lucr\u0103ri de repara\u021bii la parcarea aeroportului din Timi\u0219oara. Pasagerii, sf\u0103tui\u021bi s\u0103 foloseasc\u0103 transportul public<\/a><\/h3>\n<\/div>\n<\/div>\n<\/div>\n<\/div>\n<\/div>\n<\/div>\n<\/div>\n<\/div>\n<\/div>\n<\/div>\n<\/div>\n<p><span class=\"td-page-meta\"><\/span><span class=\"td-page-meta\"><span class=\"td-page-meta\"><\/span><\/span><span class=\"td-page-meta\"><\/span><\/article>\n<p> Source URL: https:\/\/voceatimisului.ro\/zboruri-zilnice-timisoara-bucuresti-din-octombrie-cu-animawings\/<\/p>\n","protected":false},"excerpt":{"rendered":"<p>\u0218tiriUtile Zboruri zilnice Timi\u0219oara\u2013Bucure\u0219ti din octombrie, cu Animawings Compania aerian\u0103 introduce 12 curse s\u0103pt\u0103m\u00e2nale c\u0103tre Capital\u0103, cu pre\u021buri ce pornesc de la 29,99 euro pe segment. Autor-Marta Stirbey 15 iulie 2025 0 1206 Facebook Twitter Pinterest WhatsApp Linkedin Copy URL AnimaWings lanseaz\u0103 cinci rute noi de la Timi\u0219oara din sezonul estival 2026 Wizz Air aduce [&hellip;]<\/p>\n","protected":false},"author":1,"featured_media":1085738,"comment_status":"open","ping_status":"","sticky":false,"template":"","format":"standard","meta":{"footnotes":""},"categories":[89],"tags":[199],"class_list":["post-1085736","post","type-post","status-publish","format-standard","has-post-thumbnail","hentry","category-romania","tag-voceatimisului-ro"],"_links":{"self":[{"href":"https:\/\/analyse.optim.biz\/index.php?rest_route=\/wp\/v2\/posts\/1085736","targetHints":{"allow":["GET"]}}],"collection":[{"href":"https:\/\/analyse.optim.biz\/index.php?rest_route=\/wp\/v2\/posts"}],"about":[{"href":"https:\/\/analyse.optim.biz\/index.php?rest_route=\/wp\/v2\/types\/post"}],"author":[{"embeddable":true,"href":"https:\/\/analyse.optim.biz\/index.php?rest_route=\/wp\/v2\/users\/1"}],"replies":[{"embeddable":true,"href":"https:\/\/analyse.optim.biz\/index.php?rest_route=%2Fwp%2Fv2%2Fcomments&post=1085736"}],"version-history":[{"count":0,"href":"https:\/\/analyse.optim.biz\/index.php?rest_route=\/wp\/v2\/posts\/1085736\/revisions"}],"wp:featuredmedia":[{"embeddable":true,"href":"https:\/\/analyse.optim.biz\/index.php?rest_route=\/wp\/v2\/media\/1085738"}],"wp:attachment":[{"href":"https:\/\/analyse.optim.biz\/index.php?rest_route=%2Fwp%2Fv2%2Fmedia&parent=1085736"}],"wp:term":[{"taxonomy":"category","embeddable":true,"href":"https:\/\/analyse.optim.biz\/index.php?rest_route=%2Fwp%2Fv2%2Fcategories&post=1085736"},{"taxonomy":"post_tag","embeddable":true,"href":"https:\/\/analyse.optim.biz\/index.php?rest_route=%2Fwp%2Fv2%2Ftags&post=1085736"}],"curies":[{"name":"wp","href":"https:\/\/api.w.org\/{rel}","templated":true}]}}