{"id":1084241,"date":"2025-12-05T13:30:40","date_gmt":"2025-12-05T10:30:40","guid":{"rendered":"https:\/\/analyse.optim.biz\/?p=1084241"},"modified":"2025-12-05T13:30:40","modified_gmt":"2025-12-05T10:30:40","slug":"incredibil-monstrul-cu-chip-de-om-si-a-decapitat-sotia-cu-toporul-chiar-in-fata-copilului-de-cativa-anisori-jurnal-de-vrancea-stiri-din-vrancea-si-focsani","status":"publish","type":"post","link":"https:\/\/analyse.optim.biz\/?p=1084241","title":{"rendered":"INCREDIBIL Monstrul cu chip de om \u0219i-a decapitat so\u021bia cu toporul, chiar \u00een fa\u021ba copilului de c\u00e2\u021biva ani\u0219ori | Jurnal de Vrancea &#8211; Stiri din Vrancea si Focsani"},"content":{"rendered":"<article id=\"template-id-121345\" class=\"post-121345 tdb_templates type-tdb_templates status-publish post\">\n<div id=\"tdi_73\" class=\"tdc-zone\">\n<div class=\"tdc_zone tdi_74  wpb_row td-pb-row\">\n<div id=\"tdi_75\" class=\"tdc-row\">\n<div class=\"vc_row tdi_76  wpb_row td-pb-row\">\n<div class=\"vc_column tdi_78  wpb_column vc_column_container tdc-column td-pb-span12\">\n<div class=\"wpb_wrapper\">\n<div class=\"td_block_wrap td-a-rec td-a-rec-id-custom-spot td-a-rec-img tdi_79 td_block_template_1\">\n<div><a href target=\"blank\" class=\"td_spot_img_all\"><img loading=\"lazy\" decoding=\"async\" src=\"https:\/\/analyse.optim.biz\/wp-content\/uploads\/2025\/12\/banner-aurora-multimarket-1200x200px-23-1.jpg\" alt=\"spot_img\" width=\"1200\" height=\"200\" title=\"banner-aurora-multimarket-1200x200px-23-1\"><\/a><a href target=\"blank\" class=\"td_spot_img_mob\"><img loading=\"lazy\" decoding=\"async\" src=\"https:\/\/analyse.optim.biz\/wp-content\/uploads\/2025\/12\/banner-aurora-multimarket-350x350px-26.jpg\" alt=\"spot_img\" width=\"300\" height=\"350\" title=\"banner-aurora-multimarket-350x350px-26\"><\/a><\/div>\n<\/div>\n<\/div>\n<\/div>\n<\/div>\n<\/div>\n<div id=\"tdi_80\" class=\"tdc-row\">\n<div class=\"vc_row tdi_81  wpb_row td-pb-row\">\n<div class=\"vc_column tdi_83  wpb_column vc_column_container tdc-column td-pb-span12\">\n<div class=\"wpb_wrapper\">\n<div class=\"td_block_wrap tdb_breadcrumbs tdi_84 td-pb-border-top td_block_template_1 tdb-breadcrumbs \" data-td-block-uid=\"tdi_84\">\n<div class=\"tdb-block-inner td-fix-index\"><span><a title class=\"tdb-entry-crumb\" href=\"https:\/\/www.jurnaldevrancea.ro\/\">Acas\u0103<\/a><\/span><span><a title=\"Vede\u021bi toate articolele \u00een Actualitate\" class=\"tdb-entry-crumb\" href=\"https:\/\/www.jurnaldevrancea.ro\/actualitate\/\">Actualitate<\/a><\/span><span class=\"tdb-bred-no-url-last\">INCREDIBIL Monstrul cu chip de om \u0219i-a decapitat so\u021bia cu toporul, chiar \u00een fa\u021ba copilului de&#8230;<\/span><\/div>\n<\/div>\n<div class=\"td_block_wrap tdb_single_categories tdi_85 td-pb-border-top td_block_template_1 \" data-td-block-uid=\"tdi_85\">\n<div class=\"tdb-category td-fix-index\"><a class=\"tdb-entry-category\" href=\"https:\/\/www.jurnaldevrancea.ro\/actualitate\/\">Actualitate<\/a><a class=\"tdb-entry-category\" href=\"https:\/\/www.jurnaldevrancea.ro\/regional\/\">Regional<\/a><a class=\"tdb-entry-category\" href=\"https:\/\/www.jurnaldevrancea.ro\/regional\/buzau\/\">Buz\u0103u<\/a><\/div>\n<\/div>\n<div class=\"td_block_wrap tdb_title tdi_86 tdb-single-title td-pb-border-top td_block_template_1\" data-td-block-uid=\"tdi_86\">\n<div class=\"tdb-block-inner td-fix-index\">\n<h2 class=\"tdb-title-text\"><span class=\"sweb-cuv-evd\">INCREDIBIL<\/span> Monstrul cu chip de om \u0219i-a decapitat so\u021bia cu toporul, chiar \u00een fa\u021ba copilului de c\u00e2\u021biva ani\u0219ori<\/h2>\n<\/div>\n<\/div>\n<div class=\"vc_row_inner tdi_88  vc_row vc_inner wpb_row td-pb-row\">\n<div class=\"vc_column_inner tdi_90  wpb_column vc_column_container tdc-inner-column td-pb-span3\">\n<div class=\"vc_column-inner\">\n<div class=\"wpb_wrapper\">\n<div class=\"td_block_wrap tdb_single_author tdi_91 td-pb-border-top td_block_template_1 tdb-post-meta\" data-td-block-uid=\"tdi_91\">\n<div class=\"tdb-block-inner td-fix-index\">\n<div class=\"tdb-author-name-wrap\"><span class=\"tdb-author-by\">DE:<\/span><a class=\"tdb-author-name\" href=\"https:\/\/www.jurnaldevrancea.ro\/author\/editor-online\/\">Editor Online<\/a><\/div>\n<\/div>\n<\/div>\n<\/div>\n<\/div>\n<\/div>\n<div class=\"vc_column_inner tdi_93  wpb_column vc_column_container tdc-inner-column td-pb-span3\">\n<div class=\"vc_column-inner\">\n<div class=\"wpb_wrapper\">\n<div class=\"td_block_wrap tdb_single_date tdi_94 td-pb-border-top td_block_template_1 tdb-post-meta\" data-td-block-uid=\"tdi_94\">\n<div class=\"tdb-block-inner td-fix-index\"><time class=\"entry-date updated td-module-date\" datetime=\"2025-12-05T15:30:40+02:00\">05\/12\/2025<\/time><\/div>\n<\/div>\n<\/div>\n<\/div>\n<\/div>\n<div class=\"vc_column_inner tdi_96  wpb_column vc_column_container tdc-inner-column td-pb-span3\">\n<div class=\"vc_column-inner\">\n<div class=\"wpb_wrapper\">\n<div class=\"td_block_wrap tdb_single_post_views tdi_97 td-pb-border-top td_block_template_1 tdb-post-meta\" data-td-block-uid=\"tdi_97\">\n<div class=\"tdb-block-inner td-fix-index\"><span class=\"td-nr-views-156221\">5991<\/span><\/div>\n<\/div>\n<\/div>\n<\/div>\n<\/div>\n<div class=\"vc_column_inner tdi_99  wpb_column vc_column_container tdc-inner-column td-pb-span3\">\n<div class=\"vc_column-inner\">\n<div class=\"wpb_wrapper\">\n<div class=\"td_block_wrap tdb_single_post_share tdi_100  td-pb-border-top td_block_template_1\" data-td-block-uid=\"tdi_100\">\n<div id=\"tdi_100\" class=\"td-post-sharing tdb-block td-ps-bg td-ps-notext td-ps-bar td-post-sharing-style5 \">\n<div class=\"td-post-sharing-visible\"><a class=\"td-social-sharing-button td-social-sharing-button-js td-social-network td-social-facebook\" href=\"https:\/\/www.facebook.com\/sharer.php?u=https%3A%2F%2Fwww.jurnaldevrancea.ro%2Fincredibil-monstrul-cu-chip-de-om-si-a-decapitat-sotia-cu-toporul-chiar-in-fata-copilului-de-cativa-anisori%2F\" title=\"Facebook\"><\/p>\n<div class=\"td-social-but-text\">Facebook<\/div>\n<p><\/a><a class=\"td-social-sharing-button td-social-sharing-button-js td-social-network td-social-twitter\" href=\"https:\/\/twitter.com\/intent\/tweet?text=%3Cspan+class%3D%22sweb-cuv-evd%22+style%3D%22background-color%3A%23ff0000%3Bcolor%3A%23fffFFF%22%3EINCREDIBIL%3C%2Fspan%3E+Monstrul+cu+chip+de+om+%C8%99i-a+decapitat+so%C8%9Bia+cu+toporul%2C+chiar+%C3%AEn+fa%C8%9Ba+copilului+de+c%C3%A2%C8%9Biva+ani%C8%99ori&amp;url=https%3A%2F%2Fwww.jurnaldevrancea.ro%2Fincredibil-monstrul-cu-chip-de-om-si-a-decapitat-sotia-cu-toporul-chiar-in-fata-copilului-de-cativa-anisori%2F&amp;via=Jurnal+de+Vrancea+-+Stiri+din+Vrancea+si+Focsani\" title=\"Twitter\"><\/p>\n<div class=\"td-social-but-text\">Twitter<\/div>\n<p><\/a><a class=\"td-social-sharing-button td-social-sharing-button-js td-social-network td-social-whatsapp\" href=\"https:\/\/api.whatsapp.com\/send?text=%3Cspan+class%3D%22sweb-cuv-evd%22+style%3D%22background-color%3A%23ff0000%3Bcolor%3A%23fffFFF%22%3EINCREDIBIL%3C%2Fspan%3E+Monstrul+cu+chip+de+om+%C8%99i-a+decapitat+so%C8%9Bia+cu+toporul%2C+chiar+%C3%AEn+fa%C8%9Ba+copilului+de+c%C3%A2%C8%9Biva+ani%C8%99ori%20%0A%0A%20https:\/\/www.jurnaldevrancea.ro\/incredibil-monstrul-cu-chip-de-om-si-a-decapitat-sotia-cu-toporul-chiar-in-fata-copilului-de-cativa-anisori\/\" title=\"WhatsApp\"><\/p>\n<div class=\"td-social-but-text\">WhatsApp<\/div>\n<p><\/a><a class=\"td-social-sharing-button td-social-sharing-button-js td-social-network td-social-print\" href=\"https:\/\/www.jurnaldevrancea.ro\/incredibil-monstrul-cu-chip-de-om-si-a-decapitat-sotia-cu-toporul-chiar-in-fata-copilului-de-cativa-anisori\/\" title=\"Imprimare\"><\/p>\n<div class=\"td-social-but-text\">Imprimare<\/div>\n<p><\/a><\/div>\n<\/div>\n<\/div>\n<\/div>\n<\/div>\n<\/div>\n<\/div>\n<\/div>\n<\/div>\n<\/div>\n<\/div>\n<div id=\"tdi_101\" class=\"tdc-row\">\n<div class=\"vc_row tdi_102  wpb_row td-pb-row\">\n<div class=\"vc_column tdi_104  wpb_column vc_column_container tdc-column td-pb-span8\">\n<div class=\"wpb_wrapper\">\n<div class=\"td_block_wrap tdb_single_featured_image tdi_105 tdb-content-horiz-left td-pb-border-top td_block_template_1\" data-td-block-uid=\"tdi_105\">\n<div class=\"tdb-block-inner td-fix-index\">\n<figure><img loading=\"lazy\" decoding=\"async\" width=\"696\" height=\"464\" class=\"entry-thumb\" src=\"https:\/\/analyse.optim.biz\/wp-content\/uploads\/2025\/12\/topor-cu-sange-696x464-1.jpg\" title=\"Bloody axe\/hatchet\"><figcaption class=\"tdb-caption-text\">Bloody axe\/hatchet<\/figcaption><\/figure>\n<\/div>\n<\/div>\n<div class=\"td_block_wrap tdb_single_content tdi_106 td-pb-border-top td_block_template_1 td-post-content tagdiv-type\" data-td-block-uid=\"tdi_106\">\n<div class=\"tdb-block-inner td-fix-index\">\n<h3><strong>\u201eM\u0103celarul din S\u0103geata\u201d prime\u0219te 29 de ani de \u00eenchisoare. Cea mai grea pedeaps\u0103 dat\u0103 vreodat\u0103 la Tribunalul Buz\u0103u<\/strong><\/h3>\n<p>Tribunalul Buz\u0103u a decis azi condamnarea lui Bogdan Catrinoiu la 29 de ani de \u00eenchisoare. Este cea mai dur\u0103 pedeaps\u0103 pronun\u021bat\u0103 vreodat\u0103 de instan\u021b\u0103. B\u0103rbatul este autorul crimei care a \u0219ocat tot jude\u021bul \u00een vara trecut\u0103, atunci c\u00e2nd \u0219i-a ucis so\u021bia \u00een spatele casei din D\u00e2mbroca, sub ochii propriului copil.<\/p>\n<p>Potrivit anchetei, Catrinoiu \u0219i-a lovit so\u021bia de patru ori cu toporul. Cei doi pozau pe Facebook \u00eentr-o familie fericit\u0103, \u00eens\u0103 \u00een realitate, spun rudele, Diana tr\u0103ia de ani buni sub amenin\u021b\u0103ri, b\u0103t\u0103i \u0219i umilin\u021be. Tinerei de 25 de ani i se cerea s\u0103 plece \u00een str\u0103in\u0103tate pentru a se prostitua. Membrii familiei au prezentat aceste detalii la proces.<\/p>\n<source srcset=\"https:\/\/www.jurnaldevrancea.ro\/wp\/wp-content\/webp-express\/webp-images\/uploads\/2025\/12\/Diana-femeia-ucisa.jpg.webp 600w, https:\/\/www.jurnaldevrancea.ro\/wp\/wp-content\/webp-express\/webp-images\/uploads\/2025\/12\/Diana-femeia-ucisa-150x167.jpg.webp 150w, https:\/\/www.jurnaldevrancea.ro\/wp\/wp-content\/webp-express\/webp-images\/uploads\/2025\/12\/Diana-femeia-ucisa-300x334.jpg.webp 300w\" sizes=\"(max-width: 600px) 100vw, 600px\" type=\"image\/webp\" \/>\n<p>\u00cen fa\u021ba judec\u0103torului, Catrinoiu a \u00eencercat s\u0103 explice gestul prin gelozie. A sus\u021binut c\u0103 so\u021bia \u00eel \u00een\u0219ela \u0219i c\u0103 inten\u021biona s\u0103 plece cu b\u0103ie\u021belul lor de doi ani. A povestit c\u0103 cei doi s-ar fi retras \u00een spatele casei pentru a discuta. A afirmat c\u0103 s-a enervat c\u00e2nd a auzit c\u0103 va fi p\u0103r\u0103sit \u0219i c\u0103 i se va lua copilul. Spune c\u0103 a v\u0103zut toporul \u0219i c\u0103 impulsul l-ar fi \u00eempins s\u0103 loveasc\u0103. A insistat c\u0103 nu ar fi existat un plan.<\/p>\n<p><strong><em>\u201eDin gelozie, domnule judec\u0103tor. M\u0103 \u00een\u0219ela. M-a \u00een\u0219elat cu 3-4 b\u0103rba\u021bi. \u0218i voia s\u0103 ia b\u0103ie\u021belul de 2 ani la ea. C\u00e2nd a venit atunci s\u0103 ia copilul de la p\u0103rin\u021bii mei, i-am cerut s\u0103 vorbim \u00eentre patru ochi. Ea a zis s\u0103 mergem peste drum, l\u00e2ng\u0103 farmacie, unde e \u0219i un aparat de cafea. Dar, ca s\u0103 nu ne aud\u0103 nimeni, am ales p\u00e2n\u0103 la urm\u0103 \u00een spatele casei.<\/em><\/strong><\/p>\n<source srcset=\"https:\/\/www.jurnaldevrancea.ro\/wp\/wp-content\/webp-express\/webp-images\/uploads\/2025\/12\/diana-si-sotul-criminal.jpg.webp 800w, https:\/\/www.jurnaldevrancea.ro\/wp\/wp-content\/webp-express\/webp-images\/uploads\/2025\/12\/diana-si-sotul-criminal-768x432.jpg.webp 768w, https:\/\/www.jurnaldevrancea.ro\/wp\/wp-content\/webp-express\/webp-images\/uploads\/2025\/12\/diana-si-sotul-criminal-150x84.jpg.webp 150w, https:\/\/www.jurnaldevrancea.ro\/wp\/wp-content\/webp-express\/webp-images\/uploads\/2025\/12\/diana-si-sotul-criminal-300x169.jpg.webp 300w, https:\/\/www.jurnaldevrancea.ro\/wp\/wp-content\/webp-express\/webp-images\/uploads\/2025\/12\/diana-si-sotul-criminal-696x392.jpg.webp 696w\" sizes=\"(max-width: 800px) 100vw, 800px\" type=\"image\/webp\" \/>\n<p><strong><em>Am rugat-o s\u0103 nu m\u0103 p\u0103r\u0103seasc\u0103, c\u0103 avem un copil \u00eempreun\u0103\u2026 Dar ea, nu! Mi-a zis c\u0103 e gata, c\u0103 m\u0103 p\u0103r\u0103se\u0219te, c\u0103 va divor\u021ba. M-am enervat la culme c\u00e2nd a spus \u0219i c\u0103-mi va lua \u0219i b\u0103iatul. Atunci am v\u0103zut toporul\u2026 Poate c\u0103 dac\u0103 nu l-a\u0219 fi v\u0103zut\u2026 N-a fost nimic premeditat. Dac\u0103 voiam s\u0103 o omor o f\u0103ceam mai demult\u201d, <\/em><\/strong>spune criminalul.<\/p>\n<p>Rudele Dianei resping tot ce a spus b\u0103rbatul. Spun c\u0103 t\u00e2n\u0103ra nu \u00eel \u00een\u0219ela. Ea \u00eencerca s\u0103 aduc\u0103 bani \u00een cas\u0103, \u00een timp ce el era b\u0103nuit c\u0103 a revenit la consumul de droguri, obicei pe care \u00eel avusese \u0219i \u00een perioada petrecut\u0103 \u00een Anglia. Familia sus\u021bine c\u0103 decizia de a o duce \u00een spatele casei nu a fost \u00eent\u00e2mpl\u0103toare.<\/p>\n<source srcset=\"https:\/\/www.jurnaldevrancea.ro\/wp\/wp-content\/webp-express\/webp-images\/uploads\/2025\/12\/diana-si-sotul-criminal.png.webp 600w, https:\/\/www.jurnaldevrancea.ro\/wp\/wp-content\/webp-express\/webp-images\/uploads\/2025\/12\/diana-si-sotul-criminal-150x186.png.webp 150w, https:\/\/www.jurnaldevrancea.ro\/wp\/wp-content\/webp-express\/webp-images\/uploads\/2025\/12\/diana-si-sotul-criminal-300x372.png.webp 300w, https:\/\/www.jurnaldevrancea.ro\/wp\/wp-content\/webp-express\/webp-images\/uploads\/2025\/12\/diana-si-sotul-criminal-324x400.png.webp 324w\" sizes=\"(max-width: 600px) 100vw, 600px\" type=\"image\/webp\" \/>\n<p><strong><em>\u201eB\u0103ie\u021belul a fost tot timpul cu noi. Se juca \u00eentr-o cotinea\u021b\u0103. Nu cred c\u0103 a v\u0103zut nimic. Dup\u0103 ce am omor\u00e2t-o, am mers la el, l-am luat din cotinea\u021b\u0103. I-am pus m\u00e2na la ochi, ca s\u0103 nu vad\u0103\u201d, <\/em><\/strong>a declarat monstrul.<\/p>\n<p>\u00cen opinia lor, crima a fost preg\u0103tit\u0103 dinainte. Mai spun \u0219i c\u0103 b\u0103ie\u021belul nu era \u00een cotinea\u021b\u0103, a\u0219a cum a afirmat tat\u0103l, ci l\u00e2ng\u0103 ei. Copilul ar fi asistat la \u00eentreaga scen\u0103 \u0219i ar fi r\u0103mas \u00een stare de \u0219oc.<\/p>\n<p><strong><em>\u201eNu l-a \u00een\u0219elat. E o minciun\u0103. El nu mai aducea suficien\u021bi bani \u00een cas\u0103, suspiciunea era c\u0103 se droga din nou. El a mai avut obiceiul \u0103sta c\u00e2t a stat \u00een Anglia. Diana \u0219i-a c\u0103utat loc de munc\u0103 pentru a c\u00e2\u0219tiga bani\u201d<\/em><\/strong><\/p>\n<p>Decizia Tribunalului Buz\u0103u marcheaz\u0103 un moment rar. O pedeaps\u0103 at\u00e2t de mare arat\u0103 gravitatea faptelor \u0219i impactul lor asupra comunit\u0103\u021bii. Catrinoiu poate face apel, \u00eens\u0103 pentru rudele victimei, sentin\u021ba este un pas spre dreptate.<\/p>\n<\/div>\n<\/div>\n<div class=\"td_block_wrap td-a-rec td-a-rec-id-custom-spot td-a-rec-img tdi_107 td_block_template_1\">\n<div><a href=\"https:\/\/www.tomitatravel.ro\/\" target=\"blank\" class=\"td_spot_img_all\"><img loading=\"lazy\" decoding=\"async\" src=\"https:\/\/analyse.optim.biz\/wp-content\/uploads\/2025\/12\/banner-tomita_travel-focsani-1200x200-1-26.jpg\" alt=\"Tomi\u021b\u0103 Travel - Agen\u021bie de turism Foc\u0219ani\" width=\"1200\" height=\"200\" title=\"banner-tomita_travel-focsani-1200x200-1-26\"><\/a><a href=\"https:\/\/www.tomitatravel.ro\/\" target=\"blank\" class=\"td_spot_img_mob\"><img loading=\"lazy\" decoding=\"async\" src=\"https:\/\/analyse.optim.biz\/wp-content\/uploads\/2025\/12\/banner-tomita_travel-focsani-350x350-1-26.jpg\" alt=\"Tomi\u021b\u0103 Travel - Agen\u021bie de turism Foc\u0219ani\" width=\"300\" height=\"350\" title=\"banner-tomita_travel-focsani-350x350-1-26\"><\/a><\/div>\n<\/div>\n<div class=\"td_block_wrap td-a-rec td-a-rec-id-custom-spot td-a-rec-img tdi_108 td_block_template_1\">\n<div><a href=\"https:\/\/www.dezromania.ro\/categorii\/category\/14-produse.html\" target=\"blank\" class=\"td_spot_img_all\"><img loading=\"lazy\" decoding=\"async\" src=\"https:\/\/analyse.optim.biz\/wp-content\/uploads\/2025\/12\/banner-1200x200-sipotehnokar-auto-avariate-2025-25.jpg\" alt=\"spot_img\" width=\"1200\" height=\"200\" title=\"banner-1200x200-sipotehnokar-auto-avariate-2025-25\"><\/a><a href=\"https:\/\/www.dezromania.ro\/categorii\/category\/14-produse.html\" target=\"blank\" class=\"td_spot_img_mob\"><img loading=\"lazy\" decoding=\"async\" src=\"https:\/\/analyse.optim.biz\/wp-content\/uploads\/2025\/12\/banner-sipotehnokar-300xx220px-2025-25.jpg\" alt=\"spot_img\" width=\"300\" height=\"220\" title=\"banner-sipotehnokar-300xx220px-2025-25\"><\/a><\/div>\n<\/div>\n<div class=\"td_block_wrap td-a-rec td-a-rec-id-custom-spot td-a-rec-img tdi_109 td_block_template_1\">\n<div><a href=\"https:\/\/haipromo.ro\/\" target=\"blank\" class=\"td_spot_img_all\"><img loading=\"lazy\" decoding=\"async\" src=\"https:\/\/analyse.optim.biz\/wp-content\/uploads\/2025\/12\/banner-hai-promo-1200x200px-25.jpg\" alt=\"HAI PROMO\" width=\"1200\" height=\"200\" title=\"banner-hai-promo-1200x200px-25\"><\/a><a href=\"https:\/\/haipromo.ro\/\" target=\"blank\" class=\"td_spot_img_mob\"><img loading=\"lazy\" decoding=\"async\" src=\"https:\/\/analyse.optim.biz\/wp-content\/uploads\/2025\/12\/banner-hai-promo-350x350px-24.jpg\" alt=\"HAI PROMO\" width=\"350\" height=\"350\" title=\"banner-hai-promo-350x350px-24\"><\/a><\/div>\n<\/div>\n<\/div>\n<\/div>\n<div class=\"vc_column tdi_112  wpb_column vc_column_container tdc-column td-pb-span4\">\n<div class=\"wpb_wrapper\">\n<div class=\"wpb_wrapper td_block_wrap vc_widget_sidebar tdi_114 \">\n<aside id=\"custom_html-12\" class=\"widget_text td_block_template_1 widget custom_html-12 widget_custom_html\">\n<h4 class=\"block-title\"><span>\u2013 PUBLICITATE \u2013<\/span><\/h4>\n<div class=\"textwidget custom-html-widget\"><a href=\"https:\/\/www.facebook.com\/TractariAutoVranceaSOS24\"><source srcset=\"https:\/\/www.jurnaldevrancea.ro\/wp\/wp-content\/webp-express\/webp-images\/uploads\/2024\/11\/BANNER-sos-24-2024-300x300-px.jpg.webp\" type=\"image\/webp\" \/><\/a><a href=\"https:\/\/haipromo.ro\/\"><source srcset=\"https:\/\/www.jurnaldevrancea.ro\/wp\/wp-content\/webp-express\/webp-images\/uploads\/2024\/06\/banner-HAI-PROMO-350x350px.jpg.webp\" type=\"image\/webp\" \/><\/a><a href=\"https:\/\/www.facebook.com\/acnasygcons\"><source srcset=\"https:\/\/www.jurnaldevrancea.ro\/wp\/wp-content\/webp-express\/webp-images\/uploads\/2025\/08\/Banner-350x350px-Asyg-Consulting.jpg.webp\" type=\"image\/webp\" \/><\/a><\/div>\n<\/aside>\n<\/div>\n<div class=\"td_block_wrap tdb_single_tags tdi_115 td-pb-border-top td_block_template_1\" data-td-block-uid=\"tdi_115\">\n<div class=\"tdb-block-inner td-fix-index\">\n<ul class=\"tdb-tags\">\n<li><span>Tags<\/span><\/li>\n<li><a href=\"https:\/\/www.jurnaldevrancea.ro\/tag\/bogdan-catrinoiu\/\">bogdan catrinoiu<\/a><\/li>\n<li><a href=\"https:\/\/www.jurnaldevrancea.ro\/tag\/buzau\/\">buzau<\/a><\/li>\n<li><a href=\"https:\/\/www.jurnaldevrancea.ro\/tag\/crima\/\">crima<\/a><\/li>\n<li><a href=\"https:\/\/www.jurnaldevrancea.ro\/tag\/sageata\/\">sageata<\/a><\/li>\n<\/ul>\n<\/div>\n<\/div>\n<div class=\"tdm_block td_block_wrap tdm_block_column_title tdi_116 tdm-content-horiz-center td-pb-border-top td_block_template_1\" data-td-block-uid=\"tdi_116\">\n<div class=\"td-block-row\">\n<div class=\"td-block-span12 tdm-col\">\n<div class=\"tds-title tds-title1 td-fix-index tdi_117 \">\n<h3 class=\"tdm-title tdm-title-md\">ARTICOLE SIMILARE<\/h3>\n<\/div>\n<\/div>\n<\/div>\n<\/div>\n<div class=\"td_block_wrap td_flex_block_1 tdi_118 td-pb-border-top td_block_template_1 td_flex_block\" data-td-block-uid=\"tdi_118\">\n<div id=\"tdi_118\" class=\"td_block_inner td-mc1-wrap\">\n<div class=\"td_module_flex td_module_flex_1 td_module_wrap td-animation-stack td-cpt-post\">\n<div class=\"td-module-container td-category-pos-above\">\n<div class=\"td-module-meta-info\"><a href=\"https:\/\/www.jurnaldevrancea.ro\/actualitate\/\" class=\"td-post-category\">Actualitate<\/a><\/p>\n<h3 class=\"entry-title td-module-title\"><a href=\"https:\/\/www.jurnaldevrancea.ro\/femeie-din-tulnici-cautata-de-autoritati-ea-ar-fi-trebuit-sa-ajunga-in-tecuci-dar-a-fost-data-disparuta\/\" rel=\"bookmark\" title=\"Femeie din Tulnici c\u0103utat\u0103 de autorit\u0103\u021bi! Ea ar fi trebuit s\u0103 ajung\u0103 \u00een Tecuci dar a fost dat\u0103 disp\u0103rut\u0103!\">Femeie din Tulnici c\u0103utat\u0103 de autorit\u0103\u021bi! Ea ar fi trebuit s\u0103 ajung\u0103 \u00een Tecuci dar a fost dat\u0103 disp\u0103rut\u0103!<\/a><\/h3>\n<div class=\"td-excerpt\">La data de 15 decembrie a.c., \u00een jurul orei 21:00, poli\u021bi\u0219tii din cadrul I.P.J&#8230;.<\/div>\n<\/div>\n<\/div>\n<\/div>\n<div class=\"td_module_flex td_module_flex_1 td_module_wrap td-animation-stack td-cpt-post\">\n<div class=\"td-module-container td-category-pos-above\">\n<div class=\"td-module-meta-info\"><a href=\"https:\/\/www.jurnaldevrancea.ro\/actualitate\/\" class=\"td-post-category\">Actualitate<\/a><\/p>\n<h3 class=\"entry-title td-module-title\"><a href=\"https:\/\/www.jurnaldevrancea.ro\/angajatorii-mai-au-doar-16-zile-pentru-a-trece-la-reges-online\/\" rel=\"bookmark\" title=\"Angajatorii mai au doar 16 zile pentru a trece la REGES-ONLINE\">Angajatorii mai au doar 16 zile pentru a trece la REGES-ONLINE<\/a><\/h3>\n<div class=\"td-excerpt\">Inspectoratul Teritorial de Munc\u0103 Vrancea reaminte\u0219te angajatorilor c\u0103 au mai r\u0103mas doar 16 zile&#8230;<\/div>\n<\/div>\n<\/div>\n<\/div>\n<\/div>\n<\/div>\n<\/div>\n<\/div>\n<\/div>\n<\/div>\n<div id=\"tdi_119\" class=\"tdc-row\">\n<div class=\"vc_row tdi_120  wpb_row td-pb-row\">\n<div class=\"vc_column tdi_122  wpb_column vc_column_container tdc-column td-pb-span12\">\n<div class=\"wpb_wrapper\">\n<div class=\"tdm_block td_block_wrap tdm_block_column_title tdi_123 tdm-content-horiz-center td-pb-border-top td_block_template_1\" data-td-block-uid=\"tdi_123\">\n<div class=\"td-block-row\">\n<div class=\"td-block-span12 tdm-col\">\n<div class=\"tds-title tds-title1 td-fix-index tdi_124 \">\n<h3 class=\"tdm-title tdm-title-md\">ARTICOLE POPULARE<\/h3>\n<\/div>\n<\/div>\n<\/div>\n<\/div>\n<\/div>\n<\/div>\n<\/div>\n<\/div>\n<div id=\"tdi_125\" class=\"tdc-row\">\n<div class=\"vc_row tdi_126  wpb_row td-pb-row\">\n<div class=\"vc_column tdi_128  wpb_column vc_column_container tdc-column td-pb-span12\">\n<div class=\"wpb_wrapper\">\n<div class=\"td_block_wrap td_flex_block_1 tdi_129 td-pb-border-top td_block_template_1 td_flex_block\" data-td-block-uid=\"tdi_129\">\n<div id=\"tdi_129\" class=\"td_block_inner td-mc1-wrap\">\n<div class=\"td_module_flex td_module_flex_1 td_module_wrap td-animation-stack td-cpt-post\">\n<div class=\"td-module-container td-category-pos-above\">\n<div class=\"td-module-meta-info\"><a href=\"https:\/\/www.jurnaldevrancea.ro\/actualitate\/\" class=\"td-post-category\">Actualitate<\/a><\/p>\n<h3 class=\"entry-title td-module-title\"><a href=\"https:\/\/www.jurnaldevrancea.ro\/alerta-epidemiologica-in-vrancea-doua-femei-sunt-internate-in-stare-grava-la-ati-cu-suspiciune-de-botulism\/\" rel=\"bookmark\" title=\"Alert\u0103 epidemiologic\u0103 \u00een Vrancea! Dou\u0103 femei sunt internate \u00een stare grav\u0103 la ATI cu suspiciune de botulism\">Alert\u0103 epidemiologic\u0103 \u00een Vrancea! Dou\u0103 femei sunt internate \u00een stare grav\u0103 la ATI cu suspiciune de botulism<\/a><\/h3>\n<div class=\"td-excerpt\">Dou\u0103 cazuri suspecte de botulism au fost raportate \u00een jude\u021bul Vrancea \u00een intervalul 10\u201311&#8230;<\/div>\n<div class=\"td-editor-date\"><span class=\"td-author-date\"><span class=\"td-post-date\"><time class=\"entry-date updated td-module-date\" datetime=\"2025-12-13T08:18:55+02:00\">13\/12\/2025<\/time><\/span><\/span><\/div>\n<\/div>\n<\/div>\n<\/div>\n<div class=\"td_module_flex td_module_flex_1 td_module_wrap td-animation-stack td-cpt-post\">\n<div class=\"td-module-container td-category-pos-above\">\n<div class=\"td-module-meta-info\"><a href=\"https:\/\/www.jurnaldevrancea.ro\/actualitate\/\" class=\"td-post-category\">Actualitate<\/a><\/p>\n<h3 class=\"entry-title td-module-title\"><a href=\"https:\/\/www.jurnaldevrancea.ro\/doliu-in-comunitatea-din-adjud-a-murit-profesoara-simona-ceamburu\/\" rel=\"bookmark\" title=\"Doliu \u00een comunitatea din Adjud! A murit profesoara Simona Ceamburu!\">Doliu \u00een comunitatea din Adjud! A murit profesoara Simona Ceamburu!<\/a><\/h3>\n<div class=\"td-excerpt\">Colegiul Tehnic \u201eGh. Bal\u0219\u201d din Adjud a anun\u021bat cu mare triste\u021be moartea profesoarei de&#8230;<\/div>\n<div class=\"td-editor-date\"><span class=\"td-author-date\"><span class=\"td-post-date\"><time class=\"entry-date updated td-module-date\" datetime=\"2025-12-11T15:19:24+02:00\">11\/12\/2025<\/time><\/span><\/span><\/div>\n<\/div>\n<\/div>\n<\/div>\n<div class=\"td_module_flex td_module_flex_1 td_module_wrap td-animation-stack td-cpt-post\">\n<div class=\"td-module-container td-category-pos-above\">\n<div class=\"td-module-meta-info\"><a href=\"https:\/\/www.jurnaldevrancea.ro\/actualitate\/\" class=\"td-post-category\">Actualitate<\/a><\/p>\n<h3 class=\"entry-title td-module-title\"><a href=\"https:\/\/www.jurnaldevrancea.ro\/prescriptia-colacul-de-salvare-al-inculpatilor-din-sistem-cazul-revoltator-din-vrancea-primarul-iordache-cazacu-salvat-de-trecerea-timpului-nu-de-nevinovatie\/\" rel=\"bookmark\" title=\"Prescrip\u021bia \u2013 colacul de salvare al inculpa\u021bilor din sistem. Cazul revolt\u0103tor din Vrancea: primarul Iordache Cazacu, salvat de trecerea timpului, nu de nevinov\u0103\u021bie\">Prescrip\u021bia \u2013 colacul de salvare al inculpa\u021bilor din sistem. Cazul revolt\u0103tor din Vrancea: primarul Iordache Cazacu, salvat de trecerea timpului, nu de nevinov\u0103\u021bie<\/a><\/h3>\n<div class=\"td-excerpt\">Scandalul na\u021bional declan\u0219at de investiga\u021bia jurnali\u0219tilor de la Recorder despre \u201einculpa\u021bi salva\u021bi de prescrip\u021bie\u201d&#8230;<\/div>\n<div class=\"td-editor-date\"><span class=\"td-author-date\"><span class=\"td-post-date\"><time class=\"entry-date updated td-module-date\" datetime=\"2025-12-10T21:55:35+02:00\">10\/12\/2025<\/time><\/span><\/span><\/div>\n<\/div>\n<\/div>\n<\/div>\n<\/div>\n<\/div>\n<\/div>\n<\/div>\n<\/div>\n<\/div>\n<\/div>\n<\/div>\n<p><span class=\"td-page-meta\"><\/span><span class=\"td-page-meta\"><span class=\"td-page-meta\"><\/span><\/span><span class=\"td-page-meta\"><\/span><\/article>\n<p> Source URL: https:\/\/www.jurnaldevrancea.ro\/incredibil-monstrul-cu-chip-de-om-si-a-decapitat-sotia-cu-toporul-chiar-in-fata-copilului-de-cativa-anisori\/<\/p>\n","protected":false},"excerpt":{"rendered":"<p>Acas\u0103ActualitateINCREDIBIL Monstrul cu chip de om \u0219i-a decapitat so\u021bia cu toporul, chiar \u00een fa\u021ba copilului de&#8230; ActualitateRegionalBuz\u0103u INCREDIBIL Monstrul cu chip de om \u0219i-a decapitat so\u021bia cu toporul, chiar \u00een fa\u021ba copilului de c\u00e2\u021biva ani\u0219ori DE:Editor Online 05\/12\/2025 5991 Facebook Twitter WhatsApp Imprimare Bloody axe\/hatchet \u201eM\u0103celarul din S\u0103geata\u201d prime\u0219te 29 de ani de \u00eenchisoare. Cea [&hellip;]<\/p>\n","protected":false},"author":1,"featured_media":1084242,"comment_status":"open","ping_status":"","sticky":false,"template":"","format":"standard","meta":{"footnotes":""},"categories":[89],"tags":[207],"class_list":["post-1084241","post","type-post","status-publish","format-standard","has-post-thumbnail","hentry","category-romania","tag-jurnaldevrancea-ro"],"_links":{"self":[{"href":"https:\/\/analyse.optim.biz\/index.php?rest_route=\/wp\/v2\/posts\/1084241","targetHints":{"allow":["GET"]}}],"collection":[{"href":"https:\/\/analyse.optim.biz\/index.php?rest_route=\/wp\/v2\/posts"}],"about":[{"href":"https:\/\/analyse.optim.biz\/index.php?rest_route=\/wp\/v2\/types\/post"}],"author":[{"embeddable":true,"href":"https:\/\/analyse.optim.biz\/index.php?rest_route=\/wp\/v2\/users\/1"}],"replies":[{"embeddable":true,"href":"https:\/\/analyse.optim.biz\/index.php?rest_route=%2Fwp%2Fv2%2Fcomments&post=1084241"}],"version-history":[{"count":0,"href":"https:\/\/analyse.optim.biz\/index.php?rest_route=\/wp\/v2\/posts\/1084241\/revisions"}],"wp:featuredmedia":[{"embeddable":true,"href":"https:\/\/analyse.optim.biz\/index.php?rest_route=\/wp\/v2\/media\/1084242"}],"wp:attachment":[{"href":"https:\/\/analyse.optim.biz\/index.php?rest_route=%2Fwp%2Fv2%2Fmedia&parent=1084241"}],"wp:term":[{"taxonomy":"category","embeddable":true,"href":"https:\/\/analyse.optim.biz\/index.php?rest_route=%2Fwp%2Fv2%2Fcategories&post=1084241"},{"taxonomy":"post_tag","embeddable":true,"href":"https:\/\/analyse.optim.biz\/index.php?rest_route=%2Fwp%2Fv2%2Ftags&post=1084241"}],"curies":[{"name":"wp","href":"https:\/\/api.w.org\/{rel}","templated":true}]}}