{"id":1080268,"date":"2025-12-16T11:32:18","date_gmt":"2025-12-16T08:32:18","guid":{"rendered":"https:\/\/analyse.optim.biz\/?p=1080268"},"modified":"2025-12-16T11:32:18","modified_gmt":"2025-12-16T08:32:18","slug":"ancuta-bodnar-suceveanca-de-aur-de-la-tokyo-e-uimitor-asa-ceva-nu-am-simtit-pana-acum","status":"publish","type":"post","link":"https:\/\/analyse.optim.biz\/?p=1080268","title":{"rendered":"Ancu\u021ba Bodnar, suceveanca de aur de la Tokyo: E uimitor! A\u0219a ceva nu am sim\u021bit p\u00e2n\u0103 acum"},"content":{"rendered":"<div class=\"entry-content\">\n<p><img decoding=\"async\" loading=\"lazy\" class=\"alignright size-medium wp-image-309235\" src=\"https:\/\/analyse.optim.biz\/wp-content\/uploads\/2025\/12\/simona-radis-300x140-1.jpg\" width=\"300\" height=\"140\" title=\"simona-radis-300x140-1\">Suceveanca Ancu\u021ba Bodnar \u00eempreun\u0103 cu boto\u0219\u0103neanca Simona Geanina Radi\u0219, cea care a fost portdrapelul Rom\u00e2niei la deschiderea Jocurilor Olimpice, au adus prima medalie de aur a delega\u021biei Rom\u00e2niei de la Tokyo. Cele dou\u0103 au c\u00e2\u0219tigat cursa de dublu v\u00e2sle (2x).<\/p>\n<p><em><strong>\u201eE uimitor! A\u0219a ceva nu am sim\u021bit p\u00e2n\u0103 acum. Am avut \u00eencredere maxim\u0103 \u00een noi, c\u0103 putem, \u0219i am reu\u0219it s\u0103 aducem aur pentru Rom\u00e2nia \u0219i s\u0103 devenim campioane olimpice<\/strong><\/em>\u201d, a spus Ancu\u021ba Bodnar.<\/p>\n<\/div>\n","protected":false},"excerpt":{"rendered":"<p>Suceveanca Ancu\u021ba Bodnar \u00eempreun\u0103 cu boto\u0219\u0103neanca Simona Geanina Radi\u0219, cea care a fost portdrapelul Rom\u00e2niei la deschiderea Jocurilor Olimpice, au adus prima medalie de aur a delega\u021biei Rom\u00e2niei de la Tokyo. Cele dou\u0103 au c\u00e2\u0219tigat cursa de dublu v\u00e2sle (2x). \u201eE uimitor! A\u0219a ceva nu am sim\u021bit p\u00e2n\u0103 acum. Am avut \u00eencredere maxim\u0103 \u00een noi, [&hellip;]<\/p>\n","protected":false},"author":1,"featured_media":1080269,"comment_status":"open","ping_status":"","sticky":false,"template":"","format":"standard","meta":{"footnotes":""},"categories":[89],"tags":[174],"class_list":["post-1080268","post","type-post","status-publish","format-standard","has-post-thumbnail","hentry","category-romania","tag-suceavanews-ro"],"_links":{"self":[{"href":"https:\/\/analyse.optim.biz\/index.php?rest_route=\/wp\/v2\/posts\/1080268","targetHints":{"allow":["GET"]}}],"collection":[{"href":"https:\/\/analyse.optim.biz\/index.php?rest_route=\/wp\/v2\/posts"}],"about":[{"href":"https:\/\/analyse.optim.biz\/index.php?rest_route=\/wp\/v2\/types\/post"}],"author":[{"embeddable":true,"href":"https:\/\/analyse.optim.biz\/index.php?rest_route=\/wp\/v2\/users\/1"}],"replies":[{"embeddable":true,"href":"https:\/\/analyse.optim.biz\/index.php?rest_route=%2Fwp%2Fv2%2Fcomments&post=1080268"}],"version-history":[{"count":0,"href":"https:\/\/analyse.optim.biz\/index.php?rest_route=\/wp\/v2\/posts\/1080268\/revisions"}],"wp:featuredmedia":[{"embeddable":true,"href":"https:\/\/analyse.optim.biz\/index.php?rest_route=\/wp\/v2\/media\/1080269"}],"wp:attachment":[{"href":"https:\/\/analyse.optim.biz\/index.php?rest_route=%2Fwp%2Fv2%2Fmedia&parent=1080268"}],"wp:term":[{"taxonomy":"category","embeddable":true,"href":"https:\/\/analyse.optim.biz\/index.php?rest_route=%2Fwp%2Fv2%2Fcategories&post=1080268"},{"taxonomy":"post_tag","embeddable":true,"href":"https:\/\/analyse.optim.biz\/index.php?rest_route=%2Fwp%2Fv2%2Ftags&post=1080268"}],"curies":[{"name":"wp","href":"https:\/\/api.w.org\/{rel}","templated":true}]}}