{"id":1080187,"date":"2025-12-16T11:29:34","date_gmt":"2025-12-16T08:29:34","guid":{"rendered":"https:\/\/analyse.optim.biz\/?p=1080187"},"modified":"2025-12-16T11:29:34","modified_gmt":"2025-12-16T08:29:34","slug":"suceveanca-ancuta-bodnar-si-botosaneanca-simona-radis-au-obtinut-aurul-la-campionatele-europene-din-slovenia","status":"publish","type":"post","link":"https:\/\/analyse.optim.biz\/?p=1080187","title":{"rendered":"Suceveanca Ancu\u021ba Bodnar \u0219i boto\u0219\u0103neanca Simona Radi\u0219 au ob\u021binut aurul la Campionatele Europene din Slovenia"},"content":{"rendered":"<div class=\"entry-content\">\n<p><span><a href=\"https:\/\/www.botosaninews.ro\/556639\/sport\/botosaneanca-simona-radis-a-fost-desemnata-sportiva-anului-2022-discursul-emotionant-al-acesteia-te-lasa-fara-cuvinte\/\"><img decoding=\"async\" loading=\"lazy\" class=\"alignright size-medium wp-image-313709\" src=\"https:\/\/analyse.optim.biz\/wp-content\/uploads\/2025\/12\/simona-radis2-300x200-1.jpg\" width=\"300\" height=\"200\" title=\"simona-radis2-300x200-1\">Boto\u0219\u0103neanca Simona Radi\u0219<\/a><\/span>\u0219i suceveanca Ancu\u021ba Bodnar au ob\u021binut aurul la Campionatele Europene din Slovenia (Bled).\u00a0 Rom\u00e2nia \u00eencheie competi\u021bia cu o performan\u021b\u0103 extraordinar\u0103 6 medalii: 5 de aur \u0219i una de argint.<\/p>\n<div class=\"x11i5rnm xat24cr x1mh8g0r x1vvkbs xtlvy1s x126k92a\">\n<p dir=\"auto\">A patra medalie de AUR \u00a0pentru Rom\u00e2nia la Campionatul European 2023 a venit \u00een proba de dublu v\u00e2sle feminin (W2x), prin echipajul format din Simona Radi\u0219 \u0219i Ancu\u021ba Bodnar. Ca de fiecare dat\u0103, fetele au f\u0103cut o curs\u0103 foarte bun\u0103 cu un finish excep\u021bional, termin\u00e2nd cu un timp de 06:40.83.<\/p>\n<p dir=\"auto\">Simona Radi\u0219 a repetat performan\u021ba de la Mondialele de anul trecut, c\u00e2nd a c\u00e2\u0219tigat 2 medalii de aur \u00een mai pu\u021bin de o or\u0103, sportiva dubl\u00e2nd \u0219i \u00een barca de 8+1 feminin (W8+).<\/p>\n<div id=\"gallery-1\" class=\"gallery galleryid-313707 gallery-columns-3 gallery-size-thumbnail\">\n<dl class=\"gallery-item\">\n<dt class=\"gallery-icon landscape\"><a href=\"https:\/\/suceavanews.ro\/wp-content\/uploads\/2023\/05\/simona-radis.jpg\"><img decoding=\"async\" width=\"150\" height=\"150\" src=\"https:\/\/analyse.optim.biz\/wp-content\/uploads\/2025\/12\/simona-radis-150x150-1.jpg\" class=\"attachment-thumbnail size-thumbnail\" loading=\"lazy\" title=\"simona-radis-150x150-1\"><\/a><\/dt>\n<\/dl>\n<dl class=\"gallery-item\">\n<dt class=\"gallery-icon landscape\"><a href=\"https:\/\/suceavanews.ro\/wp-content\/uploads\/2023\/05\/simona-radis2.jpg\"><img decoding=\"async\" width=\"150\" height=\"150\" src=\"https:\/\/analyse.optim.biz\/wp-content\/uploads\/2025\/12\/simona-radis2-150x150-1.jpg\" class=\"attachment-thumbnail size-thumbnail\" loading=\"lazy\" title=\"simona-radis2-150x150-1\"><\/a><\/dt>\n<\/dl>\n<dl class=\"gallery-item\">\n<dt class=\"gallery-icon landscape\"><a href=\"https:\/\/suceavanews.ro\/wp-content\/uploads\/2023\/05\/simona-radis3.jpg\"><img decoding=\"async\" width=\"150\" height=\"150\" src=\"https:\/\/analyse.optim.biz\/wp-content\/uploads\/2025\/12\/simona-radis3-150x150-1.jpg\" class=\"attachment-thumbnail size-thumbnail\" loading=\"lazy\" title=\"simona-radis3-150x150-1\"><\/a><\/dt>\n<\/dl>\n<p><\/div>\n<\/div>\n<\/div>\n","protected":false},"excerpt":{"rendered":"<p>Boto\u0219\u0103neanca Simona Radi\u0219\u0219i suceveanca Ancu\u021ba Bodnar au ob\u021binut aurul la Campionatele Europene din Slovenia (Bled).\u00a0 Rom\u00e2nia \u00eencheie competi\u021bia cu o performan\u021b\u0103 extraordinar\u0103 6 medalii: 5 de aur \u0219i una de argint. A patra medalie de AUR \u00a0pentru Rom\u00e2nia la Campionatul European 2023 a venit \u00een proba de dublu v\u00e2sle feminin (W2x), prin echipajul format din [&hellip;]<\/p>\n","protected":false},"author":1,"featured_media":1080188,"comment_status":"open","ping_status":"","sticky":false,"template":"","format":"standard","meta":{"footnotes":""},"categories":[89],"tags":[174],"class_list":["post-1080187","post","type-post","status-publish","format-standard","has-post-thumbnail","hentry","category-romania","tag-suceavanews-ro"],"_links":{"self":[{"href":"https:\/\/analyse.optim.biz\/index.php?rest_route=\/wp\/v2\/posts\/1080187","targetHints":{"allow":["GET"]}}],"collection":[{"href":"https:\/\/analyse.optim.biz\/index.php?rest_route=\/wp\/v2\/posts"}],"about":[{"href":"https:\/\/analyse.optim.biz\/index.php?rest_route=\/wp\/v2\/types\/post"}],"author":[{"embeddable":true,"href":"https:\/\/analyse.optim.biz\/index.php?rest_route=\/wp\/v2\/users\/1"}],"replies":[{"embeddable":true,"href":"https:\/\/analyse.optim.biz\/index.php?rest_route=%2Fwp%2Fv2%2Fcomments&post=1080187"}],"version-history":[{"count":0,"href":"https:\/\/analyse.optim.biz\/index.php?rest_route=\/wp\/v2\/posts\/1080187\/revisions"}],"wp:featuredmedia":[{"embeddable":true,"href":"https:\/\/analyse.optim.biz\/index.php?rest_route=\/wp\/v2\/media\/1080188"}],"wp:attachment":[{"href":"https:\/\/analyse.optim.biz\/index.php?rest_route=%2Fwp%2Fv2%2Fmedia&parent=1080187"}],"wp:term":[{"taxonomy":"category","embeddable":true,"href":"https:\/\/analyse.optim.biz\/index.php?rest_route=%2Fwp%2Fv2%2Fcategories&post=1080187"},{"taxonomy":"post_tag","embeddable":true,"href":"https:\/\/analyse.optim.biz\/index.php?rest_route=%2Fwp%2Fv2%2Ftags&post=1080187"}],"curies":[{"name":"wp","href":"https:\/\/api.w.org\/{rel}","templated":true}]}}