{"id":1080158,"date":"2025-12-16T11:28:25","date_gmt":"2025-12-16T08:28:25","guid":{"rendered":"https:\/\/analyse.optim.biz\/?p=1080158"},"modified":"2025-12-16T11:28:25","modified_gmt":"2025-12-16T08:28:25","slug":"fabuloase-ancuta-bodnar-si-simona-radis-argint-la-jocurile-olimpice","status":"publish","type":"post","link":"https:\/\/analyse.optim.biz\/?p=1080158","title":{"rendered":"Fabuloase! Ancu\u021ba Bodnar \u0219i Simona Radi\u0219, argint la Jocurile Olimpice"},"content":{"rendered":"<div class=\"entry-content\">\n<p><a href=\"https:\/\/www.botosaninews.ro\/wp-content\/uploads\/2024\/08\/Simona-Radis.jpg\"><img decoding=\"async\" loading=\"lazy\" class=\"alignright size-medium wp-image-639745\" src=\"https:\/\/analyse.optim.biz\/wp-content\/uploads\/2025\/12\/simona-radis-300x216-1.jpg\" width=\"300\" height=\"216\" title=\"simona-radis-300x216-1\"><\/a>Boto\u0219\u0103neanca Simona Radi\u0219 \u0219i suceveanca Ancu\u021ba Bodnar au devenit vicecampioane olimpice. Acestea au declarat c\u0103 au dat tot ce au putut \u00een proba de dublu v\u00e2sle de la Jocurile Olimpice de la Paris. Rom\u00e2nia a ob\u0163inut a treia medalie la Jocurile Olimpice de la Paris, dup\u0103 ce Ancu\u0163a Bodnar \u015fi Simona Radi\u015f au c\u00e2\u015ftigat argintul la dublu v\u00e2sle. Ancu\u0163a \u015fi Simona, ambele de 25 de ani, au \u00eencheiat cursa \u00een \u015fase minute, 50 de secunde \u015fi 69 de sutimi.<\/p>\n<p><em><strong>\u201dNe bucur\u0103m c\u0103 au reu\u015fit b\u0103ie\u0163ii s\u0103 cucereasc\u0103 aurul. Noi nu am reu\u015fit acum, dar cu siguran\u0163\u0103 am dat tot ce am putut. Nu cred c\u0103 am spus niciodat\u0103 c\u0103 dac\u0103 ar mai fi fost o lovitur\u0103, nu a\u015f fi putut s\u0103 o fac, dar ast\u0103zi a\u015fa a fost. Consider c\u0103 am dat totul. Sunt m\u00e2ndr\u0103 de echipa noastr\u0103, c\u0103 am luptat \u015fi nu am renun\u0163at. De\u015fi anul nostru a fost foarte greu, nimeni nu \u015ftie. Este u\u015for s\u0103 dai p\u0103rerea din exterior, dar ce e \u00een sufletul nostru \u015fi \u00een min\u0163ile noastre doar noi \u015ftim. \u015ei atunci noi mergem mai departe, a\u015fa cum ai spus \u015fi tu, noi mai avem o final\u0103 una de opt plus unul acolo sper\u0103m s\u0103 schimb\u0103m culoarea\u201d,<\/strong><\/em> a spus la r\u00e2ndul ei Simona Radi\u015f.<\/p>\n<\/div>\n","protected":false},"excerpt":{"rendered":"<p>Boto\u0219\u0103neanca Simona Radi\u0219 \u0219i suceveanca Ancu\u021ba Bodnar au devenit vicecampioane olimpice. Acestea au declarat c\u0103 au dat tot ce au putut \u00een proba de dublu v\u00e2sle de la Jocurile Olimpice de la Paris. Rom\u00e2nia a ob\u0163inut a treia medalie la Jocurile Olimpice de la Paris, dup\u0103 ce Ancu\u0163a Bodnar \u015fi Simona Radi\u015f au c\u00e2\u015ftigat argintul [&hellip;]<\/p>\n","protected":false},"author":1,"featured_media":1080159,"comment_status":"open","ping_status":"","sticky":false,"template":"","format":"standard","meta":{"footnotes":""},"categories":[89],"tags":[174],"class_list":["post-1080158","post","type-post","status-publish","format-standard","has-post-thumbnail","hentry","category-romania","tag-suceavanews-ro"],"_links":{"self":[{"href":"https:\/\/analyse.optim.biz\/index.php?rest_route=\/wp\/v2\/posts\/1080158","targetHints":{"allow":["GET"]}}],"collection":[{"href":"https:\/\/analyse.optim.biz\/index.php?rest_route=\/wp\/v2\/posts"}],"about":[{"href":"https:\/\/analyse.optim.biz\/index.php?rest_route=\/wp\/v2\/types\/post"}],"author":[{"embeddable":true,"href":"https:\/\/analyse.optim.biz\/index.php?rest_route=\/wp\/v2\/users\/1"}],"replies":[{"embeddable":true,"href":"https:\/\/analyse.optim.biz\/index.php?rest_route=%2Fwp%2Fv2%2Fcomments&post=1080158"}],"version-history":[{"count":0,"href":"https:\/\/analyse.optim.biz\/index.php?rest_route=\/wp\/v2\/posts\/1080158\/revisions"}],"wp:featuredmedia":[{"embeddable":true,"href":"https:\/\/analyse.optim.biz\/index.php?rest_route=\/wp\/v2\/media\/1080159"}],"wp:attachment":[{"href":"https:\/\/analyse.optim.biz\/index.php?rest_route=%2Fwp%2Fv2%2Fmedia&parent=1080158"}],"wp:term":[{"taxonomy":"category","embeddable":true,"href":"https:\/\/analyse.optim.biz\/index.php?rest_route=%2Fwp%2Fv2%2Fcategories&post=1080158"},{"taxonomy":"post_tag","embeddable":true,"href":"https:\/\/analyse.optim.biz\/index.php?rest_route=%2Fwp%2Fv2%2Ftags&post=1080158"}],"curies":[{"name":"wp","href":"https:\/\/api.w.org\/{rel}","templated":true}]}}