{"id":1078934,"date":"2025-08-01T13:02:34","date_gmt":"2025-08-01T10:02:34","guid":{"rendered":"https:\/\/analyse.optim.biz\/?p=1078934"},"modified":"2025-08-01T13:02:34","modified_gmt":"2025-08-01T10:02:34","slug":"dan-alexa-noul-antrenor-al-politehnicii-timisoara-alfred-simonis-promite-sprijin-pentru-echipa-si-stadion-nou","status":"publish","type":"post","link":"https:\/\/analyse.optim.biz\/?p=1078934","title":{"rendered":"Dan Alexa, noul antrenor al Politehnicii Timi\u0219oara. Alfred Simonis promite sprijin pentru echip\u0103 \u0219i stadion nou"},"content":{"rendered":"<article id=\"template-id-172790\" class=\"post-172790 tdb_templates type-tdb_templates status-publish post\">\n<div id=\"tdi_38\" class=\"tdc-zone\">\n<div class=\"tdc_zone tdi_39  wpb_row td-pb-row\">\n<div id=\"tdi_40\" class=\"tdc-row stretch_row_1400 td-stretch-content\">\n<div class=\"vc_row tdi_41  wpb_row td-pb-row tdc-element-style\">\n<div class=\"vc_column tdi_43  wpb_column vc_column_container tdc-column td-pb-span8\">\n<div class=\"wpb_wrapper\">\n<div class=\"td_block_wrap tdb_single_categories tdi_44 td-pb-border-top td_block_template_1 \" data-td-block-uid=\"tdi_44\">\n<div class=\"tdb-category td-fix-index\"><a class=\"tdb-entry-category\" href=\"https:\/\/voceatimisului.ro\/stiri-din-timisoara-si-timis\/\">\u0218tiri<\/a><a class=\"tdb-entry-category\" href=\"https:\/\/voceatimisului.ro\/stiri-din-timisoara-si-timis\/sport\/\">Sport<\/a><\/div>\n<\/div>\n<div class=\"td_block_wrap tdb_title tdi_45 tdb-single-title td-pb-border-top td_block_template_1\" data-td-block-uid=\"tdi_45\">\n<div class=\"tdb-block-inner td-fix-index\">\n<h1 class=\"tdb-title-text\">Dan Alexa, noul antrenor al Politehnicii Timi\u0219oara. Alfred Simonis promite sprijin pentru echip\u0103 \u0219i stadion nou<\/h1>\n<\/div>\n<\/div>\n<div class=\"td_block_wrap tdb_single_subtitle tdi_46 td-pb-border-top td_block_template_1\" data-td-block-uid=\"tdi_46\">\n<div class=\"tdb-block-inner td-fix-index\">\n<h2>Politehnica Timi\u0219oara \u00eencepe un nou capitol odat\u0103 cu numirea lui Dan Alexa pe banca tehnic\u0103. Conducerea CJ Timi\u0219 anun\u021b\u0103 investi\u021bii \u00een infrastructur\u0103 \u0219i sprijin pentru club.<\/h2>\n<\/div>\n<\/div>\n<div class=\"vc_row_inner tdi_48  vc_row vc_inner wpb_row td-pb-row\">\n<div class=\"vc_column_inner tdi_50  wpb_column vc_column_container tdc-inner-column td-pb-span6\">\n<div class=\"vc_column-inner\">\n<div class=\"wpb_wrapper\">\n<div class=\"td_block_wrap tdb_single_author tdi_51 td-pb-border-top td_block_template_1 tdb-post-meta\" data-td-block-uid=\"tdi_51\">\n<div class=\"tdb-block-inner td-fix-index\">\n<div class=\"tdb-author-name-wrap\"><span class=\"tdb-author-by\">Autor-<\/span><a class=\"tdb-author-name\" href=\"https:\/\/voceatimisului.ro\/author\/marta-stirbey\/\">Marta Stirbey<\/a><\/div>\n<\/div>\n<\/div>\n<div class=\"td_block_wrap tdb_single_date tdi_52 td-pb-border-top td_block_template_1 tdb-post-meta\" data-td-block-uid=\"tdi_52\">\n<div class=\"tdb-block-inner td-fix-index\"><time class=\"entry-date updated td-module-date\" datetime=\"2025-08-01T16:02:34+03:00\">1 august 2025<\/time><\/div>\n<\/div>\n<div class=\"td_block_wrap tdb_single_comments_count tdi_53 td-pb-border-top td_block_template_1 tdb-post-meta\" data-td-block-uid=\"tdi_53\">\n<div class=\"tdb-block-inner td-fix-index\"><a href=\"https:\/\/voceatimisului.ro\/dan-alexa-noul-antrenor-al-politehnicii-timisoara-alfred-simonis-promite-sprijin-pentru-echipa-si-stadion-nou\/#respond\"><span>0<\/span><\/a><\/div>\n<\/div>\n<div class=\"td_block_wrap tdb_single_post_views tdi_54 td-pb-border-top td_block_template_1 tdb-post-meta\" data-td-block-uid=\"tdi_54\">\n<div class=\"tdb-block-inner td-fix-index\"><span class=\"tdb-add-text\">1<\/span><span class=\"td-nr-views-174295\">252<\/span><\/div>\n<\/div>\n<\/div>\n<\/div>\n<\/div>\n<div class=\"vc_column_inner tdi_56  wpb_column vc_column_container tdc-inner-column td-pb-span6\">\n<div class=\"vc_column-inner\">\n<div class=\"wpb_wrapper\">\n<div class=\"td_block_wrap tdb_single_post_share tdi_57  td-pb-border-top td_block_template_1\" data-td-block-uid=\"tdi_57\">\n<div id=\"tdi_57\" class=\"td-post-sharing tdb-block td-ps-bg td-ps-notext td-post-sharing-style1 \">\n<div class=\"td-post-sharing-visible\"><a class=\"td-social-sharing-button td-social-sharing-button-js td-social-network td-social-facebook\" href=\"https:\/\/www.facebook.com\/sharer.php?u=https%3A%2F%2Fvoceatimisului.ro%2Fdan-alexa-noul-antrenor-al-politehnicii-timisoara-alfred-simonis-promite-sprijin-pentru-echipa-si-stadion-nou%2F\" title=\"Facebook\" rel=\"noopener\"><\/p>\n<div class=\"td-social-but-text\">Facebook<\/div>\n<p><\/a><a class=\"td-social-sharing-button td-social-sharing-button-js td-social-network td-social-twitter\" href=\"https:\/\/twitter.com\/intent\/tweet?text=Dan+Alexa%2C+noul+antrenor+al+Politehnicii+Timi%C8%99oara.+Alfred+Simonis+promite+sprijin+pentru+echip%C4%83+%C8%99i+stadion+nou&amp;url=https%3A%2F%2Fvoceatimisului.ro%2Fdan-alexa-noul-antrenor-al-politehnicii-timisoara-alfred-simonis-promite-sprijin-pentru-echipa-si-stadion-nou%2F&amp;via=Vocea+Timisului\" title=\"Twitter\" rel=\"noopener\"><\/p>\n<div class=\"td-social-but-text\">Twitter<\/div>\n<p><\/a><a class=\"td-social-sharing-button td-social-sharing-button-js td-social-network td-social-pinterest\" href=\"https:\/\/pinterest.com\/pin\/create\/button\/?url=https:\/\/voceatimisului.ro\/dan-alexa-noul-antrenor-al-politehnicii-timisoara-alfred-simonis-promite-sprijin-pentru-echipa-si-stadion-nou\/&amp;media=https:\/\/analyse.optim.biz\/wp-content\/uploads\/2025\/12\/dan-alexa-noul-antrenor-al-politehnicii-timisoara.jpg&amp;description=Dan+Alexa%2C+noul+antrenor+al+Politehnicii+Timi%C8%99oara.+Alfred+Simonis+promite+sprijin+pentru+echip%C4%83+%C8%99i+stadion+nou\" title=\"Pinterest\" rel=\"noopener\"><\/p>\n<div class=\"td-social-but-text\">Pinterest<\/div>\n<p><\/a><a class=\"td-social-sharing-button td-social-sharing-button-js td-social-network td-social-whatsapp\" href=\"https:\/\/api.whatsapp.com\/send?text=Dan+Alexa%2C+noul+antrenor+al+Politehnicii+Timi%C8%99oara.+Alfred+Simonis+promite+sprijin+pentru+echip%C4%83+%C8%99i+stadion+nou%20%0A%0A%20https:\/\/voceatimisului.ro\/dan-alexa-noul-antrenor-al-politehnicii-timisoara-alfred-simonis-promite-sprijin-pentru-echipa-si-stadion-nou\/\" title=\"WhatsApp\" rel=\"noopener\"><\/p>\n<div class=\"td-social-but-text\">WhatsApp<\/div>\n<p><\/a><a class=\"td-social-sharing-button td-social-sharing-button-js td-social-network td-social-linkedin\" href=\"https:\/\/www.linkedin.com\/shareArticle?mini=true&amp;url=https:\/\/voceatimisului.ro\/dan-alexa-noul-antrenor-al-politehnicii-timisoara-alfred-simonis-promite-sprijin-pentru-echipa-si-stadion-nou\/&amp;title=Dan+Alexa%2C+noul+antrenor+al+Politehnicii+Timi%C8%99oara.+Alfred+Simonis+promite+sprijin+pentru+echip%C4%83+%C8%99i+stadion+nou\" title=\"Linkedin\" rel=\"noopener\"><\/p>\n<div class=\"td-social-but-text\">Linkedin<\/div>\n<p><\/a><a class=\"td-social-sharing-button td-social-sharing-button-js td-social-network td-social-copy_url\" href=\"https:\/\/voceatimisului.ro\/dan-alexa-noul-antrenor-al-politehnicii-timisoara-alfred-simonis-promite-sprijin-pentru-echipa-si-stadion-nou\/\" title=\"Copy URL\" rel=\"noopener\"><\/p>\n<div class=\"td-social-but-text\">Copy URL<\/div>\n<p><\/a><\/div>\n<\/div>\n<\/div>\n<\/div>\n<\/div>\n<\/div>\n<\/div>\n<div class=\"td_block_wrap tdb_single_featured_image tdi_58 tdb-content-horiz-left td-pb-border-top td_block_template_1\" data-td-block-uid=\"tdi_58\">\n<div class=\"tdb-block-inner td-fix-index\"><img fetchpriority=\"high\" decoding=\"async\" width=\"696\" height=\"522\" class=\"entry-thumb\" src=\"https:\/\/analyse.optim.biz\/wp-content\/uploads\/2025\/12\/dan-alexa-noul-antrenor-al-politehnicii-timisoara-696x522-1.jpg\" alt=\"Dan Alexa, noul antrenor al Politehnicii Timi\u0219oara\" title=\"Dan Alexa, noul antrenor al Politehnicii Timi\u0219oara\" loading=\"eager\"><\/div>\n<\/div>\n<div class=\"vc_row_inner tdi_60  vc_row vc_inner wpb_row td-pb-row\">\n<div class=\"vc_column_inner tdi_62  wpb_column vc_column_container tdc-inner-column td-pb-span4 td-is-sticky\">\n<div class=\"vc_column-inner\">\n<div class=\"wpb_wrapper\" data-sticky-enabled-on=\"W3RydWUsdHJ1ZSx0cnVlLHRydWVd\" data-sticky-offset=\"20\" data-sticky-is-width-auto=\"W2ZhbHNlLGZhbHNlLGZhbHNlLGZhbHNlXQ==\">\n<div class=\"td_block_wrap td_flex_block_1 tdi_63 td-pb-border-top td_block_template_1 td_ajax_preloading_preload td_flex_block\" data-td-block-uid=\"tdi_63\">\n<div id=\"tdi_63\" class=\"td_block_inner td-mc1-wrap\">\n<div class=\"td_module_flex td_module_flex_1 td_module_wrap td-animation-stack td-meta-info-hide td-cpt-post\">\n<div class=\"td-module-container td-category-pos-image\">\n<div class=\"td-module-meta-info\">\n<h3 class=\"entry-title td-module-title\"><a href=\"https:\/\/voceatimisului.ro\/banatul-trece-de-prima-etapa-in-cursa-pentru-titlul-de-regiune-gastronomica-europeana-2028\/\" rel=\"bookmark\" title=\"Banatul trece de prima etap\u0103 \u00een cursa pentru titlul de Regiune Gastronomic\u0103 European\u0103 2028\">Banatul trece de prima etap\u0103 \u00een cursa pentru titlul de Regiune Gastronomic\u0103 European\u0103 2028<\/a><\/h3>\n<\/div>\n<\/div>\n<\/div>\n<div class=\"td_module_flex td_module_flex_1 td_module_wrap td-animation-stack td-meta-info-hide td-cpt-post\">\n<div class=\"td-module-container td-category-pos-image\">\n<div class=\"td-module-meta-info\">\n<h3 class=\"entry-title td-module-title\"><a href=\"https:\/\/voceatimisului.ro\/investitii-de-500-de-milioane-de-euro-in-sanatate-prezentate-in-timpul-vizitei-ministrului-sanatatii-la-timisoara\/\" rel=\"bookmark\" title=\"Investi\u021bii de 500 de milioane de euro \u00een s\u0103n\u0103tate, prezentate \u00een timpul vizitei ministrului S\u0103n\u0103t\u0103\u021bii la Timi\u0219oara\">Investi\u021bii de 500 de milioane de euro \u00een s\u0103n\u0103tate, prezentate \u00een timpul vizitei ministrului S\u0103n\u0103t\u0103\u021bii la Timi\u0219oara<\/a><\/h3>\n<\/div>\n<\/div>\n<\/div>\n<div class=\"td_module_flex td_module_flex_1 td_module_wrap td-animation-stack td-meta-info-hide td-cpt-post\">\n<div class=\"td-module-container td-category-pos-image\">\n<div class=\"td-module-meta-info\">\n<h3 class=\"entry-title td-module-title\"><a href=\"https:\/\/voceatimisului.ro\/oferta-culturala-a-consiliului-judetean-timis-in-perioada-8-14-decembrie\/\" rel=\"bookmark\" title=\"Oferta cultural\u0103 a Consiliului Jude\u021bean Timi\u0219 \u00een perioada 8-14 decembrie\">Oferta cultural\u0103 a Consiliului Jude\u021bean Timi\u0219 \u00een perioada 8-14 decembrie<\/a><\/h3>\n<\/div>\n<\/div>\n<\/div>\n<div class=\"td_module_flex td_module_flex_1 td_module_wrap td-animation-stack td-meta-info-hide td-cpt-post\">\n<div class=\"td-module-container td-category-pos-image\">\n<div class=\"td-module-meta-info\">\n<h3 class=\"entry-title td-module-title\"><a href=\"https:\/\/voceatimisului.ro\/lights-of-the-village-la-muzeul-satului-banatean-din-timisoara\/\" rel=\"bookmark\" title=\"Lights of the Village la Muzeul Satului B\u0103n\u0103\u021bean din Timi\u0219oara\">Lights of the Village la Muzeul Satului B\u0103n\u0103\u021bean din Timi\u0219oara<\/a><\/h3>\n<\/div>\n<\/div>\n<\/div>\n<\/div>\n<\/div>\n<div class=\"tdb-author-box td_block_wrap tdb_single_author_box tdi_68 tdb-content-vert-top td-pb-border-top td_block_template_1\" data-td-block-uid=\"tdi_68\">\n<div class=\"tdb-block-inner td-fix-index\">\n<div class=\"tdb-author-info\"><a href=\"https:\/\/voceatimisului.ro\/author\/marta-stirbey\/\" class=\"tdb-author-name\">Marta Stirbey<\/a><\/p>\n<div class=\"tdb-author-descr\">\u00centreaga responsabilitate a comentariilor l\u0103sate de dumneavoastr\u0103 v\u0103 apar\u021bine!<br \/>\nClick <a href=\"https:\/\/voceatimisului.ro\/termeni-si-conditii\/\">aici<\/a>-citeste condi\u0163iile de utilizare ale site-ului www.voceatimisului.ro<\/div>\n<\/div>\n<\/div>\n<\/div>\n<\/div>\n<\/div>\n<\/div>\n<div class=\"vc_column_inner tdi_70  wpb_column vc_column_container tdc-inner-column td-pb-span8\">\n<div class=\"vc_column-inner\">\n<div class=\"wpb_wrapper\">\n<div class=\"td_block_wrap tdb_single_content tdi_71 td-pb-border-top td_block_template_1 td-post-content tagdiv-type\" data-td-block-uid=\"tdi_71\">\n<div class=\"tdb-block-inner td-fix-index\">\n<h2 class=\"wp-block-heading\">Politehnica Timi\u0219oara are, din aceast\u0103 var\u0103, un nou antrenor principal: <strong>Dan Alexa<\/strong>. Prezentarea oficial\u0103 a avut loc \u00een prezen\u021ba conducerii clubului, a reprezentan\u021bilor Universit\u0103\u021bii Politehnica \u0219i a unor oficiali locali, printre care \u0219i pre\u0219edintele Consiliului Jude\u021bean Timi\u0219, <strong>Alfred Simonis<\/strong>.<\/h2>\n<p>Potrivit declara\u021biilor, obiectivul este readucerea echipei \u00een elita fotbalului rom\u00e2nesc, acolo unde, spune Simonis, \u201ePoli \u00ee\u0219i are locul\u201d. Liderul CJ Timi\u0219 a precizat c\u0103 institu\u021bia va sprijini clubul din punct de vedere financiar \u0219i logistic, \u00eens\u0103 nu se va implica direct \u00een managementul sportiv.<\/p>\n<p><strong><em>\u201eTreaba noastr\u0103 este s\u0103 asigur\u0103m cele mai bune condi\u021bii pentru ca Dan Alexa, staff-ul s\u0103u \u0219i juc\u0103torii s\u0103 fac\u0103 din Poli ceea ce a mai fost. Noi, la Consiliul Jude\u021bean, construim stadionul Dan P\u0103ltini\u0219anu, g\u0103sim solu\u021bii pentru o baz\u0103 serioas\u0103 de antrenament \u0219i sus\u021binem c\u00e2t putem echipa\u201d,<\/em><\/strong> a declarat Alfred Simonis.<\/p>\n<p>Noul antrenor a mul\u021bumit pentru \u00eencrederea acordat\u0103 \u0219i a transmis c\u0103 \u00ee\u0219i dore\u0219te s\u0103 readuc\u0103 performan\u021ba \u0219i bucuria suporterilor alb-viole\u021bi. Proiectele de infrastructur\u0103, precum noul stadion Dan P\u0103ltini\u0219anu \u0219i baza de antrenament, se afl\u0103 \u00een planurile administra\u021biei jude\u021bene.<\/p>\n<\/div>\n<\/div>\n<div class=\"td_block_wrap tdb_single_tags tdi_74 td-pb-border-top td_block_template_1\" data-td-block-uid=\"tdi_74\">\n<div class=\"tdb-block-inner td-fix-index\">\n<ul class=\"tdb-tags\">\n<li><span>Tags<\/span><\/li>\n<li><a href=\"https:\/\/voceatimisului.ro\/tag\/alfred-simions\/\">Alfred Simions<\/a><\/li>\n<li><a href=\"https:\/\/voceatimisului.ro\/tag\/consiliul-judetean-timis\/\">consiliul judetean timis<\/a><\/li>\n<li><a href=\"https:\/\/voceatimisului.ro\/tag\/dan-alexa\/\">dan alexa<\/a><\/li>\n<li><a href=\"https:\/\/voceatimisului.ro\/tag\/politehnica-timisoara\/\">politehnica timisoara<\/a><\/li>\n<\/ul>\n<\/div>\n<\/div>\n<div class=\"td_block_wrap tdb_single_post_share tdi_75  td-pb-border-top td_block_template_1\" data-td-block-uid=\"tdi_75\">\n<div id=\"tdi_75\" class=\"td-post-sharing tdb-block td-ps-bg td-ps-notext td-post-sharing-style1 \">\n<div class=\"td-post-sharing-visible\"><a class=\"td-social-sharing-button td-social-sharing-button-js td-social-network td-social-facebook\" href=\"https:\/\/www.facebook.com\/sharer.php?u=https%3A%2F%2Fvoceatimisului.ro%2Fdan-alexa-noul-antrenor-al-politehnicii-timisoara-alfred-simonis-promite-sprijin-pentru-echipa-si-stadion-nou%2F\" title=\"Facebook\" rel=\"noopener\"><\/p>\n<div class=\"td-social-but-text\">Facebook<\/div>\n<p><\/a><a class=\"td-social-sharing-button td-social-sharing-button-js td-social-network td-social-twitter\" href=\"https:\/\/twitter.com\/intent\/tweet?text=Dan+Alexa%2C+noul+antrenor+al+Politehnicii+Timi%C8%99oara.+Alfred+Simonis+promite+sprijin+pentru+echip%C4%83+%C8%99i+stadion+nou&amp;url=https%3A%2F%2Fvoceatimisului.ro%2Fdan-alexa-noul-antrenor-al-politehnicii-timisoara-alfred-simonis-promite-sprijin-pentru-echipa-si-stadion-nou%2F&amp;via=Vocea+Timisului\" title=\"Twitter\" rel=\"noopener\"><\/p>\n<div class=\"td-social-but-text\">Twitter<\/div>\n<p><\/a><a class=\"td-social-sharing-button td-social-sharing-button-js td-social-network td-social-pinterest\" href=\"https:\/\/pinterest.com\/pin\/create\/button\/?url=https:\/\/voceatimisului.ro\/dan-alexa-noul-antrenor-al-politehnicii-timisoara-alfred-simonis-promite-sprijin-pentru-echipa-si-stadion-nou\/&amp;media=https:\/\/analyse.optim.biz\/wp-content\/uploads\/2025\/12\/dan-alexa-noul-antrenor-al-politehnicii-timisoara.jpg&amp;description=Dan+Alexa%2C+noul+antrenor+al+Politehnicii+Timi%C8%99oara.+Alfred+Simonis+promite+sprijin+pentru+echip%C4%83+%C8%99i+stadion+nou\" title=\"Pinterest\" rel=\"noopener\"><\/p>\n<div class=\"td-social-but-text\">Pinterest<\/div>\n<p><\/a><a class=\"td-social-sharing-button td-social-sharing-button-js td-social-network td-social-whatsapp\" href=\"https:\/\/api.whatsapp.com\/send?text=Dan+Alexa%2C+noul+antrenor+al+Politehnicii+Timi%C8%99oara.+Alfred+Simonis+promite+sprijin+pentru+echip%C4%83+%C8%99i+stadion+nou%20%0A%0A%20https:\/\/voceatimisului.ro\/dan-alexa-noul-antrenor-al-politehnicii-timisoara-alfred-simonis-promite-sprijin-pentru-echipa-si-stadion-nou\/\" title=\"WhatsApp\" rel=\"noopener\"><\/p>\n<div class=\"td-social-but-text\">WhatsApp<\/div>\n<p><\/a><a class=\"td-social-sharing-button td-social-sharing-button-js td-social-network td-social-linkedin\" href=\"https:\/\/www.linkedin.com\/shareArticle?mini=true&amp;url=https:\/\/voceatimisului.ro\/dan-alexa-noul-antrenor-al-politehnicii-timisoara-alfred-simonis-promite-sprijin-pentru-echipa-si-stadion-nou\/&amp;title=Dan+Alexa%2C+noul+antrenor+al+Politehnicii+Timi%C8%99oara.+Alfred+Simonis+promite+sprijin+pentru+echip%C4%83+%C8%99i+stadion+nou\" title=\"Linkedin\" rel=\"noopener\"><\/p>\n<div class=\"td-social-but-text\">Linkedin<\/div>\n<p><\/a><a class=\"td-social-sharing-button td-social-sharing-button-js td-social-network td-social-copy_url\" href=\"https:\/\/voceatimisului.ro\/dan-alexa-noul-antrenor-al-politehnicii-timisoara-alfred-simonis-promite-sprijin-pentru-echipa-si-stadion-nou\/\" title=\"Copy URL\" rel=\"noopener\"><\/p>\n<div class=\"td-social-but-text\">Copy URL<\/div>\n<p><\/a><\/div>\n<\/div>\n<\/div>\n<div class=\"td_block_wrap tdb_single_next_prev tdi_76 td-animation-stack td-next-prev-img-on td-pb-border-top td_block_template_1\" data-td-block-uid=\"tdi_76\">\n<div class=\"tdb-block-inner td-fix-index\">\n<div class=\"tdb-next-post tdb-next-post-bg tdb-post-prev\"><span>Articolul precedent<\/span><\/p>\n<div class=\"td-module-container\">\n<div class=\"td-image-container\"><a class=\"td-image-wrap\" href=\"https:\/\/voceatimisului.ro\/dogaru-si-petolea-confirmati-discret-la-sefia-stpt-concurs-legal-dar-cu-transparenta-minima\/\"><img loading=\"lazy\" decoding=\"async\" class=\"td-next-prev-image td-fix-index td-lazy-img\" title=\"Dogaru \u0219i Petolea, confirma\u021bi discret la \u0219efia STPT. Concurs legal, dar cu transparen\u021b\u0103 minim\u0103\" width=\"696\" height=\"458\" src=\"https:\/\/analyse.optim.biz\/wp-content\/uploads\/2025\/12\/petolea-florin-madalin-dogaru-696x458-1.jpg\"><\/a><\/div>\n<div class=\"next-prev-title\"><a href=\"https:\/\/voceatimisului.ro\/dogaru-si-petolea-confirmati-discret-la-sefia-stpt-concurs-legal-dar-cu-transparenta-minima\/\">Dogaru \u0219i Petolea, confirma\u021bi discret la \u0219efia STPT. Concurs legal, dar cu transparen\u021b\u0103 minim\u0103<\/a><\/div>\n<\/div>\n<\/div>\n<div class=\"tdb-next-post tdb-next-post-bg tdb-post-next\"><span>Articolul urm\u0103tor<\/span><\/p>\n<div class=\"td-module-container\">\n<div class=\"td-image-container\"><a class=\"td-image-wrap\" href=\"https:\/\/voceatimisului.ro\/doua-investitii-europene-majore-pentru-comuna-sag-scoala-verde-si-asfaltari-pe-strazi-importante\/\"><img loading=\"lazy\" decoding=\"async\" class=\"td-next-prev-image td-fix-index td-lazy-img\" title=\"Dou\u0103 investi\u021bii europene majore pentru comuna \u0218ag: \u0219coal\u0103 verde \u0219i asfalt\u0103ri pe str\u0103zi importante\" width=\"696\" height=\"296\" src=\"https:\/\/analyse.optim.biz\/wp-content\/uploads\/2025\/12\/doua-investitii-europene-majore-pentru-comuna-sag-1-696x296-1.jpg\"><\/a><\/div>\n<div class=\"next-prev-title\"><a href=\"https:\/\/voceatimisului.ro\/doua-investitii-europene-majore-pentru-comuna-sag-scoala-verde-si-asfaltari-pe-strazi-importante\/\">Dou\u0103 investi\u021bii europene majore pentru comuna \u0218ag: \u0219coal\u0103 verde \u0219i asfalt\u0103ri pe str\u0103zi importante<\/a><\/div>\n<\/div>\n<\/div>\n<\/div>\n<\/div>\n<\/div>\n<\/div>\n<\/div>\n<\/div>\n<div class=\"vc_row_inner tdi_86  vc_row vc_inner wpb_row td-pb-row\">\n<div class=\"vc_column_inner tdi_88  wpb_column vc_column_container tdc-inner-column td-pb-span4 td-is-sticky\">\n<div class=\"vc_column-inner\">\n<div class=\"wpb_wrapper\" data-sticky-enabled-on=\"W3RydWUsdHJ1ZSx0cnVlLHRydWVd\" data-sticky-offset=\"20\" data-sticky-is-width-auto=\"W2ZhbHNlLGZhbHNlLGZhbHNlLGZhbHNlXQ==\">\n<div class=\"td_block_wrap tdb_single_related tdi_89 td_with_ajax_pagination td-pb-border-top td_block_template_1 tdb-single-related-posts\" data-td-block-uid=\"tdi_89\">\n<div id=\"tdi_89\" class=\"td_block_inner tdb-block-inner td-fix-index\">\n<div class=\"tdb_module_related td_module_wrap td-animation-stack td-meta-info-hide\">\n<div class=\"td-module-container td-category-pos-image\">\n<div class=\"td-module-meta-info\">\n<h3 class=\"entry-title td-module-title\"><a href=\"https:\/\/voceatimisului.ro\/fragilitatea-eternului-aduce-pompeiul-la-timisoara-o-expozitie-internationala-de-referinta-la-muzeul-national-de-arta\/\" rel=\"bookmark\" title=\"Fragilitatea eternului aduce Pompeiul la Timi\u0219oara, o expozi\u021bie interna\u021bional\u0103 de referin\u021b\u0103 la Muzeul Na\u021bional de Art\u0103\">Fragilitatea eternului aduce Pompeiul la Timi\u0219oara, o expozi\u021bie interna\u021bional\u0103 de referin\u021b\u0103 la Muzeul Na\u021bional de Art\u0103<\/a><\/h3>\n<\/div>\n<\/div>\n<\/div>\n<div class=\"tdb_module_related td_module_wrap td-animation-stack td-meta-info-hide\">\n<div class=\"td-module-container td-category-pos-image\">\n<div class=\"td-module-meta-info\">\n<h3 class=\"entry-title td-module-title\"><a href=\"https:\/\/voceatimisului.ro\/retim-lovitura-in-instanta-si-factura-de-24-600-lei-pe-fondul-haosului-din-gestionarea-gunoiului\/\" rel=\"bookmark\" title=\"RETIM, lovitur\u0103 \u00een instan\u021b\u0103 \u0219i factur\u0103 de 24.600 lei pe fondul haosului din gestionarea gunoiului\">RETIM, lovitur\u0103 \u00een instan\u021b\u0103 \u0219i factur\u0103 de 24.600 lei pe fondul haosului din gestionarea gunoiului<\/a><\/h3>\n<\/div>\n<\/div>\n<\/div>\n<div class=\"tdb_module_related td_module_wrap td-animation-stack td-meta-info-hide\">\n<div class=\"td-module-container td-category-pos-image\">\n<div class=\"td-module-meta-info\">\n<h3 class=\"entry-title td-module-title\"><a href=\"https:\/\/voceatimisului.ro\/visit-timis-promoveaza-judetul-la-targul-international-de-turism-din-novi-sad\/\" rel=\"bookmark\" title=\"Visit Timi\u0219 promoveaz\u0103 jude\u021bul la T\u00e2rgul Interna\u021bional de Turism din Novi Sad\">Visit Timi\u0219 promoveaz\u0103 jude\u021bul la T\u00e2rgul Interna\u021bional de Turism din Novi Sad<\/a><\/h3>\n<\/div>\n<\/div>\n<\/div>\n<\/div>\n<\/div>\n<\/div>\n<\/div>\n<\/div>\n<div class=\"vc_column_inner tdi_91  wpb_column vc_column_container tdc-inner-column td-pb-span8\">\n<div class=\"vc_column-inner\">\n<div class=\"wpb_wrapper\">\n<div class=\"td_block_wrap tdb_single_comments tdi_92 tdb-comm-layout2 td-pb-border-top td_block_template_2\" data-td-block-uid=\"tdi_92\">\n<div class=\"tdb-block-inner td-fix-index\">\n<div class=\"comments\" id=\"comments\">\n<div id=\"respond\" class=\"comment-respond\">\n<h3 id=\"reply-title\" class=\"comment-reply-title\">L\u0102SA\u021aI UN MESAJ <small><a rel=\"nofollow\" id=\"cancel-comment-reply-link\" href=\"https:\/\/voceatimisului.ro\/dan-alexa-noul-antrenor-al-politehnicii-timisoara-alfred-simonis-promite-sprijin-pentru-echipa-si-stadion-nou\/#respond\">Renun\u021ba\u021bi la r\u0103spuns<\/a><\/small><\/h3>\n<div class=\"comment-form-input-wrap td-form-comment\">\n<div class=\"td-warning-comment\">V\u0103 rug\u0103m s\u0103 introduce\u021bi comentariul dvs.!<\/div>\n<\/div>\n<div class=\"comment-form-input-wrap td-form-author\">\n<div class=\"td-warning-author\">Introduce\u021bi aici numele dvs.<\/div>\n<\/div>\n<div class=\"comment-form-input-wrap td-form-email\">\n<div class=\"td-warning-email-error\">A\u021bi introdus o adres\u0103 de e-mail incorect\u0103!<\/div>\n<div class=\"td-warning-email\">V\u0103 rug\u0103m s\u0103 introduce\u021bi adresa dvs. de e-mail aici<\/div>\n<\/div>\n<\/div>\n<\/div>\n<\/div>\n<\/div>\n<\/div>\n<\/div>\n<\/div>\n<\/div>\n<\/div>\n<\/div>\n<div class=\"vc_column tdi_94  wpb_column vc_column_container tdc-column td-pb-span4 td-is-sticky\">\n<div class=\"wpb_wrapper\" data-sticky-enabled-on=\"W3RydWUsdHJ1ZSx0cnVlLHRydWVd\" data-sticky-offset=\"20\" data-sticky-is-width-auto=\"W2ZhbHNlLGZhbHNlLGZhbHNlLGZhbHNlXQ==\">\n<div class=\"vc_row_inner tdi_96  vc_row vc_inner wpb_row td-pb-row\">\n<div class=\"vc_column_inner tdi_98  wpb_column vc_column_container tdc-inner-column td-pb-span12\">\n<div class=\"vc_column-inner\">\n<div class=\"wpb_wrapper\">\n<div class=\"td_block_wrap td_block_title tdi_99 td-pb-border-top td_block_template_11 td-fix-index\" data-td-block-uid=\"tdi_99\">\n<div class=\"td-block-title-wrap\">\n<h4 class=\"td-block-title\"><span class=\"td-pulldown-size\">ANUN\u021aURI \u0218I PUBLICITATE<\/span><\/h4>\n<\/div>\n<\/div>\n<\/div>\n<\/div>\n<\/div>\n<\/div>\n<div class=\"wpb_wrapper td_block_wrap vc_widget_sidebar tdi_101 \">\n<aside id=\"block-10\" class=\"td_block_template_1 widget block-10 widget_block widget_media_image\">\n<figure class=\"wp-block-image size-full\"><a href=\"https:\/\/adpghiroda.ro\/index.html\" target=\"_blank\" rel=\" noreferrer noopener\"><img decoding=\"async\" loading=\"eager\" width=\"960\" height=\"960\" src=\"https:\/\/analyse.optim.biz\/wp-content\/uploads\/2025\/12\/adp-ghiroda2-35.jpg\" class=\"wp-image-171492\" title=\"adp-ghiroda2-35\"><\/a><\/figure>\n<\/aside>\n<aside id=\"block-11\" class=\"td_block_template_1 widget block-11 widget_block widget_media_image\">\n<figure class=\"wp-block-image size-full\"><a href=\"https:\/\/adpghiroda.ro\/index.html\" target=\"_blank\" rel=\" noreferrer noopener\"><img decoding=\"async\" loading=\"eager\" width=\"960\" height=\"960\" src=\"https:\/\/analyse.optim.biz\/wp-content\/uploads\/2025\/12\/adp-ghiroda1-35.jpg\" class=\"wp-image-171491\" title=\"adp-ghiroda1-35\"><\/a><\/figure>\n<\/aside>\n<aside id=\"block-17\" class=\"td_block_template_1 widget block-17 widget_block widget_media_image\">\n<figure class=\"wp-block-image size-large is-resized\"><a href=\"https:\/\/verde.events\/\" target=\"_blank\" rel=\" noreferrer noopener\"><img decoding=\"async\" loading=\"lazy\" width=\"1024\" height=\"683\" src=\"https:\/\/analyse.optim.biz\/wp-content\/uploads\/2025\/12\/verde-events-24-1024x683-36.jpg\" alt=\"Verde Events\" class=\"wp-image-174395\" title=\"verde-events-24-1024x683-36\"><\/a><figcaption class=\"wp-element-caption\"><strong><em>O experien\u021b\u0103 unic\u0103 pentru orice tip de eveniment<\/em><\/strong><\/figcaption><\/figure>\n<\/aside>\n<\/div>\n<div class=\"td_block_wrap td_flex_block_1 tdi_107 td-pb-border-top td_block_template_1 td_ajax_preloading_preload td_flex_block\" data-td-block-uid=\"tdi_107\">\n<div id=\"tdi_107\" class=\"td_block_inner td-mc1-wrap\">\n<div class=\"td_module_flex td_module_flex_1 td_module_wrap td-animation-stack td-meta-info-hide td-cpt-post\">\n<div class=\"td-module-container td-category-pos-image\">\n<div class=\"td-module-meta-info\">\n<h3 class=\"entry-title td-module-title\"><a href=\"https:\/\/voceatimisului.ro\/simonis-in-plenul-cj-timis-decizia-instantei-deblocheaza-stadionul-nu-il-ingroapa\/\" rel=\"bookmark\" title=\"Simonis, \u00een plenul CJ Timi\u0219: decizia instan\u021bei deblocheaz\u0103 stadionul, nu \u00eel \u00eengroap\u0103\">Simonis, \u00een plenul CJ Timi\u0219: decizia instan\u021bei deblocheaz\u0103 stadionul, nu \u00eel \u00eengroap\u0103<\/a><\/h3>\n<\/div>\n<\/div>\n<\/div>\n<div class=\"td_module_flex td_module_flex_1 td_module_wrap td-animation-stack td-meta-info-hide td-cpt-post\">\n<div class=\"td-module-container td-category-pos-image\">\n<div class=\"td-module-meta-info\">\n<h3 class=\"entry-title td-module-title\"><a href=\"https:\/\/voceatimisului.ro\/retim-si-polaris-acuzatii-directe-in-cj-timis-simonis-nu-ne-lasam-santajati-de-mafia-gunoaielor\/\" rel=\"bookmark\" title=\"RETIM \u0219i Polaris, acuza\u021bii directe \u00een CJ Timi\u0219. Simonis: nu ne l\u0103s\u0103m \u0219antaja\u021bi de \u201emafia gunoaielor\u201d\">RETIM \u0219i Polaris, acuza\u021bii directe \u00een CJ Timi\u0219. Simonis: nu ne l\u0103s\u0103m \u0219antaja\u021bi de \u201emafia gunoaielor\u201d<\/a><\/h3>\n<\/div>\n<\/div>\n<\/div>\n<div class=\"td_module_flex td_module_flex_1 td_module_wrap td-animation-stack td-meta-info-hide td-cpt-post\">\n<div class=\"td-module-container td-category-pos-image\">\n<div class=\"td-module-meta-info\">\n<h3 class=\"entry-title td-module-title\"><a href=\"https:\/\/voceatimisului.ro\/eveniment-de-iarna-la-muzeul-satului-banatean-organizat-de-consiliul-judetean-timis\/\" rel=\"bookmark\" title=\"Eveniment de iarn\u0103 la Muzeul Satului B\u0103n\u0103\u021bean, organizat de Consiliul Jude\u021bean Timi\u0219\">Eveniment de iarn\u0103 la Muzeul Satului B\u0103n\u0103\u021bean, organizat de Consiliul Jude\u021bean Timi\u0219<\/a><\/h3>\n<\/div>\n<\/div>\n<\/div>\n<div class=\"td_module_flex td_module_flex_1 td_module_wrap td-animation-stack td-meta-info-hide td-cpt-post\">\n<div class=\"td-module-container td-category-pos-image\">\n<div class=\"td-module-meta-info\">\n<h3 class=\"entry-title td-module-title\"><a href=\"https:\/\/voceatimisului.ro\/proiectia-pariu-pe-timis-ajunge-la-sag\/\" rel=\"bookmark\" title=\"Proiec\u021bia \u201ePariu pe Timi\u0219\u201d ajunge la \u0218ag\">Proiec\u021bia \u201ePariu pe Timi\u0219\u201d ajunge la \u0218ag<\/a><\/h3>\n<\/div>\n<\/div>\n<\/div>\n<div class=\"td_module_flex td_module_flex_1 td_module_wrap td-animation-stack td-meta-info-hide td-cpt-post\">\n<div class=\"td-module-container td-category-pos-image\">\n<div class=\"td-module-meta-info\">\n<h3 class=\"entry-title td-module-title\"><a href=\"https:\/\/voceatimisului.ro\/oferta-culturala-a-consiliului-judetean-timis-pentru-perioada-17-23-noiembrie\/\" rel=\"bookmark\" title=\"Oferta cultural\u0103 a Consiliului Jude\u021bean Timi\u0219 pentru perioada 17\u201323 noiembrie\">Oferta cultural\u0103 a Consiliului Jude\u021bean Timi\u0219 pentru perioada 17\u201323 noiembrie<\/a><\/h3>\n<\/div>\n<\/div>\n<\/div>\n<\/div>\n<\/div>\n<\/div>\n<\/div>\n<\/div>\n<\/div>\n<\/div>\n<\/div>\n<p><span class=\"td-page-meta\"><\/span><span class=\"td-page-meta\"><span class=\"td-page-meta\"><\/span><\/span><span class=\"td-page-meta\"><\/span><\/article>\n<p> Source URL: https:\/\/voceatimisului.ro\/dan-alexa-noul-antrenor-al-politehnicii-timisoara-alfred-simonis-promite-sprijin-pentru-echipa-si-stadion-nou\/<\/p>\n","protected":false},"excerpt":{"rendered":"<p>\u0218tiriSport Dan Alexa, noul antrenor al Politehnicii Timi\u0219oara. Alfred Simonis promite sprijin pentru echip\u0103 \u0219i stadion nou Politehnica Timi\u0219oara \u00eencepe un nou capitol odat\u0103 cu numirea lui Dan Alexa pe banca tehnic\u0103. Conducerea CJ Timi\u0219 anun\u021b\u0103 investi\u021bii \u00een infrastructur\u0103 \u0219i sprijin pentru club. Autor-Marta Stirbey 1 august 2025 0 1252 Facebook Twitter Pinterest WhatsApp Linkedin [&hellip;]<\/p>\n","protected":false},"author":1,"featured_media":1078935,"comment_status":"open","ping_status":"","sticky":false,"template":"","format":"standard","meta":{"footnotes":""},"categories":[89],"tags":[199],"class_list":["post-1078934","post","type-post","status-publish","format-standard","has-post-thumbnail","hentry","category-romania","tag-voceatimisului-ro"],"_links":{"self":[{"href":"https:\/\/analyse.optim.biz\/index.php?rest_route=\/wp\/v2\/posts\/1078934","targetHints":{"allow":["GET"]}}],"collection":[{"href":"https:\/\/analyse.optim.biz\/index.php?rest_route=\/wp\/v2\/posts"}],"about":[{"href":"https:\/\/analyse.optim.biz\/index.php?rest_route=\/wp\/v2\/types\/post"}],"author":[{"embeddable":true,"href":"https:\/\/analyse.optim.biz\/index.php?rest_route=\/wp\/v2\/users\/1"}],"replies":[{"embeddable":true,"href":"https:\/\/analyse.optim.biz\/index.php?rest_route=%2Fwp%2Fv2%2Fcomments&post=1078934"}],"version-history":[{"count":0,"href":"https:\/\/analyse.optim.biz\/index.php?rest_route=\/wp\/v2\/posts\/1078934\/revisions"}],"wp:featuredmedia":[{"embeddable":true,"href":"https:\/\/analyse.optim.biz\/index.php?rest_route=\/wp\/v2\/media\/1078935"}],"wp:attachment":[{"href":"https:\/\/analyse.optim.biz\/index.php?rest_route=%2Fwp%2Fv2%2Fmedia&parent=1078934"}],"wp:term":[{"taxonomy":"category","embeddable":true,"href":"https:\/\/analyse.optim.biz\/index.php?rest_route=%2Fwp%2Fv2%2Fcategories&post=1078934"},{"taxonomy":"post_tag","embeddable":true,"href":"https:\/\/analyse.optim.biz\/index.php?rest_route=%2Fwp%2Fv2%2Ftags&post=1078934"}],"curies":[{"name":"wp","href":"https:\/\/api.w.org\/{rel}","templated":true}]}}