{"id":1078919,"date":"2025-09-21T03:29:43","date_gmt":"2025-09-21T00:29:43","guid":{"rendered":"https:\/\/analyse.optim.biz\/?p=1078919"},"modified":"2025-09-21T03:29:43","modified_gmt":"2025-09-21T00:29:43","slug":"junior-champions-cup-2025-aduce-fotbalul-copiilor-la-remetea-mare","status":"publish","type":"post","link":"https:\/\/analyse.optim.biz\/?p=1078919","title":{"rendered":"Junior Champions Cup 2025 aduce fotbalul copiilor la Remetea Mare"},"content":{"rendered":"<article id=\"template-id-172790\" class=\"post-172790 tdb_templates type-tdb_templates status-publish post\">\n<div id=\"tdi_38\" class=\"tdc-zone\">\n<div class=\"tdc_zone tdi_39  wpb_row td-pb-row\">\n<div id=\"tdi_40\" class=\"tdc-row stretch_row_1400 td-stretch-content\">\n<div class=\"vc_row tdi_41  wpb_row td-pb-row tdc-element-style\">\n<div class=\"vc_column tdi_43  wpb_column vc_column_container tdc-column td-pb-span8\">\n<div class=\"wpb_wrapper\">\n<div class=\"td_block_wrap tdb_single_categories tdi_44 td-pb-border-top td_block_template_1 \" data-td-block-uid=\"tdi_44\">\n<div class=\"tdb-category td-fix-index\"><a class=\"tdb-entry-category\" href=\"https:\/\/voceatimisului.ro\/stiri-din-timisoara-si-timis\/\">\u0218tiri<\/a><a class=\"tdb-entry-category\" href=\"https:\/\/voceatimisului.ro\/stiri-din-timisoara-si-timis\/sport\/\">Sport<\/a><\/div>\n<\/div>\n<div class=\"td_block_wrap tdb_title tdi_45 tdb-single-title td-pb-border-top td_block_template_1\" data-td-block-uid=\"tdi_45\">\n<div class=\"tdb-block-inner td-fix-index\">\n<h1 class=\"tdb-title-text\">Junior Champions Cup 2025 aduce fotbalul copiilor la Remetea Mare<\/h1>\n<\/div>\n<\/div>\n<div class=\"td_block_wrap tdb_single_subtitle tdi_46 td-pb-border-top td_block_template_1\" data-td-block-uid=\"tdi_46\">\n<div class=\"tdb-block-inner td-fix-index\">\n<h2>Trei zile de bucurie, emo\u021bie \u0219i sport pentru cei mai mici fotbali\u0219ti. Prima edi\u021bie a competi\u021biei promite spectacol \u0219i amintiri de neuitat.<\/h2>\n<\/div>\n<\/div>\n<div class=\"vc_row_inner tdi_48  vc_row vc_inner wpb_row td-pb-row\">\n<div class=\"vc_column_inner tdi_50  wpb_column vc_column_container tdc-inner-column td-pb-span6\">\n<div class=\"vc_column-inner\">\n<div class=\"wpb_wrapper\">\n<div class=\"td_block_wrap tdb_single_author tdi_51 td-pb-border-top td_block_template_1 tdb-post-meta\" data-td-block-uid=\"tdi_51\">\n<div class=\"tdb-block-inner td-fix-index\">\n<div class=\"tdb-author-name-wrap\"><span class=\"tdb-author-by\">Autor-<\/span><a class=\"tdb-author-name\" href=\"https:\/\/voceatimisului.ro\/author\/marta-stirbey\/\">Marta Stirbey<\/a><\/div>\n<\/div>\n<\/div>\n<div class=\"td_block_wrap tdb_single_date tdi_52 td-pb-border-top td_block_template_1 tdb-post-meta\" data-td-block-uid=\"tdi_52\">\n<div class=\"tdb-block-inner td-fix-index\"><time class=\"entry-date updated td-module-date\" datetime=\"2025-09-21T06:29:43+03:00\">21 septembrie 2025<\/time><\/div>\n<\/div>\n<div class=\"td_block_wrap tdb_single_comments_count tdi_53 td-pb-border-top td_block_template_1 tdb-post-meta\" data-td-block-uid=\"tdi_53\">\n<div class=\"tdb-block-inner td-fix-index\"><a href=\"https:\/\/voceatimisului.ro\/junior-champions-cup-2025-aduce-fotbalul-copiilor-la-remetea-mare\/#respond\"><span>0<\/span><\/a><\/div>\n<\/div>\n<div class=\"td_block_wrap tdb_single_post_views tdi_54 td-pb-border-top td_block_template_1 tdb-post-meta\" data-td-block-uid=\"tdi_54\">\n<div class=\"tdb-block-inner td-fix-index\"><span class=\"tdb-add-text\">1<\/span><span class=\"td-nr-views-175166\">294<\/span><\/div>\n<\/div>\n<\/div>\n<\/div>\n<\/div>\n<div class=\"vc_column_inner tdi_56  wpb_column vc_column_container tdc-inner-column td-pb-span6\">\n<div class=\"vc_column-inner\">\n<div class=\"wpb_wrapper\">\n<div class=\"td_block_wrap tdb_single_post_share tdi_57  td-pb-border-top td_block_template_1\" data-td-block-uid=\"tdi_57\">\n<div id=\"tdi_57\" class=\"td-post-sharing tdb-block td-ps-bg td-ps-notext td-post-sharing-style1 \">\n<div class=\"td-post-sharing-visible\"><a class=\"td-social-sharing-button td-social-sharing-button-js td-social-network td-social-facebook\" href=\"https:\/\/www.facebook.com\/sharer.php?u=https%3A%2F%2Fvoceatimisului.ro%2Fjunior-champions-cup-2025-aduce-fotbalul-copiilor-la-remetea-mare%2F\" title=\"Facebook\" rel=\"noopener\"><\/p>\n<div class=\"td-social-but-text\">Facebook<\/div>\n<p><\/a><a class=\"td-social-sharing-button td-social-sharing-button-js td-social-network td-social-twitter\" href=\"https:\/\/twitter.com\/intent\/tweet?text=Junior+Champions+Cup+2025+aduce+fotbalul+copiilor+la+Remetea+Mare&amp;url=https%3A%2F%2Fvoceatimisului.ro%2Fjunior-champions-cup-2025-aduce-fotbalul-copiilor-la-remetea-mare%2F&amp;via=Vocea+Timisului\" title=\"Twitter\" rel=\"noopener\"><\/p>\n<div class=\"td-social-but-text\">Twitter<\/div>\n<p><\/a><a class=\"td-social-sharing-button td-social-sharing-button-js td-social-network td-social-pinterest\" href=\"https:\/\/pinterest.com\/pin\/create\/button\/?url=https:\/\/voceatimisului.ro\/junior-champions-cup-2025-aduce-fotbalul-copiilor-la-remetea-mare\/&amp;media=https:\/\/analyse.optim.biz\/wp-content\/uploads\/2025\/12\/junior-champions-cup-2025.webp&amp;description=Junior+Champions+Cup+2025+aduce+fotbalul+copiilor+la+Remetea+Mare\" title=\"Pinterest\" rel=\"noopener\"><\/p>\n<div class=\"td-social-but-text\">Pinterest<\/div>\n<p><\/a><a class=\"td-social-sharing-button td-social-sharing-button-js td-social-network td-social-whatsapp\" href=\"https:\/\/api.whatsapp.com\/send?text=Junior+Champions+Cup+2025+aduce+fotbalul+copiilor+la+Remetea+Mare%20%0A%0A%20https:\/\/voceatimisului.ro\/junior-champions-cup-2025-aduce-fotbalul-copiilor-la-remetea-mare\/\" title=\"WhatsApp\" rel=\"noopener\"><\/p>\n<div class=\"td-social-but-text\">WhatsApp<\/div>\n<p><\/a><a class=\"td-social-sharing-button td-social-sharing-button-js td-social-network td-social-linkedin\" href=\"https:\/\/www.linkedin.com\/shareArticle?mini=true&amp;url=https:\/\/voceatimisului.ro\/junior-champions-cup-2025-aduce-fotbalul-copiilor-la-remetea-mare\/&amp;title=Junior+Champions+Cup+2025+aduce+fotbalul+copiilor+la+Remetea+Mare\" title=\"Linkedin\" rel=\"noopener\"><\/p>\n<div class=\"td-social-but-text\">Linkedin<\/div>\n<p><\/a><a class=\"td-social-sharing-button td-social-sharing-button-js td-social-network td-social-copy_url\" href=\"https:\/\/voceatimisului.ro\/junior-champions-cup-2025-aduce-fotbalul-copiilor-la-remetea-mare\/\" title=\"Copy URL\" rel=\"noopener\"><\/p>\n<div class=\"td-social-but-text\">Copy URL<\/div>\n<p><\/a><\/div>\n<\/div>\n<\/div>\n<\/div>\n<\/div>\n<\/div>\n<\/div>\n<div class=\"td_block_wrap tdb_single_featured_image tdi_58 tdb-content-horiz-left td-pb-border-top td_block_template_1\" data-td-block-uid=\"tdi_58\">\n<div class=\"tdb-block-inner td-fix-index\">\n<figure><img fetchpriority=\"high\" decoding=\"async\" width=\"696\" height=\"1005\" class=\"entry-thumb\" src=\"https:\/\/analyse.optim.biz\/wp-content\/uploads\/2025\/12\/junior-champions-cup-2025-696x1005-1.webp\" alt=\"Junior Champions Cup 2025\" title=\"Junior Champions Cup 2025\" loading=\"eager\"><figcaption class=\"tdb-caption-text\">Junior Champions Cup 2025<\/figcaption><\/figure>\n<\/div>\n<\/div>\n<div class=\"vc_row_inner tdi_60  vc_row vc_inner wpb_row td-pb-row\">\n<div class=\"vc_column_inner tdi_62  wpb_column vc_column_container tdc-inner-column td-pb-span4 td-is-sticky\">\n<div class=\"vc_column-inner\">\n<div class=\"wpb_wrapper\" data-sticky-enabled-on=\"W3RydWUsdHJ1ZSx0cnVlLHRydWVd\" data-sticky-offset=\"20\" data-sticky-is-width-auto=\"W2ZhbHNlLGZhbHNlLGZhbHNlLGZhbHNlXQ==\">\n<div class=\"td_block_wrap td_flex_block_1 tdi_63 td-pb-border-top td_block_template_1 td_ajax_preloading_preload td_flex_block\" data-td-block-uid=\"tdi_63\">\n<div id=\"tdi_63\" class=\"td_block_inner td-mc1-wrap\">\n<div class=\"td_module_flex td_module_flex_1 td_module_wrap td-animation-stack td-meta-info-hide td-cpt-post\">\n<div class=\"td-module-container td-category-pos-image\">\n<div class=\"td-module-meta-info\">\n<h3 class=\"entry-title td-module-title\"><a href=\"https:\/\/voceatimisului.ro\/accident-frontal-pe-dn6-la-remetea-mare-trei-persoane-au-ajuns-la-spital-dupa-ce-un-sofer-a-intrat-in-coliziune-cu-o-ambulanta-privata\/\" rel=\"bookmark\" title=\"Accident frontal pe DN6 la Remetea Mare. Trei persoane au ajuns la spital dup\u0103 ce un \u0219ofer a intrat \u00een coliziune cu o ambulan\u021b\u0103 privat\u0103\">Accident frontal pe DN6 la Remetea Mare. Trei persoane au ajuns la spital dup\u0103 ce un \u0219ofer a intrat \u00een coliziune cu o ambulan\u021b\u0103&#8230;<\/a><\/h3>\n<\/div>\n<\/div>\n<\/div>\n<div class=\"td_module_flex td_module_flex_1 td_module_wrap td-animation-stack td-meta-info-hide td-cpt-post\">\n<div class=\"td-module-container td-category-pos-image\">\n<div class=\"td-module-meta-info\">\n<h3 class=\"entry-title td-module-title\"><a href=\"https:\/\/voceatimisului.ro\/dan-alexa-noul-antrenor-al-politehnicii-timisoara-alfred-simonis-promite-sprijin-pentru-echipa-si-stadion-nou\/\" rel=\"bookmark\" title=\"Dan Alexa, noul antrenor al Politehnicii Timi\u0219oara. Alfred Simonis promite sprijin pentru echip\u0103 \u0219i stadion nou\">Dan Alexa, noul antrenor al Politehnicii Timi\u0219oara. Alfred Simonis promite sprijin pentru echip\u0103 \u0219i stadion nou<\/a><\/h3>\n<\/div>\n<\/div>\n<\/div>\n<div class=\"td_module_flex td_module_flex_1 td_module_wrap td-animation-stack td-meta-info-hide td-cpt-post\">\n<div class=\"td-module-container td-category-pos-image\">\n<div class=\"td-module-meta-info\">\n<h3 class=\"entry-title td-module-title\"><a href=\"https:\/\/voceatimisului.ro\/dan-alexa-revine-ca-antrenor-la-politehnica-timisoara-consiliul-judetean-primaria-si-upt-sustin-relansarea-clubului-fanion\/\" rel=\"bookmark\" title=\"Dan Alexa revine ca antrenor la Politehnica Timi\u0219oara. Consiliul Jude\u021bean, Prim\u0103ria \u0219i UPT sus\u021bin relansarea clubului-fanion\">Dan Alexa revine ca antrenor la Politehnica Timi\u0219oara. Consiliul Jude\u021bean, Prim\u0103ria \u0219i UPT sus\u021bin relansarea clubului-fanion<\/a><\/h3>\n<\/div>\n<\/div>\n<\/div>\n<div class=\"td_module_flex td_module_flex_1 td_module_wrap td-animation-stack td-meta-info-hide td-cpt-post\">\n<div class=\"td-module-container td-category-pos-image\">\n<div class=\"td-module-meta-info\">\n<h3 class=\"entry-title td-module-title\"><a href=\"https:\/\/voceatimisului.ro\/accident-intre-timisoara-si-remetea-mare-din-cauza-unui-sofer-indecis-pagubele-produse\/\" rel=\"bookmark\" title=\"Accident \u00eentre Timi\u015foara \u015fi Remetea Mare, din cauza unui \u015fofer indecis. Pagubele produse\">Accident \u00eentre Timi\u015foara \u015fi Remetea Mare, din cauza unui \u015fofer indecis. Pagubele produse<\/a><\/h3>\n<\/div>\n<\/div>\n<\/div>\n<\/div>\n<\/div>\n<div class=\"tdb-author-box td_block_wrap tdb_single_author_box tdi_68 tdb-content-vert-top td-pb-border-top td_block_template_1\" data-td-block-uid=\"tdi_68\">\n<div class=\"tdb-block-inner td-fix-index\">\n<div class=\"tdb-author-info\"><a href=\"https:\/\/voceatimisului.ro\/author\/marta-stirbey\/\" class=\"tdb-author-name\">Marta Stirbey<\/a><\/p>\n<div class=\"tdb-author-descr\">\u00centreaga responsabilitate a comentariilor l\u0103sate de dumneavoastr\u0103 v\u0103 apar\u021bine!<br \/>\nClick <a href=\"https:\/\/voceatimisului.ro\/termeni-si-conditii\/\">aici<\/a>-citeste condi\u0163iile de utilizare ale site-ului www.voceatimisului.ro<\/div>\n<\/div>\n<\/div>\n<\/div>\n<\/div>\n<\/div>\n<\/div>\n<div class=\"vc_column_inner tdi_70  wpb_column vc_column_container tdc-inner-column td-pb-span8\">\n<div class=\"vc_column-inner\">\n<div class=\"wpb_wrapper\">\n<div class=\"td_block_wrap tdb_single_content tdi_71 td-pb-border-top td_block_template_1 td-post-content tagdiv-type\" data-td-block-uid=\"tdi_71\">\n<div class=\"tdb-block-inner td-fix-index\">\n<h3 class=\"wp-block-heading\">\u00cen perioada <strong>26-28 septembrie 2025<\/strong>, comuna Remetea Mare g\u0103zduie\u0219te prima edi\u021bie a turneului <strong>Junior Champions Cup<\/strong>, o competi\u021bie dedicat\u0103 copiilor \u0219i juniorilor pasiona\u021bi de fotbal. Evenimentul reune\u0219te <strong>32 de echipe<\/strong> din diverse categorii de v\u00e2rst\u0103, transform\u00e2nd baza sportiv\u0103 din localitate \u00eentr-un adev\u0103rat festival al sportului \u0219i al prieteniei.<\/h3>\n<p>Particip\u0103 grupe de copii n\u0103scu\u021bi \u00een 2016, 2017 \u0219i 2018, iar formatul de joc este adaptat fiec\u0103rei categorii: U10 cu sistem 6+1 pe teren de 60\/40, meciuri de 30 de minute, U9 cu sistem 4+1 pe teren de 40\/20, partide de 25 de minute, respectiv U8 tot 4+1, pe acela\u0219i teren redus, cu meciuri de 20 de minute. Organizatorii au preg\u0103tit totul pentru ca micii fotbali\u0219ti s\u0103 tr\u0103iasc\u0103 experien\u021ba unei competi\u021bii adev\u0103rate: por\u021bi adaptate v\u00e2rstei, timp regulamentar bine stabilit \u0219i condi\u021bii moderne de joc pe teren natural cu iarb\u0103.<\/p>\n<p>Momentul a\u0219teptat al festivit\u0103\u021bii de premiere va avea loc duminic\u0103, 28 septembrie, c\u00e2nd copiii vor fi r\u0103spl\u0103ti\u021bi pentru efort \u0219i pasiune. Invitatul special al evenimentului este <a href=\"https:\/\/voceatimisului.ro\/dan-alexa-noul-antrenor-al-politehnicii-timisoara-alfred-simonis-promite-sprijin-pentru-echipa-si-stadion-nou\/\" target=\"_blank\" rel=\"noreferrer noopener\"><strong>Dan Alexa<\/strong>, fost fotbalist \u0219i actual antrenor al Politehnicii Timi\u0219oara<\/a>, care va \u00eenm\u00e2na premiile.<\/p>\n<p>Competi\u021bia se desf\u0103\u0219oar\u0103 pe <strong>Baza Sportiv\u0103 Remetea Mare<\/strong>, aflat\u0103 \u00eentr-un proces de modernizare. Dup\u0103 finalizarea parc\u0103rii, lucr\u0103rile continu\u0103 cu vestiare moderne \u0219i o sal\u0103 de fitness la etaj, menite s\u0103 ofere tinerilor sportivi condi\u021bii la nivelul cerin\u021belor actuale.<\/p>\n<p>Turneul este organizat cu sprijinul autorit\u0103\u021bilor locale \u0219i al <strong><a href=\"https:\/\/www.facebook.com\/profile.php?id=61580462203187\" target=\"_blank\" rel=\"noreferrer noopener\">Asocia\u021biei Sportive \u201eInim\u0103 pe Gazon\u201d<\/a><\/strong>, \u0219i se dore\u0219te a fi \u00eenceputul unei tradi\u021bii \u00een comuna Remetea Mare. <strong>Junior Champions Cup 2025<\/strong> nu este doar un turneu de fotbal, ci \u0219i un prilej de \u00eent\u00e2lnire \u00eentre genera\u021bii, de \u00eencurajare a spiritului de echip\u0103 \u0219i de promovare a sportului.<\/p>\n<\/div>\n<\/div>\n<div class=\"td_block_wrap tdb_single_tags tdi_74 td-pb-border-top td_block_template_1\" data-td-block-uid=\"tdi_74\">\n<div class=\"tdb-block-inner td-fix-index\">\n<ul class=\"tdb-tags\">\n<li><span>Tags<\/span><\/li>\n<li><a href=\"https:\/\/voceatimisului.ro\/tag\/dan-alexa\/\">dan alexa<\/a><\/li>\n<li><a href=\"https:\/\/voceatimisului.ro\/tag\/inima-pe-gazon\/\">Inima pe Gazon<\/a><\/li>\n<li><a href=\"https:\/\/voceatimisului.ro\/tag\/junior-champions-cup-2025\/\">Junior Champions Cup 2025<\/a><\/li>\n<li><a href=\"https:\/\/voceatimisului.ro\/tag\/remetea-mare\/\">Remetea Mare<\/a><\/li>\n<\/ul>\n<\/div>\n<\/div>\n<div class=\"td_block_wrap tdb_single_post_share tdi_75  td-pb-border-top td_block_template_1\" data-td-block-uid=\"tdi_75\">\n<div id=\"tdi_75\" class=\"td-post-sharing tdb-block td-ps-bg td-ps-notext td-post-sharing-style1 \">\n<div class=\"td-post-sharing-visible\"><a class=\"td-social-sharing-button td-social-sharing-button-js td-social-network td-social-facebook\" href=\"https:\/\/www.facebook.com\/sharer.php?u=https%3A%2F%2Fvoceatimisului.ro%2Fjunior-champions-cup-2025-aduce-fotbalul-copiilor-la-remetea-mare%2F\" title=\"Facebook\" rel=\"noopener\"><\/p>\n<div class=\"td-social-but-text\">Facebook<\/div>\n<p><\/a><a class=\"td-social-sharing-button td-social-sharing-button-js td-social-network td-social-twitter\" href=\"https:\/\/twitter.com\/intent\/tweet?text=Junior+Champions+Cup+2025+aduce+fotbalul+copiilor+la+Remetea+Mare&amp;url=https%3A%2F%2Fvoceatimisului.ro%2Fjunior-champions-cup-2025-aduce-fotbalul-copiilor-la-remetea-mare%2F&amp;via=Vocea+Timisului\" title=\"Twitter\" rel=\"noopener\"><\/p>\n<div class=\"td-social-but-text\">Twitter<\/div>\n<p><\/a><a class=\"td-social-sharing-button td-social-sharing-button-js td-social-network td-social-pinterest\" href=\"https:\/\/pinterest.com\/pin\/create\/button\/?url=https:\/\/voceatimisului.ro\/junior-champions-cup-2025-aduce-fotbalul-copiilor-la-remetea-mare\/&amp;media=https:\/\/analyse.optim.biz\/wp-content\/uploads\/2025\/12\/junior-champions-cup-2025.webp&amp;description=Junior+Champions+Cup+2025+aduce+fotbalul+copiilor+la+Remetea+Mare\" title=\"Pinterest\" rel=\"noopener\"><\/p>\n<div class=\"td-social-but-text\">Pinterest<\/div>\n<p><\/a><a class=\"td-social-sharing-button td-social-sharing-button-js td-social-network td-social-whatsapp\" href=\"https:\/\/api.whatsapp.com\/send?text=Junior+Champions+Cup+2025+aduce+fotbalul+copiilor+la+Remetea+Mare%20%0A%0A%20https:\/\/voceatimisului.ro\/junior-champions-cup-2025-aduce-fotbalul-copiilor-la-remetea-mare\/\" title=\"WhatsApp\" rel=\"noopener\"><\/p>\n<div class=\"td-social-but-text\">WhatsApp<\/div>\n<p><\/a><a class=\"td-social-sharing-button td-social-sharing-button-js td-social-network td-social-linkedin\" href=\"https:\/\/www.linkedin.com\/shareArticle?mini=true&amp;url=https:\/\/voceatimisului.ro\/junior-champions-cup-2025-aduce-fotbalul-copiilor-la-remetea-mare\/&amp;title=Junior+Champions+Cup+2025+aduce+fotbalul+copiilor+la+Remetea+Mare\" title=\"Linkedin\" rel=\"noopener\"><\/p>\n<div class=\"td-social-but-text\">Linkedin<\/div>\n<p><\/a><a class=\"td-social-sharing-button td-social-sharing-button-js td-social-network td-social-copy_url\" href=\"https:\/\/voceatimisului.ro\/junior-champions-cup-2025-aduce-fotbalul-copiilor-la-remetea-mare\/\" title=\"Copy URL\" rel=\"noopener\"><\/p>\n<div class=\"td-social-but-text\">Copy URL<\/div>\n<p><\/a><\/div>\n<\/div>\n<\/div>\n<div class=\"td_block_wrap tdb_single_next_prev tdi_76 td-animation-stack td-next-prev-img-on td-pb-border-top td_block_template_1\" data-td-block-uid=\"tdi_76\">\n<div class=\"tdb-block-inner td-fix-index\">\n<div class=\"tdb-next-post tdb-next-post-bg tdb-post-prev\"><span>Articolul precedent<\/span><\/p>\n<div class=\"td-module-container\">\n<div class=\"td-image-container\"><a class=\"td-image-wrap\" href=\"https:\/\/voceatimisului.ro\/escapada-de-weekend-in-tara-fagetului-povesti-cu-haiduci-mic-dejun-ca-la-bunica-si-sate-unde-timpul-s-a-oprit\/\"><img loading=\"lazy\" decoding=\"async\" class=\"td-next-prev-image td-fix-index td-lazy-img\" title=\"Escapad\u0103 de weekend \u00een \u021aara F\u0103getului: pove\u0219ti cu haiduci, mic dejun ca la bunica \u0219i sate unde timpul s-a oprit\" width=\"696\" height=\"392\" src=\"https:\/\/analyse.optim.biz\/wp-content\/uploads\/2025\/12\/escapada-de-weekend-in-tara-fagetului-1-696x392-1.webp\"><\/a><\/div>\n<div class=\"next-prev-title\"><a href=\"https:\/\/voceatimisului.ro\/escapada-de-weekend-in-tara-fagetului-povesti-cu-haiduci-mic-dejun-ca-la-bunica-si-sate-unde-timpul-s-a-oprit\/\">Escapad\u0103 de weekend \u00een \u021aara F\u0103getului: pove\u0219ti cu haiduci, mic dejun ca la bunica \u0219i sate unde timpul s-a oprit<\/a><\/div>\n<\/div>\n<\/div>\n<div class=\"tdb-next-post tdb-next-post-bg tdb-post-next\"><span>Articolul urm\u0103tor<\/span><\/p>\n<div class=\"td-module-container\">\n<div class=\"td-image-container\"><a class=\"td-image-wrap\" href=\"https:\/\/voceatimisului.ro\/conacul-petala-din-clopodia-va-fi-restaurat\/\"><img loading=\"lazy\" decoding=\"async\" class=\"td-next-prev-image td-fix-index td-lazy-img\" title=\"Conacul Petala din Clopodia va fi restaurat\" width=\"696\" height=\"371\" src=\"https:\/\/analyse.optim.biz\/wp-content\/uploads\/2025\/12\/conacul-petala-din-clopodia-696x371-1.webp\"><\/a><\/div>\n<div class=\"next-prev-title\"><a href=\"https:\/\/voceatimisului.ro\/conacul-petala-din-clopodia-va-fi-restaurat\/\">Conacul Petala din Clopodia va fi restaurat<\/a><\/div>\n<\/div>\n<\/div>\n<\/div>\n<\/div>\n<\/div>\n<\/div>\n<\/div>\n<\/div>\n<div class=\"vc_row_inner tdi_86  vc_row vc_inner wpb_row td-pb-row\">\n<div class=\"vc_column_inner tdi_88  wpb_column vc_column_container tdc-inner-column td-pb-span4 td-is-sticky\">\n<div class=\"vc_column-inner\">\n<div class=\"wpb_wrapper\" data-sticky-enabled-on=\"W3RydWUsdHJ1ZSx0cnVlLHRydWVd\" data-sticky-offset=\"20\" data-sticky-is-width-auto=\"W2ZhbHNlLGZhbHNlLGZhbHNlLGZhbHNlXQ==\">\n<div class=\"td_block_wrap tdb_single_related tdi_89 td_with_ajax_pagination td-pb-border-top td_block_template_1 tdb-single-related-posts\" data-td-block-uid=\"tdi_89\">\n<div id=\"tdi_89\" class=\"td_block_inner tdb-block-inner td-fix-index\">\n<div class=\"tdb_module_related td_module_wrap td-animation-stack td-meta-info-hide\">\n<div class=\"td-module-container td-category-pos-image\">\n<div class=\"td-module-meta-info\">\n<h3 class=\"entry-title td-module-title\"><a href=\"https:\/\/voceatimisului.ro\/un-taximetrist-provocat-un-accident-pe-drumul-dintre-timisoara-si-remetea-mare\/\" rel=\"bookmark\" title=\"Un taximetrist a provocat un accident pe drumul dintre Timi\u0219oara \u0219i Remetea Mare\">Un taximetrist a provocat un accident pe drumul dintre Timi\u0219oara \u0219i Remetea Mare<\/a><\/h3>\n<\/div>\n<\/div>\n<\/div>\n<div class=\"tdb_module_related td_module_wrap td-animation-stack td-meta-info-hide\">\n<div class=\"td-module-container td-category-pos-image\">\n<div class=\"td-module-meta-info\">\n<h3 class=\"entry-title td-module-title\"><a href=\"https:\/\/voceatimisului.ro\/accident-grav-la-intrare-in-remetea-mare-unde-un-sofer-a-intrat-pe-contrasens-si-a-lovit-alte-doua-autoturisme\/\" rel=\"bookmark\" title=\"Accident grav la intrare \u00een Remetea Mare unde un \u015fofer a intrat pe contrasens \u015fi a lovit alte dou\u0103 autoturisme\">Accident grav la intrare \u00een Remetea Mare unde un \u015fofer a intrat pe contrasens \u015fi a lovit alte dou\u0103 autoturisme<\/a><\/h3>\n<\/div>\n<\/div>\n<\/div>\n<div class=\"tdb_module_related td_module_wrap td-animation-stack td-meta-info-hide\">\n<div class=\"td-module-container td-category-pos-image\">\n<div class=\"td-module-meta-info\">\n<h3 class=\"entry-title td-module-title\"><a href=\"https:\/\/voceatimisului.ro\/un-copil-aproape-de-a-ramane-invalid-dupa-un-accident-la-remetea-mare-din-ce-cauza-a-avut-loc-incidentul\/\" rel=\"bookmark\" title=\"Un copil, aproape de a r\u0103m\u00e2ne invalid dup\u0103 un accident la Remetea Mare. Din ce cauz\u0103 a avut loc incidentul\">Un copil, aproape de a r\u0103m\u00e2ne invalid dup\u0103 un accident la Remetea Mare. Din ce cauz\u0103 a avut loc incidentul<\/a><\/h3>\n<\/div>\n<\/div>\n<\/div>\n<\/div>\n<\/div>\n<\/div>\n<\/div>\n<\/div>\n<div class=\"vc_column_inner tdi_91  wpb_column vc_column_container tdc-inner-column td-pb-span8\">\n<div class=\"vc_column-inner\">\n<div class=\"wpb_wrapper\">\n<div class=\"td_block_wrap tdb_single_comments tdi_92 tdb-comm-layout2 td-pb-border-top td_block_template_2\" data-td-block-uid=\"tdi_92\">\n<div class=\"tdb-block-inner td-fix-index\">\n<div class=\"comments\" id=\"comments\">\n<div id=\"respond\" class=\"comment-respond\">\n<h3 id=\"reply-title\" class=\"comment-reply-title\">L\u0102SA\u021aI UN MESAJ <small><a rel=\"nofollow\" id=\"cancel-comment-reply-link\" href=\"https:\/\/voceatimisului.ro\/junior-champions-cup-2025-aduce-fotbalul-copiilor-la-remetea-mare\/#respond\">Renun\u021ba\u021bi la r\u0103spuns<\/a><\/small><\/h3>\n<div class=\"comment-form-input-wrap td-form-comment\">\n<div class=\"td-warning-comment\">V\u0103 rug\u0103m s\u0103 introduce\u021bi comentariul dvs.!<\/div>\n<\/div>\n<div class=\"comment-form-input-wrap td-form-author\">\n<div class=\"td-warning-author\">Introduce\u021bi aici numele dvs.<\/div>\n<\/div>\n<div class=\"comment-form-input-wrap td-form-email\">\n<div class=\"td-warning-email-error\">A\u021bi introdus o adres\u0103 de e-mail incorect\u0103!<\/div>\n<div class=\"td-warning-email\">V\u0103 rug\u0103m s\u0103 introduce\u021bi adresa dvs. de e-mail aici<\/div>\n<\/div>\n<\/div>\n<\/div>\n<\/div>\n<\/div>\n<\/div>\n<\/div>\n<\/div>\n<\/div>\n<\/div>\n<\/div>\n<div class=\"vc_column tdi_94  wpb_column vc_column_container tdc-column td-pb-span4 td-is-sticky\">\n<div class=\"wpb_wrapper\" data-sticky-enabled-on=\"W3RydWUsdHJ1ZSx0cnVlLHRydWVd\" data-sticky-offset=\"20\" data-sticky-is-width-auto=\"W2ZhbHNlLGZhbHNlLGZhbHNlLGZhbHNlXQ==\">\n<div class=\"vc_row_inner tdi_96  vc_row vc_inner wpb_row td-pb-row\">\n<div class=\"vc_column_inner tdi_98  wpb_column vc_column_container tdc-inner-column td-pb-span12\">\n<div class=\"vc_column-inner\">\n<div class=\"wpb_wrapper\">\n<div class=\"td_block_wrap td_block_title tdi_99 td-pb-border-top td_block_template_11 td-fix-index\" data-td-block-uid=\"tdi_99\">\n<div class=\"td-block-title-wrap\">\n<h4 class=\"td-block-title\"><span class=\"td-pulldown-size\">ANUN\u021aURI \u0218I PUBLICITATE<\/span><\/h4>\n<\/div>\n<\/div>\n<\/div>\n<\/div>\n<\/div>\n<\/div>\n<div class=\"wpb_wrapper td_block_wrap vc_widget_sidebar tdi_101 \">\n<aside id=\"block-10\" class=\"td_block_template_1 widget block-10 widget_block widget_media_image\">\n<figure class=\"wp-block-image size-full\"><a href=\"https:\/\/adpghiroda.ro\/index.html\" target=\"_blank\" rel=\" noreferrer noopener\"><img decoding=\"async\" loading=\"eager\" width=\"960\" height=\"960\" src=\"https:\/\/analyse.optim.biz\/wp-content\/uploads\/2025\/12\/adp-ghiroda2-34.jpg\" class=\"wp-image-171492\" title=\"adp-ghiroda2-34\"><\/a><\/figure>\n<\/aside>\n<aside id=\"block-11\" class=\"td_block_template_1 widget block-11 widget_block widget_media_image\">\n<figure class=\"wp-block-image size-full\"><a href=\"https:\/\/adpghiroda.ro\/index.html\" target=\"_blank\" rel=\" noreferrer noopener\"><img decoding=\"async\" loading=\"eager\" width=\"960\" height=\"960\" src=\"https:\/\/analyse.optim.biz\/wp-content\/uploads\/2025\/12\/adp-ghiroda1-34.jpg\" class=\"wp-image-171491\" title=\"adp-ghiroda1-34\"><\/a><\/figure>\n<\/aside>\n<aside id=\"block-17\" class=\"td_block_template_1 widget block-17 widget_block widget_media_image\">\n<figure class=\"wp-block-image size-large is-resized\"><a href=\"https:\/\/verde.events\/\" target=\"_blank\" rel=\" noreferrer noopener\"><img decoding=\"async\" loading=\"lazy\" width=\"1024\" height=\"683\" src=\"https:\/\/analyse.optim.biz\/wp-content\/uploads\/2025\/12\/verde-events-24-1024x683-35.jpg\" alt=\"Verde Events\" class=\"wp-image-174395\" title=\"verde-events-24-1024x683-35\"><\/a><figcaption class=\"wp-element-caption\"><strong><em>O experien\u021b\u0103 unic\u0103 pentru orice tip de eveniment<\/em><\/strong><\/figcaption><\/figure>\n<\/aside>\n<\/div>\n<div class=\"td_block_wrap td_flex_block_1 tdi_107 td-pb-border-top td_block_template_1 td_ajax_preloading_preload td_flex_block\" data-td-block-uid=\"tdi_107\">\n<div id=\"tdi_107\" class=\"td_block_inner td-mc1-wrap\">\n<div class=\"td_module_flex td_module_flex_1 td_module_wrap td-animation-stack td-meta-info-hide td-cpt-post\">\n<div class=\"td-module-container td-category-pos-image\">\n<div class=\"td-module-meta-info\">\n<h3 class=\"entry-title td-module-title\"><a href=\"https:\/\/voceatimisului.ro\/poli-timisoara-si-a-prezentat-noul-antrenor-florin-marin-nedorit-de-suporteri-pe-banca-tehnica\/\" rel=\"bookmark\" title=\"Poli Timi\u0219oara \u0219i-a prezentat noul antrenor! Florin Marin, NEDORIT de suporteri pe banca tehnic\u0103\">Poli Timi\u0219oara \u0219i-a prezentat noul antrenor! Florin Marin, NEDORIT de suporteri pe banca tehnic\u0103<\/a><\/h3>\n<\/div>\n<\/div>\n<\/div>\n<div class=\"td_module_flex td_module_flex_1 td_module_wrap td-animation-stack td-meta-info-hide td-cpt-post\">\n<div class=\"td-module-container td-category-pos-image\">\n<div class=\"td-module-meta-info\">\n<h3 class=\"entry-title td-module-title\"><a href=\"https:\/\/voceatimisului.ro\/punctul-renasterii-asa-tirgu-mures-poli-timisoara-0-0\/\" rel=\"bookmark\" title=\"Punctul rena\u0219terii?! ASA T\u00eergu Mure\u0219 \u2013 Poli Timi\u0219oara, 0-0\">Punctul rena\u0219terii?! ASA T\u00eergu Mure\u0219 \u2013 Poli Timi\u0219oara, 0-0<\/a><\/h3>\n<\/div>\n<\/div>\n<\/div>\n<div class=\"td_module_flex td_module_flex_1 td_module_wrap td-animation-stack td-meta-info-hide td-cpt-post\">\n<div class=\"td-module-container td-category-pos-image\">\n<div class=\"td-module-meta-info\">\n<h3 class=\"entry-title td-module-title\"><a href=\"https:\/\/voceatimisului.ro\/alexa-dupa-victoria-cu-bekescsaba-avem-minusuri-ianis-zicu-publicul-sa-fie-alaturi-de-noi\/\" rel=\"bookmark\" title=\"Alexa, dup\u0103 victoria cu Bekescsaba: \u201dAvem minusuri!\u201d Ianis Zicu: \u201dPublicul, s\u0103 fie AL\u0102TURI DE NOI!\u201d\">Alexa, dup\u0103 victoria cu Bekescsaba: \u201dAvem minusuri!\u201d Ianis Zicu: \u201dPublicul, s\u0103 fie AL\u0102TURI DE NOI!\u201d<\/a><\/h3>\n<\/div>\n<\/div>\n<\/div>\n<div class=\"td_module_flex td_module_flex_1 td_module_wrap td-animation-stack td-meta-info-hide td-cpt-post\">\n<div class=\"td-module-container td-category-pos-image\">\n<div class=\"td-module-meta-info\">\n<h3 class=\"entry-title td-module-title\"><a href=\"https:\/\/voceatimisului.ro\/alexa-multumit-dupa-prima-saptamana-de-cantonament-cand-intra-la-joc-curtean-si-zicu-video\/\" rel=\"bookmark\" title=\"Alexa, mul\u021bumit dup\u0103 prima s\u0103pt\u0103m\u00e2n\u0103 de cantonament. C\u00e2nd intr\u0103 \u201dla joc\u201d Curtean \u0219i Zicu VIDEO\">Alexa, mul\u021bumit dup\u0103 prima s\u0103pt\u0103m\u00e2n\u0103 de cantonament. C\u00e2nd intr\u0103 \u201dla joc\u201d Curtean \u0219i Zicu VIDEO<\/a><\/h3>\n<\/div>\n<\/div>\n<\/div>\n<div class=\"td_module_flex td_module_flex_1 td_module_wrap td-animation-stack td-meta-info-hide td-cpt-post\">\n<div class=\"td-module-container td-category-pos-image\">\n<div class=\"td-module-meta-info\">\n<h3 class=\"entry-title td-module-title\"><a href=\"https:\/\/voceatimisului.ro\/doi-spanioli-cu-nume-in-lotul-lui-poli-timisoara-ce-spune-alexa-despre-transferurile-pe-banda-facute-ieri\/\" rel=\"bookmark\" title=\"Doi spanioli \u201dcu nume\u201d, \u00een lotul lui Poli Timi\u0219oara. Ce spune Alexa despre transferurile \u201dpe band\u0103\u201d f\u0103cute ieri\">Doi spanioli \u201dcu nume\u201d, \u00een lotul lui Poli Timi\u0219oara. Ce spune Alexa despre transferurile \u201dpe band\u0103\u201d f\u0103cute ieri<\/a><\/h3>\n<\/div>\n<\/div>\n<\/div>\n<\/div>\n<\/div>\n<\/div>\n<\/div>\n<\/div>\n<\/div>\n<\/div>\n<\/div>\n<p><span class=\"td-page-meta\"><\/span><span class=\"td-page-meta\"><span class=\"td-page-meta\"><\/span><\/span><span class=\"td-page-meta\"><\/span><\/article>\n<p> Source URL: https:\/\/voceatimisului.ro\/junior-champions-cup-2025-aduce-fotbalul-copiilor-la-remetea-mare\/<\/p>\n","protected":false},"excerpt":{"rendered":"<p>\u0218tiriSport Junior Champions Cup 2025 aduce fotbalul copiilor la Remetea Mare Trei zile de bucurie, emo\u021bie \u0219i sport pentru cei mai mici fotbali\u0219ti. Prima edi\u021bie a competi\u021biei promite spectacol \u0219i amintiri de neuitat. Autor-Marta Stirbey 21 septembrie 2025 0 1294 Facebook Twitter Pinterest WhatsApp Linkedin Copy URL Junior Champions Cup 2025 Accident frontal pe DN6 [&hellip;]<\/p>\n","protected":false},"author":1,"featured_media":1078920,"comment_status":"open","ping_status":"","sticky":false,"template":"","format":"standard","meta":{"footnotes":""},"categories":[89],"tags":[199],"class_list":["post-1078919","post","type-post","status-publish","format-standard","has-post-thumbnail","hentry","category-romania","tag-voceatimisului-ro"],"_links":{"self":[{"href":"https:\/\/analyse.optim.biz\/index.php?rest_route=\/wp\/v2\/posts\/1078919","targetHints":{"allow":["GET"]}}],"collection":[{"href":"https:\/\/analyse.optim.biz\/index.php?rest_route=\/wp\/v2\/posts"}],"about":[{"href":"https:\/\/analyse.optim.biz\/index.php?rest_route=\/wp\/v2\/types\/post"}],"author":[{"embeddable":true,"href":"https:\/\/analyse.optim.biz\/index.php?rest_route=\/wp\/v2\/users\/1"}],"replies":[{"embeddable":true,"href":"https:\/\/analyse.optim.biz\/index.php?rest_route=%2Fwp%2Fv2%2Fcomments&post=1078919"}],"version-history":[{"count":0,"href":"https:\/\/analyse.optim.biz\/index.php?rest_route=\/wp\/v2\/posts\/1078919\/revisions"}],"wp:featuredmedia":[{"embeddable":true,"href":"https:\/\/analyse.optim.biz\/index.php?rest_route=\/wp\/v2\/media\/1078920"}],"wp:attachment":[{"href":"https:\/\/analyse.optim.biz\/index.php?rest_route=%2Fwp%2Fv2%2Fmedia&parent=1078919"}],"wp:term":[{"taxonomy":"category","embeddable":true,"href":"https:\/\/analyse.optim.biz\/index.php?rest_route=%2Fwp%2Fv2%2Fcategories&post=1078919"},{"taxonomy":"post_tag","embeddable":true,"href":"https:\/\/analyse.optim.biz\/index.php?rest_route=%2Fwp%2Fv2%2Ftags&post=1078919"}],"curies":[{"name":"wp","href":"https:\/\/api.w.org\/{rel}","templated":true}]}}