{"id":1078898,"date":"2019-04-07T09:53:15","date_gmt":"2019-04-07T06:53:15","guid":{"rendered":"https:\/\/analyse.optim.biz\/?p=1078898"},"modified":"2019-04-07T09:53:15","modified_gmt":"2019-04-07T06:53:15","slug":"posta-romana-extinde-monitorizarea-de-tip-tracktrace-a-trimiterilor-interne-de-colete","status":"publish","type":"post","link":"https:\/\/analyse.optim.biz\/?p=1078898","title":{"rendered":"Posta Romana extinde monitorizarea de tip \u201dTrack&amp;Trace\u201d a trimiterilor interne de colete"},"content":{"rendered":"<article id=\"template-id-172790\" class=\"post-172790 tdb_templates type-tdb_templates status-publish post\">\n<div id=\"tdi_38\" class=\"tdc-zone\">\n<div class=\"tdc_zone tdi_39  wpb_row td-pb-row\">\n<div id=\"tdi_40\" class=\"tdc-row stretch_row_1400 td-stretch-content\">\n<div class=\"vc_row tdi_41  wpb_row td-pb-row tdc-element-style\">\n<div class=\"vc_column tdi_43  wpb_column vc_column_container tdc-column td-pb-span8\">\n<div class=\"wpb_wrapper\">\n<div class=\"td_block_wrap tdb_single_categories tdi_44 td-pb-border-top td_block_template_1 \" data-td-block-uid=\"tdi_44\">\n<div class=\"tdb-category td-fix-index\"><a class=\"tdb-entry-category\" href=\"https:\/\/voceatimisului.ro\/stiri-din-timisoara-si-timis\/\">\u0218tiri<\/a><a class=\"tdb-entry-category\" href=\"https:\/\/voceatimisului.ro\/stiri-din-timisoara-si-timis\/national-si-international\/\">National si International<\/a><\/div>\n<\/div>\n<div class=\"td_block_wrap tdb_title tdi_45 tdb-single-title td-pb-border-top td_block_template_1\" data-td-block-uid=\"tdi_45\">\n<div class=\"tdb-block-inner td-fix-index\">\n<h1 class=\"tdb-title-text\">Posta Romana extinde monitorizarea de tip \u201dTrack&amp;Trace\u201d a trimiterilor interne de colete<\/h1>\n<\/div>\n<\/div>\n<div class=\"vc_row_inner tdi_48  vc_row vc_inner wpb_row td-pb-row\">\n<div class=\"vc_column_inner tdi_50  wpb_column vc_column_container tdc-inner-column td-pb-span6\">\n<div class=\"vc_column-inner\">\n<div class=\"wpb_wrapper\">\n<div class=\"td_block_wrap tdb_single_author tdi_51 td-pb-border-top td_block_template_1 tdb-post-meta\" data-td-block-uid=\"tdi_51\">\n<div class=\"tdb-block-inner td-fix-index\">\n<div class=\"tdb-author-name-wrap\"><span class=\"tdb-author-by\">Autor-<\/span><a class=\"tdb-author-name\" href=\"https:\/\/voceatimisului.ro\/author\/cataadmin\/\">Radu Constantin<\/a><\/div>\n<\/div>\n<\/div>\n<div class=\"td_block_wrap tdb_single_date tdi_52 td-pb-border-top td_block_template_1 tdb-post-meta\" data-td-block-uid=\"tdi_52\">\n<div class=\"tdb-block-inner td-fix-index\"><time class=\"entry-date updated td-module-date\" datetime=\"2019-04-07T12:53:15+03:00\">7 aprilie 2019<\/time><\/div>\n<\/div>\n<div class=\"td_block_wrap tdb_single_comments_count tdi_53 td-pb-border-top td_block_template_1 tdb-post-meta\" data-td-block-uid=\"tdi_53\">\n<div class=\"tdb-block-inner td-fix-index\"><a href=\"https:\/\/voceatimisului.ro\/posta-romana-extinde-monitorizarea-de-tip-tracktrace-a-trimiterilor-interne-de-colete\/#respond\"><span>0<\/span><\/a><\/div>\n<\/div>\n<div class=\"td_block_wrap tdb_single_post_views tdi_54 td-pb-border-top td_block_template_1 tdb-post-meta\" data-td-block-uid=\"tdi_54\">\n<div class=\"tdb-block-inner td-fix-index\"><span class=\"tdb-add-text\">1<\/span><span class=\"td-nr-views-102548\">840<\/span><\/div>\n<\/div>\n<\/div>\n<\/div>\n<\/div>\n<div class=\"vc_column_inner tdi_56  wpb_column vc_column_container tdc-inner-column td-pb-span6\">\n<div class=\"vc_column-inner\">\n<div class=\"wpb_wrapper\">\n<div class=\"td_block_wrap tdb_single_post_share tdi_57  td-pb-border-top td_block_template_1\" data-td-block-uid=\"tdi_57\">\n<div id=\"tdi_57\" class=\"td-post-sharing tdb-block td-ps-bg td-ps-notext td-post-sharing-style1 \">\n<div class=\"td-post-sharing-visible\"><a class=\"td-social-sharing-button td-social-sharing-button-js td-social-network td-social-facebook\" href=\"https:\/\/www.facebook.com\/sharer.php?u=https%3A%2F%2Fvoceatimisului.ro%2Fposta-romana-extinde-monitorizarea-de-tip-tracktrace-a-trimiterilor-interne-de-colete%2F\" title=\"Facebook\" rel=\"noopener\"><\/p>\n<div class=\"td-social-but-text\">Facebook<\/div>\n<p><\/a><a class=\"td-social-sharing-button td-social-sharing-button-js td-social-network td-social-twitter\" href=\"https:\/\/twitter.com\/intent\/tweet?text=Posta+Romana+extinde+monitorizarea+de+tip+%E2%80%9DTrack%26Trace%E2%80%9D+a+trimiterilor+interne+de+colete&amp;url=https%3A%2F%2Fvoceatimisului.ro%2Fposta-romana-extinde-monitorizarea-de-tip-tracktrace-a-trimiterilor-interne-de-colete%2F&amp;via=Vocea+Timisului\" title=\"Twitter\" rel=\"noopener\"><\/p>\n<div class=\"td-social-but-text\">Twitter<\/div>\n<p><\/a><a class=\"td-social-sharing-button td-social-sharing-button-js td-social-network td-social-pinterest\" href=\"https:\/\/pinterest.com\/pin\/create\/button\/?url=https:\/\/voceatimisului.ro\/posta-romana-extinde-monitorizarea-de-tip-tracktrace-a-trimiterilor-interne-de-colete\/&amp;media=https:\/\/analyse.optim.biz\/wp-content\/uploads\/2025\/12\/ghiseu-posta-romana-jpg.webp&amp;description=Posta+Romana+extinde+monitorizarea+de+tip+%E2%80%9DTrack%26Trace%E2%80%9D+a+trimiterilor+interne+de+colete\" title=\"Pinterest\" rel=\"noopener\"><\/p>\n<div class=\"td-social-but-text\">Pinterest<\/div>\n<p><\/a><a class=\"td-social-sharing-button td-social-sharing-button-js td-social-network td-social-whatsapp\" href=\"https:\/\/api.whatsapp.com\/send?text=Posta+Romana+extinde+monitorizarea+de+tip+%E2%80%9DTrack%26Trace%E2%80%9D+a+trimiterilor+interne+de+colete%20%0A%0A%20https:\/\/voceatimisului.ro\/posta-romana-extinde-monitorizarea-de-tip-tracktrace-a-trimiterilor-interne-de-colete\/\" title=\"WhatsApp\" rel=\"noopener\"><\/p>\n<div class=\"td-social-but-text\">WhatsApp<\/div>\n<p><\/a><a class=\"td-social-sharing-button td-social-sharing-button-js td-social-network td-social-linkedin\" href=\"https:\/\/www.linkedin.com\/shareArticle?mini=true&amp;url=https:\/\/voceatimisului.ro\/posta-romana-extinde-monitorizarea-de-tip-tracktrace-a-trimiterilor-interne-de-colete\/&amp;title=Posta+Romana+extinde+monitorizarea+de+tip+%E2%80%9DTrack%26Trace%E2%80%9D+a+trimiterilor+interne+de+colete\" title=\"Linkedin\" rel=\"noopener\"><\/p>\n<div class=\"td-social-but-text\">Linkedin<\/div>\n<p><\/a><a class=\"td-social-sharing-button td-social-sharing-button-js td-social-network td-social-copy_url\" href=\"https:\/\/voceatimisului.ro\/posta-romana-extinde-monitorizarea-de-tip-tracktrace-a-trimiterilor-interne-de-colete\/\" title=\"Copy URL\" rel=\"noopener\"><\/p>\n<div class=\"td-social-but-text\">Copy URL<\/div>\n<p><\/a><\/div>\n<\/div>\n<\/div>\n<\/div>\n<\/div>\n<\/div>\n<\/div>\n<div class=\"td_block_wrap tdb_single_featured_image tdi_58 tdb-content-horiz-left td-pb-border-top td_block_template_1\" data-td-block-uid=\"tdi_58\">\n<div class=\"tdb-block-inner td-fix-index\">\n<figure><img fetchpriority=\"high\" decoding=\"async\" width=\"696\" height=\"462\" class=\"entry-thumb\" src=\"https:\/\/analyse.optim.biz\/wp-content\/uploads\/2025\/12\/ghiseu-posta-romana-jpg-696x462-1.webp\" alt=\"ghiseu posta romana jpg\" title=\"ghiseu posta romana jpg\" loading=\"eager\"><figcaption class=\"tdb-caption-text\">ghiseu posta romana jpg<\/figcaption><\/figure>\n<\/div>\n<\/div>\n<div class=\"vc_row_inner tdi_60  vc_row vc_inner wpb_row td-pb-row\">\n<div class=\"vc_column_inner tdi_62  wpb_column vc_column_container tdc-inner-column td-pb-span4 td-is-sticky\">\n<div class=\"vc_column-inner\">\n<div class=\"wpb_wrapper\" data-sticky-enabled-on=\"W3RydWUsdHJ1ZSx0cnVlLHRydWVd\" data-sticky-offset=\"20\" data-sticky-is-width-auto=\"W2ZhbHNlLGZhbHNlLGZhbHNlLGZhbHNlXQ==\">\n<div class=\"td_block_wrap td_flex_block_1 tdi_63 td-pb-border-top td_block_template_1 td_ajax_preloading_preload td_flex_block\" data-td-block-uid=\"tdi_63\">\n<div id=\"tdi_63\" class=\"td_block_inner td-mc1-wrap\">\n<div class=\"td_module_flex td_module_flex_1 td_module_wrap td-animation-stack td-meta-info-hide td-cpt-post\">\n<div class=\"td-module-container td-category-pos-image\">\n<div class=\"td-module-meta-info\">\n<h3 class=\"entry-title td-module-title\"><a href=\"https:\/\/voceatimisului.ro\/politia-sparge-reteaua-care-a-jefuit-posta-timisoara-de-947-milioane-de-lei-directorul-lulciuc-ramane-neatins\/\" rel=\"bookmark\" title=\"Poli\u021bia sparge re\u021beaua care a jefuit Po\u0219ta Timi\u0219oara de 9,47 milioane de lei. Directorul Lulciuc r\u0103m\u00e2ne neatins\">Poli\u021bia sparge re\u021beaua care a jefuit Po\u0219ta Timi\u0219oara de 9,47 milioane de lei. Directorul Lulciuc r\u0103m\u00e2ne neatins<\/a><\/h3>\n<\/div>\n<\/div>\n<\/div>\n<div class=\"td_module_flex td_module_flex_1 td_module_wrap td-animation-stack td-meta-info-hide td-cpt-post\">\n<div class=\"td-module-container td-category-pos-image\">\n<div class=\"td-module-meta-info\">\n<h3 class=\"entry-title td-module-title\"><a href=\"https:\/\/voceatimisului.ro\/hotii-au-furat-banii-de-pensie-dar-posta-a-executat-contabila-si-casiera-directorul-pnl-adrian-lulciuc-intact-dupa-jaful-de-2-milioane-de-euro-de-la-timisoara\/\" rel=\"bookmark\" title=\"Ho\u021bii au furat banii de pensie, dar Po\u0219ta a \u201eexecutat\u201d contabila \u0219i casiera. Directorul PNL Adrian Lulciuc \u2013 intact dup\u0103 jaful de 2 milioane de euro de la Timi\u0219oara\">Ho\u021bii au furat banii de pensie, dar Po\u0219ta a \u201eexecutat\u201d contabila \u0219i casiera. Directorul PNL Adrian Lulciuc \u2013 intact dup\u0103 jaful de 2 milioane&#8230;<\/a><\/h3>\n<\/div>\n<\/div>\n<\/div>\n<div class=\"td_module_flex td_module_flex_1 td_module_wrap td-animation-stack td-meta-info-hide td-cpt-post\">\n<div class=\"td-module-container td-category-pos-image\">\n<div class=\"td-module-meta-info\">\n<h3 class=\"entry-title td-module-title\"><a href=\"https:\/\/voceatimisului.ro\/posta-romana-a-distribuit-toate-pensiile-aferente-lunii-ianuarie-in-timis\/\" rel=\"bookmark\" title=\"Posta Romana a distribuit toate pensiile aferente lunii ianuarie, \u00een Timi\u0219\">Posta Romana a distribuit toate pensiile aferente lunii ianuarie, \u00een Timi\u0219<\/a><\/h3>\n<\/div>\n<\/div>\n<\/div>\n<div class=\"td_module_flex td_module_flex_1 td_module_wrap td-animation-stack td-meta-info-hide td-cpt-post\">\n<div class=\"td-module-container td-category-pos-image\">\n<div class=\"td-module-meta-info\">\n<h3 class=\"entry-title td-module-title\"><a href=\"https:\/\/voceatimisului.ro\/posta-romana-linisteste-pensionarii-pensiile-vin-intre-10-si-20-ianuarie-2020\/\" rel=\"bookmark\" title=\"Posta Romana linisteste pensionarii: Pensiile vin intre 10 si 20 ianuarie 2020\">Posta Romana linisteste pensionarii: Pensiile vin intre 10 si 20 ianuarie 2020<\/a><\/h3>\n<\/div>\n<\/div>\n<\/div>\n<\/div>\n<\/div>\n<div class=\"tdb-author-box td_block_wrap tdb_single_author_box tdi_68 tdb-content-vert-top td-pb-border-top td_block_template_1\" data-td-block-uid=\"tdi_68\">\n<div class=\"tdb-block-inner td-fix-index\">\n<div class=\"tdb-author-info\"><a href=\"https:\/\/voceatimisului.ro\/author\/cataadmin\/\" class=\"tdb-author-name\">Radu Constantin<\/a><a href=\"http:\/\/www.voceatimisului.ro\" rel=\"nofollow\" class=\"tdb-author-url\">http:\/\/www.voceatimisului.ro<\/a><\/p>\n<div class=\"tdb-author-descr\">\u00centreaga responsabilitate a comentariilor l\u0103sate de dumneavoastr\u0103 v\u0103 apar\u021bine!<br \/>\nClick <a href=\"https:\/\/voceatimisului.ro\/termeni-si-conditii\/\">aici<\/a>-citeste condi\u0163iile de utilizare ale site-ului www.voceatimisului.ro<\/div>\n<\/div>\n<\/div>\n<\/div>\n<\/div>\n<\/div>\n<\/div>\n<div class=\"vc_column_inner tdi_70  wpb_column vc_column_container tdc-inner-column td-pb-span8\">\n<div class=\"vc_column-inner\">\n<div class=\"wpb_wrapper\">\n<div class=\"td_block_wrap tdb_single_content tdi_71 td-pb-border-top td_block_template_1 td-post-content tagdiv-type\" data-td-block-uid=\"tdi_71\">\n<div class=\"tdb-block-inner td-fix-index\">\n<h3 class=\"wp-block-heading\">Compania Na\u0163ional\u0103 Po\u015fta Rom\u00e2n\u0103 introduce monitorizarea \u00een sistem Track&amp;Trace pentru trimiterile interne de colete po\u015ftale din serviciile \u2013 standard, valoare declarat\u0103, confirmare de primire \u015fi ramburs \u2013 depuse de c\u0103tre clien\u0163i, persoane fizice, la ghi\u015feele oficiilor po\u015ftale informatizate din re\u0163eaua po\u015ftal\u0103.<\/h3>\n<p>Prin introducerea acestei facilita\u0163i, pe de o parte se elimin\u0103 completarea manual\u0103 de c\u0103tre clien\u0163i, persoane fizice, a formularelor premerg\u0103toare depunerii trimiterilor interne de colete po\u015ftale, la ghi\u015feele po\u015ftale informatizate, iar pe de alt\u0103 parte <strong>expeditorii \u00ee\u015fi pot urm\u0103ri statusul trimiterilor pe site-ul companiei \u2013<\/strong>www.posta-romana.ro.<\/p>\n<p>Astfel, pentru expedierea unui volum redus de trimiteri interne de colete po\u015ftale (standard, valoare declarat\u0103, confirmare de primire \u015fi ramburs) se elimin\u0103 obligativitatea complet\u0103rii de c\u0103tre client a formularelor po\u015ftale necesare expedierii acestora: buletin de expedi\u0163ie, confirmare de primire sau mandat ramburs. Aceste formalit\u0103\u0163i vor fi \u00eendeplinite de acum, direct de c\u0103tre salaria\u0163ii po\u015ftali de la ghi\u015fee, care vor solicita, verbal, clien\u0163ilor toate datele necesare expedierii trimiterilor.<\/p>\n<p>De asemenea, clien\u0163ii persoane fizice \u015fi juridice, care doresc expedierea de trimiteri interne de colete po\u015ftale, indiferent de volum, \u00ee\u015fi pot genera singuri, de acas\u0103 sau de la sediu, documentele necesare expedierii, <strong>utiliz\u00e2nd aplicatia MyAWB<\/strong>, disponibil\u0103 pe site-ul companiei www.posta-romana.ro, prin parcurgerea celor 5 pa\u015fi:<\/p>\n<ol class=\"wp-block-list\">\n<li>Creare cont \u00een MyAWB;<\/li>\n<li>Selectarea tipului de serviciu;<\/li>\n<li>Completarea informa\u0163iilor solicitate;<\/li>\n<li>Vizualizarea tarifului po\u015ftal aferent;<\/li>\n<li>Generarea formularelor po\u015ftale necesare expedierii (AWB).<\/li>\n<\/ol>\n<p>Totodat\u0103, aplica\u0163ia MyAWB pune la dispozi\u0163ia clien\u0163ilor persoane juridice \u015fi alte func\u0163ionalit\u0103\u0163i precum acces baze de date proprii din care pot genera rapoarte \u015fi liste utile gestion\u0103rii \u015fi\/sau monitoriz\u0103rii expedi\u0163iilor.<\/p>\n<p>Extinderea sistemului de monitorizare Track&amp;Trace pentru noi servicii po\u015ftale face parte dintr-un amplu program de modernizare \u015fi tehnologizare a proceselor din front \u015fi back office, astfel \u00eenc\u00e2t s\u0103 aducem serviciile la standardele de calitate pe care suntem con\u015ftien\u0163i ca le doresc clien\u0163ii no\u015ftri.<\/p>\n<\/div>\n<\/div>\n<div class=\"td_block_wrap tdb_single_tags tdi_74 td-pb-border-top td_block_template_1\" data-td-block-uid=\"tdi_74\">\n<div class=\"tdb-block-inner td-fix-index\">\n<ul class=\"tdb-tags\">\n<li><span>Tags<\/span><\/li>\n<li><a href=\"https:\/\/voceatimisului.ro\/tag\/posta-romana\/\">posta romana<\/a><\/li>\n<\/ul>\n<\/div>\n<\/div>\n<div class=\"td_block_wrap tdb_single_post_share tdi_75  td-pb-border-top td_block_template_1\" data-td-block-uid=\"tdi_75\">\n<div id=\"tdi_75\" class=\"td-post-sharing tdb-block td-ps-bg td-ps-notext td-post-sharing-style1 \">\n<div class=\"td-post-sharing-visible\"><a class=\"td-social-sharing-button td-social-sharing-button-js td-social-network td-social-facebook\" href=\"https:\/\/www.facebook.com\/sharer.php?u=https%3A%2F%2Fvoceatimisului.ro%2Fposta-romana-extinde-monitorizarea-de-tip-tracktrace-a-trimiterilor-interne-de-colete%2F\" title=\"Facebook\" rel=\"noopener\"><\/p>\n<div class=\"td-social-but-text\">Facebook<\/div>\n<p><\/a><a class=\"td-social-sharing-button td-social-sharing-button-js td-social-network td-social-twitter\" href=\"https:\/\/twitter.com\/intent\/tweet?text=Posta+Romana+extinde+monitorizarea+de+tip+%E2%80%9DTrack%26Trace%E2%80%9D+a+trimiterilor+interne+de+colete&amp;url=https%3A%2F%2Fvoceatimisului.ro%2Fposta-romana-extinde-monitorizarea-de-tip-tracktrace-a-trimiterilor-interne-de-colete%2F&amp;via=Vocea+Timisului\" title=\"Twitter\" rel=\"noopener\"><\/p>\n<div class=\"td-social-but-text\">Twitter<\/div>\n<p><\/a><a class=\"td-social-sharing-button td-social-sharing-button-js td-social-network td-social-pinterest\" href=\"https:\/\/pinterest.com\/pin\/create\/button\/?url=https:\/\/voceatimisului.ro\/posta-romana-extinde-monitorizarea-de-tip-tracktrace-a-trimiterilor-interne-de-colete\/&amp;media=https:\/\/analyse.optim.biz\/wp-content\/uploads\/2025\/12\/ghiseu-posta-romana-jpg.webp&amp;description=Posta+Romana+extinde+monitorizarea+de+tip+%E2%80%9DTrack%26Trace%E2%80%9D+a+trimiterilor+interne+de+colete\" title=\"Pinterest\" rel=\"noopener\"><\/p>\n<div class=\"td-social-but-text\">Pinterest<\/div>\n<p><\/a><a class=\"td-social-sharing-button td-social-sharing-button-js td-social-network td-social-whatsapp\" href=\"https:\/\/api.whatsapp.com\/send?text=Posta+Romana+extinde+monitorizarea+de+tip+%E2%80%9DTrack%26Trace%E2%80%9D+a+trimiterilor+interne+de+colete%20%0A%0A%20https:\/\/voceatimisului.ro\/posta-romana-extinde-monitorizarea-de-tip-tracktrace-a-trimiterilor-interne-de-colete\/\" title=\"WhatsApp\" rel=\"noopener\"><\/p>\n<div class=\"td-social-but-text\">WhatsApp<\/div>\n<p><\/a><a class=\"td-social-sharing-button td-social-sharing-button-js td-social-network td-social-linkedin\" href=\"https:\/\/www.linkedin.com\/shareArticle?mini=true&amp;url=https:\/\/voceatimisului.ro\/posta-romana-extinde-monitorizarea-de-tip-tracktrace-a-trimiterilor-interne-de-colete\/&amp;title=Posta+Romana+extinde+monitorizarea+de+tip+%E2%80%9DTrack%26Trace%E2%80%9D+a+trimiterilor+interne+de+colete\" title=\"Linkedin\" rel=\"noopener\"><\/p>\n<div class=\"td-social-but-text\">Linkedin<\/div>\n<p><\/a><a class=\"td-social-sharing-button td-social-sharing-button-js td-social-network td-social-copy_url\" href=\"https:\/\/voceatimisului.ro\/posta-romana-extinde-monitorizarea-de-tip-tracktrace-a-trimiterilor-interne-de-colete\/\" title=\"Copy URL\" rel=\"noopener\"><\/p>\n<div class=\"td-social-but-text\">Copy URL<\/div>\n<p><\/a><\/div>\n<\/div>\n<\/div>\n<div class=\"td_block_wrap tdb_single_next_prev tdi_76 td-animation-stack td-next-prev-img-on td-pb-border-top td_block_template_1\" data-td-block-uid=\"tdi_76\">\n<div class=\"tdb-block-inner td-fix-index\">\n<div class=\"tdb-next-post tdb-next-post-bg tdb-post-prev\"><span>Articolul precedent<\/span><\/p>\n<div class=\"td-module-container\">\n<div class=\"td-image-container\"><a class=\"td-image-wrap\" href=\"https:\/\/voceatimisului.ro\/primarul-timisoarei-sondaj-despre-inchirierea-locurilor-de-parcare-din-cartiere\/\"><img loading=\"lazy\" decoding=\"async\" class=\"td-next-prev-image td-fix-index td-lazy-img\" title=\"Primarul Timisoarei:  sondaj despre inchirierea locurilor de parcare din cartiere\" width=\"696\" height=\"463\" src=\"https:\/\/voceatimisului.ro\/wp-content\/uploads\/2014\/05\/piata2-jpg-696x463.webp\"><\/a><\/div>\n<div class=\"next-prev-title\"><a href=\"https:\/\/voceatimisului.ro\/primarul-timisoarei-sondaj-despre-inchirierea-locurilor-de-parcare-din-cartiere\/\">Primarul Timisoarei:  sondaj despre inchirierea locurilor de parcare din cartiere<\/a><\/div>\n<\/div>\n<\/div>\n<div class=\"tdb-next-post tdb-next-post-bg tdb-post-next\"><span>Articolul urm\u0103tor<\/span><\/p>\n<div class=\"td-module-container\">\n<div class=\"td-image-container\"><a class=\"td-image-wrap\" href=\"https:\/\/voceatimisului.ro\/programul-euro-200-se-deruleaza-si-in-2019-in-alta-perioada\/\"><img loading=\"lazy\" decoding=\"async\" class=\"td-next-prev-image td-fix-index td-lazy-img\" title=\"Programul \u201eEuro 200\u201d se deruleaza si in 2019, in alta perioada\" width=\"696\" height=\"461\" src=\"https:\/\/analyse.optim.biz\/wp-content\/uploads\/2025\/12\/eleva-la-calculator-computer-jpg-696x461-1.webp\"><\/a><\/div>\n<div class=\"next-prev-title\"><a href=\"https:\/\/voceatimisului.ro\/programul-euro-200-se-deruleaza-si-in-2019-in-alta-perioada\/\">Programul \u201eEuro 200\u201d se deruleaza si in 2019, in alta perioada<\/a><\/div>\n<\/div>\n<\/div>\n<\/div>\n<\/div>\n<\/div>\n<\/div>\n<\/div>\n<\/div>\n<div class=\"vc_row_inner tdi_86  vc_row vc_inner wpb_row td-pb-row\">\n<div class=\"vc_column_inner tdi_88  wpb_column vc_column_container tdc-inner-column td-pb-span4 td-is-sticky\">\n<div class=\"vc_column-inner\">\n<div class=\"wpb_wrapper\" data-sticky-enabled-on=\"W3RydWUsdHJ1ZSx0cnVlLHRydWVd\" data-sticky-offset=\"20\" data-sticky-is-width-auto=\"W2ZhbHNlLGZhbHNlLGZhbHNlLGZhbHNlXQ==\">\n<div class=\"td_block_wrap tdb_single_related tdi_89 td_with_ajax_pagination td-pb-border-top td_block_template_1 tdb-single-related-posts\" data-td-block-uid=\"tdi_89\">\n<div id=\"tdi_89\" class=\"td_block_inner tdb-block-inner td-fix-index\">\n<div class=\"tdb_module_related td_module_wrap td-animation-stack td-meta-info-hide\">\n<div class=\"td-module-container td-category-pos-image\">\n<div class=\"td-module-meta-info\">\n<h3 class=\"entry-title td-module-title\"><a href=\"https:\/\/voceatimisului.ro\/au-crescut-salariile-la-posta-romana-compania-spera-sa-acopere-gaurile-de-personal-inclusiv-in-timis\/\" rel=\"bookmark\" title=\"Au crescut salariile la Posta Romana! Compania spera sa acopere \u201dgaurile\u201d de personal, inclusiv \u00een Timi\u0219\">Au crescut salariile la Posta Romana! Compania spera sa acopere \u201dgaurile\u201d de personal, inclusiv \u00een Timi\u0219<\/a><\/h3>\n<\/div>\n<\/div>\n<\/div>\n<div class=\"tdb_module_related td_module_wrap td-animation-stack td-meta-info-hide\">\n<div class=\"td-module-container td-category-pos-image\">\n<div class=\"td-module-meta-info\">\n<h3 class=\"entry-title td-module-title\"><a href=\"https:\/\/voceatimisului.ro\/posta-romana-pe-piata-de-asigurari-online\/\" rel=\"bookmark\" title=\"Po\u015fta Rom\u00e2n\u0103, pe pia\u021ba de asigur\u0103ri online\">Po\u015fta Rom\u00e2n\u0103, pe pia\u021ba de asigur\u0103ri online<\/a><\/h3>\n<\/div>\n<\/div>\n<\/div>\n<div class=\"tdb_module_related td_module_wrap td-animation-stack td-meta-info-hide\">\n<div class=\"td-module-container td-category-pos-image\">\n<div class=\"td-module-meta-info\">\n<h3 class=\"entry-title td-module-title\"><a href=\"https:\/\/voceatimisului.ro\/posta-romana-se-lauda-cu-un-profit-baban-in-primele-patru-luni-din-2015\/\" rel=\"bookmark\" title=\"Po\u015fta Rom\u00e2n\u0103 se laud\u0103 cu un profit \u201dbaban\u201d \u00een primele patru luni din 2015\">Po\u015fta Rom\u00e2n\u0103 se laud\u0103 cu un profit \u201dbaban\u201d \u00een primele patru luni din 2015<\/a><\/h3>\n<\/div>\n<\/div>\n<\/div>\n<\/div>\n<\/div>\n<\/div>\n<\/div>\n<\/div>\n<div class=\"vc_column_inner tdi_91  wpb_column vc_column_container tdc-inner-column td-pb-span8\">\n<div class=\"vc_column-inner\">\n<div class=\"wpb_wrapper\">\n<div class=\"td_block_wrap tdb_single_comments tdi_92 tdb-comm-layout2 td-pb-border-top td_block_template_2\" data-td-block-uid=\"tdi_92\">\n<div class=\"tdb-block-inner td-fix-index\">\n<div class=\"comments\" id=\"comments\">\n<div id=\"respond\" class=\"comment-respond\">\n<h3 id=\"reply-title\" class=\"comment-reply-title\">L\u0102SA\u021aI UN MESAJ <small><a rel=\"nofollow\" id=\"cancel-comment-reply-link\" href=\"https:\/\/voceatimisului.ro\/posta-romana-extinde-monitorizarea-de-tip-tracktrace-a-trimiterilor-interne-de-colete\/#respond\">Renun\u021ba\u021bi la r\u0103spuns<\/a><\/small><\/h3>\n<div class=\"comment-form-input-wrap td-form-comment\">\n<div class=\"td-warning-comment\">V\u0103 rug\u0103m s\u0103 introduce\u021bi comentariul dvs.!<\/div>\n<\/div>\n<div class=\"comment-form-input-wrap td-form-author\">\n<div class=\"td-warning-author\">Introduce\u021bi aici numele dvs.<\/div>\n<\/div>\n<div class=\"comment-form-input-wrap td-form-email\">\n<div class=\"td-warning-email-error\">A\u021bi introdus o adres\u0103 de e-mail incorect\u0103!<\/div>\n<div class=\"td-warning-email\">V\u0103 rug\u0103m s\u0103 introduce\u021bi adresa dvs. de e-mail aici<\/div>\n<\/div>\n<\/div>\n<\/div>\n<\/div>\n<\/div>\n<\/div>\n<\/div>\n<\/div>\n<\/div>\n<\/div>\n<\/div>\n<div class=\"vc_column tdi_94  wpb_column vc_column_container tdc-column td-pb-span4 td-is-sticky\">\n<div class=\"wpb_wrapper\" data-sticky-enabled-on=\"W3RydWUsdHJ1ZSx0cnVlLHRydWVd\" data-sticky-offset=\"20\" data-sticky-is-width-auto=\"W2ZhbHNlLGZhbHNlLGZhbHNlLGZhbHNlXQ==\">\n<div class=\"vc_row_inner tdi_96  vc_row vc_inner wpb_row td-pb-row\">\n<div class=\"vc_column_inner tdi_98  wpb_column vc_column_container tdc-inner-column td-pb-span12\">\n<div class=\"vc_column-inner\">\n<div class=\"wpb_wrapper\">\n<div class=\"td_block_wrap td_block_title tdi_99 td-pb-border-top td_block_template_11 td-fix-index\" data-td-block-uid=\"tdi_99\">\n<div class=\"td-block-title-wrap\">\n<h4 class=\"td-block-title\"><span class=\"td-pulldown-size\">ANUN\u021aURI \u0218I PUBLICITATE<\/span><\/h4>\n<\/div>\n<\/div>\n<\/div>\n<\/div>\n<\/div>\n<\/div>\n<div class=\"wpb_wrapper td_block_wrap vc_widget_sidebar tdi_101 \">\n<aside id=\"block-10\" class=\"td_block_template_1 widget block-10 widget_block widget_media_image\">\n<figure class=\"wp-block-image size-full\"><a href=\"https:\/\/adpghiroda.ro\/index.html\" target=\"_blank\" rel=\" noreferrer noopener\"><img decoding=\"async\" loading=\"eager\" width=\"960\" height=\"960\" src=\"https:\/\/analyse.optim.biz\/wp-content\/uploads\/2025\/12\/adp-ghiroda2-33.jpg\" class=\"wp-image-171492\" title=\"adp-ghiroda2-33\"><\/a><\/figure>\n<\/aside>\n<aside id=\"block-11\" class=\"td_block_template_1 widget block-11 widget_block widget_media_image\">\n<figure class=\"wp-block-image size-full\"><a href=\"https:\/\/adpghiroda.ro\/index.html\" target=\"_blank\" rel=\" noreferrer noopener\"><img decoding=\"async\" loading=\"eager\" width=\"960\" height=\"960\" src=\"https:\/\/analyse.optim.biz\/wp-content\/uploads\/2025\/12\/adp-ghiroda1-33.jpg\" class=\"wp-image-171491\" title=\"adp-ghiroda1-33\"><\/a><\/figure>\n<\/aside>\n<aside id=\"block-17\" class=\"td_block_template_1 widget block-17 widget_block widget_media_image\">\n<figure class=\"wp-block-image size-large is-resized\"><a href=\"https:\/\/verde.events\/\" target=\"_blank\" rel=\" noreferrer noopener\"><img decoding=\"async\" loading=\"lazy\" width=\"1024\" height=\"683\" src=\"https:\/\/analyse.optim.biz\/wp-content\/uploads\/2025\/12\/verde-events-24-1024x683-34.jpg\" alt=\"Verde Events\" class=\"wp-image-174395\" title=\"verde-events-24-1024x683-34\"><\/a><figcaption class=\"wp-element-caption\"><strong><em>O experien\u021b\u0103 unic\u0103 pentru orice tip de eveniment<\/em><\/strong><\/figcaption><\/figure>\n<\/aside>\n<\/div>\n<div class=\"td_block_wrap td_flex_block_1 tdi_107 td-pb-border-top td_block_template_1 td_ajax_preloading_preload td_flex_block\" data-td-block-uid=\"tdi_107\">\n<div id=\"tdi_107\" class=\"td_block_inner td-mc1-wrap\">\n<div class=\"td_module_flex td_module_flex_1 td_module_wrap td-animation-stack td-meta-info-hide td-cpt-post\">\n<div class=\"td-module-container td-category-pos-image\">\n<div class=\"td-module-meta-info\">\n<h3 class=\"entry-title td-module-title\"><a href=\"https:\/\/voceatimisului.ro\/posta-romana-anunta-toleranta-zero-fata-de-cei-care-au-prejudiciat-compania\/\" rel=\"bookmark\" title=\"Po\u015fta Rom\u00e2n\u0103 anun\u021b\u0103 TOLERAN\u0162\u0102 ZERO fa\u0163\u0103 de cei care au prejudiciat compania\">Po\u015fta Rom\u00e2n\u0103 anun\u021b\u0103 TOLERAN\u0162\u0102 ZERO fa\u0163\u0103 de cei care au prejudiciat compania<\/a><\/h3>\n<\/div>\n<\/div>\n<\/div>\n<div class=\"td_module_flex td_module_flex_1 td_module_wrap td-animation-stack td-meta-info-hide td-cpt-post\">\n<div class=\"td-module-container td-category-pos-image\">\n<div class=\"td-module-meta-info\">\n<h3 class=\"entry-title td-module-title\"><a href=\"https:\/\/voceatimisului.ro\/posta-romana-a-distribuit-peste-1-700-de-pasapoarte-de-la-demararea-contractului-de-livrare-a-documentelor\/\" rel=\"bookmark\" title=\"Po\u015fta Rom\u00e2n\u0103 a distribuit peste 1.700 de pa\u015fapoarte de la demararea contractului de livrare a documentelor\">Po\u015fta Rom\u00e2n\u0103 a distribuit peste 1.700 de pa\u015fapoarte de la demararea contractului de livrare a documentelor<\/a><\/h3>\n<\/div>\n<\/div>\n<\/div>\n<div class=\"td_module_flex td_module_flex_1 td_module_wrap td-animation-stack td-meta-info-hide td-cpt-post\">\n<div class=\"td-module-container td-category-pos-image\">\n<div class=\"td-module-meta-info\">\n<h3 class=\"entry-title td-module-title\"><a href=\"https:\/\/voceatimisului.ro\/oficiile-postale-se-inchid-vezi-programul-de-lucru-al-postei-romane-de-pasti\/\" rel=\"bookmark\" title=\"Oficiile po\u0219tale se \u00ceNCHID! Vezi programul de lucru al Po\u015ftei Rom\u00e2ne, de Pa\u015fti\">Oficiile po\u0219tale se \u00ceNCHID! Vezi programul de lucru al Po\u015ftei Rom\u00e2ne, de Pa\u015fti<\/a><\/h3>\n<\/div>\n<\/div>\n<\/div>\n<div class=\"td_module_flex td_module_flex_1 td_module_wrap td-animation-stack td-meta-info-hide td-cpt-post\">\n<div class=\"td-module-container td-category-pos-image\">\n<div class=\"td-module-meta-info\">\n<h3 class=\"entry-title td-module-title\"><a href=\"https:\/\/voceatimisului.ro\/posta-romana-va-distribui-pasapoartele-la-domiciliu-tuturor-romanilor\/\" rel=\"bookmark\" title=\"Po\u015fta Rom\u00e2n\u0103 va distribui pa\u015fapoartele, la domiciliu, tuturor rom\u00e2nilor\">Po\u015fta Rom\u00e2n\u0103 va distribui pa\u015fapoartele, la domiciliu, tuturor rom\u00e2nilor<\/a><\/h3>\n<\/div>\n<\/div>\n<\/div>\n<div class=\"td_module_flex td_module_flex_1 td_module_wrap td-animation-stack td-meta-info-hide td-cpt-post\">\n<div class=\"td-module-container td-category-pos-image\">\n<div class=\"td-module-meta-info\">\n<h3 class=\"entry-title td-module-title\"><a href=\"https:\/\/voceatimisului.ro\/posta-romana-se-lauda-cu-peste-12-milioane-de-carduri-de-sanatate-livrate-asiguratilor-cate-au-fost-expediate-timis\/\" rel=\"bookmark\" title=\"Po\u0219ta Rom\u00e2n\u0103 se \u201dlaud\u0103\u201d cu peste 12 milioane de carduri de s\u0103n\u0103tate livrate asigura\u0163ilor. C\u00e2te au fost expediate \u00een Timi\u0219\">Po\u0219ta Rom\u00e2n\u0103 se \u201dlaud\u0103\u201d cu peste 12 milioane de carduri de s\u0103n\u0103tate livrate asigura\u0163ilor. C\u00e2te au fost expediate \u00een Timi\u0219<\/a><\/h3>\n<\/div>\n<\/div>\n<\/div>\n<\/div>\n<\/div>\n<\/div>\n<\/div>\n<\/div>\n<\/div>\n<\/div>\n<\/div>\n<p><span class=\"td-page-meta\"><\/span><span class=\"td-page-meta\"><span class=\"td-page-meta\"><\/span><\/span><span class=\"td-page-meta\"><\/span><\/article>\n<p> Source URL: https:\/\/voceatimisului.ro\/posta-romana-extinde-monitorizarea-de-tip-tracktrace-a-trimiterilor-interne-de-colete\/<\/p>\n","protected":false},"excerpt":{"rendered":"<p>\u0218tiriNational si International Posta Romana extinde monitorizarea de tip \u201dTrack&amp;Trace\u201d a trimiterilor interne de colete Autor-Radu Constantin 7 aprilie 2019 0 1840 Facebook Twitter Pinterest WhatsApp Linkedin Copy URL ghiseu posta romana jpg Poli\u021bia sparge re\u021beaua care a jefuit Po\u0219ta Timi\u0219oara de 9,47 milioane de lei. Directorul Lulciuc r\u0103m\u00e2ne neatins Ho\u021bii au furat banii de [&hellip;]<\/p>\n","protected":false},"author":1,"featured_media":1078899,"comment_status":"open","ping_status":"","sticky":false,"template":"","format":"standard","meta":{"footnotes":""},"categories":[89],"tags":[199],"class_list":["post-1078898","post","type-post","status-publish","format-standard","has-post-thumbnail","hentry","category-romania","tag-voceatimisului-ro"],"_links":{"self":[{"href":"https:\/\/analyse.optim.biz\/index.php?rest_route=\/wp\/v2\/posts\/1078898","targetHints":{"allow":["GET"]}}],"collection":[{"href":"https:\/\/analyse.optim.biz\/index.php?rest_route=\/wp\/v2\/posts"}],"about":[{"href":"https:\/\/analyse.optim.biz\/index.php?rest_route=\/wp\/v2\/types\/post"}],"author":[{"embeddable":true,"href":"https:\/\/analyse.optim.biz\/index.php?rest_route=\/wp\/v2\/users\/1"}],"replies":[{"embeddable":true,"href":"https:\/\/analyse.optim.biz\/index.php?rest_route=%2Fwp%2Fv2%2Fcomments&post=1078898"}],"version-history":[{"count":0,"href":"https:\/\/analyse.optim.biz\/index.php?rest_route=\/wp\/v2\/posts\/1078898\/revisions"}],"wp:featuredmedia":[{"embeddable":true,"href":"https:\/\/analyse.optim.biz\/index.php?rest_route=\/wp\/v2\/media\/1078899"}],"wp:attachment":[{"href":"https:\/\/analyse.optim.biz\/index.php?rest_route=%2Fwp%2Fv2%2Fmedia&parent=1078898"}],"wp:term":[{"taxonomy":"category","embeddable":true,"href":"https:\/\/analyse.optim.biz\/index.php?rest_route=%2Fwp%2Fv2%2Fcategories&post=1078898"},{"taxonomy":"post_tag","embeddable":true,"href":"https:\/\/analyse.optim.biz\/index.php?rest_route=%2Fwp%2Fv2%2Ftags&post=1078898"}],"curies":[{"name":"wp","href":"https:\/\/api.w.org\/{rel}","templated":true}]}}