{"id":1078224,"date":"2025-04-26T05:39:15","date_gmt":"2025-04-26T02:39:15","guid":{"rendered":"https:\/\/analyse.optim.biz\/?p=1078224"},"modified":"2025-04-26T05:39:15","modified_gmt":"2025-04-26T02:39:15","slug":"cantec-drag-din-plai-strabun-sarbatoare-a-folclorului-la-vaslui-ziarul-de-vaslui","status":"publish","type":"post","link":"https:\/\/analyse.optim.biz\/?p=1078224","title":{"rendered":"\u201dC\u00e2ntec Drag din Plai Str\u0103bun\u201d &#8211; s\u0103rb\u0103toare a folclorului, la Vaslui &#8211; Ziarul de Vaslui"},"content":{"rendered":"<div class=\"entry-content clearfix\">\n<p>\u00cen perioada 25-26 aprilie 2025, Sala Mare a Casei de Cultur\u0103 a Sindicatelor Vaslui este martora unui eveniment deosebit, ce aduce \u00een prim-plan tradi\u021biile \u0219i cultura rom\u00e2neasc\u0103: <em>Concursul Na\u021bional de Muzic\u0103 Popular\u0103 \u201eC\u00e2ntec Drag din Plai Str\u0103bun\u201d<\/em>. Ajuns la cea de-a XXI-a edi\u021bie, acest concurs reprezint\u0103 un moment de celebrare a folclorului autentic \u0219i a talentelor care p\u0103streaz\u0103 vii obiceiurile \u0219i melodiile tradi\u021bionale.<\/p>\n<p>Evenimentul se va desf\u0103\u0219ura pe parcursul a dou\u0103 zile \u0219i va aduna participan\u021bi din jude\u021bele Vaslui, Ia\u0219i, Boto\u0219ani, Neam\u021b, Prahova, Ilfov, Br\u0103ila, Cluj, dar \u0219i din Republica Moldova \u0219i Ucraina.  Pe scena concursului vor urca nu mai pu\u021bin de 138 de soli\u0219ti vocali, al\u0103turi de instrumenti\u0219ti, grupuri vocale, ansambluri folclorice \u0219i ansambluri populare, care vor oferi un spectacol autentic \u0219i plin de emo\u021bie.<\/p>\n<p>Concursul \u00ee\u0219i propune s\u0103 descopere \u0219i s\u0103 promoveze tinerii talenta\u021bi ai muzicii populare, dar \u0219i s\u0103 aduc\u0103 \u00een prim-plan arti\u0219ti deja consacra\u021bi, care au avut un impact semnificativ asupra folclorului rom\u00e2nesc. La finalul celor dou\u0103 zile de competi\u021bie, publicul va putea savura un recital extraordinar sus\u021binut de fo\u0219ti laurea\u021bi ai concursului, printre care Jean Motfolea, Elena Milea, Surorile Bucur \u0219i Petronela B\u00eersila. Acest moment va \u00eencheia evenimentul cu muzic\u0103 \u0219i emo\u021bie, amintind tuturor de valoarea acestui concurs \u00een promovarea culturii populare rom\u00e2ne\u0219ti.<\/p>\n<p>De asemenea, pe scen\u0103 va urca \u0219i Ansamblul \u201eHora Vasluiului\u201d, un simbol al folclorului din jude\u021bul Vaslui, dar \u0219i elevii \u0218colii de Dans \u201eVirginel Solomon\u201d, care vor aduce dansuri populare tradi\u021bionale, complet\u00e2nd astfel atmosfera vibrant\u0103 a concursului. Orchestra profesionist\u0103 de muzic\u0103 popular\u0103 \u201eRapsodia Vasluiului\u201d, condus\u0103 de dirijorul Florin Bab\u0103r\u0103, va sus\u021bine fiecare interpretare, iar Teodora Panainte, managerul orchestrei, va contribui la crearea unui cadru artistic deosebit.<\/p>\n<p>\u00cen ceea ce prive\u0219te organizarea evenimentului, Casa de Cultur\u0103 a Sindicatelor Vaslui, \u00een colaborare cu Prim\u0103ria Municipiului Vaslui \u0219i Centrul Cultural Jude\u021bean Vaslui, a reunit toate resursele necesare pentru a asigura succesul acestei edi\u021bii, care promite s\u0103 fie una memorabil\u0103.<\/p>\n<p>\u201eSuntem extrem de bucuro\u0219i \u0219i m\u00e2ndri s\u0103 organiz\u0103m, \u00een aceast\u0103 prim\u0103var\u0103, edi\u021bia a XXI-a a Concursului Na\u021bional de Muzic\u0103 Popular\u0103 \u201eC\u00e2ntec Drag din Plai Str\u0103bun\u201d. Este o mare bucurie pentru noi s\u0103 vedem un num\u0103r at\u00e2t de mare de participan\u021bi, nu doar din jude\u021bul nostru, dar \u0219i din alte col\u021buri ale \u021b\u0103rii \u0219i chiar din Republica Moldova \u0219i Ucraina. Acest lucru confirm\u0103 faptul c\u0103 muzica popular\u0103 rom\u00e2neasc\u0103 are un impact semnificativ \u0219i o puternic\u0103 atrac\u021bie asupra tinerelor talente, dar \u0219i asupra publicului din afacerea noastr\u0103 cultural\u0103.<\/p>\n<p>Acest concurs nu reprezint\u0103 doar o competi\u021bie artistic\u0103, ci o oportunitate unic\u0103 de a promova tradi\u021biile noastre folclorice \u0219i de a le transmite mai departe noii genera\u021bii. Pe l\u00e2ng\u0103 talentul excep\u021bional al concuren\u021bilor, care ne vor \u00eenc\u00e2nta cu interpret\u0103rile lor, consider c\u0103 acest eveniment are o valoare extraordinar\u0103 pentru \u00eentreaga comunitate. Folclorul nu este doar o mo\u0219tenire cultural\u0103, ci \u0219i o punte \u00eentre genera\u021bii, un element definitoriu al identit\u0103\u021bii noastre ca na\u021biune.<\/p>\n<p>M\u0103 bucur c\u0103 acest concurs ofer\u0103 o platform\u0103 important\u0103 pentru tinerii arti\u0219ti, dar \u0219i pentru \u00eentreaga societate, care are astfel ocazia de a redescoperi \u0219i aprecia frumuse\u021bea \u0219i autenticitatea muzicii populare. Ne dorim ca acest eveniment s\u0103 continue s\u0103 inspire \u0219i \u00een anii ce vor urma, fiind o veritabil\u0103 s\u0103rb\u0103toare a tradi\u021biilor noastre.\u201d, a precizat<strong> Ionel Bordeianu, directorul Casei de Cultur\u0103 Vaslui<\/strong><\/p>\n<figure class=\"wp-block-gallery columns-3 is-cropped\">\n<ul class=\"blocks-gallery-grid\">\n<li class=\"blocks-gallery-item\">\n<figure><img decoding=\"async\" loading=\"lazy\" width=\"724\" height=\"1024\" src=\"https:\/\/analyse.optim.biz\/wp-content\/uploads\/2025\/12\/www-ziaruldevaslui-132-2.jpg\" class=\"wp-image-47297\" title=\"www-ziaruldevaslui-132-2\"><\/figure>\n<\/li>\n<li class=\"blocks-gallery-item\">\n<figure><img decoding=\"async\" loading=\"lazy\" width=\"768\" height=\"1024\" src=\"https:\/\/analyse.optim.biz\/wp-content\/uploads\/2025\/12\/www-ziaruldevaslui-133-2.jpg\" class=\"wp-image-47295\" title=\"www-ziaruldevaslui-133-2\"><\/figure>\n<\/li>\n<li class=\"blocks-gallery-item\">\n<figure><img decoding=\"async\" loading=\"lazy\" width=\"768\" height=\"1024\" src=\"https:\/\/analyse.optim.biz\/wp-content\/uploads\/2025\/12\/www-ziaruldevaslui-134-2.jpg\" class=\"wp-image-47296\" title=\"www-ziaruldevaslui-134-2\"><\/figure>\n<\/li>\n<li class=\"blocks-gallery-item\">\n<figure><img decoding=\"async\" loading=\"lazy\" width=\"768\" height=\"1024\" src=\"https:\/\/analyse.optim.biz\/wp-content\/uploads\/2025\/12\/www-ziaruldevaslui-135-1.jpg\" class=\"wp-image-47298\" title=\"www-ziaruldevaslui-135-1\"><\/figure>\n<\/li>\n<li class=\"blocks-gallery-item\">\n<figure><img decoding=\"async\" loading=\"lazy\" width=\"768\" height=\"1024\" src=\"https:\/\/analyse.optim.biz\/wp-content\/uploads\/2025\/12\/www-ziaruldevaslui-136-1.jpg\" class=\"wp-image-47299\" title=\"www-ziaruldevaslui-136-1\"><\/figure>\n<\/li>\n<\/ul>\n<\/figure>\n<aside class=\"mashsb-container mashsb-main \">\n<div class=\"mashsb-box\">\n<div class=\"mashsb-count mash-medium\">\n<div class=\"counts mashsbcount\">0<\/div>\n<p><span class=\"mashsb-sharetext\">SHARES<\/span><\/div>\n<div class=\"mashsb-buttons\"><a class=\"mashicon-facebook mash-medium mashsb-noshadow\" href=\"https:\/\/www.facebook.com\/sharer.php?u=https%3A%2F%2Fwww.ziaruldevaslui.ro%2Fcantec-drag-din-plai-strabun-sarbatoare-a-folclorului-la-vaslui%2F\" target=\"_top\" rel=\"nofollow\"><span class=\"text\">Share\u00a0pe\u00a0facebook<\/span><\/a><a class=\"mashicon-twitter mash-medium mashsb-noshadow\" href=\"https:\/\/twitter.com\/intent\/tweet?text=%22C%C3%A2ntec%20Drag%20din%20Plai%20Str%C4%83bun%22%20%E2%80%93%20s%C4%83rb%C4%83toare%20a%20folclorului%2C%20la%20Vaslui&amp;url=https:\/\/www.ziaruldevaslui.ro\/?p=47294\" target=\"_top\" rel=\"nofollow\"><span class=\"text\">Share\u00a0pe\u00a0twitter<\/span><\/a><\/div>\n<\/div>\n<\/aside>\n<\/div>\n<div class=\"entry-content\">\n<p>Ini\u021bial am crezut c\u0103 Ionel Sandu s-a apucat de Stand Up Comedy. Cu afacerile nu st\u0103 extraordinar, cu politica nici<\/p>\n<\/div>\n<p> Source URL: https:\/\/www.ziaruldevaslui.ro\/cantec-drag-din-plai-strabun-sarbatoare-a-folclorului-la-vaslui\/<\/p>\n","protected":false},"excerpt":{"rendered":"<p>\u00cen perioada 25-26 aprilie 2025, Sala Mare a Casei de Cultur\u0103 a Sindicatelor Vaslui este martora unui eveniment deosebit, ce aduce \u00een prim-plan tradi\u021biile \u0219i cultura rom\u00e2neasc\u0103: Concursul Na\u021bional de Muzic\u0103 Popular\u0103 \u201eC\u00e2ntec Drag din Plai Str\u0103bun\u201d. Ajuns la cea de-a XXI-a edi\u021bie, acest concurs reprezint\u0103 un moment de celebrare a folclorului autentic \u0219i a [&hellip;]<\/p>\n","protected":false},"author":1,"featured_media":1078225,"comment_status":"open","ping_status":"","sticky":false,"template":"","format":"standard","meta":{"footnotes":""},"categories":[89],"tags":[218],"class_list":["post-1078224","post","type-post","status-publish","format-standard","has-post-thumbnail","hentry","category-romania","tag-ziaruldevaslui-ro"],"_links":{"self":[{"href":"https:\/\/analyse.optim.biz\/index.php?rest_route=\/wp\/v2\/posts\/1078224","targetHints":{"allow":["GET"]}}],"collection":[{"href":"https:\/\/analyse.optim.biz\/index.php?rest_route=\/wp\/v2\/posts"}],"about":[{"href":"https:\/\/analyse.optim.biz\/index.php?rest_route=\/wp\/v2\/types\/post"}],"author":[{"embeddable":true,"href":"https:\/\/analyse.optim.biz\/index.php?rest_route=\/wp\/v2\/users\/1"}],"replies":[{"embeddable":true,"href":"https:\/\/analyse.optim.biz\/index.php?rest_route=%2Fwp%2Fv2%2Fcomments&post=1078224"}],"version-history":[{"count":0,"href":"https:\/\/analyse.optim.biz\/index.php?rest_route=\/wp\/v2\/posts\/1078224\/revisions"}],"wp:featuredmedia":[{"embeddable":true,"href":"https:\/\/analyse.optim.biz\/index.php?rest_route=\/wp\/v2\/media\/1078225"}],"wp:attachment":[{"href":"https:\/\/analyse.optim.biz\/index.php?rest_route=%2Fwp%2Fv2%2Fmedia&parent=1078224"}],"wp:term":[{"taxonomy":"category","embeddable":true,"href":"https:\/\/analyse.optim.biz\/index.php?rest_route=%2Fwp%2Fv2%2Fcategories&post=1078224"},{"taxonomy":"post_tag","embeddable":true,"href":"https:\/\/analyse.optim.biz\/index.php?rest_route=%2Fwp%2Fv2%2Ftags&post=1078224"}],"curies":[{"name":"wp","href":"https:\/\/api.w.org\/{rel}","templated":true}]}}