{"id":1077360,"date":"2025-12-11T09:29:13","date_gmt":"2025-12-11T06:29:13","guid":{"rendered":"https:\/\/analyse.optim.biz\/?p=1077360"},"modified":"2025-12-11T09:29:13","modified_gmt":"2025-12-11T06:29:13","slug":"proiectii-speciale-craciun-cu-ramon-la-happy-cinema-focsani-in-prezenta-actorului-pavel-bartos-jurnal-de-vrancea-stiri-din-vrancea-si-focsani","status":"publish","type":"post","link":"https:\/\/analyse.optim.biz\/?p=1077360","title":{"rendered":"Proiec\u021bii speciale \u201eCr\u0103ciun cu Ramon\u201d la Happy Cinema Foc\u0219ani \u2013 \u00een prezen\u021ba actorului Pavel Barto\u0219 | Jurnal de Vrancea &#8211; Stiri din Vrancea si Focsani"},"content":{"rendered":"<article id=\"template-id-121345\" class=\"post-121345 tdb_templates type-tdb_templates status-publish post\">\n<div id=\"tdi_73\" class=\"tdc-zone\">\n<div class=\"tdc_zone tdi_74  wpb_row td-pb-row\">\n<div id=\"tdi_75\" class=\"tdc-row\">\n<div class=\"vc_row tdi_76  wpb_row td-pb-row\">\n<div class=\"vc_column tdi_78  wpb_column vc_column_container tdc-column td-pb-span12\">\n<div class=\"wpb_wrapper\">\n<div class=\"td_block_wrap td-a-rec td-a-rec-id-custom-spot td-a-rec-img tdi_79 td_block_template_1\">\n<div><a href target=\"blank\" class=\"td_spot_img_all\"><img loading=\"lazy\" decoding=\"async\" src=\"https:\/\/analyse.optim.biz\/wp-content\/uploads\/2025\/12\/banner-aurora-multimarket-1200x200px-20.jpg\" alt=\"spot_img\" width=\"1200\" height=\"200\" title=\"banner-aurora-multimarket-1200x200px-20\"><\/a><a href target=\"blank\" class=\"td_spot_img_mob\"><img loading=\"lazy\" decoding=\"async\" src=\"https:\/\/analyse.optim.biz\/wp-content\/uploads\/2025\/12\/banner-aurora-multimarket-350x350px-22.jpg\" alt=\"spot_img\" width=\"300\" height=\"350\" title=\"banner-aurora-multimarket-350x350px-22\"><\/a><\/div>\n<\/div>\n<\/div>\n<\/div>\n<\/div>\n<\/div>\n<div id=\"tdi_80\" class=\"tdc-row\">\n<div class=\"vc_row tdi_81  wpb_row td-pb-row\">\n<div class=\"vc_column tdi_83  wpb_column vc_column_container tdc-column td-pb-span12\">\n<div class=\"wpb_wrapper\">\n<div class=\"td_block_wrap tdb_breadcrumbs tdi_84 td-pb-border-top td_block_template_1 tdb-breadcrumbs \" data-td-block-uid=\"tdi_84\">\n<div class=\"tdb-block-inner td-fix-index\"><span><a title class=\"tdb-entry-crumb\" href=\"https:\/\/www.jurnaldevrancea.ro\/\">Acas\u0103<\/a><\/span><span><a title=\"Vede\u021bi toate articolele \u00een Actualitate\" class=\"tdb-entry-crumb\" href=\"https:\/\/www.jurnaldevrancea.ro\/actualitate\/\">Actualitate<\/a><\/span><span class=\"tdb-bred-no-url-last\">Proiec\u021bii speciale \u201eCr\u0103ciun cu Ramon\u201d la Happy Cinema Foc\u0219ani \u2013 \u00een prezen\u021ba actorului Pavel Barto\u0219<\/span><\/div>\n<\/div>\n<div class=\"td_block_wrap tdb_single_categories tdi_85 td-pb-border-top td_block_template_1 \" data-td-block-uid=\"tdi_85\">\n<div class=\"tdb-category td-fix-index\"><a class=\"tdb-entry-category\" href=\"https:\/\/www.jurnaldevrancea.ro\/actualitate\/\">Actualitate<\/a><a class=\"tdb-entry-category\" href=\"https:\/\/www.jurnaldevrancea.ro\/lifestyle\/\">Lifestyle<\/a><\/div>\n<\/div>\n<div class=\"td_block_wrap tdb_title tdi_86 tdb-single-title td-pb-border-top td_block_template_1\" data-td-block-uid=\"tdi_86\">\n<div class=\"tdb-block-inner td-fix-index\">\n<h2 class=\"tdb-title-text\">Proiec\u021bii speciale \u201eCr\u0103ciun cu Ramon\u201d la Happy Cinema Foc\u0219ani \u2013 \u00een prezen\u021ba actorului Pavel Barto\u0219<\/h2>\n<\/div>\n<\/div>\n<div class=\"vc_row_inner tdi_88  vc_row vc_inner wpb_row td-pb-row\">\n<div class=\"vc_column_inner tdi_90  wpb_column vc_column_container tdc-inner-column td-pb-span3\">\n<div class=\"vc_column-inner\">\n<div class=\"wpb_wrapper\">\n<div class=\"td_block_wrap tdb_single_author tdi_91 td-pb-border-top td_block_template_1 tdb-post-meta\" data-td-block-uid=\"tdi_91\">\n<div class=\"tdb-block-inner td-fix-index\">\n<div class=\"tdb-author-name-wrap\"><span class=\"tdb-author-by\">DE:<\/span><a class=\"tdb-author-name\" href=\"https:\/\/www.jurnaldevrancea.ro\/author\/editor-online\/\">Editor Online<\/a><\/div>\n<\/div>\n<\/div>\n<\/div>\n<\/div>\n<\/div>\n<div class=\"vc_column_inner tdi_93  wpb_column vc_column_container tdc-inner-column td-pb-span3\">\n<div class=\"vc_column-inner\">\n<div class=\"wpb_wrapper\">\n<div class=\"td_block_wrap tdb_single_date tdi_94 td-pb-border-top td_block_template_1 tdb-post-meta\" data-td-block-uid=\"tdi_94\">\n<div class=\"tdb-block-inner td-fix-index\"><time class=\"entry-date updated td-module-date\" datetime=\"2025-12-11T11:29:13+02:00\">11\/12\/2025<\/time><\/div>\n<\/div>\n<\/div>\n<\/div>\n<\/div>\n<div class=\"vc_column_inner tdi_96  wpb_column vc_column_container tdc-inner-column td-pb-span3\">\n<div class=\"vc_column-inner\">\n<div class=\"wpb_wrapper\">\n<div class=\"td_block_wrap tdb_single_post_views tdi_97 td-pb-border-top td_block_template_1 tdb-post-meta\" data-td-block-uid=\"tdi_97\">\n<div class=\"tdb-block-inner td-fix-index\"><span class=\"td-nr-views-156436\">53<\/span><\/div>\n<\/div>\n<\/div>\n<\/div>\n<\/div>\n<div class=\"vc_column_inner tdi_99  wpb_column vc_column_container tdc-inner-column td-pb-span3\">\n<div class=\"vc_column-inner\">\n<div class=\"wpb_wrapper\">\n<div class=\"td_block_wrap tdb_single_post_share tdi_100  td-pb-border-top td_block_template_1\" data-td-block-uid=\"tdi_100\">\n<div id=\"tdi_100\" class=\"td-post-sharing tdb-block td-ps-bg td-ps-notext td-ps-bar td-post-sharing-style5 \">\n<div class=\"td-post-sharing-visible\"><a class=\"td-social-sharing-button td-social-sharing-button-js td-social-network td-social-facebook\" href=\"https:\/\/www.facebook.com\/sharer.php?u=https%3A%2F%2Fwww.jurnaldevrancea.ro%2Fproiectii-speciale-craciun-cu-ramon-la-happy-cinema-focsani-in-prezenta-actorului-pavel-bartos%2F\" title=\"Facebook\"><\/p>\n<div class=\"td-social-but-text\">Facebook<\/div>\n<p><\/a><a class=\"td-social-sharing-button td-social-sharing-button-js td-social-network td-social-twitter\" href=\"https:\/\/twitter.com\/intent\/tweet?text=Proiec%C8%9Bii+speciale+%E2%80%9ECr%C4%83ciun+cu+Ramon%E2%80%9D+la+Happy+Cinema+Foc%C8%99ani+%E2%80%93+%C3%AEn+prezen%C8%9Ba+actorului+Pavel+Barto%C8%99&amp;url=https%3A%2F%2Fwww.jurnaldevrancea.ro%2Fproiectii-speciale-craciun-cu-ramon-la-happy-cinema-focsani-in-prezenta-actorului-pavel-bartos%2F&amp;via=Jurnal+de+Vrancea+-+Stiri+din+Vrancea+si+Focsani\" title=\"Twitter\"><\/p>\n<div class=\"td-social-but-text\">Twitter<\/div>\n<p><\/a><a class=\"td-social-sharing-button td-social-sharing-button-js td-social-network td-social-whatsapp\" href=\"https:\/\/api.whatsapp.com\/send?text=Proiec%C8%9Bii+speciale+%E2%80%9ECr%C4%83ciun+cu+Ramon%E2%80%9D+la+Happy+Cinema+Foc%C8%99ani+%E2%80%93+%C3%AEn+prezen%C8%9Ba+actorului+Pavel+Barto%C8%99%20%0A%0A%20https:\/\/www.jurnaldevrancea.ro\/proiectii-speciale-craciun-cu-ramon-la-happy-cinema-focsani-in-prezenta-actorului-pavel-bartos\/\" title=\"WhatsApp\"><\/p>\n<div class=\"td-social-but-text\">WhatsApp<\/div>\n<p><\/a><a class=\"td-social-sharing-button td-social-sharing-button-js td-social-network td-social-print\" href=\"https:\/\/www.jurnaldevrancea.ro\/proiectii-speciale-craciun-cu-ramon-la-happy-cinema-focsani-in-prezenta-actorului-pavel-bartos\/\" title=\"Imprimare\"><\/p>\n<div class=\"td-social-but-text\">Imprimare<\/div>\n<p><\/a><\/div>\n<\/div>\n<\/div>\n<\/div>\n<\/div>\n<\/div>\n<\/div>\n<\/div>\n<\/div>\n<\/div>\n<\/div>\n<div id=\"tdi_101\" class=\"tdc-row\">\n<div class=\"vc_row tdi_102  wpb_row td-pb-row\">\n<div class=\"vc_column tdi_104  wpb_column vc_column_container tdc-column td-pb-span8\">\n<div class=\"wpb_wrapper\">\n<div class=\"td_block_wrap tdb_single_featured_image tdi_105 tdb-content-horiz-left td-pb-border-top td_block_template_1\" data-td-block-uid=\"tdi_105\">\n<div class=\"tdb-block-inner td-fix-index\">\n<div class=\"wpb_video_wrapper\">\n                                <iframe loading=\"lazy\" class=\"td-youtube-player\" width=\"600\" height=\"560\" src=\"https:\/\/www.youtube.com\/embed\/IAOSKNiI8Q8?enablejsapi=1&amp;feature=oembed&amp;wmode=opaque&amp;vq=hd720&amp;&amp;&amp;\" frameborder allowfullscreen allow=\"autoplay\"><\/iframe>\n                            <\/div>\n<\/div>\n<\/div>\n<div class=\"td_block_wrap tdb_single_content tdi_106 td-pb-border-top td_block_template_1 td-post-content tagdiv-type\" data-td-block-uid=\"tdi_106\">\n<div class=\"tdb-block-inner td-fix-index\">\n<p>La Happy Cinema s\u0103rb\u0103torile vin anul acesta cu emo\u021bie, umor \u0219i o poveste rom\u00e2neasc\u0103 numai bun\u0103 de \u00eemp\u0103rt\u0103\u0219it \u00een familie. Filmul <strong>\u201eCr\u0103ciun cu Ramon\u201d<\/strong>, ajunge \u00een luna decembrie \u00een loca\u021biile <strong>Happy Cinema <\/strong>din \u021bar\u0103 printre care se num\u0103r\u0103 \u0219i <strong>Foc\u0219ani, <\/strong>\u00een cadrul unor <strong>proiec\u021bii speciale<\/strong> la care va participa <strong>Pavel Barto\u0219<\/strong>, protagonistul filmului, precum \u0219i regizorul <strong>Jes\u00fas del Cerro.<\/strong><\/p>\n<p>Este o ocazie unic\u0103 pentru public s\u0103 urm\u0103reasc\u0103 filmul \u0219i apoi s\u0103 \u00eel \u00eent\u00e2lneasc\u0103 pe unul dintre cei mai \u00eendr\u0103gi\u021bi actori rom\u00e2ni, care va povesti despre culisele produc\u021biei, provoc\u0103ri, momentele amuzante de la film\u0103ri \u0219i magia din spatele acestui proiect.<\/p>\n<p><strong>\ud83d\udccd Programul proiec\u021biilor speciale<\/strong><\/p>\n<ul>\n<li><a href=\"https:\/\/www.happycinema.ro\/m\/proiectie-specialacraciun-cu-ramon-cnmg3321773?ignoreMissing=1&amp;cinema_slug=happy-focsani\"><strong>Happy Cinema Foc\u0219ani<\/strong><\/a> \u2013 <em>21 decembrie, ora 14:30, <\/em><a href=\"https:\/\/www.happycinema.ro\/m\/proiectie-specialacraciun-cu-ramon-cnmg3321773?ignoreMissing=1&amp;cinema_slug=happy-focsani\">bilete aici.<\/a><\/li>\n<\/ul>\n<h3><strong>Despre film \u2013 o aventur\u0103 de Cr\u0103ciun cu inim\u0103 \u0219i umor<\/strong><\/h3>\n<p>\u201eCr\u0103ciun cu Ramon\u201d \u00eel urm\u0103re\u0219te pe <strong>Ramon (Pavel Barto\u0219)<\/strong>, un so\u021b iubitor \u0219i viitor tat\u0103, care reu\u0219e\u0219te involuntar s\u0103 se arunce \u00een tot felul de \u00eencurc\u0103turi. De aceast\u0103 dat\u0103, el porne\u0219te \u00eentr-o <strong>misiune secret\u0103<\/strong>: s\u0103 g\u0103seasc\u0103 nepoata disp\u0103rut\u0103 a partenerei sale \u0219i s\u0103 o readuc\u0103 acas\u0103 \u00eenainte de s\u0103rb\u0103tori.<\/p>\n<p>\u00cen c\u0103l\u0103toria sa, Ramon se treze\u0219te travers\u00e2nd situa\u021bii imprevizibile, pline de ritm \u0219i umor, dar \u0219i momente \u00eenc\u0103rcate de emo\u021bie, generozitate \u0219i sensibilitate. Filmul combin\u0103 comedia cu aventura \u0219i mesajele calde despre familie, responsabilitate \u0219i magia Cr\u0103ciunului \u2014 \u00eentr-un ton accesibil \u00eentregii familii.<\/p>\n<h3><strong>Distribu\u021bia<\/strong><\/h3>\n<p>Pe l\u00e2ng\u0103 <strong>Pavel Barto\u0219<\/strong>, filmul \u00eei aduce \u00een prim-plan pe: <strong>Andreea Vasile<\/strong>, <strong>Anastasia Haiducu<\/strong>, <strong>Alina Chivulescu<\/strong>, al\u0103turi de o serie de actori \u0219i personaje care coloreaz\u0103 universul lui Ramon cu haz \u0219i emo\u021bie. Regia este semnat\u0103 de <strong>Jes\u00fas del Cerro<\/strong>, cunoscut pentru stilul s\u0103u dinamic \u0219i pentru modul \u00een care \u00eembin\u0103 umorul autohton cu ritmul cinematografic modern.<\/p>\n<h3><strong>De ce s\u0103 vii la proiec\u021biile speciale<\/strong><\/h3>\n<p>Publicul va avea \u0219ansa s\u0103:<\/p>\n<ul>\n<li>vad\u0103 filmul pe marele ecran \u00eenainte de Cr\u0103ciun, \u00eentr-o atmosfer\u0103 festiv\u0103;<\/li>\n<li>\u00eei \u00eent\u00e2lneasc\u0103 pe <strong>Pavel Barto\u0219 \u0219i Jes\u00fas del Cerro<\/strong>, s\u0103 adreseze \u00eentreb\u0103ri \u0219i s\u0103 afle detalii din culisele produc\u021biei;<\/li>\n<li>fac\u0103 fotografii \u0219i s\u0103 tr\u0103iasc\u0103 o experien\u021b\u0103 cald\u0103, autentic\u0103, al\u0103turi de unul dintre cei mai carismatici actori rom\u00e2ni \u0219i de regizorul filmului.<\/li>\n<\/ul>\n<p><strong>\u201eCr\u0103ciun cu Ramon\u201d<\/strong> este o invita\u021bie la bucurie, empatie \u0219i hohote de r\u00e2s \u2014 exact ingredientele pe care le c\u0103ut\u0103m \u00een aceast\u0103 perioad\u0103 a anului. Happy Cinema \u00eei a\u0219teapt\u0103 pe spectatori la \u00eent\u00e2lniri memorabile cu <strong>Pavel Barto\u0219<\/strong><strong>\u0219i Jes\u00fas del Cerro<\/strong>, pentru a \u00eemp\u0103rt\u0103\u0219i \u00eempreun\u0103 spiritul s\u0103rb\u0103torilor.<\/p>\n<\/div>\n<\/div>\n<div class=\"td_block_wrap td-a-rec td-a-rec-id-custom-spot td-a-rec-img tdi_107 td_block_template_1\">\n<div><a href=\"https:\/\/www.tomitatravel.ro\/\" target=\"blank\" class=\"td_spot_img_all\"><img loading=\"lazy\" decoding=\"async\" src=\"https:\/\/analyse.optim.biz\/wp-content\/uploads\/2025\/12\/banner-tomita_travel-focsani-1200x200-1-22.jpg\" alt=\"Tomi\u021b\u0103 Travel - Agen\u021bie de turism Foc\u0219ani\" width=\"1200\" height=\"200\" title=\"banner-tomita_travel-focsani-1200x200-1-22\"><\/a><a href=\"https:\/\/www.tomitatravel.ro\/\" target=\"blank\" class=\"td_spot_img_mob\"><img loading=\"lazy\" decoding=\"async\" src=\"https:\/\/analyse.optim.biz\/wp-content\/uploads\/2025\/12\/banner-tomita_travel-focsani-350x350-1-22.jpg\" alt=\"Tomi\u021b\u0103 Travel - Agen\u021bie de turism Foc\u0219ani\" width=\"300\" height=\"350\" title=\"banner-tomita_travel-focsani-350x350-1-22\"><\/a><\/div>\n<\/div>\n<div class=\"td_block_wrap td-a-rec td-a-rec-id-custom-spot td-a-rec-img tdi_108 td_block_template_1\">\n<div><a href=\"https:\/\/www.dezromania.ro\/categorii\/category\/14-produse.html\" target=\"blank\" class=\"td_spot_img_all\"><img loading=\"lazy\" decoding=\"async\" src=\"https:\/\/analyse.optim.biz\/wp-content\/uploads\/2025\/12\/banner-1200x200-sipotehnokar-auto-avariate-2025-21.jpg\" alt=\"spot_img\" width=\"1200\" height=\"200\" title=\"banner-1200x200-sipotehnokar-auto-avariate-2025-21\"><\/a><a href=\"https:\/\/www.dezromania.ro\/categorii\/category\/14-produse.html\" target=\"blank\" class=\"td_spot_img_mob\"><img loading=\"lazy\" decoding=\"async\" src=\"https:\/\/analyse.optim.biz\/wp-content\/uploads\/2025\/12\/banner-sipotehnokar-300xx220px-2025-21.jpg\" alt=\"spot_img\" width=\"300\" height=\"220\" title=\"banner-sipotehnokar-300xx220px-2025-21\"><\/a><\/div>\n<\/div>\n<div class=\"td_block_wrap td-a-rec td-a-rec-id-custom-spot td-a-rec-img tdi_109 td_block_template_1\">\n<div><a href=\"https:\/\/haipromo.ro\/\" target=\"blank\" class=\"td_spot_img_all\"><img loading=\"lazy\" decoding=\"async\" src=\"https:\/\/analyse.optim.biz\/wp-content\/uploads\/2025\/12\/banner-hai-promo-1200x200px-21.jpg\" alt=\"HAI PROMO\" width=\"1200\" height=\"200\" title=\"banner-hai-promo-1200x200px-21\"><\/a><a href=\"https:\/\/haipromo.ro\/\" target=\"blank\" class=\"td_spot_img_mob\"><img loading=\"lazy\" decoding=\"async\" src=\"https:\/\/analyse.optim.biz\/wp-content\/uploads\/2025\/12\/banner-hai-promo-350x350px-20.jpg\" alt=\"HAI PROMO\" width=\"350\" height=\"350\" title=\"banner-hai-promo-350x350px-20\"><\/a><\/div>\n<\/div>\n<\/div>\n<\/div>\n<div class=\"vc_column tdi_112  wpb_column vc_column_container tdc-column td-pb-span4\">\n<div class=\"wpb_wrapper\">\n<div class=\"wpb_wrapper td_block_wrap vc_widget_sidebar tdi_114 \">\n<aside id=\"custom_html-12\" class=\"widget_text td_block_template_1 widget custom_html-12 widget_custom_html\">\n<h4 class=\"block-title\"><span>\u2013 PUBLICITATE \u2013<\/span><\/h4>\n<div class=\"textwidget custom-html-widget\"><a href=\"https:\/\/www.facebook.com\/TractariAutoVranceaSOS24\"><source srcset=\"https:\/\/www.jurnaldevrancea.ro\/wp\/wp-content\/webp-express\/webp-images\/uploads\/2024\/11\/BANNER-sos-24-2024-300x300-px.jpg.webp\" type=\"image\/webp\" \/><\/a><a href=\"https:\/\/haipromo.ro\/\"><source srcset=\"https:\/\/www.jurnaldevrancea.ro\/wp\/wp-content\/webp-express\/webp-images\/uploads\/2024\/06\/banner-HAI-PROMO-350x350px.jpg.webp\" type=\"image\/webp\" \/><\/a><a href=\"https:\/\/www.facebook.com\/acnasygcons\"><source srcset=\"https:\/\/www.jurnaldevrancea.ro\/wp\/wp-content\/webp-express\/webp-images\/uploads\/2025\/08\/Banner-350x350px-Asyg-Consulting.jpg.webp\" type=\"image\/webp\" \/><\/a><\/div>\n<\/aside>\n<\/div>\n<div class=\"tdm_block td_block_wrap tdm_block_column_title tdi_116 tdm-content-horiz-center td-pb-border-top td_block_template_1\" data-td-block-uid=\"tdi_116\">\n<div class=\"td-block-row\">\n<div class=\"td-block-span12 tdm-col\">\n<div class=\"tds-title tds-title1 td-fix-index tdi_117 \">\n<h3 class=\"tdm-title tdm-title-md\">ARTICOLE SIMILARE<\/h3>\n<\/div>\n<\/div>\n<\/div>\n<\/div>\n<div class=\"td_block_wrap td_flex_block_1 tdi_118 td-pb-border-top td_block_template_1 td_flex_block\" data-td-block-uid=\"tdi_118\">\n<div id=\"tdi_118\" class=\"td_block_inner td-mc1-wrap\">\n<div class=\"td_module_flex td_module_flex_1 td_module_wrap td-animation-stack td-cpt-post\">\n<div class=\"td-module-container td-category-pos-above\">\n<div class=\"td-module-meta-info\"><a href=\"https:\/\/www.jurnaldevrancea.ro\/actualitate\/\" class=\"td-post-category\">Actualitate<\/a><\/p>\n<h3 class=\"entry-title td-module-title\"><a href=\"https:\/\/www.jurnaldevrancea.ro\/anunt-pierdere-documente\/\" rel=\"bookmark\" title=\"ANUN\u021a PIERDERE DOCUMENTE\">ANUN\u021a PIERDERE DOCUMENTE<\/a><\/h3>\n<div class=\"td-excerpt\">Societatea DADA MUSIC SRL, cu sediul \u00een Foc\u0219ani, Str. Eroilor nr. 1A, jud. Vrancea,&#8230;<\/div>\n<\/div>\n<\/div>\n<\/div>\n<div class=\"td_module_flex td_module_flex_1 td_module_wrap td-animation-stack td-cpt-post\">\n<div class=\"td-module-container td-category-pos-above\">\n<div class=\"td-module-meta-info\"><a href=\"https:\/\/www.jurnaldevrancea.ro\/actualitate\/\" class=\"td-post-category\">Actualitate<\/a><\/p>\n<h3 class=\"entry-title td-module-title\"><a href=\"https:\/\/www.jurnaldevrancea.ro\/casa-distrusa-de-flacari-azi-noapte-la-nereju\/\" rel=\"bookmark\" title=\"Cas\u0103 distrus\u0103 de fl\u0103c\u0103ri, azi-noapte, la Nereju\">Cas\u0103 distrus\u0103 de fl\u0103c\u0103ri, azi-noapte, la Nereju<\/a><\/h3>\n<div class=\"td-excerpt\">\u00cen jurul orei 22.30, pompierii au fost alerta\u021bi prin 112 de izbucnirea unui incendiu&#8230;<\/div>\n<\/div>\n<\/div>\n<\/div>\n<\/div>\n<\/div>\n<\/div>\n<\/div>\n<\/div>\n<\/div>\n<div id=\"tdi_119\" class=\"tdc-row\">\n<div class=\"vc_row tdi_120  wpb_row td-pb-row\">\n<div class=\"vc_column tdi_122  wpb_column vc_column_container tdc-column td-pb-span12\">\n<div class=\"wpb_wrapper\">\n<div class=\"tdm_block td_block_wrap tdm_block_column_title tdi_123 tdm-content-horiz-center td-pb-border-top td_block_template_1\" data-td-block-uid=\"tdi_123\">\n<div class=\"td-block-row\">\n<div class=\"td-block-span12 tdm-col\">\n<div class=\"tds-title tds-title1 td-fix-index tdi_124 \">\n<h3 class=\"tdm-title tdm-title-md\">ARTICOLE POPULARE<\/h3>\n<\/div>\n<\/div>\n<\/div>\n<\/div>\n<\/div>\n<\/div>\n<\/div>\n<\/div>\n<div id=\"tdi_125\" class=\"tdc-row\">\n<div class=\"vc_row tdi_126  wpb_row td-pb-row\">\n<div class=\"vc_column tdi_128  wpb_column vc_column_container tdc-column td-pb-span12\">\n<div class=\"wpb_wrapper\">\n<div class=\"td_block_wrap td_flex_block_1 tdi_129 td-pb-border-top td_block_template_1 td_flex_block\" data-td-block-uid=\"tdi_129\">\n<div id=\"tdi_129\" class=\"td_block_inner td-mc1-wrap\">\n<div class=\"td_module_flex td_module_flex_1 td_module_wrap td-animation-stack td-cpt-post\">\n<div class=\"td-module-container td-category-pos-above\">\n<div class=\"td-module-meta-info\"><a href=\"https:\/\/www.jurnaldevrancea.ro\/actualitate\/\" class=\"td-post-category\">Actualitate<\/a><\/p>\n<h3 class=\"entry-title td-module-title\"><a href=\"https:\/\/www.jurnaldevrancea.ro\/alerta-epidemiologica-in-vrancea-doua-femei-sunt-internate-in-stare-grava-la-ati-cu-suspiciune-de-botulism\/\" rel=\"bookmark\" title=\"Alert\u0103 epidemiologic\u0103 \u00een Vrancea! Dou\u0103 femei sunt internate \u00een stare grav\u0103 la ATI cu suspiciune de botulism\">Alert\u0103 epidemiologic\u0103 \u00een Vrancea! Dou\u0103 femei sunt internate \u00een stare grav\u0103 la ATI cu suspiciune de botulism<\/a><\/h3>\n<div class=\"td-excerpt\">Dou\u0103 cazuri suspecte de botulism au fost raportate \u00een jude\u021bul Vrancea \u00een intervalul 10\u201311&#8230;<\/div>\n<div class=\"td-editor-date\"><span class=\"td-author-date\"><span class=\"td-post-date\"><time class=\"entry-date updated td-module-date\" datetime=\"2025-12-13T08:18:55+02:00\">13\/12\/2025<\/time><\/span><\/span><\/div>\n<\/div>\n<\/div>\n<\/div>\n<div class=\"td_module_flex td_module_flex_1 td_module_wrap td-animation-stack td-cpt-post\">\n<div class=\"td-module-container td-category-pos-above\">\n<div class=\"td-module-meta-info\"><a href=\"https:\/\/www.jurnaldevrancea.ro\/actualitate\/\" class=\"td-post-category\">Actualitate<\/a><\/p>\n<h3 class=\"entry-title td-module-title\"><a href=\"https:\/\/www.jurnaldevrancea.ro\/doliu-in-comunitatea-din-adjud-a-murit-profesoara-simona-ceamburu\/\" rel=\"bookmark\" title=\"Doliu \u00een comunitatea din Adjud! A murit profesoara Simona Ceamburu!\">Doliu \u00een comunitatea din Adjud! A murit profesoara Simona Ceamburu!<\/a><\/h3>\n<div class=\"td-excerpt\">Colegiul Tehnic \u201eGh. Bal\u0219\u201d din Adjud a anun\u021bat cu mare triste\u021be moartea profesoarei de&#8230;<\/div>\n<div class=\"td-editor-date\"><span class=\"td-author-date\"><span class=\"td-post-date\"><time class=\"entry-date updated td-module-date\" datetime=\"2025-12-11T15:19:24+02:00\">11\/12\/2025<\/time><\/span><\/span><\/div>\n<\/div>\n<\/div>\n<\/div>\n<div class=\"td_module_flex td_module_flex_1 td_module_wrap td-animation-stack td-cpt-post\">\n<div class=\"td-module-container td-category-pos-above\">\n<div class=\"td-module-meta-info\"><a href=\"https:\/\/www.jurnaldevrancea.ro\/actualitate\/\" class=\"td-post-category\">Actualitate<\/a><\/p>\n<h3 class=\"entry-title td-module-title\"><a href=\"https:\/\/www.jurnaldevrancea.ro\/prescriptia-colacul-de-salvare-al-inculpatilor-din-sistem-cazul-revoltator-din-vrancea-primarul-iordache-cazacu-salvat-de-trecerea-timpului-nu-de-nevinovatie\/\" rel=\"bookmark\" title=\"Prescrip\u021bia \u2013 colacul de salvare al inculpa\u021bilor din sistem. Cazul revolt\u0103tor din Vrancea: primarul Iordache Cazacu, salvat de trecerea timpului, nu de nevinov\u0103\u021bie\">Prescrip\u021bia \u2013 colacul de salvare al inculpa\u021bilor din sistem. Cazul revolt\u0103tor din Vrancea: primarul Iordache Cazacu, salvat de trecerea timpului, nu de nevinov\u0103\u021bie<\/a><\/h3>\n<div class=\"td-excerpt\">Scandalul na\u021bional declan\u0219at de investiga\u021bia jurnali\u0219tilor de la Recorder despre \u201einculpa\u021bi salva\u021bi de prescrip\u021bie\u201d&#8230;<\/div>\n<div class=\"td-editor-date\"><span class=\"td-author-date\"><span class=\"td-post-date\"><time class=\"entry-date updated td-module-date\" datetime=\"2025-12-10T21:55:35+02:00\">10\/12\/2025<\/time><\/span><\/span><\/div>\n<\/div>\n<\/div>\n<\/div>\n<\/div>\n<\/div>\n<\/div>\n<\/div>\n<\/div>\n<\/div>\n<\/div>\n<\/div>\n<p><span class=\"td-page-meta\"><\/span><span class=\"td-page-meta\"><span class=\"td-page-meta\"><\/span><\/span><span class=\"td-page-meta\"><\/span><\/article>\n<p> Source URL: https:\/\/www.jurnaldevrancea.ro\/proiectii-speciale-craciun-cu-ramon-la-happy-cinema-focsani-in-prezenta-actorului-pavel-bartos\/<\/p>\n","protected":false},"excerpt":{"rendered":"<p>Acas\u0103ActualitateProiec\u021bii speciale \u201eCr\u0103ciun cu Ramon\u201d la Happy Cinema Foc\u0219ani \u2013 \u00een prezen\u021ba actorului Pavel Barto\u0219 ActualitateLifestyle Proiec\u021bii speciale \u201eCr\u0103ciun cu Ramon\u201d la Happy Cinema Foc\u0219ani \u2013 \u00een prezen\u021ba actorului Pavel Barto\u0219 DE:Editor Online 11\/12\/2025 53 Facebook Twitter WhatsApp Imprimare La Happy Cinema s\u0103rb\u0103torile vin anul acesta cu emo\u021bie, umor \u0219i o poveste rom\u00e2neasc\u0103 numai bun\u0103 [&hellip;]<\/p>\n","protected":false},"author":1,"featured_media":1077361,"comment_status":"open","ping_status":"","sticky":false,"template":"","format":"standard","meta":{"footnotes":""},"categories":[89],"tags":[207],"class_list":["post-1077360","post","type-post","status-publish","format-standard","has-post-thumbnail","hentry","category-romania","tag-jurnaldevrancea-ro"],"_links":{"self":[{"href":"https:\/\/analyse.optim.biz\/index.php?rest_route=\/wp\/v2\/posts\/1077360","targetHints":{"allow":["GET"]}}],"collection":[{"href":"https:\/\/analyse.optim.biz\/index.php?rest_route=\/wp\/v2\/posts"}],"about":[{"href":"https:\/\/analyse.optim.biz\/index.php?rest_route=\/wp\/v2\/types\/post"}],"author":[{"embeddable":true,"href":"https:\/\/analyse.optim.biz\/index.php?rest_route=\/wp\/v2\/users\/1"}],"replies":[{"embeddable":true,"href":"https:\/\/analyse.optim.biz\/index.php?rest_route=%2Fwp%2Fv2%2Fcomments&post=1077360"}],"version-history":[{"count":0,"href":"https:\/\/analyse.optim.biz\/index.php?rest_route=\/wp\/v2\/posts\/1077360\/revisions"}],"wp:featuredmedia":[{"embeddable":true,"href":"https:\/\/analyse.optim.biz\/index.php?rest_route=\/wp\/v2\/media\/1077361"}],"wp:attachment":[{"href":"https:\/\/analyse.optim.biz\/index.php?rest_route=%2Fwp%2Fv2%2Fmedia&parent=1077360"}],"wp:term":[{"taxonomy":"category","embeddable":true,"href":"https:\/\/analyse.optim.biz\/index.php?rest_route=%2Fwp%2Fv2%2Fcategories&post=1077360"},{"taxonomy":"post_tag","embeddable":true,"href":"https:\/\/analyse.optim.biz\/index.php?rest_route=%2Fwp%2Fv2%2Ftags&post=1077360"}],"curies":[{"name":"wp","href":"https:\/\/api.w.org\/{rel}","templated":true}]}}