{"id":107516,"date":"2018-09-17T14:46:10","date_gmt":"2018-09-17T11:46:10","guid":{"rendered":"https:\/\/analyse.optim.biz\/?p=107516"},"modified":"2018-09-17T14:46:10","modified_gmt":"2018-09-17T11:46:10","slug":"video-momentul-intalnirii-dintre-premierul-dancila-si-vicepresedintele-adunarii-nationale-populare-din-china","status":"publish","type":"post","link":"https:\/\/analyse.optim.biz\/?p=107516","title":{"rendered":"VIDEO. Momentul \u00eent\u00e2lnirii dintre premierul D\u0103ncil\u0103 \u0219i vicepre\u015fedintele Adun\u0103rii Na\u0163ionale Populare din China"},"content":{"rendered":"<div class=\"entry data-app-meta data-app-meta-article\" data-embed-base-url-canonical=\"https:\/\/www.digi24.ro\/embed\/stiri\/actualitate\/video-momentul-intalnirii-dintre-premierul-dancila-si-vicepresedintele-adunarii-nationale-populare-din-china-998079\">\n<p data-index=\"1\"><strong>Premierul Viorica D\u0103ncil\u0103 s-a \u00eent\u00e2lnit luni cu vicepre\u015fedintele Adun\u0103rii Na\u0163ionale Populare a Republicii Populare Chineze \u015fi Pre\u015fedintele Federa\u0163iei Femeilor din \u00centreaga Chin\u0103, Yueyue Shen, \u00een cadrul vizitei oficialului chinez \u00een Rom\u00e2nia, scrie News.ro.\u00a0<\/strong><\/p>\n<p class=\"gdpr-placeholder gdpr-social-media gdpr-iframe-fix\" data-index=\"3\"> Setarile tale privind cookie-urile nu permit afisarea continutul din aceasta sectiune. Poti actualiza setarile modulelor coookie direct din browser sau de <a class=\"ot-sdk-show-settings\" data-skip-linkfix=\"1\">aici<\/a> \u2013 e nevoie sa accepti cookie-urile social media<\/p>\n<p data-index=\"4\">\u00cent\u00e2lnirea dintre premierul rom\u00e2n \u015fi oficialul chinez a avut loc luni la Palatul Victoria, \u00een contextul vizitei vicepre\u015fedintele Adun\u0103rii Na\u0163ionale Populare a Republicii Populare Chineze, pentru realizarea unui schimb de experien\u0163\u0103 la nivel guvernamental \u015fi parlamentar \u015fi pentru consolitarea rela\u0163iei dintre cele dou\u0103 state.<\/p>\n<p data-index=\"5\">Premierul D\u0103ncil\u0103 a reafirmat dorin\u0163a Rom\u00e2niei de intensificare a colabor\u0103rii dintre Rom\u00e2nia \u015fi China pe plan economic \u015fi comercial \u015fi interesul \u0163\u0103rii noastre de a atrage investi\u0163ii din China, prezent\u00e2nd \u00een acest snes modific\u0103rile legislative \u00een domeniul parteneriatului public-privat, transmite Executivul.<\/p>\n<p data-index=\"6\"><em>&#8220;\u00cen cadrul convorbirilor au fost abordate oportunit\u0103\u0163ile de promovare a egalit\u0103\u0163ii de gen, aspect social cu relevan\u0163\u0103 special\u0103 pentru Rom\u00e2nia, c\u00e2t \u015fi pentru Republica Popular\u0103 Chinez\u0103 \u2013 \u015fi care constituie, \u00een acela\u015fi timp, o tem\u0103 definitorie a pre\u015fedin\u0163iei rom\u00e2ne a Consiliului UE \u00een semestrul I 2019. Prim-ministrul rom\u00e2n a reamintit sus\u0163inerea pe care Rom\u00e2nia o ofer\u0103 implement\u0103rii unei platforme de cooperare \u015fi \u00eencurajare a antreprenoriatului feminin, care s\u0103 reuneasc\u0103 exper\u0163i \u015fi institu\u0163ii relevante din toate statele formatului de cooperare China-CEEC\u201d<\/em>, se mai arat\u0103 \u00een comunicatul de pres\u0103 al Guvernului.<\/p>\n<p data-index=\"7\">De asemenea, Viorica D\u0103ncil\u0103 a prezentat \u015fi eforturile f\u0103cute de \u0163ara noastr\u0103 \u00een colaborarea dintre cele dou\u0103 state la nivel \u015ftiin\u0163ific, cultural, turistic \u015fi al rela\u0163iilor de afaceri, inclusiv prin asigurarea de facilit\u0103\u0163i \u00een eliberarea vizelor de c\u0103l\u0103torie.<\/p>\n<p data-index=\"8\">\u00cen acela\u015fi timp, oficialul chinez a transmis aprecieri pentru sprijinul ar\u0103tat de Guvernul Rom\u00e2niei proiectelor mari f\u0103cute \u00een beneficiul ambelor \u0163\u0103ri \u015fi a subliniat importan\u0163a dat\u0103 de statul chinez rela\u0163iilor de prietenie cu \u0163ara noastr\u0103, mai precizeaz\u0103 Executivul.<\/p>\n<\/div>\n<p> Source URL: https:\/\/www.digi24.ro\/stiri\/actualitate\/video-momentul-intalnirii-dintre-premierul-dancila-si-vicepresedintele-adunarii-nationale-populare-din-china-998079<\/p>\n","protected":false},"excerpt":{"rendered":"<p>Premierul Viorica D\u0103ncil\u0103 s-a \u00eent\u00e2lnit luni cu vicepre\u015fedintele Adun\u0103rii Na\u0163ionale Populare a Republicii Populare Chineze \u015fi Pre\u015fedintele Federa\u0163iei Femeilor din \u00centreaga Chin\u0103, Yueyue Shen, \u00een cadrul vizitei oficialului chinez \u00een Rom\u00e2nia, scrie News.ro.\u00a0 Setarile tale privind cookie-urile nu permit afisarea continutul din aceasta sectiune. Poti actualiza setarile modulelor coookie direct din browser sau de aici [&hellip;]<\/p>\n","protected":false},"author":1,"featured_media":107517,"comment_status":"open","ping_status":"","sticky":false,"template":"","format":"standard","meta":{"footnotes":""},"categories":[2],"tags":[11],"class_list":["post-107516","post","type-post","status-publish","format-standard","has-post-thumbnail","hentry","category-politics","tag-digi24"],"_links":{"self":[{"href":"https:\/\/analyse.optim.biz\/index.php?rest_route=\/wp\/v2\/posts\/107516","targetHints":{"allow":["GET"]}}],"collection":[{"href":"https:\/\/analyse.optim.biz\/index.php?rest_route=\/wp\/v2\/posts"}],"about":[{"href":"https:\/\/analyse.optim.biz\/index.php?rest_route=\/wp\/v2\/types\/post"}],"author":[{"embeddable":true,"href":"https:\/\/analyse.optim.biz\/index.php?rest_route=\/wp\/v2\/users\/1"}],"replies":[{"embeddable":true,"href":"https:\/\/analyse.optim.biz\/index.php?rest_route=%2Fwp%2Fv2%2Fcomments&post=107516"}],"version-history":[{"count":0,"href":"https:\/\/analyse.optim.biz\/index.php?rest_route=\/wp\/v2\/posts\/107516\/revisions"}],"wp:featuredmedia":[{"embeddable":true,"href":"https:\/\/analyse.optim.biz\/index.php?rest_route=\/wp\/v2\/media\/107517"}],"wp:attachment":[{"href":"https:\/\/analyse.optim.biz\/index.php?rest_route=%2Fwp%2Fv2%2Fmedia&parent=107516"}],"wp:term":[{"taxonomy":"category","embeddable":true,"href":"https:\/\/analyse.optim.biz\/index.php?rest_route=%2Fwp%2Fv2%2Fcategories&post=107516"},{"taxonomy":"post_tag","embeddable":true,"href":"https:\/\/analyse.optim.biz\/index.php?rest_route=%2Fwp%2Fv2%2Ftags&post=107516"}],"curies":[{"name":"wp","href":"https:\/\/api.w.org\/{rel}","templated":true}]}}