{"id":107513,"date":"2018-09-17T15:00:27","date_gmt":"2018-09-17T12:00:27","guid":{"rendered":"https:\/\/analyse.optim.biz\/?p=107513"},"modified":"2018-09-17T15:00:27","modified_gmt":"2018-09-17T12:00:27","slug":"cartel-alfa-cere-demisia-lui-eugen-teodorovici-propunerile-sale-ar-fi-contrare-angajamentelor-psd","status":"publish","type":"post","link":"https:\/\/analyse.optim.biz\/?p=107513","title":{"rendered":"Cartel Alfa cere demisia lui Eugen Teodorovici. Propunerile sale ar fi contrare angajamentelor PSD"},"content":{"rendered":"<div class=\"entry data-app-meta data-app-meta-article\" data-embed-base-url-canonical=\"https:\/\/www.digi24.ro\/embed\/stiri\/actualitate\/politica\/o-confederatie-sindicala-cere-demisia-lui-eugen-teodorovici-998090\">\n<p data-index=\"1\"><strong>Cartel Alfa solicit\u0103 demisia ministrului de Finan\u0163e, Eugen Teodorovici, ale c\u0103rui declara\u0163ii \u015fi ini\u0163iative recente sunt considerate contrare angajamentelor \u00een baza c\u0103rora PSD a primit un mandat de guvernare. Sindicali\u015ftii fac referire la propunerea privind eliminarea salariului minim pe economie, la modific\u0103rile propuse pentru Legea zilierilor, dar \u015fi la pachetele de servicii de s\u0103n\u0103tate diferen\u0163iate.<\/strong><\/p>\n<figure class=\"article-thumb\"><img decoding=\"async\" src=\"https:\/\/analyse.optim.biz\/wp-content\/uploads\/2024\/09\/yxnopwi4ztk3mgzjndy2nwqymdfim2y1yzi4njg2ndg2mzk0-thumb_.jpg\" alt=\"cartel alfa manifestatie fb 2\" data-skip-htmlfix=\"1\" title=\"yxnopwi4ztk3mgzjndy2nwqymdfim2y1yzi4njg2ndg2mzk0-thumb_\"><figcaption> Surs\u0103 foto: Facebook <\/figcaption><\/figure>\n<p data-index=\"2\">Potrivit unui comunicat de pres\u0103 transmis, luni, de Cartel Alfa, \u201ePartidul Social Democrat a primit un mandat de guvernare \u00een baza angajamentului c\u0103 va promova politici care s\u0103 aduc\u0103 bun\u0103stare cet\u0103\u0163enilor, s\u0103 elimine discrepan\u0163ele uria\u015fe din societate, s\u0103 \u00eent\u0103resc\u0103 serviciille publice \u015fi accesul tuturor cet\u0103\u0163enilor la aceste servicii baz\u00e2ndu-se pe echitate \u015fi solidaritatea intra- \u015fi inter- genera\u0163ii\u201d.<\/p>\n<p data-index=\"3\">\u201e<strong>Declara\u0163iile \u015fi ini\u0163iativele recente ale domnului Orlando Teodorovici sunt contrare acestor obiective<\/strong>\u201d, spun sindicali\u015ftii.<\/p>\n<p data-index=\"4\">Ace\u015ftia fac referire la propunerea ministrului de Finan\u0163e de <strong>eliminare a salariului minim<\/strong>.<\/p>\n<p data-index=\"5\">\u201eSalariul minim a r\u0103mas singura \u015fi ultima redut\u0103 \u00een mecanismul redistribuirii care nu a fost distrus\u0103 de t\u0103v\u0103lugul de m\u0103suri neoliberale pro-capital \u015fi pro-boga\u0163i (taxarea extrem de mic\u0103 a capitalului si profiturilor dar mare a muncii, blocarea negocierilor colective etc)\u201d, spun sindicali\u015ftii.<\/p>\n<p data-index=\"6\">De asemenea, ace\u015ftia vorbesc despre ini\u0163iativele din Parlament ale lui Eugen Teodorovici.<\/p>\n<p data-index=\"7\">\u201eIni\u0163iativele domniei sale \u00een Parlament arat\u0103 aceea\u015fi agend\u0103 de destructurare a sistemelor de protec\u0163ie social\u0103 \u015fi \u00eempingerea unui num\u0103r din ce \u00een ce mai mare de lucr\u0103tori \u00een precaritate, \u00een folosul prezerv\u0103rii la niveluri maxime a profiturilor. Plx nr. 83\/2018 propune <strong>extinderea \u015fi mai mult a domeniilor \u00een care pot fi utiliza\u0163i zilierii \u00een locul salaria\u0163ilor<\/strong>\u201d, mai spun sindicali\u015ftii.<\/p>\n<p data-index=\"8\">Potrivit acestora, Legea zilierilor, introdus\u0103 \u00een 2011, a \u00eenceput cu c\u00e2teva domenii, cu titlu de excep\u0163ie, \u00een care se puteau angaja, sezonier, lucr\u0103tori cu ziua. Treptat, aceste domenii s-au extins, \u00een prezent ajung\u00e2ndu-se ca \u00een peste jum\u0103tate din sectoarele de activitate s\u0103 poat\u0103 fi angaja\u0163i zilieri.<\/p>\n<p data-index=\"9\">\u201eAce\u015ftia sunt exclu\u015fi din sistemele de protec\u0163ie social\u0103 \u015fi \u00eentr-o mare m\u0103sur\u0103 din sfera dreptului muncii, pentru c\u0103 zilierii nu au dreptul la asociere, iar pentru aceste rela\u0163ii de munc\u0103 nu se pl\u0103tesc contribu\u0163ii sociale. Cum s\u0103 nu fie afectat\u0103 sustenabilitatea sistemului de s\u0103n\u0103tate, dac\u0103 elimin\u0103m din ce \u00een ce mai mul\u0163i contribuabili la acest sistem?\u201d, se mai arat\u0103 \u00een comunicatul de pres\u0103.<\/p>\n<p data-index=\"10\">De asemenea, sidicali\u015ftii fac referire la <strong>propunerea privind pachetele de servicii de s\u0103n\u0103tate diferen\u0163iate<\/strong>, \u00een func\u0163ie de suma pl\u0103tit\u0103 de contribuabil, \u201eprobabil ne\u00een\u0163eleg\u00e2nd ce \u00eenseamn\u0103 dimensiunea social\u0103 a statului (proclamat\u0103 \u00een Constitu\u0163ie) \u015fi principiile universalit\u0103\u0163ii, echit\u0103\u0163ii \u015fi solidarit\u0103\u0163ii pe baza c\u0103rora este construit sistemul de s\u0103n\u0103tate public\u0103\u201d.<\/p>\n<p data-index=\"11\">\u201e\u00cencercarea de a-\u015fi nuan\u0163a declara\u0163iile nu schimb\u0103 cu nimic esen\u0163a lor. Preocuparea pentru tratamentul diferen\u0163iat \u00een func\u0163ie de puterea financiar\u0103 a cet\u0103\u0163enilor, este mult mai sus pe agenda domnului ministru dec\u00e2t, spre exemplu, preocuparea pentru l\u0103rgirea bazei de contribuabili \u015fi asigurarea sustenabilit\u0103\u0163ii sistemului sau preocuparea pentru combaterea evaziunii fiscale deosebit de mari\u201d, afirm\u0103 sindicali\u015ftii.<\/p>\n<p data-index=\"12\">Ace\u015ftia sus\u0163in c\u0103 ini\u0163iativele pentru modificarea legisla\u0163iei elaborate de Ministerul Finan\u0163elor Publice sunt comunicate partenerilor sociali de pe o zi pe alta, f\u0103r\u0103 ca ace\u015ftia s\u0103 aib\u0103 timpul necesar s\u0103 analizeze proiectele \u015fi s\u0103 formuleze un punct de vedere documentat, \u00een aceste condi\u0163ii fiind \u201eimposibil\u0103 realizarea unui dialog real pe subiect\u201d.<\/p>\n<p data-index=\"13\">Av\u00e2nd \u00een vedere toate aceste aspecte Cartel Alfa \u201e<strong>solicit\u0103 demisia imediat\u0103 a Ministrului Finan\u0163elor Publice, Orlando Teodorovici<\/strong>\u201d.<\/p>\n<p data-index=\"14\">\u201eSper\u0103m c\u0103 succesorul s\u0103u va fi o persoan\u0103 care s\u0103 \u00eembr\u0103\u0163i\u015feze \u00een mod real valorile social democra\u0163iei, ale partidului aflat la guvernare, care va \u00een\u0163elege c\u0103 o societate segregat\u0103, cu mul\u0163i foarte s\u0103raci \u015fi pu\u0163ini foarte boga\u0163i, cu inegalit\u0103\u0163i duse la extrem, cu instabilitate legislativ\u0103 \u015fi fiscal\u0103, nu este peformant\u0103 economic pe termen lung\u201d, mai spun sindicali\u015ftii.<\/p>\n<\/div>\n<p> Source URL: https:\/\/www.digi24.ro\/stiri\/actualitate\/politica\/o-confederatie-sindicala-cere-demisia-lui-eugen-teodorovici-998090<\/p>\n","protected":false},"excerpt":{"rendered":"<p>Cartel Alfa solicit\u0103 demisia ministrului de Finan\u0163e, Eugen Teodorovici, ale c\u0103rui declara\u0163ii \u015fi ini\u0163iative recente sunt considerate contrare angajamentelor \u00een baza c\u0103rora PSD a primit un mandat de guvernare. Sindicali\u015ftii fac referire la propunerea privind eliminarea salariului minim pe economie, la modific\u0103rile propuse pentru Legea zilierilor, dar \u015fi la pachetele de servicii de s\u0103n\u0103tate diferen\u0163iate. [&hellip;]<\/p>\n","protected":false},"author":1,"featured_media":107514,"comment_status":"open","ping_status":"","sticky":false,"template":"","format":"standard","meta":{"footnotes":""},"categories":[2],"tags":[11],"class_list":["post-107513","post","type-post","status-publish","format-standard","has-post-thumbnail","hentry","category-politics","tag-digi24"],"_links":{"self":[{"href":"https:\/\/analyse.optim.biz\/index.php?rest_route=\/wp\/v2\/posts\/107513","targetHints":{"allow":["GET"]}}],"collection":[{"href":"https:\/\/analyse.optim.biz\/index.php?rest_route=\/wp\/v2\/posts"}],"about":[{"href":"https:\/\/analyse.optim.biz\/index.php?rest_route=\/wp\/v2\/types\/post"}],"author":[{"embeddable":true,"href":"https:\/\/analyse.optim.biz\/index.php?rest_route=\/wp\/v2\/users\/1"}],"replies":[{"embeddable":true,"href":"https:\/\/analyse.optim.biz\/index.php?rest_route=%2Fwp%2Fv2%2Fcomments&post=107513"}],"version-history":[{"count":0,"href":"https:\/\/analyse.optim.biz\/index.php?rest_route=\/wp\/v2\/posts\/107513\/revisions"}],"wp:featuredmedia":[{"embeddable":true,"href":"https:\/\/analyse.optim.biz\/index.php?rest_route=\/wp\/v2\/media\/107514"}],"wp:attachment":[{"href":"https:\/\/analyse.optim.biz\/index.php?rest_route=%2Fwp%2Fv2%2Fmedia&parent=107513"}],"wp:term":[{"taxonomy":"category","embeddable":true,"href":"https:\/\/analyse.optim.biz\/index.php?rest_route=%2Fwp%2Fv2%2Fcategories&post=107513"},{"taxonomy":"post_tag","embeddable":true,"href":"https:\/\/analyse.optim.biz\/index.php?rest_route=%2Fwp%2Fv2%2Ftags&post=107513"}],"curies":[{"name":"wp","href":"https:\/\/api.w.org\/{rel}","templated":true}]}}