{"id":107510,"date":"2018-09-17T15:26:09","date_gmt":"2018-09-17T12:26:09","guid":{"rendered":"https:\/\/analyse.optim.biz\/?p=107510"},"modified":"2018-09-17T15:26:09","modified_gmt":"2018-09-17T12:26:09","slug":"explicatiile-inspectiei-judiciare-cu-privire-la-descinderea-la-parchetul-general","status":"publish","type":"post","link":"https:\/\/analyse.optim.biz\/?p=107510","title":{"rendered":"Explica\u021biile Inspec\u021biei Judiciare cu privire la descinderea la Parchetul General"},"content":{"rendered":"<div class=\"entry data-app-meta data-app-meta-article\" data-embed-base-url-canonical=\"https:\/\/www.digi24.ro\/embed\/stiri\/actualitate\/justitie\/explicatiile-inspectiei-judiciare-cu-privire-la-descinderea-la-parchetul-general-998112\">\n<p data-index=\"1\"><strong>Institu\u021bia condus\u0103 de Lucian Netejoru vine cu preciz\u0103ri dup\u0103 ce \u00een pres\u0103 au ap\u0103rut informa\u021bii potrivit c\u0103rora, \u00eenainte ca Liviu Dragnea s\u0103 fie audiat, doi inspectori de la Inspec\u021bia Judiciar\u0103 au descins la sec\u021bia Parchetelor Militare din cadrul Pachetului General, solicit\u00e2nd procurorilor tot dosarul penal care vizeaz\u0103 violen\u021bele comise de jandarmi \u00eempotriva manifestan\u021bilor la mitingul din 10 august.<\/strong><\/p>\n<figure class=\"article-thumb\"><img decoding=\"async\" src=\"https:\/\/analyse.optim.biz\/wp-content\/uploads\/2024\/09\/mszoyxnoptkxytcxzwriyzbkzji1zjvjywzhmtzimdmwzwe3mdaz-thumb_.jpg\" alt=\"lucian netejoru - agerpres_8470460\" data-skip-htmlfix=\"1\" title=\"mszoyxnoptkxytcxzwriyzbkzji1zjvjywzhmtzimdmwzwe3mdaz-thumb_\"><figcaption> Surs\u0103 foto: Agerpres <\/figcaption><\/figure>\n<p data-index=\"2\">Inspec\u021bia Judiciar\u0103 arat\u0103, pe de o parte, c\u0103 <strong>deplasarea a fost anun\u021bat\u0103 cu o zi \u00eenainte conducerii Parchetului General<\/strong>. Informa\u021biile ap\u0103rute \u00een pres\u0103 acreditau ideea unei vizite neanun\u021bate a inspectorilor IJ.<\/p>\n<p data-index=\"3\">Pe de alt\u0103 parte, institu\u021bia condus\u0103 de Lucian Netejoru sus\u021bine c\u0103 cei doi inspectori <strong>\u201enu avut cuno\u015ftin\u0163\u0103 nici anterior \u015fi nici \u00een timpul prezen\u0163ei lor la P\u00ceCCJ, despre actele de urm\u0103rire penal\u0103 pe care procurorii de caz urmau s\u0103 le efectueze \u00een ziua respectiv\u0103\u201d<\/strong> \u0219i c\u0103 <strong>\u201eInspec\u0163ia Judiciar\u0103 nu a verificat modul \u00een care se desf\u0103\u015foar\u0103 urm\u0103rirea penal\u0103 \u015fi probatoriul aflat la dosarul cauzei\u201d<\/strong>.<\/p>\n<p data-index=\"4\">Comunicatul integral al Inspec\u021biei Judiciare:<\/p>\n<p data-index=\"5\">\u201e<em>Vineri \u2013 14 septembrie 2018, inspectorii judiciari s-au deplasat la Sec\u0163ia parchetelor militare a Parchetului de pe l\u00e2ng\u0103 \u00cenalta Curte de Casa\u0163ie \u015fi Justi\u0163ie (P\u00ceCCJ) \u00een vederea solu\u0163ion\u0103rii lucr\u0103rilor de inspec\u0163ie av\u00e2nd ca obiect activitatea sau conduita procurorilor militari care au demarat cercet\u0103rile \u00een cauza penal\u0103 viz\u00e2nd incidentele din 10 august 2018. Conducerea P\u00ceCCJ a fost anun\u0163at\u0103 cu o zi \u00eenainte cu privire la aceast\u0103 deplasare \u015fi nu a formulat nicio obiec\u0163ie.<\/em><\/p>\n<p data-index=\"6\"><em>Inspectorii judiciari au solicitat \u2013 \u00een temeiul art. 73 alin.(4) din Legea nr. 317\/2004 privind Consiliul Superior al Magistraturii, republicat\u0103 \u2013 actele privind procedura de \u00eencepere a procesului penal \u00een cauz\u0103, emise de procurorii viza\u0163i de sesiz\u0103ri. Cu aceast\u0103 ocazie au fost ridicate, pe baz\u0103 de proces-verbal, copii ale unor astfel de acte. Inspectorii judiciari nu avut cuno\u015ftin\u0163\u0103 nici anterior \u015fi nici \u00een timpul prezen\u0163ei lor la P\u00ceCCJ, despre actele de urm\u0103rire penal\u0103 pe care procurorii de caz urmau s\u0103 le efectueze \u00een ziua respectiv\u0103. Ca atare, Inspec\u0163ia Judiciar\u0103 nu a verificat modul \u00een care se desf\u0103\u015foar\u0103 urm\u0103rirea penal\u0103 \u015fi probatoriul aflat la dosarul cauzei.<\/em><\/p>\n<p data-index=\"7\"><em>\u00cencercarea de atragere a Inspec\u0163iei Judiciare \u00een spa\u0163iul disputelor politice, prin inducerea ideii c\u0103 inspectorii s-au aflat la P\u00ceCCJ \u00een ziua \u00een care demnitari ai Statului Rom\u00e2n au fost audia\u0163i la acela\u015fi parchet pentru a-i intimida pe procurorii de caz, constituie, \u00een realitate, o presiune asupra Inspec\u0163iei Judiciare av\u00e2nd un dublu scop: manipularea opiniei publice \u00een sensul c\u0103 activitatea de inspec\u0163ie s-ar situa \u00een afara cadrului legal \u015fi deturnarea cursului verific\u0103rilor<\/em>\u201d.<\/p>\n<p data-index=\"8\">Presa a ar\u0103tat c\u0103 <a href=\"https:\/\/www.digi24.ro\/stiri\/actualitate\/justitie\/inspectia-judiciara-a-descins-la-parchetul-general-cu-cateva-ore-inainte-de-audierea-lui-liviu-dragnea-presa-997577\" data-skip-linkfix=\"1\">doi inspectori de la Inspec\u021bia Judiciar\u0103 au descins, vineri diminea\u021ba, la sec\u021bia Parchetelor Militare din cadrul Pachetului General, solicit\u00e2nd procurorilor tot dosarul penal care vizeaz\u0103 violen\u021bele comise de jandarmi \u00eempotriva manifestan\u021bilor la mitingul din 10 august<\/a>. Verificarea intempestiv\u0103 a avut loc cu c\u00e2teva ore \u00eenainte de audierea liderului PSD, Liviu Dragnea, \u00een dosarul violen\u021belor din 10 august\u00a0\u00een calitate de martor.<\/p>\n<\/div>\n<p> Source URL: https:\/\/www.digi24.ro\/stiri\/actualitate\/justitie\/explicatiile-inspectiei-judiciare-cu-privire-la-descinderea-la-parchetul-general-998112<\/p>\n","protected":false},"excerpt":{"rendered":"<p>Institu\u021bia condus\u0103 de Lucian Netejoru vine cu preciz\u0103ri dup\u0103 ce \u00een pres\u0103 au ap\u0103rut informa\u021bii potrivit c\u0103rora, \u00eenainte ca Liviu Dragnea s\u0103 fie audiat, doi inspectori de la Inspec\u021bia Judiciar\u0103 au descins la sec\u021bia Parchetelor Militare din cadrul Pachetului General, solicit\u00e2nd procurorilor tot dosarul penal care vizeaz\u0103 violen\u021bele comise de jandarmi \u00eempotriva manifestan\u021bilor la mitingul [&hellip;]<\/p>\n","protected":false},"author":1,"featured_media":107511,"comment_status":"open","ping_status":"","sticky":false,"template":"","format":"standard","meta":{"footnotes":""},"categories":[2],"tags":[11],"class_list":["post-107510","post","type-post","status-publish","format-standard","has-post-thumbnail","hentry","category-politics","tag-digi24"],"_links":{"self":[{"href":"https:\/\/analyse.optim.biz\/index.php?rest_route=\/wp\/v2\/posts\/107510","targetHints":{"allow":["GET"]}}],"collection":[{"href":"https:\/\/analyse.optim.biz\/index.php?rest_route=\/wp\/v2\/posts"}],"about":[{"href":"https:\/\/analyse.optim.biz\/index.php?rest_route=\/wp\/v2\/types\/post"}],"author":[{"embeddable":true,"href":"https:\/\/analyse.optim.biz\/index.php?rest_route=\/wp\/v2\/users\/1"}],"replies":[{"embeddable":true,"href":"https:\/\/analyse.optim.biz\/index.php?rest_route=%2Fwp%2Fv2%2Fcomments&post=107510"}],"version-history":[{"count":0,"href":"https:\/\/analyse.optim.biz\/index.php?rest_route=\/wp\/v2\/posts\/107510\/revisions"}],"wp:featuredmedia":[{"embeddable":true,"href":"https:\/\/analyse.optim.biz\/index.php?rest_route=\/wp\/v2\/media\/107511"}],"wp:attachment":[{"href":"https:\/\/analyse.optim.biz\/index.php?rest_route=%2Fwp%2Fv2%2Fmedia&parent=107510"}],"wp:term":[{"taxonomy":"category","embeddable":true,"href":"https:\/\/analyse.optim.biz\/index.php?rest_route=%2Fwp%2Fv2%2Fcategories&post=107510"},{"taxonomy":"post_tag","embeddable":true,"href":"https:\/\/analyse.optim.biz\/index.php?rest_route=%2Fwp%2Fv2%2Ftags&post=107510"}],"curies":[{"name":"wp","href":"https:\/\/api.w.org\/{rel}","templated":true}]}}