{"id":107507,"date":"2018-09-17T15:27:24","date_gmt":"2018-09-17T12:27:24","guid":{"rendered":"https:\/\/analyse.optim.biz\/?p=107507"},"modified":"2018-09-17T15:27:24","modified_gmt":"2018-09-17T12:27:24","slug":"presedintia-consiliului-ue-este-foarte-grava-declaratia-ministrului-teodorovici","status":"publish","type":"post","link":"https:\/\/analyse.optim.biz\/?p=107507","title":{"rendered":"Pre\u015fedin\u0163ia Consiliului UE | &#8220;Este foarte grav\u0103 declara\u021bia ministrului Teodorovici&#8221;"},"content":{"rendered":"<div class=\"entry data-app-meta data-app-meta-article\" data-embed-base-url-canonical=\"https:\/\/www.digi24.ro\/embed\/stiri\/actualitate\/politica\/presedintia-consiliului-ue-este-foarte-grava-declaratia-ministrului-teodorovici-998109\">\n<p data-index=\"1\"><strong>\u0162ara noastr\u0103 va avea cel mult un rol de mediator \u00een perioada \u00een care va de\u0163ine pre\u015fedin\u0163ia Consiliului UE, sus\u0163ine ministrul Finan\u0163elor, Eugen Teodorovici. Demnitarul e contrazis de europarlamentarul Siegfried Mure\u015fan care, \u00een plus, ofer\u0103 c\u00e2teva exemple concrete privind modul \u00een care au procedat \u0163\u0103ri precum Austria, Bulgaria sau Estonia.<\/strong><\/p>\n<p data-index=\"2\"><img loading=\"lazy\" decoding=\"async\" class=\"alignnone size-full wp-image-750142\" src=\"https:\/\/analyse.optim.biz\/wp-content\/uploads\/2024\/09\/cgcmdz04mdamagfzad0yngflzdfkndfhnze0yzrhodbmn2flowzmmtq2mjjima-thumb_-1.jpg\" width=\"960\" height=\"634\" data-skip-htmlfix=\"1\" title=\"cgcmdz04mdamagfzad0yngflzdfkndfhnze0yzrhodbmn2flowzmmtq2mjjima-thumb_-1\"><\/p>\n<p data-index=\"3\">&#8220;Am v\u0103zut foarte des \u00een spa\u021biul public o dorin\u021b\u0103 ca pe timpul pre\u0219edin\u021biei, Rom\u00e2nia s\u0103 vin\u0103 s\u0103 sus\u021bin\u0103 fel de fel de subiecte, obiective, proiecte. Nu!&#8221;, a declarat, luni, ministrul Finan\u0163elor, Eugen Teodorovici. Acesta din urm\u0103 a completat: &#8220;Putem avea un rol de mediator \u00een ceea ce \u00eenseamn\u0103 pozi\u021bia \u0219i priorit\u0103\u021bile la nivel european&#8221;.<\/p>\n<p data-index=\"4\">Acest punct de vedere, care vine pe fondul \u00eenmul\u0163irii criticilor din afara arcului guvernamental privind slaba preg\u0103tire de c\u0103tre Palatul Victoria a prelu\u0103rii pre\u015fedin\u0163iei Consliului UE, la 1 ianuarie, a fost taxat\u0103 dur de europarlamentarul Siegfried Mure\u015fan, purt\u0103tor de cuv\u00e2nt al grupului PPE. &#8220;Este foarte grav\u0103 declara\u021bia de ast\u0103zi a ministrului Teodorovici care spune c\u0103 Rom\u00e2nia nu trebuie s\u0103 promoveze obiective proprii \u00een timpul Pre\u0219edin\u021biei rom\u00e2ne a Consiliului Uniunii Europene de anul viitor, ci are doar un rol de mediator.\u00a0<br \/> Este grav\u0103 deoarece arat\u0103 c\u0103 ministrul care de\u021bine unul dintre cele mai importante portofolii de guvern nu \u0219tie ce \u00eenseamn\u0103 s\u0103 de\u021bii pre\u0219edin\u021bia UE, \u0219i asta cu doar 100 de zile \u00eenainte de \u00eenceperea mandatului&#8221;, sus\u0163ine Siegfried Mure\u015fan.<\/p>\n<p data-index=\"5\"><strong>Mai jos, postarea eurodeputatului Siegfried Mure\u015fan:<\/strong><\/p>\n<p data-index=\"6\">&#8220;Este foarte grav\u0103 declara\u021bia de ast\u0103zi a ministrului Teodorovici care spune c\u0103 Rom\u00e2nia nu trebuie s\u0103 promoveze obiective proprii \u00een timpul Pre\u0219edin\u021biei rom\u00e2ne a Consiliului Uniunii Europene de anul viitor, ci are doar un rol de mediator.\u00a0<br \/> Este grav\u0103 deoarece arat\u0103 c\u0103 ministrul care de\u021bine unul dintre cele mai importante portofolii de guvern nu \u0219tie ce \u00eenseamn\u0103 s\u0103 de\u021bii pre\u0219edin\u021bia UE, \u0219i asta cu doar 100 de zile \u00eenainte de \u00eenceperea mandatului.<br \/> Dincolo de rolul evident de med<span class=\"text_exposed_show\">iator la nivel european, fiecare pre\u0219edin\u021bie de succes are o list\u0103 clare de obiective. Bulgaria, care a de\u021binut pre\u0219edin\u021bia \u00een prima jum\u0103tate a acestui an, a avut drept obiectiv integrarea european\u0103 a statelor din Balcanii de Vest. Austria, care de\u021bine \u00een prezent pre\u0219edin\u021bia, are, printre obiective, cre\u0219terea competitivit\u0103\u021bii UE prin digitalizare. Estonia, de\u021bin\u0103toare a pre\u0219edin\u021biei din a doua parte a anului 2017, a sus\u021binut, printre priorit\u0103\u021bi, cre\u0219terea siguran\u021bei \u00een Europa.\u00a0<br \/> \u00cen schimb, Guvernul D\u0103ncil\u0103 este complet \u00een cea\u021b\u0103, nu are niciun obiectiv \u0219i nicio prioritate clar\u0103 cu doar 3 luni \u00eenainte de \u00eenceperea mandatului.<br \/> Guvernul D\u0103ncil\u0103 nu \u00een\u021belege aceast\u0103 oportunitate \u0219i vede pre\u0219edin\u021bia UE ca pe o povar\u0103 de care vrea s\u0103 scape c\u00e2t mai rapid.<\/span><\/p>\n<p data-index=\"7\">Vreau o pre\u0219edin\u021bie rom\u00e2n\u0103 care s\u0103 lase mai mult \u00een urm\u0103 dec\u00e2t \u00ee\u0219i pot imagina ministrul Teodorovici \u0219i prim-ministrul D\u0103ncil\u0103. Pre\u0219edin\u021bia este o oportunitate de a pune Rom\u00e2nia pe harta Uniunii Europene, o oportunitate pe care, \u00eentr-o Uniune de 28 de state, o primim doar o dat\u0103 la 14 ani.\u00a0<br \/> Ne trebuie un guvern care s\u0103 \u0219tie cum s\u0103 ob\u021bin\u0103 beneficii pentru Rom\u00e2nia incluz\u00e2nd priorit\u0103\u021bile noastre \u00een cadrul priorit\u0103\u021bilor europene.&#8221;<\/p>\n<p class=\"gdpr-placeholder gdpr-social-media gdpr-iframe-fix\" data-index=\"9\"> Setarile tale privind cookie-urile nu permit afisarea continutul din aceasta sectiune. Poti actualiza setarile modulelor coookie direct din browser sau de <a class=\"ot-sdk-show-settings\" data-skip-linkfix=\"1\">aici<\/a> \u2013 e nevoie sa accepti cookie-urile social media<\/p>\n<\/div>\n<p> Source URL: https:\/\/www.digi24.ro\/stiri\/actualitate\/politica\/presedintia-consiliului-ue-este-foarte-grava-declaratia-ministrului-teodorovici-998109<\/p>\n","protected":false},"excerpt":{"rendered":"<p>\u0162ara noastr\u0103 va avea cel mult un rol de mediator \u00een perioada \u00een care va de\u0163ine pre\u015fedin\u0163ia Consiliului UE, sus\u0163ine ministrul Finan\u0163elor, Eugen Teodorovici. Demnitarul e contrazis de europarlamentarul Siegfried Mure\u015fan care, \u00een plus, ofer\u0103 c\u00e2teva exemple concrete privind modul \u00een care au procedat \u0163\u0103ri precum Austria, Bulgaria sau Estonia. &#8220;Am v\u0103zut foarte des \u00een [&hellip;]<\/p>\n","protected":false},"author":1,"featured_media":107508,"comment_status":"open","ping_status":"","sticky":false,"template":"","format":"standard","meta":{"footnotes":""},"categories":[2],"tags":[11],"class_list":["post-107507","post","type-post","status-publish","format-standard","has-post-thumbnail","hentry","category-politics","tag-digi24"],"_links":{"self":[{"href":"https:\/\/analyse.optim.biz\/index.php?rest_route=\/wp\/v2\/posts\/107507","targetHints":{"allow":["GET"]}}],"collection":[{"href":"https:\/\/analyse.optim.biz\/index.php?rest_route=\/wp\/v2\/posts"}],"about":[{"href":"https:\/\/analyse.optim.biz\/index.php?rest_route=\/wp\/v2\/types\/post"}],"author":[{"embeddable":true,"href":"https:\/\/analyse.optim.biz\/index.php?rest_route=\/wp\/v2\/users\/1"}],"replies":[{"embeddable":true,"href":"https:\/\/analyse.optim.biz\/index.php?rest_route=%2Fwp%2Fv2%2Fcomments&post=107507"}],"version-history":[{"count":0,"href":"https:\/\/analyse.optim.biz\/index.php?rest_route=\/wp\/v2\/posts\/107507\/revisions"}],"wp:featuredmedia":[{"embeddable":true,"href":"https:\/\/analyse.optim.biz\/index.php?rest_route=\/wp\/v2\/media\/107508"}],"wp:attachment":[{"href":"https:\/\/analyse.optim.biz\/index.php?rest_route=%2Fwp%2Fv2%2Fmedia&parent=107507"}],"wp:term":[{"taxonomy":"category","embeddable":true,"href":"https:\/\/analyse.optim.biz\/index.php?rest_route=%2Fwp%2Fv2%2Fcategories&post=107507"},{"taxonomy":"post_tag","embeddable":true,"href":"https:\/\/analyse.optim.biz\/index.php?rest_route=%2Fwp%2Fv2%2Ftags&post=107507"}],"curies":[{"name":"wp","href":"https:\/\/api.w.org\/{rel}","templated":true}]}}