{"id":107499,"date":"2018-09-17T16:17:17","date_gmt":"2018-09-17T13:17:17","guid":{"rendered":"https:\/\/analyse.optim.biz\/?p=107499"},"modified":"2018-09-17T16:17:17","modified_gmt":"2018-09-17T13:17:17","slug":"cum-explica-un-lider-de-filiala-psd-sustinerea-pentru-liviu-dragnea-primarii-din-judet-vor-liniste","status":"publish","type":"post","link":"https:\/\/analyse.optim.biz\/?p=107499","title":{"rendered":"Cum explic\u0103 un lider de filial\u0103 PSD sus\u021binerea pentru Liviu Dragnea: \u201ePrimarii din jude\u021b vor lini\u0219te\u201d"},"content":{"rendered":"<div class=\"entry data-app-meta data-app-meta-article\" data-embed-base-url-canonical=\"https:\/\/www.digi24.ro\/embed\/stiri\/actualitate\/politica\/cum-explica-un-lider-de-filiala-psd-sustinerea-pentru-liviu-dragnea-primarii-din-judet-vor-liniste-998141\">\n<p data-index=\"1\"><strong>Pre\u0219edintele PSD Ia\u0219i, Maricel Popa, anun\u021b\u0103 c\u0103 Biroul Permanent Jude\u021bean a decis, luni, ca filiala s\u0103 sus\u021bin\u0103 actuala conducere a PSD \u0219i continuarea programului de guvernare. Printre motivele enun\u021bate: \u201eoamenii sunt mul\u021bumi\u021bi de programul de guvernare\u201d \u0219i \u201eprimarii din jude\u021b vor lini\u0219te\u201d.<\/strong><\/p>\n<figure class=\"article-thumb\"><img decoding=\"async\" src=\"https:\/\/analyse.optim.biz\/wp-content\/uploads\/2024\/09\/zmzjodqxmdawmtcxyjlknmuzzwqzyme4mmy2yzlioq-thumb_.jpg\" alt=\"Maricel Popa_ PSDIasi_FB\" data-skip-htmlfix=\"1\" title=\"zmzjodqxmdawmtcxyjlknmuzzwqzyme4mmy2yzlioq-thumb_\"><figcaption> Surs\u0103 foto: Facebook <\/figcaption><\/figure>\n<p data-index=\"2\">\u201e\u00cen cadrul Biroului Permanent Jude\u021bean, \u00eentrunit ast\u0103zi, s-a stabilit, \u00een unanimitate, s\u0103 i se acorde mandat pre\u0219edintelui PSD Ia\u0219i, Maricel Popa, pentru sus\u021binerea actualei conduceri PSD, dar \u0219i continu\u0103rii programului de guvernare\u201d, precizeaz\u0103 organiza\u021bia, pe contul de Facebook.<\/p>\n<p data-index=\"3\">\u201eDincolo de op\u021biunile sau opiniile mele personale am discutat, ast\u0103zi, cu colegii din BPJ pentru a stabili un punct de vedere comun \u00een ceea ce prive\u0219te situa\u021bia intern\u0103\u00a0din PSD. Le-am cerut s\u0103 fie deschi\u0219i \u0219i sinceri. La r\u00e2ndul lor, ace\u0219tia au discutat \u00een aceast\u0103 perioad\u0103 cu membrii \u0219i simpatizan\u021bii social-democra\u021bi din teritoriu. <strong>Oamenii sunt mul\u021bumi\u021bi de programul de guvernare \u0219i de m\u0103surile adoptate de PSD \u00eentr-un an \u0219i jum\u0103tate de la c\u00e2\u0219tigarea alegerilor parlamentare<\/strong>. Motivat de acest fapt, mandatul primit a fost de sus\u021binere a conducerii PSD \u0219i bine\u00een\u021beles a guvern\u0103rii. \u00cen comunit\u0103\u021bile rurale sunt \u00een lucru proiectele din cadrul Programului Na\u021bional de Dezvoltare Local\u0103 (PNDL), etapa a II-a. <strong>Primarii din jude\u021b vor lini\u0219te \u0219i continuitate pentru a putea finaliza aceste proiecte, a\u0219a cum s-au angajat \u00een fa\u021ba locuitorilor pe care \u00eei reprezint\u0103<\/strong>\u201d, explic\u0103 \u0219i pre\u0219edintele PSD Ia\u0219i.<\/p>\n<p data-index=\"4\">La sf\u00e2r\u0219itul s\u0103pt\u0103m\u00e2nii trecute, <a href=\"https:\/\/www.digi24.ro\/stiri\/actualitate\/cel-putin-20-de-lideri-ai-psd-ar-pregati-o-scrisoare-in-care-cer-demisia-lui-dragnea-995900\" data-skip-linkfix=\"1\">presa a relatat despre existen\u021ba unei scrisori, semnat\u0103 de peste 20 de membri ai Comitetului Executiv al PSD, prin care ace\u0219tia \u00eei cer lui Liviu Dragnea s\u0103 se retrag\u0103 din fruntea partidului<\/a>. Dac\u0103 acest lucru s-ar \u00eent\u00e2mpla, \u015fefia PSD i-ar reveni, p\u00e2n\u0103 la organizarea unui Congres, Vioric\u0103i D\u0103ncil\u0103, care de\u0163ine func\u0163ia de pre\u015fedinte executiv. Potrivit informa\u0163iilor ob\u0163inute de Digi24, ini\u0163iatorii scrisorii &#8211; Niculae B\u0103d\u0103l\u0103u, Mihai Tudose \u015fi Paul St\u0103nescu &#8211; ar vrea s\u0103 men\u0163in\u0103 Coali\u0163ia cu ALDE, dar vor cere o remaniere a Guvernului. Un congres pentru alegerea unui nou pre\u015fedinte ar putea avea loc \u00een 2019.\u00a0<\/p>\n<\/div>\n<p> Source URL: https:\/\/www.digi24.ro\/stiri\/actualitate\/politica\/cum-explica-un-lider-de-filiala-psd-sustinerea-pentru-liviu-dragnea-primarii-din-judet-vor-liniste-998141<\/p>\n","protected":false},"excerpt":{"rendered":"<p>Pre\u0219edintele PSD Ia\u0219i, Maricel Popa, anun\u021b\u0103 c\u0103 Biroul Permanent Jude\u021bean a decis, luni, ca filiala s\u0103 sus\u021bin\u0103 actuala conducere a PSD \u0219i continuarea programului de guvernare. Printre motivele enun\u021bate: \u201eoamenii sunt mul\u021bumi\u021bi de programul de guvernare\u201d \u0219i \u201eprimarii din jude\u021b vor lini\u0219te\u201d. Surs\u0103 foto: Facebook \u201e\u00cen cadrul Biroului Permanent Jude\u021bean, \u00eentrunit ast\u0103zi, s-a stabilit, \u00een [&hellip;]<\/p>\n","protected":false},"author":1,"featured_media":107500,"comment_status":"open","ping_status":"","sticky":false,"template":"","format":"standard","meta":{"footnotes":""},"categories":[2],"tags":[11],"class_list":["post-107499","post","type-post","status-publish","format-standard","has-post-thumbnail","hentry","category-politics","tag-digi24"],"_links":{"self":[{"href":"https:\/\/analyse.optim.biz\/index.php?rest_route=\/wp\/v2\/posts\/107499","targetHints":{"allow":["GET"]}}],"collection":[{"href":"https:\/\/analyse.optim.biz\/index.php?rest_route=\/wp\/v2\/posts"}],"about":[{"href":"https:\/\/analyse.optim.biz\/index.php?rest_route=\/wp\/v2\/types\/post"}],"author":[{"embeddable":true,"href":"https:\/\/analyse.optim.biz\/index.php?rest_route=\/wp\/v2\/users\/1"}],"replies":[{"embeddable":true,"href":"https:\/\/analyse.optim.biz\/index.php?rest_route=%2Fwp%2Fv2%2Fcomments&post=107499"}],"version-history":[{"count":0,"href":"https:\/\/analyse.optim.biz\/index.php?rest_route=\/wp\/v2\/posts\/107499\/revisions"}],"wp:featuredmedia":[{"embeddable":true,"href":"https:\/\/analyse.optim.biz\/index.php?rest_route=\/wp\/v2\/media\/107500"}],"wp:attachment":[{"href":"https:\/\/analyse.optim.biz\/index.php?rest_route=%2Fwp%2Fv2%2Fmedia&parent=107499"}],"wp:term":[{"taxonomy":"category","embeddable":true,"href":"https:\/\/analyse.optim.biz\/index.php?rest_route=%2Fwp%2Fv2%2Fcategories&post=107499"},{"taxonomy":"post_tag","embeddable":true,"href":"https:\/\/analyse.optim.biz\/index.php?rest_route=%2Fwp%2Fv2%2Ftags&post=107499"}],"curies":[{"name":"wp","href":"https:\/\/api.w.org\/{rel}","templated":true}]}}