{"id":107298,"date":"2018-09-17T14:08:09","date_gmt":"2018-09-17T11:08:09","guid":{"rendered":"https:\/\/analyse.optim.biz\/?p=107298"},"modified":"2018-09-17T14:08:09","modified_gmt":"2018-09-17T11:08:09","slug":"consiliul-pentru-imm-uri-majorarea-pensiilor-va-aduce-cresterea-taxelor-si-a-impozitelor-plus-inflatie","status":"publish","type":"post","link":"https:\/\/analyse.optim.biz\/?p=107298","title":{"rendered":"Consiliul pentru IMM-uri: majorarea pensiilor va aduce cre\u0219terea taxelor \u0219i a impozitelor, plus infla\u021bie"},"content":{"rendered":"<div class=\"entry data-app-meta data-app-meta-article\" data-embed-base-url-canonical=\"https:\/\/www.digi24.ro\/embed\/stiri\/actualitate\/politica\/consiliul-pentru-imm-uri-majorarea-pensiilor-va-aduce-cresterea-taxelor-si-a-impozitelor-plus-inflatie-998047\">\n<p data-index=\"1\"><strong>Proiectul Legii privind sistemul public de pensii, aflat \u00een dezbatere public\u0103, saboteaz\u0103 interesele majore ale economiei, \u00een condi\u0163iile \u00een care prevede o cre\u015ftere a punctului de referin\u0163\u0103 cu 79% \u00een urm\u0103torii trei ani, a afirmat, luni, Ovidiu Nicolescu, pre\u015fedintele de onoare al Consiliului Na\u0163ional pentru \u00centreprinderi Private Mici \u015fi Mijlocii din Rom\u00e2nia (CNIPMMR), \u00eentr-o conferin\u0163\u0103 de specialitate.<\/strong><\/p>\n<figure class=\"article-thumb\"><img decoding=\"async\" src=\"https:\/\/analyse.optim.biz\/wp-content\/uploads\/2024\/09\/mgy1mziyntuzyme0ztnjytq3mji1nmjkngu-thumb_.jpg\" alt=\"bani aruncati getty\" data-skip-htmlfix=\"1\" title=\"mgy1mziyntuzyme0ztnjytq3mji1nmjkngu-thumb_\"><figcaption> Surs\u0103 foto: Getty Images <\/figcaption><\/figure>\n<p data-index=\"2\"><strong>Citi\u0163i \u015fi: <a href=\"https:\/\/www.digi24.ro\/opinii\/rolul-rusiei-in-ceea-ce-face-toader-997857\" data-skip-linkfix=\"1\">Rolul Rusiei \u00een ceea ce face Toader<\/a><\/strong><\/p>\n<p data-index=\"3\">\u201eModificarea legisla\u0163iei privind sistemul public de pensii are implica\u0163ii multiple sociale \u015fi economice, fiind imperios necesar ca \u00eenainte de luarea unei hot\u0103r\u00e2ri \u00een acest domeniu s\u0103 fie realizate ample analize de impact (social, bugetar, economic) \u015fi consult\u0103ri cu partenerii sociali \u015fi organiza\u0163iile societ\u0103\u0163ii civile. Conform proiectului, valoarea punctului de referin\u0163\u0103 va cre\u015fte de la 1.265 de lei, la 1 septembrie 2019, la 1.875 de lei, la 1 septembrie 2021. Aceasta \u00eenseamn\u0103 o cre\u015ftere cu 79%, fapt nemai\u00eent\u00e2lnit \u00een vreo alt\u0103 \u0163ar\u0103. <strong>Aceast\u0103 majorare a pensiilor va aduce cre\u015fteri ale taxelor \u015fi impozitelor, dar \u015fi a infla\u0163iei, cu p\u00e2n\u0103 la 15%<\/strong>\u201d, a spus Ovidiu Nicolescu.<\/p>\n<p> Conform acestuia, noua Lege a sistemului public de pensii trebuie s\u0103 respecte pe deplin principiile politicii fiscal-bugetare, precum principiul transparen\u0163ei, al stabilit\u0103\u0163ii, cu asigurarea predictibilit\u0103\u0163ii pe termen mediu, al responsabilit\u0103\u0163ii fiscale, al echit\u0103\u0163ii, cu luarea \u00een calcul a impactul financiar poten\u0163ial asupra dezvolt\u0103rii economice pe termen mediu \u015fi lung.<\/p>\n<p> Reprezentan\u0163ii CNIPMMR apreciaz\u0103 c\u0103 <strong>\u00een 2018 va exista un deficit de circa 7 miliarde de lei la bugetul de pensii, ce va fi acoperit de la bugetul general<\/strong>.<\/p>\n<p data-index=\"4\">Comisia Na\u0163ional\u0103 de Strategie \u015fi Prognoz\u0103 estimeaz\u0103 5,7 milioane de salaria\u0163i \u015fi un salariu mediu brut de 5.362 lei \u00een 2021 (netul urm\u00e2nd s\u0103 fie 3.313 lei). Astfel, 21,25% din salariul mediu brut \u00een 2021 ar genera venituri la bugetul de pensii de 78 miliarde de lei, \u00een condi\u0163iile unei colect\u0103ri integrale, iar <strong>cheltuielile pentru pensii \u00een 2021 vor fi de 115 miliarde lei, deficitul fiind de peste 30 miliarde de lei<\/strong>.\u00a0<\/p>\n<p data-index=\"5\"><a href=\"https:\/\/www.digi24.ro\/stiri\/actualitate\/social\/legea-pensiilor-este-in-dezbatere-publica-de-o-luna-dar-subiectul-este-absent-de-pe-agenda-publica-996344\" data-skip-linkfix=\"1\">De\u0219i a trecut mai bine de o lun\u0103 de c\u00e2nd legea pensiilor este \u00een dezbatere public\u0103, subiectul este totu\u015fi absent de pe agenda public\u0103.<\/a> Nici din partea Guvernului, nici din partea Opozi\u0163iei nu au fost prezentate argumente despre c\u00e2t de bun\u0103 sau, dimpotriv\u0103, despre c\u00e2t de nepotrivit\u0103 este reformarea sistemului de pensii.<\/p>\n<p data-index=\"6\">\u00cen schimb, <a href=\"https:\/\/www.digi24.ro\/stiri\/actualitate\/politica\/olguta-vasilescu-pensionarii-din-romania-sa-stie-ca-vor-fi-direct-afectati-daca-psd-nu-va-mai-guverna-989204\" data-skip-linkfix=\"1\">ministrul Muncii, Lia Olgu\u021ba Vasilescu, a avut grij\u0103 s\u0103 transmit\u0103 pensionarilor un avertisment<\/a>: \u201eEste bine ca pensionarii din Rom\u00e2nia s\u0103 \u0219tie c\u0103 vor fi direct afecta\u021bi dac\u0103 PSD nu va mai fi \u00een m\u0103sur\u0103 s\u0103 aplice aceste legi pentru c\u0103 se va modifica guvernarea. Este bine s\u0103 \u0219tie ce \u00eei a\u0219teapt\u0103\u201d.<\/p>\n<\/div>\n<p> Source URL: https:\/\/www.digi24.ro\/stiri\/actualitate\/politica\/consiliul-pentru-imm-uri-majorarea-pensiilor-va-aduce-cresterea-taxelor-si-a-impozitelor-plus-inflatie-998047<\/p>\n","protected":false},"excerpt":{"rendered":"<p>Proiectul Legii privind sistemul public de pensii, aflat \u00een dezbatere public\u0103, saboteaz\u0103 interesele majore ale economiei, \u00een condi\u0163iile \u00een care prevede o cre\u015ftere a punctului de referin\u0163\u0103 cu 79% \u00een urm\u0103torii trei ani, a afirmat, luni, Ovidiu Nicolescu, pre\u015fedintele de onoare al Consiliului Na\u0163ional pentru \u00centreprinderi Private Mici \u015fi Mijlocii din Rom\u00e2nia (CNIPMMR), \u00eentr-o conferin\u0163\u0103 [&hellip;]<\/p>\n","protected":false},"author":1,"featured_media":107299,"comment_status":"open","ping_status":"","sticky":false,"template":"","format":"standard","meta":{"footnotes":""},"categories":[2],"tags":[11],"class_list":["post-107298","post","type-post","status-publish","format-standard","has-post-thumbnail","hentry","category-politics","tag-digi24"],"_links":{"self":[{"href":"https:\/\/analyse.optim.biz\/index.php?rest_route=\/wp\/v2\/posts\/107298","targetHints":{"allow":["GET"]}}],"collection":[{"href":"https:\/\/analyse.optim.biz\/index.php?rest_route=\/wp\/v2\/posts"}],"about":[{"href":"https:\/\/analyse.optim.biz\/index.php?rest_route=\/wp\/v2\/types\/post"}],"author":[{"embeddable":true,"href":"https:\/\/analyse.optim.biz\/index.php?rest_route=\/wp\/v2\/users\/1"}],"replies":[{"embeddable":true,"href":"https:\/\/analyse.optim.biz\/index.php?rest_route=%2Fwp%2Fv2%2Fcomments&post=107298"}],"version-history":[{"count":0,"href":"https:\/\/analyse.optim.biz\/index.php?rest_route=\/wp\/v2\/posts\/107298\/revisions"}],"wp:featuredmedia":[{"embeddable":true,"href":"https:\/\/analyse.optim.biz\/index.php?rest_route=\/wp\/v2\/media\/107299"}],"wp:attachment":[{"href":"https:\/\/analyse.optim.biz\/index.php?rest_route=%2Fwp%2Fv2%2Fmedia&parent=107298"}],"wp:term":[{"taxonomy":"category","embeddable":true,"href":"https:\/\/analyse.optim.biz\/index.php?rest_route=%2Fwp%2Fv2%2Fcategories&post=107298"},{"taxonomy":"post_tag","embeddable":true,"href":"https:\/\/analyse.optim.biz\/index.php?rest_route=%2Fwp%2Fv2%2Ftags&post=107298"}],"curies":[{"name":"wp","href":"https:\/\/api.w.org\/{rel}","templated":true}]}}