{"id":1072965,"date":"2025-12-16T05:23:40","date_gmt":"2025-12-16T02:23:40","guid":{"rendered":"https:\/\/analyse.optim.biz\/?p=1072965"},"modified":"2025-12-16T05:23:40","modified_gmt":"2025-12-16T02:23:40","slug":"managerul-spitalului-clinic-judetean-de-urgenta-suceava-a-demisionat-din-functie","status":"publish","type":"post","link":"https:\/\/analyse.optim.biz\/?p=1072965","title":{"rendered":"Managerul Spitalului Clinic Jude\u021bean de Urgen\u021b\u0103 Suceava a demisionat din func\u021bie"},"content":{"rendered":"<div class=\"entry-content\">\n<p><img decoding=\"async\" loading=\"lazy\" class=\"alignright size-medium wp-image-303376\" src=\"https:\/\/analyse.optim.biz\/wp-content\/uploads\/2025\/12\/spital-suceava-300x169-2.jpg\" width=\"300\" height=\"169\" title=\"spital-suceava-300x169-2\">Managerul Spitalului Clinic Jude\u021bean de Urgen\u021b\u0103 Suceava, medicul Alexandru Calancea, a demisionat din func\u021bie. \u00cen data de 19 martie 2025, acesta a \u00eenaintat Consiliului Jude\u021bean Suceava solicitarea de \u00eencetare a contractului de management al Spitalului Clinic Jude\u021bean de Urgen\u021b\u0103 \u201eSf\u00e2ntul Ioan cel Nou\u201d Suceava, \u00eencep\u00e2nd cu data de 24 martie 2025.<\/p>\n<p>\u201e<em><strong>\u00cen perioada mandatului de\u021binut am avut privilegiul s\u0103 coordonez al\u0103turi de echipa managerial\u0103 activitatea spitalului cu profesionalism \u0219i dedicare, av\u00e2nd ca obiectiv principal dezvoltarea unit\u0103\u021bii sanitare \u0219i \u00eembun\u0103t\u0103\u021birea calit\u0103\u021bii serviciilor medicale oferite pacien\u021bilor. \u00cempreun\u0103 cu echipa coordonat\u0103 de mine, am f\u0103cut ca, spitalul s\u0103 treac\u0103 printr-o serie de transform\u0103ri menite s\u0103 optimizeze fluxurile medicale, am modernizat infrastructura \u0219i am consolidat colaborarea dintre cadrele medicale \u0219i autorit\u0103\u021bile sanitare. Prin aceast\u0103 decizie consider c\u0103 este momentul pentru o schimbare \u00een conducerea institu\u021biei \u0219i pentru continuarea dezvolt\u0103rii acesteia sub o nou\u0103 viziune managerial\u0103\u201d,<\/strong><\/em> a precizat Calancea.<\/p>\n<\/div>\n","protected":false},"excerpt":{"rendered":"<p>Managerul Spitalului Clinic Jude\u021bean de Urgen\u021b\u0103 Suceava, medicul Alexandru Calancea, a demisionat din func\u021bie. \u00cen data de 19 martie 2025, acesta a \u00eenaintat Consiliului Jude\u021bean Suceava solicitarea de \u00eencetare a contractului de management al Spitalului Clinic Jude\u021bean de Urgen\u021b\u0103 \u201eSf\u00e2ntul Ioan cel Nou\u201d Suceava, \u00eencep\u00e2nd cu data de 24 martie 2025. \u201e\u00cen perioada mandatului de\u021binut [&hellip;]<\/p>\n","protected":false},"author":1,"featured_media":1072966,"comment_status":"open","ping_status":"","sticky":false,"template":"","format":"standard","meta":{"footnotes":""},"categories":[89],"tags":[174],"class_list":["post-1072965","post","type-post","status-publish","format-standard","has-post-thumbnail","hentry","category-romania","tag-suceavanews-ro"],"_links":{"self":[{"href":"https:\/\/analyse.optim.biz\/index.php?rest_route=\/wp\/v2\/posts\/1072965","targetHints":{"allow":["GET"]}}],"collection":[{"href":"https:\/\/analyse.optim.biz\/index.php?rest_route=\/wp\/v2\/posts"}],"about":[{"href":"https:\/\/analyse.optim.biz\/index.php?rest_route=\/wp\/v2\/types\/post"}],"author":[{"embeddable":true,"href":"https:\/\/analyse.optim.biz\/index.php?rest_route=\/wp\/v2\/users\/1"}],"replies":[{"embeddable":true,"href":"https:\/\/analyse.optim.biz\/index.php?rest_route=%2Fwp%2Fv2%2Fcomments&post=1072965"}],"version-history":[{"count":0,"href":"https:\/\/analyse.optim.biz\/index.php?rest_route=\/wp\/v2\/posts\/1072965\/revisions"}],"wp:featuredmedia":[{"embeddable":true,"href":"https:\/\/analyse.optim.biz\/index.php?rest_route=\/wp\/v2\/media\/1072966"}],"wp:attachment":[{"href":"https:\/\/analyse.optim.biz\/index.php?rest_route=%2Fwp%2Fv2%2Fmedia&parent=1072965"}],"wp:term":[{"taxonomy":"category","embeddable":true,"href":"https:\/\/analyse.optim.biz\/index.php?rest_route=%2Fwp%2Fv2%2Fcategories&post=1072965"},{"taxonomy":"post_tag","embeddable":true,"href":"https:\/\/analyse.optim.biz\/index.php?rest_route=%2Fwp%2Fv2%2Ftags&post=1072965"}],"curies":[{"name":"wp","href":"https:\/\/api.w.org\/{rel}","templated":true}]}}