{"id":1072928,"date":"2025-12-16T05:22:18","date_gmt":"2025-12-16T02:22:18","guid":{"rendered":"https:\/\/analyse.optim.biz\/?p=1072928"},"modified":"2025-12-16T05:22:18","modified_gmt":"2025-12-16T02:22:18","slug":"program-special-de-vizita-a-pacientilor-la-spitalul-judetean-din-suceava","status":"publish","type":"post","link":"https:\/\/analyse.optim.biz\/?p=1072928","title":{"rendered":"Program special de vizit\u0103 a pacien\u0163ilor la Spitalul Jude\u0163ean din Suceava"},"content":{"rendered":"<div class=\"entry-content\">\n<p><img decoding=\"async\" loading=\"lazy\" class=\"alignright size-medium wp-image-187835\" src=\"https:\/\/analyse.optim.biz\/wp-content\/uploads\/2025\/12\/bolnav-300x200-1.jpg\" width=\"300\" height=\"200\" title=\"bolnav-300x200-1\">Pentru a asigura un acces mai eficient \u0219i sigur al apar\u021bin\u0103torilor \u00een spital, precum \u0219i pentru a \u00eembun\u0103t\u0103\u021bi fluxul de circula\u021bie pe sec\u021bii, Spitalul Clinic Jude\u021bean de Urgen\u021b\u0103 \u201eSf. Ioan cel Nou\u201d Suceava a actualizat programul de vizitare a pacien\u021bilor, cu aplicare din 22.04.2025, astfel:<\/p>\n<ul>\n<li>Pe toate sectiile, cu exceptia ATI: de luni pana vineri intre orele 16-20; \u00a0sambata, duminica si sarbatorile legale 12-18;<\/li>\n<li>Pe sectia ATI intre orele: 12-14 si 18-20.<\/li>\n<\/ul>\n<p>Aceast\u0103 m\u0103sur\u0103 vine \u00een sprijinul pacien\u021bilor, personalului medical \u0219i apar\u021bin\u0103torilor, av\u00e2nd ca scop:<br \/>\n\u2013 Fluidizarea traficului pe sec\u021bii \u2013 evitarea aglomera\u021biei \u0219i asigurarea unui mediu optim pentru desf\u0103\u0219urarea actului medical.<br \/>\n\u2013 Respectarea timpilor de odihn\u0103 \u0219i tratament ai pacien\u021bilor \u2013 accesul vizitatorilor \u00een intervale bine stabilite permite pacien\u021bilor s\u0103 beneficieze de \u00eengrijire medical\u0103 f\u0103r\u0103 \u00eentreruperi.<br \/>\n\u2013 Evitarea supraaglomer\u0103rii \u00een zonele comune ale spitalului \u2013 un program bine structurat faciliteaz\u0103 o circula\u021bie mai ordonat\u0103 ( inclusiv la nivel rutier in cadrul parcarii spitalului) \u0219i previne disconfortul pentru pacien\u021bi \u0219i apar\u021bin\u0103tori.<\/p>\n<\/div>\n","protected":false},"excerpt":{"rendered":"<p>Pentru a asigura un acces mai eficient \u0219i sigur al apar\u021bin\u0103torilor \u00een spital, precum \u0219i pentru a \u00eembun\u0103t\u0103\u021bi fluxul de circula\u021bie pe sec\u021bii, Spitalul Clinic Jude\u021bean de Urgen\u021b\u0103 \u201eSf. Ioan cel Nou\u201d Suceava a actualizat programul de vizitare a pacien\u021bilor, cu aplicare din 22.04.2025, astfel: Pe toate sectiile, cu exceptia ATI: de luni pana vineri [&hellip;]<\/p>\n","protected":false},"author":1,"featured_media":1072929,"comment_status":"open","ping_status":"","sticky":false,"template":"","format":"standard","meta":{"footnotes":""},"categories":[89],"tags":[174],"class_list":["post-1072928","post","type-post","status-publish","format-standard","has-post-thumbnail","hentry","category-romania","tag-suceavanews-ro"],"_links":{"self":[{"href":"https:\/\/analyse.optim.biz\/index.php?rest_route=\/wp\/v2\/posts\/1072928","targetHints":{"allow":["GET"]}}],"collection":[{"href":"https:\/\/analyse.optim.biz\/index.php?rest_route=\/wp\/v2\/posts"}],"about":[{"href":"https:\/\/analyse.optim.biz\/index.php?rest_route=\/wp\/v2\/types\/post"}],"author":[{"embeddable":true,"href":"https:\/\/analyse.optim.biz\/index.php?rest_route=\/wp\/v2\/users\/1"}],"replies":[{"embeddable":true,"href":"https:\/\/analyse.optim.biz\/index.php?rest_route=%2Fwp%2Fv2%2Fcomments&post=1072928"}],"version-history":[{"count":0,"href":"https:\/\/analyse.optim.biz\/index.php?rest_route=\/wp\/v2\/posts\/1072928\/revisions"}],"wp:featuredmedia":[{"embeddable":true,"href":"https:\/\/analyse.optim.biz\/index.php?rest_route=\/wp\/v2\/media\/1072929"}],"wp:attachment":[{"href":"https:\/\/analyse.optim.biz\/index.php?rest_route=%2Fwp%2Fv2%2Fmedia&parent=1072928"}],"wp:term":[{"taxonomy":"category","embeddable":true,"href":"https:\/\/analyse.optim.biz\/index.php?rest_route=%2Fwp%2Fv2%2Fcategories&post=1072928"},{"taxonomy":"post_tag","embeddable":true,"href":"https:\/\/analyse.optim.biz\/index.php?rest_route=%2Fwp%2Fv2%2Ftags&post=1072928"}],"curies":[{"name":"wp","href":"https:\/\/api.w.org\/{rel}","templated":true}]}}