{"id":1071637,"date":"2024-05-07T07:22:38","date_gmt":"2024-05-07T04:22:38","guid":{"rendered":"https:\/\/analyse.optim.biz\/?p=1071637"},"modified":"2024-05-07T07:22:38","modified_gmt":"2024-05-07T04:22:38","slug":"interlopul-timisorean-lucian-mihaltan-abandonat-intr-o-balta-de-sange-cu-bratul-amputat-intr-o-localitate-din-italia-langa-un-bancomat-explodat","status":"publish","type":"post","link":"https:\/\/analyse.optim.biz\/?p=1071637","title":{"rendered":"Interlopul timi\u0219orean Lucian Mih\u0103l\u021ban, abandonat \u00eentr-o balt\u0103 de s\u00e2nge cu bra\u021bul amputat, \u00eentr-o localitate din Italia, l\u00e2ng\u0103 un bancomat explodat"},"content":{"rendered":"<article id=\"template-id-172790\" class=\"post-172790 tdb_templates type-tdb_templates status-publish post\">\n<div id=\"tdi_38\" class=\"tdc-zone\">\n<div class=\"tdc_zone tdi_39  wpb_row td-pb-row\">\n<div id=\"tdi_40\" class=\"tdc-row stretch_row_1400 td-stretch-content\">\n<div class=\"vc_row tdi_41  wpb_row td-pb-row tdc-element-style\">\n<div class=\"vc_column tdi_43  wpb_column vc_column_container tdc-column td-pb-span8\">\n<div class=\"wpb_wrapper\">\n<div class=\"td_block_wrap tdb_single_categories tdi_44 td-pb-border-top td_block_template_1 \" data-td-block-uid=\"tdi_44\">\n<div class=\"tdb-category td-fix-index\"><a class=\"tdb-entry-category\" href=\"https:\/\/voceatimisului.ro\/stiri-din-timisoara-si-timis\/\">\u0218tiri<\/a><a class=\"tdb-entry-category\" href=\"https:\/\/voceatimisului.ro\/stiri-din-timisoara-si-timis\/national-si-international\/\">National si International<\/a><\/div>\n<\/div>\n<div class=\"td_block_wrap tdb_title tdi_45 tdb-single-title td-pb-border-top td_block_template_1\" data-td-block-uid=\"tdi_45\">\n<div class=\"tdb-block-inner td-fix-index\">\n<h1 class=\"tdb-title-text\">Interlopul timi\u0219orean Lucian Mih\u0103l\u021ban, abandonat \u00eentr-o balt\u0103 de s\u00e2nge cu bra\u021bul amputat, \u00eentr-o localitate din Italia, l\u00e2ng\u0103 un bancomat explodat<\/h1>\n<\/div>\n<\/div>\n<div class=\"vc_row_inner tdi_48  vc_row vc_inner wpb_row td-pb-row\">\n<div class=\"vc_column_inner tdi_50  wpb_column vc_column_container tdc-inner-column td-pb-span6\">\n<div class=\"vc_column-inner\">\n<div class=\"wpb_wrapper\">\n<div class=\"td_block_wrap tdb_single_author tdi_51 td-pb-border-top td_block_template_1 tdb-post-meta\" data-td-block-uid=\"tdi_51\">\n<div class=\"tdb-block-inner td-fix-index\">\n<div class=\"tdb-author-name-wrap\"><span class=\"tdb-author-by\">Autor-<\/span><a class=\"tdb-author-name\" href=\"https:\/\/voceatimisului.ro\/author\/marta-stirbey\/\">Marta Stirbey<\/a><\/div>\n<\/div>\n<\/div>\n<div class=\"td_block_wrap tdb_single_date tdi_52 td-pb-border-top td_block_template_1 tdb-post-meta\" data-td-block-uid=\"tdi_52\">\n<div class=\"tdb-block-inner td-fix-index\"><time class=\"entry-date updated td-module-date\" datetime=\"2024-05-07T10:22:38+03:00\">7 mai 2024<\/time><\/div>\n<\/div>\n<div class=\"td_block_wrap tdb_single_comments_count tdi_53 td-pb-border-top td_block_template_1 tdb-post-meta\" data-td-block-uid=\"tdi_53\">\n<div class=\"tdb-block-inner td-fix-index\"><a href=\"https:\/\/voceatimisului.ro\/interlopul-timisorean-lucian-mihaltan-abandonat-intr-o-balta-de-sange-cu-bratul-amputat-intr-o-localitate-din-italia-langa-un-bancomat-explodat\/#respond\"><span>0<\/span><\/a><\/div>\n<\/div>\n<div class=\"td_block_wrap tdb_single_post_views tdi_54 td-pb-border-top td_block_template_1 tdb-post-meta\" data-td-block-uid=\"tdi_54\">\n<div class=\"tdb-block-inner td-fix-index\"><span class=\"tdb-add-text\">1<\/span><span class=\"td-nr-views-161960\">8883<\/span><\/div>\n<\/div>\n<\/div>\n<\/div>\n<\/div>\n<div class=\"vc_column_inner tdi_56  wpb_column vc_column_container tdc-inner-column td-pb-span6\">\n<div class=\"vc_column-inner\">\n<div class=\"wpb_wrapper\">\n<div class=\"td_block_wrap tdb_single_post_share tdi_57  td-pb-border-top td_block_template_1\" data-td-block-uid=\"tdi_57\">\n<div id=\"tdi_57\" class=\"td-post-sharing tdb-block td-ps-bg td-ps-notext td-post-sharing-style1 \">\n<div class=\"td-post-sharing-visible\"><a class=\"td-social-sharing-button td-social-sharing-button-js td-social-network td-social-facebook\" href=\"https:\/\/www.facebook.com\/sharer.php?u=https%3A%2F%2Fvoceatimisului.ro%2Finterlopul-timisorean-lucian-mihaltan-abandonat-intr-o-balta-de-sange-cu-bratul-amputat-intr-o-localitate-din-italia-langa-un-bancomat-explodat%2F\" title=\"Facebook\" rel=\"noopener\"><\/p>\n<div class=\"td-social-but-text\">Facebook<\/div>\n<p><\/a><a class=\"td-social-sharing-button td-social-sharing-button-js td-social-network td-social-twitter\" href=\"https:\/\/twitter.com\/intent\/tweet?text=Interlopul+timi%C8%99orean+Lucian+Mih%C4%83l%C8%9Ban%2C+abandonat+%C3%AEntr-o+balt%C4%83+de+s%C3%A2nge+cu+bra%C8%9Bul+amputat%2C+%C3%AEntr-o+localitate+din+Italia%2C+l%C3%A2ng%C4%83+un+bancomat+explodat&amp;url=https%3A%2F%2Fvoceatimisului.ro%2Finterlopul-timisorean-lucian-mihaltan-abandonat-intr-o-balta-de-sange-cu-bratul-amputat-intr-o-localitate-din-italia-langa-un-bancomat-explodat%2F&amp;via=Vocea+Timisului\" title=\"Twitter\" rel=\"noopener\"><\/p>\n<div class=\"td-social-but-text\">Twitter<\/div>\n<p><\/a><a class=\"td-social-sharing-button td-social-sharing-button-js td-social-network td-social-pinterest\" href=\"https:\/\/pinterest.com\/pin\/create\/button\/?url=https:\/\/voceatimisului.ro\/interlopul-timisorean-lucian-mihaltan-abandonat-intr-o-balta-de-sange-cu-bratul-amputat-intr-o-localitate-din-italia-langa-un-bancomat-explodat\/&amp;media=https:\/\/analyse.optim.biz\/wp-content\/uploads\/2025\/12\/lucian-mihaltan4-1.jpg&amp;description=Interlopul+timi%C8%99orean+Lucian+Mih%C4%83l%C8%9Ban%2C+abandonat+%C3%AEntr-o+balt%C4%83+de+s%C3%A2nge+cu+bra%C8%9Bul+amputat%2C+%C3%AEntr-o+localitate+din+Italia%2C+l%C3%A2ng%C4%83+un+bancomat+explodat\" title=\"Pinterest\" rel=\"noopener\"><\/p>\n<div class=\"td-social-but-text\">Pinterest<\/div>\n<p><\/a><a class=\"td-social-sharing-button td-social-sharing-button-js td-social-network td-social-whatsapp\" href=\"https:\/\/api.whatsapp.com\/send?text=Interlopul+timi%C8%99orean+Lucian+Mih%C4%83l%C8%9Ban%2C+abandonat+%C3%AEntr-o+balt%C4%83+de+s%C3%A2nge+cu+bra%C8%9Bul+amputat%2C+%C3%AEntr-o+localitate+din+Italia%2C+l%C3%A2ng%C4%83+un+bancomat+explodat%20%0A%0A%20https:\/\/voceatimisului.ro\/interlopul-timisorean-lucian-mihaltan-abandonat-intr-o-balta-de-sange-cu-bratul-amputat-intr-o-localitate-din-italia-langa-un-bancomat-explodat\/\" title=\"WhatsApp\" rel=\"noopener\"><\/p>\n<div class=\"td-social-but-text\">WhatsApp<\/div>\n<p><\/a><a class=\"td-social-sharing-button td-social-sharing-button-js td-social-network td-social-linkedin\" href=\"https:\/\/www.linkedin.com\/shareArticle?mini=true&amp;url=https:\/\/voceatimisului.ro\/interlopul-timisorean-lucian-mihaltan-abandonat-intr-o-balta-de-sange-cu-bratul-amputat-intr-o-localitate-din-italia-langa-un-bancomat-explodat\/&amp;title=Interlopul+timi%C8%99orean+Lucian+Mih%C4%83l%C8%9Ban%2C+abandonat+%C3%AEntr-o+balt%C4%83+de+s%C3%A2nge+cu+bra%C8%9Bul+amputat%2C+%C3%AEntr-o+localitate+din+Italia%2C+l%C3%A2ng%C4%83+un+bancomat+explodat\" title=\"Linkedin\" rel=\"noopener\"><\/p>\n<div class=\"td-social-but-text\">Linkedin<\/div>\n<p><\/a><a class=\"td-social-sharing-button td-social-sharing-button-js td-social-network td-social-copy_url\" href=\"https:\/\/voceatimisului.ro\/interlopul-timisorean-lucian-mihaltan-abandonat-intr-o-balta-de-sange-cu-bratul-amputat-intr-o-localitate-din-italia-langa-un-bancomat-explodat\/\" title=\"Copy URL\" rel=\"noopener\"><\/p>\n<div class=\"td-social-but-text\">Copy URL<\/div>\n<p><\/a><\/div>\n<\/div>\n<\/div>\n<\/div>\n<\/div>\n<\/div>\n<\/div>\n<div class=\"td_block_wrap tdb_single_featured_image tdi_58 tdb-content-horiz-left td-pb-border-top td_block_template_1\" data-td-block-uid=\"tdi_58\">\n<div class=\"tdb-block-inner td-fix-index\">\n<figure><img loading=\"lazy\" decoding=\"async\" width=\"566\" height=\"373\" class=\"entry-thumb\" src=\"https:\/\/analyse.optim.biz\/wp-content\/uploads\/2025\/12\/lucian-mihaltan4-1.jpg\" alt=\"Lucian Mihaltan4\" title=\"Lucian Mihaltan4\"><figcaption class=\"tdb-caption-text\">Lucian Mihaltan4<\/figcaption><\/figure>\n<\/div>\n<\/div>\n<div class=\"vc_row_inner tdi_60  vc_row vc_inner wpb_row td-pb-row\">\n<div class=\"vc_column_inner tdi_62  wpb_column vc_column_container tdc-inner-column td-pb-span4 td-is-sticky\">\n<div class=\"vc_column-inner\">\n<div class=\"wpb_wrapper\" data-sticky-enabled-on=\"W3RydWUsdHJ1ZSx0cnVlLHRydWVd\" data-sticky-offset=\"20\" data-sticky-is-width-auto=\"W2ZhbHNlLGZhbHNlLGZhbHNlLGZhbHNlXQ==\">\n<div class=\"td_block_wrap td_flex_block_1 tdi_63 td-pb-border-top td_block_template_1 td_ajax_preloading_preload td_flex_block\" data-td-block-uid=\"tdi_63\">\n<div id=\"tdi_63\" class=\"td_block_inner td-mc1-wrap\">\n<div class=\"td_module_flex td_module_flex_1 td_module_wrap td-animation-stack td-meta-info-hide td-cpt-post\">\n<div class=\"td-module-container td-category-pos-image\">\n<div class=\"td-module-meta-info\">\n<h3 class=\"entry-title td-module-title\"><a href=\"https:\/\/voceatimisului.ro\/urmarit-general-pentru-vatamare-corporala-grava-in-germania-capturat-la-timisoara\/\" rel=\"bookmark\" title=\"Urmarit general pentru vatamare corporala grava in Germania, capturat la Timisoara\">Urmarit general pentru vatamare corporala grava in Germania, capturat la Timisoara<\/a><\/h3>\n<\/div>\n<\/div>\n<\/div>\n<div class=\"td_module_flex td_module_flex_1 td_module_wrap td-animation-stack td-meta-info-hide td-cpt-post\">\n<div class=\"td-module-container td-category-pos-image\">\n<div class=\"td-module-meta-info\">\n<h3 class=\"entry-title td-module-title\"><a href=\"https:\/\/voceatimisului.ro\/barbat-dat-urmarire-de-autoritatile-italiene-prins-de-politistii-din-timisoara-de-craciun\/\" rel=\"bookmark\" title=\"Barbat dat \u00een urmarire de autoritatile italiene, prins de politistii din Timisoara de Craciun\">Barbat dat \u00een urmarire de autoritatile italiene, prins de politistii din Timisoara de Craciun<\/a><\/h3>\n<\/div>\n<\/div>\n<\/div>\n<div class=\"td_module_flex td_module_flex_1 td_module_wrap td-animation-stack td-meta-info-hide td-cpt-post\">\n<div class=\"td-module-container td-category-pos-image\">\n<div class=\"td-module-meta-info\">\n<h3 class=\"entry-title td-module-title\"><a href=\"https:\/\/voceatimisului.ro\/urgenta-112-tigan-periculos-cautat-de-politistii-timiseni-dupa-ce-a-omorat-un-tanar-de-22-de-ani-cu-un-cutit-de-vanatoare\/\" rel=\"bookmark\" title=\"Urgen\u0163\u0103 112! \u0162igan PERICULOS, c\u0103utat de poli\u0163i\u015ftii timi\u015feni dup\u0103 ce a omor\u00e2t un t\u00e2n\u0103r de 22 de ani cu un cu\u0163it de v\u00e2n\u0103toare\">Urgen\u0163\u0103 112! \u0162igan PERICULOS, c\u0103utat de poli\u0163i\u015ftii timi\u015feni dup\u0103 ce a omor\u00e2t un t\u00e2n\u0103r de 22 de ani cu un cu\u0163it de v\u00e2n\u0103toare<\/a><\/h3>\n<\/div>\n<\/div>\n<\/div>\n<div class=\"td_module_flex td_module_flex_1 td_module_wrap td-animation-stack td-meta-info-hide td-cpt-post\">\n<div class=\"td-module-container td-category-pos-image\">\n<div class=\"td-module-meta-info\">\n<h3 class=\"entry-title td-module-title\"><a href=\"https:\/\/voceatimisului.ro\/un-urmarit-general-depistat-de-politistii-de-frontiera-la-cenad-de-ce-va-face-inchisoare\/\" rel=\"bookmark\" title=\"Un urm\u0103rit general, depistat de poli\u021bi\u0219tii de frontier\u0103 la Cenad. De ce va face \u00ceNCHISOARE?\">Un urm\u0103rit general, depistat de poli\u021bi\u0219tii de frontier\u0103 la Cenad. De ce va face \u00ceNCHISOARE?<\/a><\/h3>\n<\/div>\n<\/div>\n<\/div>\n<\/div>\n<\/div>\n<div class=\"tdb-author-box td_block_wrap tdb_single_author_box tdi_68 tdb-content-vert-top td-pb-border-top td_block_template_1\" data-td-block-uid=\"tdi_68\">\n<div class=\"tdb-block-inner td-fix-index\">\n<div class=\"tdb-author-info\"><a href=\"https:\/\/voceatimisului.ro\/author\/marta-stirbey\/\" class=\"tdb-author-name\">Marta Stirbey<\/a><\/p>\n<div class=\"tdb-author-descr\">\u00centreaga responsabilitate a comentariilor l\u0103sate de dumneavoastr\u0103 v\u0103 apar\u021bine!<br \/>\nClick <a href=\"https:\/\/voceatimisului.ro\/termeni-si-conditii\/\">aici<\/a>-citeste condi\u0163iile de utilizare ale site-ului www.voceatimisului.ro<\/div>\n<\/div>\n<\/div>\n<\/div>\n<\/div>\n<\/div>\n<\/div>\n<div class=\"vc_column_inner tdi_70  wpb_column vc_column_container tdc-inner-column td-pb-span8\">\n<div class=\"vc_column-inner\">\n<div class=\"wpb_wrapper\">\n<div class=\"td_block_wrap tdb_single_content tdi_71 td-pb-border-top td_block_template_1 td-post-content tagdiv-type\" data-td-block-uid=\"tdi_71\">\n<div class=\"tdb-block-inner td-fix-index\">\n<h5 class=\"wp-block-heading\">A\u0219a cum anun\u021b\u0103 ziarul italian Forlitoday, \u00een urm\u0103 cu c\u00e2teva zile, un cet\u0103\u021bean rom\u00e2n de 36 de ani, rezident \u00een ora\u0219ul Forli, situat \u00een regiunea Emili-Romagna, a fost grav r\u0103nit, \u00eentr-un atac exploziv asupra bancomatului sucursalei Riviera \u201eCentro Diamante\u201d din localitatea Cattolica. Incidentul, \u00een urm\u0103 c\u0103ruia t\u00e2n\u0103rul \u0219i-a pierdut bra\u021bul drept, a avut loc dup\u0103 miezul nop\u021bii, \u00eentre vineri \u0219i s\u00e2mb\u0103t\u0103, 3 pe 4 mai a.c.. Din primele cercet\u0103ri ale carabinierilor a rezultat faptul c\u0103 jaful a fost pus la cale de o grupare de crim\u0103 organizat\u0103 de rom\u00e2ni, prin folosirea tehnicii \u201emarmotei\u201d, mai exact prin strecurarea unui pachet cu exploziv \u00een fanta bancomatului.<\/h5>\n<p>E clar c\u0103, a\u0219a cum relateaz\u0103 \u0219i presa italian\u0103, \u00een timpul jafului, ceva a mers prost cu declan\u0219atorul bombei, din moment ce rom\u00e2nului de 36 de ani i-a fost smuls bra\u021bul drept cu totul, chiar din um\u0103r, datorit\u0103 exploziei necontrolate, care a avut loc asupra ATM-ului. \u00cenc\u0103 nu e foarte clar dac\u0103 ceilal\u021bi membri ai bandei au reu\u0219it s\u0103 ia \u0219i ceva bani la plecare. Cert e c\u0103, datorit\u0103 panicii \u0219i \u0219ocului, bandi\u021bii au fugit \u0219i l-au l\u0103sat \u00een urm\u0103, la p\u0103m\u00e2nt, pe b\u0103rbatul grav r\u0103nit, care a fost g\u0103sit de poli\u021bi\u0219tii care s-au deplasat la fa\u021ba locului, \u00een urma exploziei. Str\u0103inul, spun jurnali\u0219tii de la <a href=\"https:\/\/www.forlitoday.it\/cronaca\/assalto-esplosivo-braccio-amputato-ladro.html\" target=\"_blank\" rel=\"noopener\">Forlitoday<\/a>, a fost fost transportat de urgen\u021b\u0103 la Spitalul \u201eBufalini\u201d, unde medicii, de\u0219i i-au salvat via\u021ba, nu au mai putut face reconstruc\u021bia bra\u021bului amputat de deflagra\u021bie.<\/p>\n<p>Cercet\u0103rile carabinierilor sunt \u00een desf\u0103\u0219urare pentru identificarea tuturor membrilor bandei, mai ales c\u0103 poli\u021bi\u0219tii italieni au toate datele c\u0103 incidentul din noaptea de 3-4 mai a.c., de pe raza localit\u0103\u021bii Cattolica, nu este deloc singular. Cu at\u00e2t mai mult cu c\u00e2t, evenimente similare, \u00een care bancomate au fost aruncate \u00een aer, au mai avut loc, \u00een ultimele s\u0103pt\u0103m\u00e2ni, \u00een aceea\u0219i regiune Emilia-Romagna. Primul, pe data de 24 martie a.c, c\u00e2nd, conform mass-media din peninsul\u0103, un ATM al b\u0103ncii Bper din Mezzano a fost atacat \u00een miezul nop\u021bii, \u00een jurul orei 3.30. Conform celor reconstruite de carabinieri, care au efectuat cercet\u0103rile legale, bandi\u021bii au \u00eennegrit camerele de supraveghere video \u00eenainte de a intra \u00een ac\u021biune \u0219i, apoi, cu a\u0219a-numita tehnic\u0103 \u201emarmot\u0103\u201d, au aruncat \u00een aer bancomatul, apoi au luat banii.<\/p>\n<p>Apoi, a mai fost un incident pe 26 martie a.c c\u00e2nd acea\u0219i grupare de ho\u021bi rom\u00e2ni, a pr\u0103dat de 16.000 euro, prin aceea\u0219i metod\u0103, un bancomat de la \u201eLa Bcc Ravennate, Forlivese e Imolese\u201d din localitatea Villafranca \u2013 Italia. Cel pu\u021bin, p\u00e2n\u0103 la ora actual\u0103, din primele cercet\u0103ri, cu ajutorul poli\u021bi\u0219tilor din Rom\u00e2nia, carabinierii au reu\u0219it s\u0103 stabileasc\u0103 c\u0103 b\u0103rbatul de 36 de ani, abandonat l\u00e2ng\u0103 bancomatul explodat din comuna Cattolica, este interlopul timi\u0219orean Ioan Lucian Mih\u0103l\u021ban. Din data de 23 martie 2023, a\u0219a cum rezult\u0103 din documente oficiale, Mih\u0103l\u021ban a fost dat \u00een urm\u0103rire interna\u021bional\u0103, av\u00e2nd de executat o condamnare de 9 ani \u0219i 8 luni \u00eenchisoare pentru s\u0103v\u00e2r\u0219irea infrac\u021biunilor de constituire a unui grup infrac\u021bional organizat \u0219i furt calificat cu consecin\u021be deosebit de grave \u00een form\u0103 continuat\u0103.<\/p>\n<p>Pentru cei care nu \u0219tiu, Lucian Mih\u0103l\u021ban a f\u0103cut parte, p\u00e2n\u0103 nu demult, dintr-o grupare de ho\u021bi de lux care, p\u00e2n\u0103 s\u0103 fie destructurat\u0103 de DIICOT, a apucat s\u0103 sparg\u0103 peste 300 de vile \u0219i 126 de sedii de firme din jude\u021bele Timi\u0219, Cara\u0219-Severin \u0219i Arad. Printre cei pr\u0103da\u021bi se num\u0103r\u0103 fostul consilier local, Andrei Petri\u0219or, fiul fostului pre\u0219edinte al Tribunalului Timi\u0219, Mircea Ionescu, fostul director al Romtelecom, medicul anestezist Petre Deutsch, fostul \u0219ef al Finan\u021belor Publice din O\u021belu Ro\u0219u, Petru Lupsac, din casa c\u0103ruia a fost sustras un seif cu 1,7 milioane de lei. Totodat\u0103, Lucian Mih\u0103l\u021ban este acela\u0219i interlop care, ca s\u0103-\u0219i u\u0219ureze pedeapsa cu \u00eenchisoarea, \u00eenainte de a fugi \u00een Italia, l-a denun\u021bat la DIICOT pe nu mai pu\u021bin celebrul Cosmin Mladin din Arad, supranumit \u00eemp\u0103ratul \u021big\u0103rilor de contraband\u0103 de pe zona de vest a Rom\u00e2niei.<\/p>\n<figure class=\"wp-block-embed is-type-video is-provider-youtube wp-block-embed-youtube wp-embed-aspect-16-9 wp-has-aspect-ratio\">\n<div class=\"wp-block-embed__wrapper\">\n<div class=\"youtube-embed\" data-video_id=\"t0vGNLITs0k\"><iframe loading=\"lazy\" title=\"Firenze, assalti con esplosivo agli sportelli bancomat: ecco come agivano\" width=\"696\" height=\"392\" src=\"https:\/\/www.youtube.com\/embed\/t0vGNLITs0k?start=23&amp;feature=oembed\" frameborder allow=\"accelerometer; autoplay; clipboard-write; encrypted-media; gyroscope; picture-in-picture; web-share\" referrerpolicy=\"strict-origin-when-cross-origin\" allowfullscreen><\/iframe><\/div>\n<\/div>\n<\/figure>\n<figure class=\"wp-block-gallery has-nested-images columns-default is-cropped wp-block-gallery-1 is-layout-flex wp-block-gallery-is-layout-flex\">\n<div><a href=\"https:\/\/analyse.optim.biz\/wp-content\/uploads\/2025\/12\/lucian-mihaltan3-540x1024-1.jpg\" class=\"td-modal-image\"><\/p>\n<figure class=\"wp-block-image size-large\"><img loading=\"lazy\" decoding=\"async\" width=\"540\" height=\"1024\" data-id=\"161970\" src=\"https:\/\/analyse.optim.biz\/wp-content\/uploads\/2025\/12\/lucian-mihaltan3-540x1024-1.jpg\" alt=\"Interlopul timi\u0219orean Lucian Mih\u0103l\u021ban, abandonat \u00eentr-o balt\u0103 de s\u00e2nge cu bra\u021bul amputat, \u00eentr-o localitate din Italia, l\u00e2ng\u0103 un bancomat explodat\" class=\"wp-image-161970\" title=\"lucian-mihaltan3-540x1024-1\"><\/figure>\n<p><\/a><\/div>\n<figure class=\"wp-block-image size-large\"><img loading=\"lazy\" decoding=\"async\" width=\"566\" height=\"373\" data-id=\"161969\" src=\"https:\/\/analyse.optim.biz\/wp-content\/uploads\/2025\/12\/lucian-mihaltan4-1.jpg\" alt=\"Lucian Mihaltan4\" class=\"wp-image-161969\" title=\"Lucian Mihaltan4\"><\/figure>\n<figure class=\"wp-block-image size-large\"><img decoding=\"async\" loading=\"lazy\" width=\"1024\" height=\"576\" data-id=\"161968\" src=\"https:\/\/analyse.optim.biz\/wp-content\/uploads\/2025\/12\/lucian-mihaltan1-1024x576-1.jpeg\" alt=\"Interlopul timi\u0219orean Lucian Mih\u0103l\u021ban, abandonat \u00eentr-o balt\u0103 de s\u00e2nge cu bra\u021bul amputat, \u00eentr-o localitate din Italia, l\u00e2ng\u0103 un bancomat explodat\" class=\"wp-image-161968\" title=\"lucian-mihaltan1-1024x576-1\"><\/figure>\n<figure class=\"wp-block-image size-large\"><img decoding=\"async\" loading=\"lazy\" width=\"1024\" height=\"576\" data-id=\"161967\" src=\"https:\/\/analyse.optim.biz\/wp-content\/uploads\/2025\/12\/lucian-mihaltan2-1024x576-1.jpg\" alt=\"Interlopul timi\u0219orean Lucian Mih\u0103l\u021ban, abandonat \u00eentr-o balt\u0103 de s\u00e2nge cu bra\u021bul amputat, \u00eentr-o localitate din Italia, l\u00e2ng\u0103 un bancomat explodat\" class=\"wp-image-161967\" title=\"lucian-mihaltan2-1024x576-1\"><\/figure>\n<\/figure>\n<\/div>\n<\/div>\n<div class=\"td_block_wrap tdb_single_tags tdi_74 td-pb-border-top td_block_template_1\" data-td-block-uid=\"tdi_74\">\n<div class=\"tdb-block-inner td-fix-index\">\n<ul class=\"tdb-tags\">\n<li><span>Tags<\/span><\/li>\n<li><a href=\"https:\/\/voceatimisului.ro\/tag\/bancomat-explodat\/\">bancomat explodat<\/a><\/li>\n<li><a href=\"https:\/\/voceatimisului.ro\/tag\/lucian-mihaltan\/\">Lucian Mih\u0103l\u021ban<\/a><\/li>\n<li><a href=\"https:\/\/voceatimisului.ro\/tag\/urmarit-general\/\">urmarit general<\/a><\/li>\n<\/ul>\n<\/div>\n<\/div>\n<div class=\"td_block_wrap tdb_single_post_share tdi_75  td-pb-border-top td_block_template_1\" data-td-block-uid=\"tdi_75\">\n<div id=\"tdi_75\" class=\"td-post-sharing tdb-block td-ps-bg td-ps-notext td-post-sharing-style1 \">\n<div class=\"td-post-sharing-visible\"><a class=\"td-social-sharing-button td-social-sharing-button-js td-social-network td-social-facebook\" href=\"https:\/\/www.facebook.com\/sharer.php?u=https%3A%2F%2Fvoceatimisului.ro%2Finterlopul-timisorean-lucian-mihaltan-abandonat-intr-o-balta-de-sange-cu-bratul-amputat-intr-o-localitate-din-italia-langa-un-bancomat-explodat%2F\" title=\"Facebook\" rel=\"noopener\"><\/p>\n<div class=\"td-social-but-text\">Facebook<\/div>\n<p><\/a><a class=\"td-social-sharing-button td-social-sharing-button-js td-social-network td-social-twitter\" href=\"https:\/\/twitter.com\/intent\/tweet?text=Interlopul+timi%C8%99orean+Lucian+Mih%C4%83l%C8%9Ban%2C+abandonat+%C3%AEntr-o+balt%C4%83+de+s%C3%A2nge+cu+bra%C8%9Bul+amputat%2C+%C3%AEntr-o+localitate+din+Italia%2C+l%C3%A2ng%C4%83+un+bancomat+explodat&amp;url=https%3A%2F%2Fvoceatimisului.ro%2Finterlopul-timisorean-lucian-mihaltan-abandonat-intr-o-balta-de-sange-cu-bratul-amputat-intr-o-localitate-din-italia-langa-un-bancomat-explodat%2F&amp;via=Vocea+Timisului\" title=\"Twitter\" rel=\"noopener\"><\/p>\n<div class=\"td-social-but-text\">Twitter<\/div>\n<p><\/a><a class=\"td-social-sharing-button td-social-sharing-button-js td-social-network td-social-pinterest\" href=\"https:\/\/pinterest.com\/pin\/create\/button\/?url=https:\/\/voceatimisului.ro\/interlopul-timisorean-lucian-mihaltan-abandonat-intr-o-balta-de-sange-cu-bratul-amputat-intr-o-localitate-din-italia-langa-un-bancomat-explodat\/&amp;media=https:\/\/analyse.optim.biz\/wp-content\/uploads\/2025\/12\/lucian-mihaltan4-1.jpg&amp;description=Interlopul+timi%C8%99orean+Lucian+Mih%C4%83l%C8%9Ban%2C+abandonat+%C3%AEntr-o+balt%C4%83+de+s%C3%A2nge+cu+bra%C8%9Bul+amputat%2C+%C3%AEntr-o+localitate+din+Italia%2C+l%C3%A2ng%C4%83+un+bancomat+explodat\" title=\"Pinterest\" rel=\"noopener\"><\/p>\n<div class=\"td-social-but-text\">Pinterest<\/div>\n<p><\/a><a class=\"td-social-sharing-button td-social-sharing-button-js td-social-network td-social-whatsapp\" href=\"https:\/\/api.whatsapp.com\/send?text=Interlopul+timi%C8%99orean+Lucian+Mih%C4%83l%C8%9Ban%2C+abandonat+%C3%AEntr-o+balt%C4%83+de+s%C3%A2nge+cu+bra%C8%9Bul+amputat%2C+%C3%AEntr-o+localitate+din+Italia%2C+l%C3%A2ng%C4%83+un+bancomat+explodat%20%0A%0A%20https:\/\/voceatimisului.ro\/interlopul-timisorean-lucian-mihaltan-abandonat-intr-o-balta-de-sange-cu-bratul-amputat-intr-o-localitate-din-italia-langa-un-bancomat-explodat\/\" title=\"WhatsApp\" rel=\"noopener\"><\/p>\n<div class=\"td-social-but-text\">WhatsApp<\/div>\n<p><\/a><a class=\"td-social-sharing-button td-social-sharing-button-js td-social-network td-social-linkedin\" href=\"https:\/\/www.linkedin.com\/shareArticle?mini=true&amp;url=https:\/\/voceatimisului.ro\/interlopul-timisorean-lucian-mihaltan-abandonat-intr-o-balta-de-sange-cu-bratul-amputat-intr-o-localitate-din-italia-langa-un-bancomat-explodat\/&amp;title=Interlopul+timi%C8%99orean+Lucian+Mih%C4%83l%C8%9Ban%2C+abandonat+%C3%AEntr-o+balt%C4%83+de+s%C3%A2nge+cu+bra%C8%9Bul+amputat%2C+%C3%AEntr-o+localitate+din+Italia%2C+l%C3%A2ng%C4%83+un+bancomat+explodat\" title=\"Linkedin\" rel=\"noopener\"><\/p>\n<div class=\"td-social-but-text\">Linkedin<\/div>\n<p><\/a><a class=\"td-social-sharing-button td-social-sharing-button-js td-social-network td-social-copy_url\" href=\"https:\/\/voceatimisului.ro\/interlopul-timisorean-lucian-mihaltan-abandonat-intr-o-balta-de-sange-cu-bratul-amputat-intr-o-localitate-din-italia-langa-un-bancomat-explodat\/\" title=\"Copy URL\" rel=\"noopener\"><\/p>\n<div class=\"td-social-but-text\">Copy URL<\/div>\n<p><\/a><\/div>\n<\/div>\n<\/div>\n<div class=\"td_block_wrap tdb_single_next_prev tdi_76 td-animation-stack td-next-prev-img-on td-pb-border-top td_block_template_1\" data-td-block-uid=\"tdi_76\">\n<div class=\"tdb-block-inner td-fix-index\">\n<div class=\"tdb-next-post tdb-next-post-bg tdb-post-prev\"><span>Articolul precedent<\/span><\/p>\n<div class=\"td-module-container\">\n<div class=\"td-image-container\"><a class=\"td-image-wrap\" href=\"https:\/\/voceatimisului.ro\/liberalii-banateni-nu-l-voteaza-pe-pesedistul-alfred-simonis-la-functia-de-presedinte-al-consiliului-judetean-timis\/\"><img loading=\"lazy\" decoding=\"async\" class=\"td-next-prev-image td-fix-index td-lazy-img\" title=\"Liberalii b\u0103n\u0103\u021beni nu-l voteaz\u0103 pe pesedistul Alfred Simonis la func\u021bia de pre\u0219edinte al Consiliului Jude\u021bean Timi\u0219\" width=\"696\" height=\"464\" src=\"https:\/\/analyse.optim.biz\/wp-content\/uploads\/2025\/12\/liberalii-banateni-nu-l-voteaza-pe-pesedistul-alfred-simonis-696x464-1.jpg\"><\/a><\/div>\n<div class=\"next-prev-title\"><a href=\"https:\/\/voceatimisului.ro\/liberalii-banateni-nu-l-voteaza-pe-pesedistul-alfred-simonis-la-functia-de-presedinte-al-consiliului-judetean-timis\/\">Liberalii b\u0103n\u0103\u021beni nu-l voteaz\u0103 pe pesedistul Alfred Simonis la func\u021bia de pre\u0219edinte al Consiliului Jude\u021bean Timi\u0219<\/a><\/div>\n<\/div>\n<\/div>\n<div class=\"tdb-next-post tdb-next-post-bg tdb-post-next\"><span>Articolul urm\u0103tor<\/span><\/p>\n<div class=\"td-module-container\">\n<div class=\"td-image-container\"><a class=\"td-image-wrap\" href=\"https:\/\/voceatimisului.ro\/agentul-sef-raoul-iacob-de-la-biroul-de-investigatii-criminale-face-ce-stie-mai-bine-ii-asteapta-la-cotitura-pe-cei-care-i-au-facut-zile-negre\/\"><img loading=\"lazy\" decoding=\"async\" class=\"td-next-prev-image td-fix-index td-lazy-img\" title=\"Agentul-\u0219ef Raoul Iacob de la Biroul de Investiga\u021bii Criminale face ce \u0219tie mai bine: \u00eei a\u0219teapt\u0103 la cotitur\u0103 pe cei care i-au f\u0103cut zile negre!\" width=\"696\" height=\"605\" src=\"https:\/\/analyse.optim.biz\/wp-content\/uploads\/2025\/12\/raoul-iacob-ipj-timis-696x605-1.jpg\"><\/a><\/div>\n<div class=\"next-prev-title\"><a href=\"https:\/\/voceatimisului.ro\/agentul-sef-raoul-iacob-de-la-biroul-de-investigatii-criminale-face-ce-stie-mai-bine-ii-asteapta-la-cotitura-pe-cei-care-i-au-facut-zile-negre\/\">Agentul-\u0219ef Raoul Iacob de la Biroul de Investiga\u021bii Criminale face ce \u0219tie mai bine: \u00eei a\u0219teapt\u0103 la cotitur\u0103 pe cei care i-au f\u0103cut zile negre!<\/a><\/div>\n<\/div>\n<\/div>\n<\/div>\n<\/div>\n<\/div>\n<\/div>\n<\/div>\n<\/div>\n<div class=\"vc_row_inner tdi_86  vc_row vc_inner wpb_row td-pb-row\">\n<div class=\"vc_column_inner tdi_88  wpb_column vc_column_container tdc-inner-column td-pb-span4 td-is-sticky\">\n<div class=\"vc_column-inner\">\n<div class=\"wpb_wrapper\" data-sticky-enabled-on=\"W3RydWUsdHJ1ZSx0cnVlLHRydWVd\" data-sticky-offset=\"20\" data-sticky-is-width-auto=\"W2ZhbHNlLGZhbHNlLGZhbHNlLGZhbHNlXQ==\">\n<div class=\"td_block_wrap tdb_single_related tdi_89 td_with_ajax_pagination td-pb-border-top td_block_template_1 tdb-single-related-posts\" data-td-block-uid=\"tdi_89\">\n<div id=\"tdi_89\" class=\"td_block_inner tdb-block-inner td-fix-index\">\n<div class=\"tdb_module_related td_module_wrap td-animation-stack td-meta-info-hide\">\n<div class=\"td-module-container td-category-pos-image\">\n<div class=\"td-module-meta-info\">\n<h3 class=\"entry-title td-module-title\"><a href=\"https:\/\/voceatimisului.ro\/un-lugojean-nebun-evadat-din-spital-dat-urmarire-generala-fost-prins-de-politistii-locali-piata-700-din-timisoara\/\" rel=\"bookmark\" title=\"Un lugojean nebun \u201devadat\u201d din spital, dat \u00een urm\u0103rire general\u0103, a fost prins de poli\u021bi\u0219tii locali \u00een Pia\u021ba 700 din Timi\u0219oara\">Un lugojean nebun \u201devadat\u201d din spital, dat \u00een urm\u0103rire general\u0103, a fost prins de poli\u021bi\u0219tii locali \u00een Pia\u021ba 700 din Timi\u0219oara<\/a><\/h3>\n<\/div>\n<\/div>\n<\/div>\n<div class=\"tdb_module_related td_module_wrap td-animation-stack td-meta-info-hide\">\n<div class=\"td-module-container td-category-pos-image\">\n<div class=\"td-module-meta-info\">\n<h3 class=\"entry-title td-module-title\"><a href=\"https:\/\/voceatimisului.ro\/urmarit-general-prins-de-politistii-locali-din-timisoara-de-agitat-ce-era\/\" rel=\"bookmark\" title=\"Urm\u0103rit general, prins de poli\u021bi\u0219tii locali din Timi\u0219oara de \u201dAGITAT\u201d ce era\">Urm\u0103rit general, prins de poli\u021bi\u0219tii locali din Timi\u0219oara de \u201dAGITAT\u201d ce era<\/a><\/h3>\n<\/div>\n<\/div>\n<\/div>\n<div class=\"tdb_module_related td_module_wrap td-animation-stack td-meta-info-hide\">\n<div class=\"td-module-container td-category-pos-image\">\n<div class=\"td-module-meta-info\">\n<h3 class=\"entry-title td-module-title\"><a href=\"https:\/\/voceatimisului.ro\/asta-buna-adrian-haiduc-cautat-de-interpol-care-este-motivul-invocat-de-timisorean-foto\/\" rel=\"bookmark\" title=\"ASTA-I BUN\u0102! Adrian Haiduc c\u0103utat de INTERPOL! Care este motivul \u201einvocat\u201d de timi\u015forean FOTO\">ASTA-I BUN\u0102! Adrian Haiduc c\u0103utat de INTERPOL! Care este motivul \u201einvocat\u201d de timi\u015forean FOTO<\/a><\/h3>\n<\/div>\n<\/div>\n<\/div>\n<\/div>\n<\/div>\n<\/div>\n<\/div>\n<\/div>\n<div class=\"vc_column_inner tdi_91  wpb_column vc_column_container tdc-inner-column td-pb-span8\">\n<div class=\"vc_column-inner\">\n<div class=\"wpb_wrapper\">\n<div class=\"td_block_wrap tdb_single_comments tdi_92 tdb-comm-layout2 td-pb-border-top td_block_template_2\" data-td-block-uid=\"tdi_92\">\n<div class=\"tdb-block-inner td-fix-index\">\n<div class=\"comments\" id=\"comments\">\n<div id=\"respond\" class=\"comment-respond\">\n<h3 id=\"reply-title\" class=\"comment-reply-title\">L\u0102SA\u021aI UN MESAJ <small><a rel=\"nofollow\" id=\"cancel-comment-reply-link\" href=\"https:\/\/voceatimisului.ro\/interlopul-timisorean-lucian-mihaltan-abandonat-intr-o-balta-de-sange-cu-bratul-amputat-intr-o-localitate-din-italia-langa-un-bancomat-explodat\/#respond\">Renun\u021ba\u021bi la r\u0103spuns<\/a><\/small><\/h3>\n<div class=\"comment-form-input-wrap td-form-comment\">\n<div class=\"td-warning-comment\">V\u0103 rug\u0103m s\u0103 introduce\u021bi comentariul dvs.!<\/div>\n<\/div>\n<div class=\"comment-form-input-wrap td-form-author\">\n<div class=\"td-warning-author\">Introduce\u021bi aici numele dvs.<\/div>\n<\/div>\n<div class=\"comment-form-input-wrap td-form-email\">\n<div class=\"td-warning-email-error\">A\u021bi introdus o adres\u0103 de e-mail incorect\u0103!<\/div>\n<div class=\"td-warning-email\">V\u0103 rug\u0103m s\u0103 introduce\u021bi adresa dvs. de e-mail aici<\/div>\n<\/div>\n<\/div>\n<\/div>\n<\/div>\n<\/div>\n<\/div>\n<\/div>\n<\/div>\n<\/div>\n<\/div>\n<\/div>\n<div class=\"vc_column tdi_94  wpb_column vc_column_container tdc-column td-pb-span4 td-is-sticky\">\n<div class=\"wpb_wrapper\" data-sticky-enabled-on=\"W3RydWUsdHJ1ZSx0cnVlLHRydWVd\" data-sticky-offset=\"20\" data-sticky-is-width-auto=\"W2ZhbHNlLGZhbHNlLGZhbHNlLGZhbHNlXQ==\">\n<div class=\"vc_row_inner tdi_96  vc_row vc_inner wpb_row td-pb-row\">\n<div class=\"vc_column_inner tdi_98  wpb_column vc_column_container tdc-inner-column td-pb-span12\">\n<div class=\"vc_column-inner\">\n<div class=\"wpb_wrapper\">\n<div class=\"td_block_wrap td_block_title tdi_99 td-pb-border-top td_block_template_11 td-fix-index\" data-td-block-uid=\"tdi_99\">\n<div class=\"td-block-title-wrap\">\n<h4 class=\"td-block-title\"><span class=\"td-pulldown-size\">ANUN\u021aURI \u0218I PUBLICITATE<\/span><\/h4>\n<\/div>\n<\/div>\n<\/div>\n<\/div>\n<\/div>\n<\/div>\n<div class=\"wpb_wrapper td_block_wrap vc_widget_sidebar tdi_101 \">\n<aside id=\"block-10\" class=\"td_block_template_1 widget block-10 widget_block widget_media_image\">\n<figure class=\"wp-block-image size-full\"><a href=\"https:\/\/adpghiroda.ro\/index.html\" target=\"_blank\" rel=\" noreferrer noopener\"><img decoding=\"async\" loading=\"lazy\" width=\"960\" height=\"960\" src=\"https:\/\/analyse.optim.biz\/wp-content\/uploads\/2025\/12\/adp-ghiroda2-19.jpg\" class=\"wp-image-171492\" title=\"adp-ghiroda2-19\"><\/a><\/figure>\n<\/aside>\n<aside id=\"block-11\" class=\"td_block_template_1 widget block-11 widget_block widget_media_image\">\n<figure class=\"wp-block-image size-full\"><a href=\"https:\/\/adpghiroda.ro\/index.html\" target=\"_blank\" rel=\" noreferrer noopener\"><img decoding=\"async\" loading=\"lazy\" width=\"960\" height=\"960\" src=\"https:\/\/analyse.optim.biz\/wp-content\/uploads\/2025\/12\/adp-ghiroda1-19.jpg\" class=\"wp-image-171491\" title=\"adp-ghiroda1-19\"><\/a><\/figure>\n<\/aside>\n<aside id=\"block-17\" class=\"td_block_template_1 widget block-17 widget_block widget_media_image\">\n<figure class=\"wp-block-image size-large is-resized\"><a href=\"https:\/\/verde.events\/\" target=\"_blank\" rel=\" noreferrer noopener\"><img decoding=\"async\" loading=\"lazy\" width=\"1024\" height=\"683\" src=\"https:\/\/analyse.optim.biz\/wp-content\/uploads\/2025\/12\/verde-events-24-1024x683-20.jpg\" alt=\"Verde Events\" class=\"wp-image-174395\" title=\"verde-events-24-1024x683-20\"><\/a><figcaption class=\"wp-element-caption\"><strong><em>O experien\u021b\u0103 unic\u0103 pentru orice tip de eveniment<\/em><\/strong><\/figcaption><\/figure>\n<\/aside>\n<\/div>\n<\/div>\n<\/div>\n<\/div>\n<\/div>\n<\/div>\n<\/div>\n<p><span class=\"td-page-meta\"><\/span><span class=\"td-page-meta\"><span class=\"td-page-meta\"><\/span><\/span><span class=\"td-page-meta\"><\/span><\/article>\n<p> Source URL: https:\/\/voceatimisului.ro\/interlopul-timisorean-lucian-mihaltan-abandonat-intr-o-balta-de-sange-cu-bratul-amputat-intr-o-localitate-din-italia-langa-un-bancomat-explodat\/<\/p>\n","protected":false},"excerpt":{"rendered":"<p>\u0218tiriNational si International Interlopul timi\u0219orean Lucian Mih\u0103l\u021ban, abandonat \u00eentr-o balt\u0103 de s\u00e2nge cu bra\u021bul amputat, \u00eentr-o localitate din Italia, l\u00e2ng\u0103 un bancomat explodat Autor-Marta Stirbey 7 mai 2024 0 18883 Facebook Twitter Pinterest WhatsApp Linkedin Copy URL Lucian Mihaltan4 Urmarit general pentru vatamare corporala grava in Germania, capturat la Timisoara Barbat dat \u00een urmarire de [&hellip;]<\/p>\n","protected":false},"author":1,"featured_media":1071638,"comment_status":"open","ping_status":"","sticky":false,"template":"","format":"standard","meta":{"footnotes":""},"categories":[89],"tags":[199],"class_list":["post-1071637","post","type-post","status-publish","format-standard","has-post-thumbnail","hentry","category-romania","tag-voceatimisului-ro"],"_links":{"self":[{"href":"https:\/\/analyse.optim.biz\/index.php?rest_route=\/wp\/v2\/posts\/1071637","targetHints":{"allow":["GET"]}}],"collection":[{"href":"https:\/\/analyse.optim.biz\/index.php?rest_route=\/wp\/v2\/posts"}],"about":[{"href":"https:\/\/analyse.optim.biz\/index.php?rest_route=\/wp\/v2\/types\/post"}],"author":[{"embeddable":true,"href":"https:\/\/analyse.optim.biz\/index.php?rest_route=\/wp\/v2\/users\/1"}],"replies":[{"embeddable":true,"href":"https:\/\/analyse.optim.biz\/index.php?rest_route=%2Fwp%2Fv2%2Fcomments&post=1071637"}],"version-history":[{"count":0,"href":"https:\/\/analyse.optim.biz\/index.php?rest_route=\/wp\/v2\/posts\/1071637\/revisions"}],"wp:featuredmedia":[{"embeddable":true,"href":"https:\/\/analyse.optim.biz\/index.php?rest_route=\/wp\/v2\/media\/1071638"}],"wp:attachment":[{"href":"https:\/\/analyse.optim.biz\/index.php?rest_route=%2Fwp%2Fv2%2Fmedia&parent=1071637"}],"wp:term":[{"taxonomy":"category","embeddable":true,"href":"https:\/\/analyse.optim.biz\/index.php?rest_route=%2Fwp%2Fv2%2Fcategories&post=1071637"},{"taxonomy":"post_tag","embeddable":true,"href":"https:\/\/analyse.optim.biz\/index.php?rest_route=%2Fwp%2Fv2%2Ftags&post=1071637"}],"curies":[{"name":"wp","href":"https:\/\/api.w.org\/{rel}","templated":true}]}}