{"id":1071593,"date":"2025-07-29T10:11:27","date_gmt":"2025-07-29T07:11:27","guid":{"rendered":"https:\/\/analyse.optim.biz\/?p=1071593"},"modified":"2025-07-29T10:11:27","modified_gmt":"2025-07-29T07:11:27","slug":"timis-si-voivodina-pregatesc-proiecte-comune-card-regional-de-sanatate-solutii-pentru-agricultura-si-pista-de-biciclete-transfrontaliera","status":"publish","type":"post","link":"https:\/\/analyse.optim.biz\/?p=1071593","title":{"rendered":"Timi\u0219 \u0219i Voivodina preg\u0103tesc proiecte comune: card regional de s\u0103n\u0103tate, solu\u021bii pentru agricultur\u0103 \u0219i pist\u0103 de biciclete transfrontalier\u0103"},"content":{"rendered":"<article id=\"template-id-172790\" class=\"post-172790 tdb_templates type-tdb_templates status-publish post\">\n<div id=\"tdi_38\" class=\"tdc-zone\">\n<div class=\"tdc_zone tdi_39  wpb_row td-pb-row\">\n<div id=\"tdi_40\" class=\"tdc-row stretch_row_1400 td-stretch-content\">\n<div class=\"vc_row tdi_41  wpb_row td-pb-row tdc-element-style\">\n<div class=\"vc_column tdi_43  wpb_column vc_column_container tdc-column td-pb-span8\">\n<div class=\"wpb_wrapper\">\n<div class=\"td_block_wrap tdb_single_categories tdi_44 td-pb-border-top td_block_template_1 \" data-td-block-uid=\"tdi_44\">\n<div class=\"tdb-category td-fix-index\"><a class=\"tdb-entry-category\" href=\"https:\/\/voceatimisului.ro\/stiri-din-timisoara-si-timis\/\">\u0218tiri<\/a><a class=\"tdb-entry-category\" href=\"https:\/\/voceatimisului.ro\/stiri-din-timisoara-si-timis\/national-si-international\/\">National si International<\/a><\/div>\n<\/div>\n<div class=\"td_block_wrap tdb_title tdi_45 tdb-single-title td-pb-border-top td_block_template_1\" data-td-block-uid=\"tdi_45\">\n<div class=\"tdb-block-inner td-fix-index\">\n<h1 class=\"tdb-title-text\">Timi\u0219 \u0219i Voivodina preg\u0103tesc proiecte comune: card regional de s\u0103n\u0103tate, solu\u021bii pentru agricultur\u0103 \u0219i pist\u0103 de biciclete transfrontalier\u0103<\/h1>\n<\/div>\n<\/div>\n<div class=\"td_block_wrap tdb_single_subtitle tdi_46 td-pb-border-top td_block_template_1\" data-td-block-uid=\"tdi_46\">\n<div class=\"tdb-block-inner td-fix-index\">\n<h2>Vicepre\u0219edin\u021bii Consiliului Jude\u021bean Timi\u0219 \u0219i ai Guvernului Voivodinei au discutat extinderea cooper\u0103rii bilaterale, cu accent pe s\u0103n\u0103tate, mobilitate \u0219i agricultur\u0103 \u00een zona de frontier\u0103.<\/h2>\n<\/div>\n<\/div>\n<div class=\"vc_row_inner tdi_48  vc_row vc_inner wpb_row td-pb-row\">\n<div class=\"vc_column_inner tdi_50  wpb_column vc_column_container tdc-inner-column td-pb-span6\">\n<div class=\"vc_column-inner\">\n<div class=\"wpb_wrapper\">\n<div class=\"td_block_wrap tdb_single_author tdi_51 td-pb-border-top td_block_template_1 tdb-post-meta\" data-td-block-uid=\"tdi_51\">\n<div class=\"tdb-block-inner td-fix-index\">\n<div class=\"tdb-author-name-wrap\"><span class=\"tdb-author-by\">Autor-<\/span><a class=\"tdb-author-name\" href=\"https:\/\/voceatimisului.ro\/author\/marta-stirbey\/\">Marta Stirbey<\/a><\/div>\n<\/div>\n<\/div>\n<div class=\"td_block_wrap tdb_single_date tdi_52 td-pb-border-top td_block_template_1 tdb-post-meta\" data-td-block-uid=\"tdi_52\">\n<div class=\"tdb-block-inner td-fix-index\"><time class=\"entry-date updated td-module-date\" datetime=\"2025-07-29T13:11:27+03:00\">29 iulie 2025<\/time><\/div>\n<\/div>\n<div class=\"td_block_wrap tdb_single_comments_count tdi_53 td-pb-border-top td_block_template_1 tdb-post-meta\" data-td-block-uid=\"tdi_53\">\n<div class=\"tdb-block-inner td-fix-index\"><a href=\"https:\/\/voceatimisului.ro\/timis-si-voivodina-pregatesc-proiecte-comune-card-regional-de-sanatate-solutii-pentru-agricultura-si-pista-de-biciclete-transfrontaliera\/#respond\"><span>0<\/span><\/a><\/div>\n<\/div>\n<div class=\"td_block_wrap tdb_single_post_views tdi_54 td-pb-border-top td_block_template_1 tdb-post-meta\" data-td-block-uid=\"tdi_54\">\n<div class=\"tdb-block-inner td-fix-index\"><span class=\"tdb-add-text\">1<\/span><span class=\"td-nr-views-174230\">391<\/span><\/div>\n<\/div>\n<\/div>\n<\/div>\n<\/div>\n<div class=\"vc_column_inner tdi_56  wpb_column vc_column_container tdc-inner-column td-pb-span6\">\n<div class=\"vc_column-inner\">\n<div class=\"wpb_wrapper\">\n<div class=\"td_block_wrap tdb_single_post_share tdi_57  td-pb-border-top td_block_template_1\" data-td-block-uid=\"tdi_57\">\n<div id=\"tdi_57\" class=\"td-post-sharing tdb-block td-ps-bg td-ps-notext td-post-sharing-style1 \">\n<div class=\"td-post-sharing-visible\"><a class=\"td-social-sharing-button td-social-sharing-button-js td-social-network td-social-facebook\" href=\"https:\/\/www.facebook.com\/sharer.php?u=https%3A%2F%2Fvoceatimisului.ro%2Ftimis-si-voivodina-pregatesc-proiecte-comune-card-regional-de-sanatate-solutii-pentru-agricultura-si-pista-de-biciclete-transfrontaliera%2F\" title=\"Facebook\" rel=\"noopener\"><\/p>\n<div class=\"td-social-but-text\">Facebook<\/div>\n<p><\/a><a class=\"td-social-sharing-button td-social-sharing-button-js td-social-network td-social-twitter\" href=\"https:\/\/twitter.com\/intent\/tweet?text=Timi%C8%99+%C8%99i+Voivodina+preg%C4%83tesc+proiecte+comune%3A+card+regional+de+s%C4%83n%C4%83tate%2C+solu%C8%9Bii+pentru+agricultur%C4%83+%C8%99i+pist%C4%83+de+biciclete+transfrontalier%C4%83&amp;url=https%3A%2F%2Fvoceatimisului.ro%2Ftimis-si-voivodina-pregatesc-proiecte-comune-card-regional-de-sanatate-solutii-pentru-agricultura-si-pista-de-biciclete-transfrontaliera%2F&amp;via=Vocea+Timisului\" title=\"Twitter\" rel=\"noopener\"><\/p>\n<div class=\"td-social-but-text\">Twitter<\/div>\n<p><\/a><a class=\"td-social-sharing-button td-social-sharing-button-js td-social-network td-social-pinterest\" href=\"https:\/\/pinterest.com\/pin\/create\/button\/?url=https:\/\/voceatimisului.ro\/timis-si-voivodina-pregatesc-proiecte-comune-card-regional-de-sanatate-solutii-pentru-agricultura-si-pista-de-biciclete-transfrontaliera\/&amp;media=https:\/\/voceatimisului.ro\/wp-content\/uploads\/2025\/07\/Timis-si-Voivodina-pregatesc-proiecte-comune-3.jpg&amp;description=Timi%C8%99+%C8%99i+Voivodina+preg%C4%83tesc+proiecte+comune%3A+card+regional+de+s%C4%83n%C4%83tate%2C+solu%C8%9Bii+pentru+agricultur%C4%83+%C8%99i+pist%C4%83+de+biciclete+transfrontalier%C4%83\" title=\"Pinterest\" rel=\"noopener\"><\/p>\n<div class=\"td-social-but-text\">Pinterest<\/div>\n<p><\/a><a class=\"td-social-sharing-button td-social-sharing-button-js td-social-network td-social-whatsapp\" href=\"https:\/\/api.whatsapp.com\/send?text=Timi%C8%99+%C8%99i+Voivodina+preg%C4%83tesc+proiecte+comune%3A+card+regional+de+s%C4%83n%C4%83tate%2C+solu%C8%9Bii+pentru+agricultur%C4%83+%C8%99i+pist%C4%83+de+biciclete+transfrontalier%C4%83%20%0A%0A%20https:\/\/voceatimisului.ro\/timis-si-voivodina-pregatesc-proiecte-comune-card-regional-de-sanatate-solutii-pentru-agricultura-si-pista-de-biciclete-transfrontaliera\/\" title=\"WhatsApp\" rel=\"noopener\"><\/p>\n<div class=\"td-social-but-text\">WhatsApp<\/div>\n<p><\/a><a class=\"td-social-sharing-button td-social-sharing-button-js td-social-network td-social-linkedin\" href=\"https:\/\/www.linkedin.com\/shareArticle?mini=true&amp;url=https:\/\/voceatimisului.ro\/timis-si-voivodina-pregatesc-proiecte-comune-card-regional-de-sanatate-solutii-pentru-agricultura-si-pista-de-biciclete-transfrontaliera\/&amp;title=Timi%C8%99+%C8%99i+Voivodina+preg%C4%83tesc+proiecte+comune%3A+card+regional+de+s%C4%83n%C4%83tate%2C+solu%C8%9Bii+pentru+agricultur%C4%83+%C8%99i+pist%C4%83+de+biciclete+transfrontalier%C4%83\" title=\"Linkedin\" rel=\"noopener\"><\/p>\n<div class=\"td-social-but-text\">Linkedin<\/div>\n<p><\/a><a class=\"td-social-sharing-button td-social-sharing-button-js td-social-network td-social-copy_url\" href=\"https:\/\/voceatimisului.ro\/timis-si-voivodina-pregatesc-proiecte-comune-card-regional-de-sanatate-solutii-pentru-agricultura-si-pista-de-biciclete-transfrontaliera\/\" title=\"Copy URL\" rel=\"noopener\"><\/p>\n<div class=\"td-social-but-text\">Copy URL<\/div>\n<p><\/a><\/div>\n<\/div>\n<\/div>\n<\/div>\n<\/div>\n<\/div>\n<\/div>\n<div class=\"td_block_wrap tdb_single_featured_image tdi_58 tdb-content-horiz-left td-pb-border-top td_block_template_1\" data-td-block-uid=\"tdi_58\">\n<div class=\"tdb-block-inner td-fix-index\"><img loading=\"lazy\" decoding=\"async\" width=\"696\" height=\"464\" class=\"entry-thumb\" src=\"https:\/\/analyse.optim.biz\/wp-content\/uploads\/2025\/12\/timis-si-voivodina-pregatesc-proiecte-comune-3-696x464-1.jpg\" alt=\"Timi\u0219 \u0219i Voivodina preg\u0103tesc proiecte comune\" title=\"Timi\u0219 \u0219i Voivodina preg\u0103tesc proiecte comune-3\"><\/div>\n<\/div>\n<div class=\"vc_row_inner tdi_60  vc_row vc_inner wpb_row td-pb-row\">\n<div class=\"vc_column_inner tdi_62  wpb_column vc_column_container tdc-inner-column td-pb-span4 td-is-sticky\">\n<div class=\"vc_column-inner\">\n<div class=\"wpb_wrapper\" data-sticky-enabled-on=\"W3RydWUsdHJ1ZSx0cnVlLHRydWVd\" data-sticky-offset=\"20\" data-sticky-is-width-auto=\"W2ZhbHNlLGZhbHNlLGZhbHNlLGZhbHNlXQ==\">\n<div class=\"td_block_wrap td_flex_block_1 tdi_63 td-pb-border-top td_block_template_1 td_ajax_preloading_preload td_flex_block\" data-td-block-uid=\"tdi_63\">\n<div id=\"tdi_63\" class=\"td_block_inner td-mc1-wrap\">\n<div class=\"td_module_flex td_module_flex_1 td_module_wrap td-animation-stack td-meta-info-hide td-cpt-post\">\n<div class=\"td-module-container td-category-pos-image\">\n<div class=\"td-module-meta-info\">\n<h3 class=\"entry-title td-module-title\"><a href=\"https:\/\/voceatimisului.ro\/banatul-trece-de-prima-etapa-in-cursa-pentru-titlul-de-regiune-gastronomica-europeana-2028\/\" rel=\"bookmark\" title=\"Banatul trece de prima etap\u0103 \u00een cursa pentru titlul de Regiune Gastronomic\u0103 European\u0103 2028\">Banatul trece de prima etap\u0103 \u00een cursa pentru titlul de Regiune Gastronomic\u0103 European\u0103 2028<\/a><\/h3>\n<\/div>\n<\/div>\n<\/div>\n<div class=\"td_module_flex td_module_flex_1 td_module_wrap td-animation-stack td-meta-info-hide td-cpt-post\">\n<div class=\"td-module-container td-category-pos-image\">\n<div class=\"td-module-meta-info\">\n<h3 class=\"entry-title td-module-title\"><a href=\"https:\/\/voceatimisului.ro\/oferta-culturala-a-consiliului-judetean-timis-in-perioada-8-14-decembrie\/\" rel=\"bookmark\" title=\"Oferta cultural\u0103 a Consiliului Jude\u021bean Timi\u0219 \u00een perioada 8-14 decembrie\">Oferta cultural\u0103 a Consiliului Jude\u021bean Timi\u0219 \u00een perioada 8-14 decembrie<\/a><\/h3>\n<\/div>\n<\/div>\n<\/div>\n<div class=\"td_module_flex td_module_flex_1 td_module_wrap td-animation-stack td-meta-info-hide td-cpt-post\">\n<div class=\"td-module-container td-category-pos-image\">\n<div class=\"td-module-meta-info\">\n<h3 class=\"entry-title td-module-title\"><a href=\"https:\/\/voceatimisului.ro\/lights-of-the-village-la-muzeul-satului-banatean-din-timisoara\/\" rel=\"bookmark\" title=\"Lights of the Village la Muzeul Satului B\u0103n\u0103\u021bean din Timi\u0219oara\">Lights of the Village la Muzeul Satului B\u0103n\u0103\u021bean din Timi\u0219oara<\/a><\/h3>\n<\/div>\n<\/div>\n<\/div>\n<div class=\"td_module_flex td_module_flex_1 td_module_wrap td-animation-stack td-meta-info-hide td-cpt-post\">\n<div class=\"td-module-container td-category-pos-image\">\n<div class=\"td-module-meta-info\">\n<h3 class=\"entry-title td-module-title\"><a href=\"https:\/\/voceatimisului.ro\/retim-sfideaza-legea-si-institutiile-din-timis-foloseste-echipamente-publice-fara-drept-si-blocheaza-accesul-la-informatii\/\" rel=\"bookmark\" title=\"RETIM sfideaz\u0103 legea \u0219i institu\u021biile din Timi\u0219, folose\u0219te echipamente publice f\u0103r\u0103 drept \u0219i blocheaz\u0103 accesul la informa\u021bii\">RETIM sfideaz\u0103 legea \u0219i institu\u021biile din Timi\u0219, folose\u0219te echipamente publice f\u0103r\u0103 drept \u0219i blocheaz\u0103 accesul la informa\u021bii<\/a><\/h3>\n<\/div>\n<\/div>\n<\/div>\n<\/div>\n<\/div>\n<div class=\"tdb-author-box td_block_wrap tdb_single_author_box tdi_68 tdb-content-vert-top td-pb-border-top td_block_template_1\" data-td-block-uid=\"tdi_68\">\n<div class=\"tdb-block-inner td-fix-index\">\n<div class=\"tdb-author-info\"><a href=\"https:\/\/voceatimisului.ro\/author\/marta-stirbey\/\" class=\"tdb-author-name\">Marta Stirbey<\/a><\/p>\n<div class=\"tdb-author-descr\">\u00centreaga responsabilitate a comentariilor l\u0103sate de dumneavoastr\u0103 v\u0103 apar\u021bine!<br \/>\nClick <a href=\"https:\/\/voceatimisului.ro\/termeni-si-conditii\/\">aici<\/a>-citeste condi\u0163iile de utilizare ale site-ului www.voceatimisului.ro<\/div>\n<\/div>\n<\/div>\n<\/div>\n<\/div>\n<\/div>\n<\/div>\n<div class=\"vc_column_inner tdi_70  wpb_column vc_column_container tdc-inner-column td-pb-span8\">\n<div class=\"vc_column-inner\">\n<div class=\"wpb_wrapper\">\n<div class=\"td_block_wrap tdb_single_content tdi_71 td-pb-border-top td_block_template_1 td-post-content tagdiv-type\" data-td-block-uid=\"tdi_71\">\n<div class=\"tdb-block-inner td-fix-index\">\n<h2 class=\"wp-block-heading\">O delega\u021bie a Guvernului Provinciei Autonome Voivodina, condus\u0103 de vicepre\u0219edintele Tomislav \u017digmanov, s-a \u00eent\u00e2lnit la Timi\u0219oara cu vicepre\u0219edin\u021bii Consiliului Jude\u021bean Timi\u0219 pentru a discuta direc\u021bii concrete de cooperare transfrontalier\u0103.<\/h2>\n<p><strong><em>\u201eExplor\u0103m ideea unui card regional de s\u0103n\u0103tate care s\u0103 faciliteze accesul la servicii medicale \u00een zona de grani\u021b\u0103\u201d,<\/em><\/strong> a declarat Alexandru Iovescu, vicepre\u0219edinte al CJ Timi\u0219. Partea s\u00e2rb\u0103 s-a ar\u0103tat interesat\u0103 de propunere \u0219i a lansat invita\u021bia pentru o \u00eent\u00e2lnire tehnic\u0103 de lucru \u00een vederea stabilirii pa\u0219ilor urm\u0103tori.<\/p>\n<p>Cooperarea va continua \u0219i \u00een cadrul celui mai important proiect comun de p\u00e2n\u0103 acum: <strong>reabilitarea canalului Bega<\/strong>. Ambele administra\u021bii recunosc nevoia <strong>construirii unui punct de trecere a frontierei<\/strong>, naval \u0219i pietonal, \u00eentre Uivar \u0219i Srpski Itebej, pentru a asigura sustenabilitatea investi\u021biei. \u00cen paralel, se are \u00een vedere extinderea <strong>pistei de biciclete<\/strong> de-a lungul canalului \u0219i crearea unor <strong>circuite turistice transfrontaliere<\/strong>, cu finan\u021bare european\u0103.<\/p>\n<p>\u00cen contextul schimb\u0103rilor climatice \u0219i al lipsei de ap\u0103, s-a discutat \u0219i despre <strong>agricultura inteligent\u0103<\/strong> \u0219i metode sustenabile de iriga\u021bie.<br \/><strong><em>\u201eZonele agricole din regiunea transfrontalier\u0103 sunt afectate, astfel c\u0103 suntem \u00een c\u0103utarea unor solu\u021bii punctuale \u0219i concrete pentru problemele cu care se confrunt\u0103 agricultorii\u201d, <\/em><\/strong>a afirmat Alin Popoviciu, vicepre\u0219edinte al CJ Timi\u0219.<\/p>\n<p>\u00cent\u00e2lnirea s-a \u00eencheiat cu angajamentul ambelor p\u0103r\u021bi de a transforma aceste idei \u00een proiecte concrete, prin finan\u021b\u0103ri europene \u0219i colaborare institu\u021bional\u0103 str\u00e2ns\u0103.<\/p>\n<figure class=\"wp-block-gallery has-nested-images columns-default is-cropped wp-block-gallery-1 is-layout-flex wp-block-gallery-is-layout-flex\">\n<div><a href=\"https:\/\/analyse.optim.biz\/wp-content\/uploads\/2025\/12\/timis-si-voivodina-pregatesc-proiecte-comune-2-1024x683-1.jpg\" class=\"td-modal-image\"><\/p>\n<figure class=\"wp-block-image size-large\"><img loading=\"lazy\" decoding=\"async\" width=\"1024\" height=\"683\" data-id=\"174234\" src=\"https:\/\/analyse.optim.biz\/wp-content\/uploads\/2025\/12\/timis-si-voivodina-pregatesc-proiecte-comune-2-1024x683-1.jpg\" alt=\"Timi\u0219 \u0219i Voivodina preg\u0103tesc proiecte comune: card regional de s\u0103n\u0103tate, solu\u021bii pentru agricultur\u0103 \u0219i pist\u0103 de biciclete transfrontalier\u0103\" class=\"wp-image-174234\" title=\"timis-si-voivodina-pregatesc-proiecte-comune-2-1024x683-1\"><\/figure>\n<p><\/a><\/div>\n<div><a href=\"https:\/\/analyse.optim.biz\/wp-content\/uploads\/2025\/12\/timis-si-voivodina-pregatesc-proiecte-comune-4-1024x683-1.jpg\" class=\"td-modal-image\"><\/p>\n<figure class=\"wp-block-image size-large\"><img loading=\"lazy\" decoding=\"async\" width=\"1024\" height=\"683\" data-id=\"174233\" src=\"https:\/\/analyse.optim.biz\/wp-content\/uploads\/2025\/12\/timis-si-voivodina-pregatesc-proiecte-comune-4-1024x683-1.jpg\" alt=\"Timi\u0219 \u0219i Voivodina preg\u0103tesc proiecte comune: card regional de s\u0103n\u0103tate, solu\u021bii pentru agricultur\u0103 \u0219i pist\u0103 de biciclete transfrontalier\u0103\" class=\"wp-image-174233\" title=\"timis-si-voivodina-pregatesc-proiecte-comune-4-1024x683-1\"><\/figure>\n<p><\/a><\/div>\n<div><a href=\"https:\/\/analyse.optim.biz\/wp-content\/uploads\/2025\/12\/timis-si-voivodina-pregatesc-proiecte-comune-1-1024x683-1.jpg\" class=\"td-modal-image\"><\/p>\n<figure class=\"wp-block-image size-large\"><img loading=\"lazy\" decoding=\"async\" width=\"1024\" height=\"683\" data-id=\"174237\" src=\"https:\/\/analyse.optim.biz\/wp-content\/uploads\/2025\/12\/timis-si-voivodina-pregatesc-proiecte-comune-1-1024x683-1.jpg\" alt=\"Timi\u0219 \u0219i Voivodina preg\u0103tesc proiecte comune: card regional de s\u0103n\u0103tate, solu\u021bii pentru agricultur\u0103 \u0219i pist\u0103 de biciclete transfrontalier\u0103\" class=\"wp-image-174237\" title=\"timis-si-voivodina-pregatesc-proiecte-comune-1-1024x683-1\"><\/figure>\n<p><\/a><\/div>\n<div><a href=\"https:\/\/analyse.optim.biz\/wp-content\/uploads\/2025\/12\/timis-si-voivodina-pregatesc-proiecte-comune-5-1024x683-1.jpg\" class=\"td-modal-image\"><\/p>\n<figure class=\"wp-block-image size-large\"><img decoding=\"async\" loading=\"lazy\" width=\"1024\" height=\"683\" data-id=\"174235\" src=\"https:\/\/analyse.optim.biz\/wp-content\/uploads\/2025\/12\/timis-si-voivodina-pregatesc-proiecte-comune-5-1024x683-1.jpg\" alt=\"Timi\u0219 \u0219i Voivodina preg\u0103tesc proiecte comune: card regional de s\u0103n\u0103tate, solu\u021bii pentru agricultur\u0103 \u0219i pist\u0103 de biciclete transfrontalier\u0103\" class=\"wp-image-174235\" title=\"timis-si-voivodina-pregatesc-proiecte-comune-5-1024x683-1\"><\/figure>\n<p><\/a><\/div>\n<div><a href=\"https:\/\/analyse.optim.biz\/wp-content\/uploads\/2025\/12\/timis-si-voivodina-pregatesc-proiecte-comune-3-1024x683-2.jpg\" class=\"td-modal-image\"><\/p>\n<figure class=\"wp-block-image size-large\"><img decoding=\"async\" loading=\"lazy\" width=\"1024\" height=\"683\" data-id=\"174236\" src=\"https:\/\/analyse.optim.biz\/wp-content\/uploads\/2025\/12\/timis-si-voivodina-pregatesc-proiecte-comune-3-1024x683-2.jpg\" alt=\"Timi\u0219 \u0219i Voivodina preg\u0103tesc proiecte comune: card regional de s\u0103n\u0103tate, solu\u021bii pentru agricultur\u0103 \u0219i pist\u0103 de biciclete transfrontalier\u0103\" class=\"wp-image-174236\" title=\"timis-si-voivodina-pregatesc-proiecte-comune-3-1024x683-2\"><\/figure>\n<p><\/a><\/div>\n<\/figure>\n<\/div>\n<\/div>\n<div class=\"td_block_wrap tdb_single_tags tdi_74 td-pb-border-top td_block_template_1\" data-td-block-uid=\"tdi_74\">\n<div class=\"tdb-block-inner td-fix-index\">\n<ul class=\"tdb-tags\">\n<li><span>Tags<\/span><\/li>\n<li><a href=\"https:\/\/voceatimisului.ro\/tag\/alexandru-iovescu\/\">Alexandru Iovescu<\/a><\/li>\n<li><a href=\"https:\/\/voceatimisului.ro\/tag\/alin-popoviciu\/\">alin popoviciu<\/a><\/li>\n<li><a href=\"https:\/\/voceatimisului.ro\/tag\/consiliul-judetean-timis\/\">consiliul judetean timis<\/a><\/li>\n<li><a href=\"https:\/\/voceatimisului.ro\/tag\/pista-de-biciclete-transfrontaliera\/\">pist\u0103 de biciclete transfrontalier\u0103<\/a><\/li>\n<li><a href=\"https:\/\/voceatimisului.ro\/tag\/voivodina\/\">Voivodina<\/a><\/li>\n<\/ul>\n<\/div>\n<\/div>\n<div class=\"td_block_wrap tdb_single_post_share tdi_75  td-pb-border-top td_block_template_1\" data-td-block-uid=\"tdi_75\">\n<div id=\"tdi_75\" class=\"td-post-sharing tdb-block td-ps-bg td-ps-notext td-post-sharing-style1 \">\n<div class=\"td-post-sharing-visible\"><a class=\"td-social-sharing-button td-social-sharing-button-js td-social-network td-social-facebook\" href=\"https:\/\/www.facebook.com\/sharer.php?u=https%3A%2F%2Fvoceatimisului.ro%2Ftimis-si-voivodina-pregatesc-proiecte-comune-card-regional-de-sanatate-solutii-pentru-agricultura-si-pista-de-biciclete-transfrontaliera%2F\" title=\"Facebook\" rel=\"noopener\"><\/p>\n<div class=\"td-social-but-text\">Facebook<\/div>\n<p><\/a><a class=\"td-social-sharing-button td-social-sharing-button-js td-social-network td-social-twitter\" href=\"https:\/\/twitter.com\/intent\/tweet?text=Timi%C8%99+%C8%99i+Voivodina+preg%C4%83tesc+proiecte+comune%3A+card+regional+de+s%C4%83n%C4%83tate%2C+solu%C8%9Bii+pentru+agricultur%C4%83+%C8%99i+pist%C4%83+de+biciclete+transfrontalier%C4%83&amp;url=https%3A%2F%2Fvoceatimisului.ro%2Ftimis-si-voivodina-pregatesc-proiecte-comune-card-regional-de-sanatate-solutii-pentru-agricultura-si-pista-de-biciclete-transfrontaliera%2F&amp;via=Vocea+Timisului\" title=\"Twitter\" rel=\"noopener\"><\/p>\n<div class=\"td-social-but-text\">Twitter<\/div>\n<p><\/a><a class=\"td-social-sharing-button td-social-sharing-button-js td-social-network td-social-pinterest\" href=\"https:\/\/pinterest.com\/pin\/create\/button\/?url=https:\/\/voceatimisului.ro\/timis-si-voivodina-pregatesc-proiecte-comune-card-regional-de-sanatate-solutii-pentru-agricultura-si-pista-de-biciclete-transfrontaliera\/&amp;media=https:\/\/voceatimisului.ro\/wp-content\/uploads\/2025\/07\/Timis-si-Voivodina-pregatesc-proiecte-comune-3.jpg&amp;description=Timi%C8%99+%C8%99i+Voivodina+preg%C4%83tesc+proiecte+comune%3A+card+regional+de+s%C4%83n%C4%83tate%2C+solu%C8%9Bii+pentru+agricultur%C4%83+%C8%99i+pist%C4%83+de+biciclete+transfrontalier%C4%83\" title=\"Pinterest\" rel=\"noopener\"><\/p>\n<div class=\"td-social-but-text\">Pinterest<\/div>\n<p><\/a><a class=\"td-social-sharing-button td-social-sharing-button-js td-social-network td-social-whatsapp\" href=\"https:\/\/api.whatsapp.com\/send?text=Timi%C8%99+%C8%99i+Voivodina+preg%C4%83tesc+proiecte+comune%3A+card+regional+de+s%C4%83n%C4%83tate%2C+solu%C8%9Bii+pentru+agricultur%C4%83+%C8%99i+pist%C4%83+de+biciclete+transfrontalier%C4%83%20%0A%0A%20https:\/\/voceatimisului.ro\/timis-si-voivodina-pregatesc-proiecte-comune-card-regional-de-sanatate-solutii-pentru-agricultura-si-pista-de-biciclete-transfrontaliera\/\" title=\"WhatsApp\" rel=\"noopener\"><\/p>\n<div class=\"td-social-but-text\">WhatsApp<\/div>\n<p><\/a><a class=\"td-social-sharing-button td-social-sharing-button-js td-social-network td-social-linkedin\" href=\"https:\/\/www.linkedin.com\/shareArticle?mini=true&amp;url=https:\/\/voceatimisului.ro\/timis-si-voivodina-pregatesc-proiecte-comune-card-regional-de-sanatate-solutii-pentru-agricultura-si-pista-de-biciclete-transfrontaliera\/&amp;title=Timi%C8%99+%C8%99i+Voivodina+preg%C4%83tesc+proiecte+comune%3A+card+regional+de+s%C4%83n%C4%83tate%2C+solu%C8%9Bii+pentru+agricultur%C4%83+%C8%99i+pist%C4%83+de+biciclete+transfrontalier%C4%83\" title=\"Linkedin\" rel=\"noopener\"><\/p>\n<div class=\"td-social-but-text\">Linkedin<\/div>\n<p><\/a><a class=\"td-social-sharing-button td-social-sharing-button-js td-social-network td-social-copy_url\" href=\"https:\/\/voceatimisului.ro\/timis-si-voivodina-pregatesc-proiecte-comune-card-regional-de-sanatate-solutii-pentru-agricultura-si-pista-de-biciclete-transfrontaliera\/\" title=\"Copy URL\" rel=\"noopener\"><\/p>\n<div class=\"td-social-but-text\">Copy URL<\/div>\n<p><\/a><\/div>\n<\/div>\n<\/div>\n<div class=\"td_block_wrap tdb_single_next_prev tdi_76 td-animation-stack td-next-prev-img-on td-pb-border-top td_block_template_1\" data-td-block-uid=\"tdi_76\">\n<div class=\"tdb-block-inner td-fix-index\">\n<div class=\"tdb-next-post tdb-next-post-bg tdb-post-prev\"><span>Articolul precedent<\/span><\/p>\n<div class=\"td-module-container\">\n<div class=\"td-image-container\"><a class=\"td-image-wrap\" href=\"https:\/\/voceatimisului.ro\/timisul-a-sarbatorit-106-ani-de-administratie-romaneasca-simonis-trebuie-sa-recunoastem-ca-la-capitolul-investitii-nu-suntem-campioni\/\"><img loading=\"lazy\" decoding=\"async\" class=\"td-next-prev-image td-fix-index td-lazy-img\" title=\"Timi\u0219ul a s\u0103rb\u0103torit 106 ani de administra\u021bie rom\u00e2neasc\u0103. Simonis: \u201eTrebuie s\u0103 recunoa\u0219tem c\u0103, la capitolul investi\u021bii, nu suntem campioni\u201d\" width=\"696\" height=\"464\" src=\"https:\/\/analyse.optim.biz\/wp-content\/uploads\/2025\/12\/timisul-a-sarbatorit-106-ani-de-administratie-romaneasca-05-696x464-1.jpg\"><\/a><\/div>\n<div class=\"next-prev-title\"><a href=\"https:\/\/voceatimisului.ro\/timisul-a-sarbatorit-106-ani-de-administratie-romaneasca-simonis-trebuie-sa-recunoastem-ca-la-capitolul-investitii-nu-suntem-campioni\/\">Timi\u0219ul a s\u0103rb\u0103torit 106 ani de administra\u021bie rom\u00e2neasc\u0103. Simonis: \u201eTrebuie s\u0103 recunoa\u0219tem c\u0103, la capitolul investi\u021bii, nu suntem campioni\u201d<\/a><\/div>\n<\/div>\n<\/div>\n<div class=\"tdb-next-post tdb-next-post-bg tdb-post-next\"><span>Articolul urm\u0103tor<\/span><\/p>\n<div class=\"td-module-container\">\n<div class=\"td-image-container\"><a class=\"td-image-wrap\" href=\"https:\/\/voceatimisului.ro\/politia-sparge-reteaua-care-a-jefuit-posta-timisoara-de-947-milioane-de-lei-directorul-lulciuc-ramane-neatins\/\"><img loading=\"lazy\" decoding=\"async\" class=\"td-next-prev-image td-fix-index td-lazy-img\" title=\"Poli\u021bia sparge re\u021beaua care a jefuit Po\u0219ta Timi\u0219oara de 9,47 milioane de lei. Directorul Lulciuc r\u0103m\u00e2ne neatins\" width=\"696\" height=\"392\" src=\"https:\/\/analyse.optim.biz\/wp-content\/uploads\/2025\/12\/maxresdefault-1-696x392-1.jpg\"><\/a><\/div>\n<div class=\"next-prev-title\"><a href=\"https:\/\/voceatimisului.ro\/politia-sparge-reteaua-care-a-jefuit-posta-timisoara-de-947-milioane-de-lei-directorul-lulciuc-ramane-neatins\/\">Poli\u021bia sparge re\u021beaua care a jefuit Po\u0219ta Timi\u0219oara de 9,47 milioane de lei. Directorul Lulciuc r\u0103m\u00e2ne neatins<\/a><\/div>\n<\/div>\n<\/div>\n<\/div>\n<\/div>\n<\/div>\n<\/div>\n<\/div>\n<\/div>\n<div class=\"vc_row_inner tdi_86  vc_row vc_inner wpb_row td-pb-row\">\n<div class=\"vc_column_inner tdi_88  wpb_column vc_column_container tdc-inner-column td-pb-span4 td-is-sticky\">\n<div class=\"vc_column-inner\">\n<div class=\"wpb_wrapper\" data-sticky-enabled-on=\"W3RydWUsdHJ1ZSx0cnVlLHRydWVd\" data-sticky-offset=\"20\" data-sticky-is-width-auto=\"W2ZhbHNlLGZhbHNlLGZhbHNlLGZhbHNlXQ==\">\n<div class=\"td_block_wrap tdb_single_related tdi_89 td_with_ajax_pagination td-pb-border-top td_block_template_1 tdb-single-related-posts\" data-td-block-uid=\"tdi_89\">\n<div id=\"tdi_89\" class=\"td_block_inner tdb-block-inner td-fix-index\">\n<div class=\"tdb_module_related td_module_wrap td-animation-stack td-meta-info-hide\">\n<div class=\"td-module-container td-category-pos-image\">\n<div class=\"td-module-meta-info\">\n<h3 class=\"entry-title td-module-title\"><a href=\"https:\/\/voceatimisului.ro\/visit-timis-promoveaza-judetul-la-targul-international-de-turism-din-novi-sad\/\" rel=\"bookmark\" title=\"Visit Timi\u0219 promoveaz\u0103 jude\u021bul la T\u00e2rgul Interna\u021bional de Turism din Novi Sad\">Visit Timi\u0219 promoveaz\u0103 jude\u021bul la T\u00e2rgul Interna\u021bional de Turism din Novi Sad<\/a><\/h3>\n<\/div>\n<\/div>\n<\/div>\n<div class=\"tdb_module_related td_module_wrap td-animation-stack td-meta-info-hide\">\n<div class=\"td-module-container td-category-pos-image\">\n<div class=\"td-module-meta-info\">\n<h3 class=\"entry-title td-module-title\"><a href=\"https:\/\/voceatimisului.ro\/eveniment-de-iarna-la-muzeul-satului-banatean-organizat-de-consiliul-judetean-timis\/\" rel=\"bookmark\" title=\"Eveniment de iarn\u0103 la Muzeul Satului B\u0103n\u0103\u021bean, organizat de Consiliul Jude\u021bean Timi\u0219\">Eveniment de iarn\u0103 la Muzeul Satului B\u0103n\u0103\u021bean, organizat de Consiliul Jude\u021bean Timi\u0219<\/a><\/h3>\n<\/div>\n<\/div>\n<\/div>\n<div class=\"tdb_module_related td_module_wrap td-animation-stack td-meta-info-hide\">\n<div class=\"td-module-container td-category-pos-image\">\n<div class=\"td-module-meta-info\">\n<h3 class=\"entry-title td-module-title\"><a href=\"https:\/\/voceatimisului.ro\/proiectia-pariu-pe-timis-ajunge-la-sag\/\" rel=\"bookmark\" title=\"Proiec\u021bia \u201ePariu pe Timi\u0219\u201d ajunge la \u0218ag\">Proiec\u021bia \u201ePariu pe Timi\u0219\u201d ajunge la \u0218ag<\/a><\/h3>\n<\/div>\n<\/div>\n<\/div>\n<\/div>\n<\/div>\n<\/div>\n<\/div>\n<\/div>\n<div class=\"vc_column_inner tdi_91  wpb_column vc_column_container tdc-inner-column td-pb-span8\">\n<div class=\"vc_column-inner\">\n<div class=\"wpb_wrapper\">\n<div class=\"td_block_wrap tdb_single_comments tdi_92 tdb-comm-layout2 td-pb-border-top td_block_template_2\" data-td-block-uid=\"tdi_92\">\n<div class=\"tdb-block-inner td-fix-index\">\n<div class=\"comments\" id=\"comments\">\n<div id=\"respond\" class=\"comment-respond\">\n<h3 id=\"reply-title\" class=\"comment-reply-title\">L\u0102SA\u021aI UN MESAJ <small><a rel=\"nofollow\" id=\"cancel-comment-reply-link\" href=\"https:\/\/voceatimisului.ro\/timis-si-voivodina-pregatesc-proiecte-comune-card-regional-de-sanatate-solutii-pentru-agricultura-si-pista-de-biciclete-transfrontaliera\/#respond\">Renun\u021ba\u021bi la r\u0103spuns<\/a><\/small><\/h3>\n<div class=\"comment-form-input-wrap td-form-comment\">\n<div class=\"td-warning-comment\">V\u0103 rug\u0103m s\u0103 introduce\u021bi comentariul dvs.!<\/div>\n<\/div>\n<div class=\"comment-form-input-wrap td-form-author\">\n<div class=\"td-warning-author\">Introduce\u021bi aici numele dvs.<\/div>\n<\/div>\n<div class=\"comment-form-input-wrap td-form-email\">\n<div class=\"td-warning-email-error\">A\u021bi introdus o adres\u0103 de e-mail incorect\u0103!<\/div>\n<div class=\"td-warning-email\">V\u0103 rug\u0103m s\u0103 introduce\u021bi adresa dvs. de e-mail aici<\/div>\n<\/div>\n<\/div>\n<\/div>\n<\/div>\n<\/div>\n<\/div>\n<\/div>\n<\/div>\n<\/div>\n<\/div>\n<\/div>\n<div class=\"vc_column tdi_94  wpb_column vc_column_container tdc-column td-pb-span4 td-is-sticky\">\n<div class=\"wpb_wrapper\" data-sticky-enabled-on=\"W3RydWUsdHJ1ZSx0cnVlLHRydWVd\" data-sticky-offset=\"20\" data-sticky-is-width-auto=\"W2ZhbHNlLGZhbHNlLGZhbHNlLGZhbHNlXQ==\">\n<div class=\"vc_row_inner tdi_96  vc_row vc_inner wpb_row td-pb-row\">\n<div class=\"vc_column_inner tdi_98  wpb_column vc_column_container tdc-inner-column td-pb-span12\">\n<div class=\"vc_column-inner\">\n<div class=\"wpb_wrapper\">\n<div class=\"td_block_wrap td_block_title tdi_99 td-pb-border-top td_block_template_11 td-fix-index\" data-td-block-uid=\"tdi_99\">\n<div class=\"td-block-title-wrap\">\n<h4 class=\"td-block-title\"><span class=\"td-pulldown-size\">ANUN\u021aURI \u0218I PUBLICITATE<\/span><\/h4>\n<\/div>\n<\/div>\n<\/div>\n<\/div>\n<\/div>\n<\/div>\n<div class=\"wpb_wrapper td_block_wrap vc_widget_sidebar tdi_101 \">\n<aside id=\"block-10\" class=\"td_block_template_1 widget block-10 widget_block widget_media_image\">\n<figure class=\"wp-block-image size-full\"><a href=\"https:\/\/adpghiroda.ro\/index.html\" target=\"_blank\" rel=\" noreferrer noopener\"><img decoding=\"async\" loading=\"lazy\" width=\"960\" height=\"960\" src=\"https:\/\/analyse.optim.biz\/wp-content\/uploads\/2025\/12\/adp-ghiroda2-18.jpg\" class=\"wp-image-171492\" title=\"adp-ghiroda2-18\"><\/a><\/figure>\n<\/aside>\n<aside id=\"block-11\" class=\"td_block_template_1 widget block-11 widget_block widget_media_image\">\n<figure class=\"wp-block-image size-full\"><a href=\"https:\/\/adpghiroda.ro\/index.html\" target=\"_blank\" rel=\" noreferrer noopener\"><img decoding=\"async\" loading=\"lazy\" width=\"960\" height=\"960\" src=\"https:\/\/analyse.optim.biz\/wp-content\/uploads\/2025\/12\/adp-ghiroda1-18.jpg\" class=\"wp-image-171491\" title=\"adp-ghiroda1-18\"><\/a><\/figure>\n<\/aside>\n<aside id=\"block-17\" class=\"td_block_template_1 widget block-17 widget_block widget_media_image\">\n<figure class=\"wp-block-image size-large is-resized\"><a href=\"https:\/\/verde.events\/\" target=\"_blank\" rel=\" noreferrer noopener\"><img decoding=\"async\" loading=\"lazy\" width=\"1024\" height=\"683\" src=\"https:\/\/analyse.optim.biz\/wp-content\/uploads\/2025\/12\/verde-events-24-1024x683-19.jpg\" alt=\"Verde Events\" class=\"wp-image-174395\" title=\"verde-events-24-1024x683-19\"><\/a><figcaption class=\"wp-element-caption\"><strong><em>O experien\u021b\u0103 unic\u0103 pentru orice tip de eveniment<\/em><\/strong><\/figcaption><\/figure>\n<\/aside>\n<\/div>\n<div class=\"td_block_wrap td_flex_block_1 tdi_107 td-pb-border-top td_block_template_1 td_ajax_preloading_preload td_flex_block\" data-td-block-uid=\"tdi_107\">\n<div id=\"tdi_107\" class=\"td_block_inner td-mc1-wrap\">\n<div class=\"td_module_flex td_module_flex_1 td_module_wrap td-animation-stack td-meta-info-hide td-cpt-post\">\n<div class=\"td-module-container td-category-pos-image\">\n<div class=\"td-module-meta-info\">\n<h3 class=\"entry-title td-module-title\"><a href=\"https:\/\/voceatimisului.ro\/oferta-culturala-a-consiliului-judetean-timis-pentru-perioada-17-23-noiembrie\/\" rel=\"bookmark\" title=\"Oferta cultural\u0103 a Consiliului Jude\u021bean Timi\u0219 pentru perioada 17\u201323 noiembrie\">Oferta cultural\u0103 a Consiliului Jude\u021bean Timi\u0219 pentru perioada 17\u201323 noiembrie<\/a><\/h3>\n<\/div>\n<\/div>\n<\/div>\n<div class=\"td_module_flex td_module_flex_1 td_module_wrap td-animation-stack td-meta-info-hide td-cpt-post\">\n<div class=\"td-module-container td-category-pos-image\">\n<div class=\"td-module-meta-info\">\n<h3 class=\"entry-title td-module-title\"><a href=\"https:\/\/voceatimisului.ro\/demolarea-stadionului-dan-paltinisanu-documentele-care-demonteaza-acuzatiile-aparute-in-spatiul-public\/\" rel=\"bookmark\" title=\"Demolarea stadionului Dan P\u0103ltini\u0219anu. Documentele care demonteaz\u0103 acuza\u021biile ap\u0103rute \u00een spa\u021biul public\">Demolarea stadionului Dan P\u0103ltini\u0219anu. Documentele care demonteaz\u0103 acuza\u021biile ap\u0103rute \u00een spa\u021biul public<\/a><\/h3>\n<\/div>\n<\/div>\n<\/div>\n<div class=\"td_module_flex td_module_flex_1 td_module_wrap td-animation-stack td-meta-info-hide td-cpt-post\">\n<div class=\"td-module-container td-category-pos-image\">\n<div class=\"td-module-meta-info\">\n<h3 class=\"entry-title td-module-title\"><a href=\"https:\/\/voceatimisului.ro\/alfred-simonis-raspuns-pe-intelesul-tuturor-de-ce-timisul-merge-inainte-si-alte-judete-bat-pasul-pe-loc\/\" rel=\"bookmark\" title=\"Alfred Simonis, r\u0103spuns pe \u00een\u021belesul tuturor: de ce Timi\u0219ul merge \u00eenainte \u0219i alte jude\u021be bat pasul pe loc\">Alfred Simonis, r\u0103spuns pe \u00een\u021belesul tuturor: de ce Timi\u0219ul merge \u00eenainte \u0219i alte jude\u021be bat pasul pe loc<\/a><\/h3>\n<\/div>\n<\/div>\n<\/div>\n<div class=\"td_module_flex td_module_flex_1 td_module_wrap td-animation-stack td-meta-info-hide td-cpt-post\">\n<div class=\"td-module-container td-category-pos-image\">\n<div class=\"td-module-meta-info\">\n<h3 class=\"entry-title td-module-title\"><a href=\"https:\/\/voceatimisului.ro\/alfred-simonis-un-an-de-mandat-si-cea-mai-coerenta-administratie-judeteana-de-dupa-1989\/\" rel=\"bookmark\" title=\"Alfred Simonis: un an de mandat \u0219i cea mai coerent\u0103 administra\u021bie jude\u021bean\u0103 de dup\u0103 1989\">Alfred Simonis: un an de mandat \u0219i cea mai coerent\u0103 administra\u021bie jude\u021bean\u0103 de dup\u0103 1989<\/a><\/h3>\n<\/div>\n<\/div>\n<\/div>\n<div class=\"td_module_flex td_module_flex_1 td_module_wrap td-animation-stack td-meta-info-hide td-cpt-post\">\n<div class=\"td-module-container td-category-pos-image\">\n<div class=\"td-module-meta-info\">\n<h3 class=\"entry-title td-module-title\"><a href=\"https:\/\/voceatimisului.ro\/alfred-simonis-consiliul-judetean-timis-va-finanta-refacerea-scolii-din-lovrin-distruse-de-incendiu\/\" rel=\"bookmark\" title=\"Alfred Simonis: Consiliul Jude\u021bean Timi\u0219 va finan\u021ba refacerea \u0219colii din Lovrin distruse de incendiu\">Alfred Simonis: Consiliul Jude\u021bean Timi\u0219 va finan\u021ba refacerea \u0219colii din Lovrin distruse de incendiu<\/a><\/h3>\n<\/div>\n<\/div>\n<\/div>\n<\/div>\n<\/div>\n<\/div>\n<\/div>\n<\/div>\n<\/div>\n<\/div>\n<\/div>\n<p><span class=\"td-page-meta\"><\/span><span class=\"td-page-meta\"><span class=\"td-page-meta\"><\/span><\/span><span class=\"td-page-meta\"><\/span><\/article>\n<p> Source URL: https:\/\/voceatimisului.ro\/timis-si-voivodina-pregatesc-proiecte-comune-card-regional-de-sanatate-solutii-pentru-agricultura-si-pista-de-biciclete-transfrontaliera\/<\/p>\n","protected":false},"excerpt":{"rendered":"<p>\u0218tiriNational si International Timi\u0219 \u0219i Voivodina preg\u0103tesc proiecte comune: card regional de s\u0103n\u0103tate, solu\u021bii pentru agricultur\u0103 \u0219i pist\u0103 de biciclete transfrontalier\u0103 Vicepre\u0219edin\u021bii Consiliului Jude\u021bean Timi\u0219 \u0219i ai Guvernului Voivodinei au discutat extinderea cooper\u0103rii bilaterale, cu accent pe s\u0103n\u0103tate, mobilitate \u0219i agricultur\u0103 \u00een zona de frontier\u0103. Autor-Marta Stirbey 29 iulie 2025 0 1391 Facebook Twitter Pinterest [&hellip;]<\/p>\n","protected":false},"author":1,"featured_media":1071594,"comment_status":"open","ping_status":"","sticky":false,"template":"","format":"standard","meta":{"footnotes":""},"categories":[89],"tags":[199],"class_list":["post-1071593","post","type-post","status-publish","format-standard","has-post-thumbnail","hentry","category-romania","tag-voceatimisului-ro"],"_links":{"self":[{"href":"https:\/\/analyse.optim.biz\/index.php?rest_route=\/wp\/v2\/posts\/1071593","targetHints":{"allow":["GET"]}}],"collection":[{"href":"https:\/\/analyse.optim.biz\/index.php?rest_route=\/wp\/v2\/posts"}],"about":[{"href":"https:\/\/analyse.optim.biz\/index.php?rest_route=\/wp\/v2\/types\/post"}],"author":[{"embeddable":true,"href":"https:\/\/analyse.optim.biz\/index.php?rest_route=\/wp\/v2\/users\/1"}],"replies":[{"embeddable":true,"href":"https:\/\/analyse.optim.biz\/index.php?rest_route=%2Fwp%2Fv2%2Fcomments&post=1071593"}],"version-history":[{"count":0,"href":"https:\/\/analyse.optim.biz\/index.php?rest_route=\/wp\/v2\/posts\/1071593\/revisions"}],"wp:featuredmedia":[{"embeddable":true,"href":"https:\/\/analyse.optim.biz\/index.php?rest_route=\/wp\/v2\/media\/1071594"}],"wp:attachment":[{"href":"https:\/\/analyse.optim.biz\/index.php?rest_route=%2Fwp%2Fv2%2Fmedia&parent=1071593"}],"wp:term":[{"taxonomy":"category","embeddable":true,"href":"https:\/\/analyse.optim.biz\/index.php?rest_route=%2Fwp%2Fv2%2Fcategories&post=1071593"},{"taxonomy":"post_tag","embeddable":true,"href":"https:\/\/analyse.optim.biz\/index.php?rest_route=%2Fwp%2Fv2%2Ftags&post=1071593"}],"curies":[{"name":"wp","href":"https:\/\/api.w.org\/{rel}","templated":true}]}}