{"id":1070040,"date":"2025-12-03T15:04:55","date_gmt":"2025-12-03T12:04:55","guid":{"rendered":"https:\/\/analyse.optim.biz\/?p=1070040"},"modified":"2025-12-03T15:04:55","modified_gmt":"2025-12-03T12:04:55","slug":"deputatul-dragos-ciobotaru-critica-alianta-de-facto-dintre-aur-si-psd-in-consiliul-judetean-se-murdaresc-pentru-cateva-firimituri-jurnal-de-vrancea-stiri-din-vrancea-si-focsani","status":"publish","type":"post","link":"https:\/\/analyse.optim.biz\/?p=1070040","title":{"rendered":"Deputatul Drago\u0219 Ciobotaru critic\u0103 alian\u021ba de facto dintre AUR \u0219i PSD \u00een consiliul jude\u021bean: \u201eSe murd\u0103resc pentru c\u00e2teva firimituri!\u201d | Jurnal de Vrancea &#8211; Stiri din Vrancea si Focsani"},"content":{"rendered":"<article id=\"template-id-121345\" class=\"post-121345 tdb_templates type-tdb_templates status-publish post\">\n<div id=\"tdi_73\" class=\"tdc-zone\">\n<div class=\"tdc_zone tdi_74  wpb_row td-pb-row\">\n<div id=\"tdi_75\" class=\"tdc-row\">\n<div class=\"vc_row tdi_76  wpb_row td-pb-row\">\n<div class=\"vc_column tdi_78  wpb_column vc_column_container tdc-column td-pb-span12\">\n<div class=\"wpb_wrapper\">\n<div class=\"td_block_wrap td-a-rec td-a-rec-id-custom-spot td-a-rec-img tdi_79 td_block_template_1\">\n<div><a href target=\"blank\" class=\"td_spot_img_all\"><img loading=\"lazy\" decoding=\"async\" src=\"https:\/\/analyse.optim.biz\/wp-content\/uploads\/2025\/12\/banner-aurora-multimarket-1200x200px-11.jpg\" alt=\"spot_img\" width=\"1200\" height=\"200\" title=\"banner-aurora-multimarket-1200x200px-11\"><\/a><a href target=\"blank\" class=\"td_spot_img_mob\"><img loading=\"lazy\" decoding=\"async\" src=\"https:\/\/analyse.optim.biz\/wp-content\/uploads\/2025\/12\/banner-aurora-multimarket-350x350px-11.jpg\" alt=\"spot_img\" width=\"300\" height=\"350\" title=\"banner-aurora-multimarket-350x350px-11\"><\/a><\/div>\n<\/div>\n<\/div>\n<\/div>\n<\/div>\n<\/div>\n<div id=\"tdi_80\" class=\"tdc-row\">\n<div class=\"vc_row tdi_81  wpb_row td-pb-row\">\n<div class=\"vc_column tdi_83  wpb_column vc_column_container tdc-column td-pb-span12\">\n<div class=\"wpb_wrapper\">\n<div class=\"td_block_wrap tdb_breadcrumbs tdi_84 td-pb-border-top td_block_template_1 tdb-breadcrumbs \" data-td-block-uid=\"tdi_84\">\n<div class=\"tdb-block-inner td-fix-index\"><span><a title class=\"tdb-entry-crumb\" href=\"https:\/\/www.jurnaldevrancea.ro\/\">Acas\u0103<\/a><\/span><span><a title=\"Vede\u021bi toate articolele \u00een Actualitate\" class=\"tdb-entry-crumb\" href=\"https:\/\/www.jurnaldevrancea.ro\/actualitate\/\">Actualitate<\/a><\/span><span class=\"tdb-bred-no-url-last\">Deputatul Drago\u0219 Ciobotaru critic\u0103 alian\u021ba de facto dintre AUR \u0219i PSD \u00een consiliul jude\u021bean: \u201eSe murd\u0103resc&#8230;<\/span><\/div>\n<\/div>\n<div class=\"td_block_wrap tdb_single_categories tdi_85 td-pb-border-top td_block_template_1 \" data-td-block-uid=\"tdi_85\">\n<div class=\"tdb-category td-fix-index\"><a class=\"tdb-entry-category\" href=\"https:\/\/www.jurnaldevrancea.ro\/actualitate\/\">Actualitate<\/a><a class=\"tdb-entry-category\" href=\"https:\/\/www.jurnaldevrancea.ro\/politica\/\">Politic\u0103<\/a><\/div>\n<\/div>\n<div class=\"td_block_wrap tdb_title tdi_86 tdb-single-title td-pb-border-top td_block_template_1\" data-td-block-uid=\"tdi_86\">\n<div class=\"tdb-block-inner td-fix-index\">\n<h2 class=\"tdb-title-text\">Deputatul Drago\u0219 Ciobotaru critic\u0103 alian\u021ba de facto dintre AUR \u0219i PSD \u00een consiliul jude\u021bean: \u201eSe murd\u0103resc pentru c\u00e2teva firimituri!\u201d<\/h2>\n<\/div>\n<\/div>\n<div class=\"vc_row_inner tdi_88  vc_row vc_inner wpb_row td-pb-row\">\n<div class=\"vc_column_inner tdi_90  wpb_column vc_column_container tdc-inner-column td-pb-span3\">\n<div class=\"vc_column-inner\">\n<div class=\"wpb_wrapper\">\n<div class=\"td_block_wrap tdb_single_author tdi_91 td-pb-border-top td_block_template_1 tdb-post-meta\" data-td-block-uid=\"tdi_91\">\n<div class=\"tdb-block-inner td-fix-index\">\n<div class=\"tdb-author-name-wrap\"><span class=\"tdb-author-by\">DE:<\/span><a class=\"tdb-author-name\" href=\"https:\/\/www.jurnaldevrancea.ro\/author\/editor-online\/\">Editor Online<\/a><\/div>\n<\/div>\n<\/div>\n<\/div>\n<\/div>\n<\/div>\n<div class=\"vc_column_inner tdi_93  wpb_column vc_column_container tdc-inner-column td-pb-span3\">\n<div class=\"vc_column-inner\">\n<div class=\"wpb_wrapper\">\n<div class=\"td_block_wrap tdb_single_date tdi_94 td-pb-border-top td_block_template_1 tdb-post-meta\" data-td-block-uid=\"tdi_94\">\n<div class=\"tdb-block-inner td-fix-index\"><time class=\"entry-date updated td-module-date\" datetime=\"2025-12-03T17:04:55+02:00\">03\/12\/2025<\/time><\/div>\n<\/div>\n<\/div>\n<\/div>\n<\/div>\n<div class=\"vc_column_inner tdi_96  wpb_column vc_column_container tdc-inner-column td-pb-span3\">\n<div class=\"vc_column-inner\">\n<div class=\"wpb_wrapper\">\n<div class=\"td_block_wrap tdb_single_post_views tdi_97 td-pb-border-top td_block_template_1 tdb-post-meta\" data-td-block-uid=\"tdi_97\">\n<div class=\"tdb-block-inner td-fix-index\"><span class=\"td-nr-views-156163\">146<\/span><\/div>\n<\/div>\n<\/div>\n<\/div>\n<\/div>\n<div class=\"vc_column_inner tdi_99  wpb_column vc_column_container tdc-inner-column td-pb-span3\">\n<div class=\"vc_column-inner\">\n<div class=\"wpb_wrapper\">\n<div class=\"td_block_wrap tdb_single_post_share tdi_100  td-pb-border-top td_block_template_1\" data-td-block-uid=\"tdi_100\">\n<div id=\"tdi_100\" class=\"td-post-sharing tdb-block td-ps-bg td-ps-notext td-ps-bar td-post-sharing-style5 \">\n<div class=\"td-post-sharing-visible\"><a class=\"td-social-sharing-button td-social-sharing-button-js td-social-network td-social-facebook\" href=\"https:\/\/www.facebook.com\/sharer.php?u=https%3A%2F%2Fwww.jurnaldevrancea.ro%2Fdeputatul-dragos-ciobotaru-critica-alianta-de-facto-dintre-aur-si-psd-in-consiliul-judetean-se-murdaresc-pentru-cateva-firimituri%2F\" title=\"Facebook\"><\/p>\n<div class=\"td-social-but-text\">Facebook<\/div>\n<p><\/a><a class=\"td-social-sharing-button td-social-sharing-button-js td-social-network td-social-twitter\" href=\"https:\/\/twitter.com\/intent\/tweet?text=Deputatul+Drago%C8%99+Ciobotaru+critic%C4%83+alian%C8%9Ba+de+facto+dintre+AUR+%C8%99i+PSD+%C3%AEn+consiliul+jude%C8%9Bean%3A+%E2%80%9ESe+murd%C4%83resc+pentru+c%C3%A2teva+firimituri%21%E2%80%9D&amp;url=https%3A%2F%2Fwww.jurnaldevrancea.ro%2Fdeputatul-dragos-ciobotaru-critica-alianta-de-facto-dintre-aur-si-psd-in-consiliul-judetean-se-murdaresc-pentru-cateva-firimituri%2F&amp;via=Jurnal+de+Vrancea+-+Stiri+din+Vrancea+si+Focsani\" title=\"Twitter\"><\/p>\n<div class=\"td-social-but-text\">Twitter<\/div>\n<p><\/a><a class=\"td-social-sharing-button td-social-sharing-button-js td-social-network td-social-whatsapp\" href=\"https:\/\/api.whatsapp.com\/send?text=Deputatul+Drago%C8%99+Ciobotaru+critic%C4%83+alian%C8%9Ba+de+facto+dintre+AUR+%C8%99i+PSD+%C3%AEn+consiliul+jude%C8%9Bean%3A+%E2%80%9ESe+murd%C4%83resc+pentru+c%C3%A2teva+firimituri%21%E2%80%9D%20%0A%0A%20https:\/\/www.jurnaldevrancea.ro\/deputatul-dragos-ciobotaru-critica-alianta-de-facto-dintre-aur-si-psd-in-consiliul-judetean-se-murdaresc-pentru-cateva-firimituri\/\" title=\"WhatsApp\"><\/p>\n<div class=\"td-social-but-text\">WhatsApp<\/div>\n<p><\/a><a class=\"td-social-sharing-button td-social-sharing-button-js td-social-network td-social-print\" href=\"https:\/\/www.jurnaldevrancea.ro\/deputatul-dragos-ciobotaru-critica-alianta-de-facto-dintre-aur-si-psd-in-consiliul-judetean-se-murdaresc-pentru-cateva-firimituri\/\" title=\"Imprimare\"><\/p>\n<div class=\"td-social-but-text\">Imprimare<\/div>\n<p><\/a><\/div>\n<\/div>\n<\/div>\n<\/div>\n<\/div>\n<\/div>\n<\/div>\n<\/div>\n<\/div>\n<\/div>\n<\/div>\n<div id=\"tdi_101\" class=\"tdc-row\">\n<div class=\"vc_row tdi_102  wpb_row td-pb-row\">\n<div class=\"vc_column tdi_104  wpb_column vc_column_container tdc-column td-pb-span8\">\n<div class=\"wpb_wrapper\">\n<div class=\"td_block_wrap tdb_single_featured_image tdi_105 tdb-content-horiz-left td-pb-border-top td_block_template_1\" data-td-block-uid=\"tdi_105\">\n<div class=\"tdb-block-inner td-fix-index\"><img loading=\"lazy\" decoding=\"async\" width=\"600\" height=\"702\" class=\"entry-thumb\" src=\"https:\/\/analyse.optim.biz\/wp-content\/uploads\/2025\/12\/dragos-ciobotaru-1.jpg\" title=\"Dragos Ciobotaru\"><\/div>\n<\/div>\n<div class=\"td_block_wrap tdb_single_content tdi_106 td-pb-border-top td_block_template_1 td-post-content tagdiv-type\" data-td-block-uid=\"tdi_106\">\n<div class=\"tdb-block-inner td-fix-index\">\n<p>Pre\u0219edintele PNL Vrancea, deputatul Drago\u0219 Ciobotaru, a lansat un mesaj dur la adresa reprezentan\u021bilor AUR Vrancea, pe care \u00eei acuz\u0103 c\u0103 voteaz\u0103 constant al\u0103turi de PSD \u00een forurile locale, \u00een ciuda mesajelor publice critice la adresa acestui partid.<\/p>\n<p>\u00centr-o postare adresat\u0103 vr\u00e2ncenilor care au votat AUR la ultimele alegeri, liderul liberal \u00eei \u00eentreab\u0103 direct pe sus\u021bin\u0103torii forma\u021biunii ce i-a motivat s\u0103 opteze pentru acest partid. El vorbe\u0219te despre dezam\u0103girea fa\u021b\u0103 de vechile partide, nevoia de reprezentare \u0219i dorin\u021ba de schimbare, dar adaug\u0103 c\u0103 realitatea voturilor din consiliile locale \u0219i din Consiliul Jude\u021bean nu confirm\u0103 promisiunile electorale ale AUR.<\/p>\n<p>Deputatul aminte\u0219te c\u0103 AUR Vrancea are, \u00een urma votului din 2024, un deputat, un senator, un vicepre\u0219edinte \u00een Consiliul Jude\u021bean \u0219i mai mul\u021bi ale\u0219i locali care, \u00een opinia sa, ar fi trebuit s\u0103 reprezinte cu demnitate electoratul \u0219i s\u0103 \u00ee\u0219i explice public ac\u021biunile. \u00cen schimb, spune deputatul Drago\u0219 Ciobotaru, \u00een \u0219edin\u021ba consiliului jude\u021bean de ieri, consilierii AUR au criticat PSD \u0219i PNL, dar au votat din nou \u00eempreun\u0103 cu PSD, contribuind la salvarea pre\u0219edintelui CJ, Nicu\u0219or Halici, care a cheltuit 25 de milioane de lei, cu mari semne de \u00eentrebare, pe balastarea unor segmente de drum jude\u021bean afectate de calamit\u0103\u021bi.<\/p>\n<p><strong><em>\u201eDragi vr\u00e2nceni, votan\u021bi \u0219i simpatizan\u021bi ai AUR,<\/em><\/strong><\/p>\n<p><strong><em>V\u0103 \u00eentreb ast\u0103zi care este motivul pentru care a\u021bi votat partidul AUR la ultimele alegeri:<\/em><\/strong><\/p>\n<ul>\n<li><strong><em> Pentru c\u0103 v-a\u021bi s\u0103turat de ho\u021bi, de minciuni \u0219i de arogan\u021ba vechilor politicieni?<\/em><\/strong><\/li>\n<li><strong><em> Pentru c\u0103 nu v\u0103 mai sim\u021bi\u021bi reprezenta\u021bi \u0219i ap\u0103ra\u021bi de vechile partide \u0219i v-a\u021bi pus speran\u021bele \u00een acest partid nou?<\/em><\/strong><\/li>\n<li><strong><em> Pentru c\u0103 a\u021bi sperat s\u0103 sc\u0103pa\u021bi de cei vechi \u0219i s\u0103 vin\u0103 al\u021bii, indiferent de consecin\u021be?<\/em><\/strong><\/li>\n<li><strong><em> Sau din ce motiv?<\/em><\/strong><\/li>\n<\/ul>\n<p><strong><em>Scrie\u021bi \u00een comentarii, accept \u0219i \u00eenjur\u0103turi \u0219i tot ce vre\u021bi s\u0103 spune\u021bi, a\u0219 vrea doar s\u0103 le reaminti\u021bi \u0219i lor.<\/em><\/strong><\/p>\n<p><strong><em>V\u0103 \u00eentreb asta pentru c\u0103, \u00een urma votului dumneavoastr\u0103, AUR Vrancea are un deputat, un senator, un vicepre\u0219edinte \u00een Consiliul Jude\u021bean Vrancea, mai mul\u021bi viceprimari \u0219i c\u00e2teva zeci de consilieri locali. To\u021bi ace\u0219tia ar trebui s\u0103 v\u0103 reprezinte cu cinste, s\u0103 v\u0103 arate ce fac, s\u0103 v\u0103 p\u0103zeasc\u0103 de ho\u021bi \u0219i s\u0103 nu se murd\u0103reasc\u0103 pentru c\u00e2teva firimituri.<\/em><\/strong><\/p>\n<p><strong><em>Ieri, \u00een \u0219edin\u021ba CJ Vrancea, ace\u0219tia au luat cuv\u00e2ntul \u0219i au spus, evident, mesajul cu care ne-au obi\u0219nuit despre PNL \u0219i PSD, \u00eens\u0103 la vot parc\u0103 i-a lovit amnezia: au votat cot la cot cu PSD \u0219i l-au salvat pe Nicu\u0219or Halici.<\/em><\/strong><\/p>\n<p><strong><em>\u00cen anul 2025 au f\u0103cut asta la fiecare vot important care v\u0103 afecteaz\u0103 direct:<\/em><\/strong><\/p>\n<ul>\n<li><strong><em> La repartizarea sumelor c\u0103tre prim\u0103riile din jude\u021b, c\u00e2nd fondurile au fost direc\u021bionate diferen\u021biat, cele conduse de PSD primind sume aproape duble fa\u021b\u0103 de cele conduse de PNL.<\/em><\/strong><\/li>\n<li><strong><em> La \u00eenchiderea \u0219antierului Campusului Universitar, c\u00e2nd PNL a votat \u00eempotriv\u0103, dorind continuarea lucr\u0103rilor, AUR a votat al\u0103turi de PSD pentru oprirea \u0219i conservarea lucr\u0103rilor.<\/em><\/strong><\/li>\n<li><strong><em> \u00cen Consiliul Local al municipiului Foc\u0219ani, AUR a votat cot la cot cu PSD pentru cre\u0219terea taxelor \u0219i introducerea de noi taxe, inclusiv a controversatei taxe pe iluminat public.<\/em><\/strong><\/li>\n<li><strong><em> Iar acum, \u00een \u0219edin\u021ba de ieri, AUR l-a salvat pe Halici \u0219i au fost singurii care au votat cot la cot cu PSD \u0219i au aprobat cheltuielile uluitoare pentru balast\u0103ri, cu 17 voturi, \u00een timp ce PNL, USR, FD \u0219i PMP au refuzat validarea acestei mizerii.<\/em><\/strong><\/li>\n<\/ul>\n<p><strong><em>Iar acestea sunt doar c\u00e2teva exemple.<\/em><\/strong><\/p>\n<p><strong><em>Am reprezentat mereu oamenii cu cinste \u0219i \u00eentotdeauna mi-am bazat deciziile \u0219i ac\u021biunile pe echilibru \u0219i adev\u0103r. Consiliul Jude\u021bean Vrancea a cheltuit to\u021bi banii din buget pe balast\u0103ri, la pre\u021buri de asfalt, iar AUR a aprobat cu mult\u0103 dragoste fa\u021b\u0103 de PSD. Acesta este adev\u0103rul.<\/em><\/strong><\/p>\n<p><strong><em>Se adevere\u0219te \u0219i ceea ce se aude de un an de zile, ceea ce spune \u0219i Halici mereu: c\u0103 are majoritate cu AUR, face ce vrea, iar ace\u0219tia sunt la cheremul lor, totul pentru o func\u021bie de vicepre\u0219edinte CJ. RU\u0218INE, AUR!\u201d<\/em><\/strong>, a scris liderul PNL Vrancea pe Facebook.<\/p>\n<\/div>\n<\/div>\n<div class=\"td_block_wrap td-a-rec td-a-rec-id-custom-spot td-a-rec-img tdi_107 td_block_template_1\">\n<div><a href=\"https:\/\/www.tomitatravel.ro\/\" target=\"blank\" class=\"td_spot_img_all\"><img loading=\"lazy\" decoding=\"async\" src=\"https:\/\/analyse.optim.biz\/wp-content\/uploads\/2025\/12\/banner-tomita_travel-focsani-1200x200-1-11.jpg\" alt=\"Tomi\u021b\u0103 Travel - Agen\u021bie de turism Foc\u0219ani\" width=\"1200\" height=\"200\" title=\"banner-tomita_travel-focsani-1200x200-1-11\"><\/a><a href=\"https:\/\/www.tomitatravel.ro\/\" target=\"blank\" class=\"td_spot_img_mob\"><img loading=\"lazy\" decoding=\"async\" src=\"https:\/\/analyse.optim.biz\/wp-content\/uploads\/2025\/12\/banner-tomita_travel-focsani-350x350-1-11.jpg\" alt=\"Tomi\u021b\u0103 Travel - Agen\u021bie de turism Foc\u0219ani\" width=\"300\" height=\"350\" title=\"banner-tomita_travel-focsani-350x350-1-11\"><\/a><\/div>\n<\/div>\n<div class=\"td_block_wrap td-a-rec td-a-rec-id-custom-spot td-a-rec-img tdi_108 td_block_template_1\">\n<div><a href=\"https:\/\/www.dezromania.ro\/categorii\/category\/14-produse.html\" target=\"blank\" class=\"td_spot_img_all\"><img loading=\"lazy\" decoding=\"async\" src=\"https:\/\/analyse.optim.biz\/wp-content\/uploads\/2025\/12\/banner-1200x200-sipotehnokar-auto-avariate-2025-11.jpg\" alt=\"spot_img\" width=\"1200\" height=\"200\" title=\"banner-1200x200-sipotehnokar-auto-avariate-2025-11\"><\/a><a href=\"https:\/\/www.dezromania.ro\/categorii\/category\/14-produse.html\" target=\"blank\" class=\"td_spot_img_mob\"><img loading=\"lazy\" decoding=\"async\" src=\"https:\/\/analyse.optim.biz\/wp-content\/uploads\/2025\/12\/banner-sipotehnokar-300xx220px-2025-11.jpg\" alt=\"spot_img\" width=\"300\" height=\"220\" title=\"banner-sipotehnokar-300xx220px-2025-11\"><\/a><\/div>\n<\/div>\n<div class=\"td_block_wrap td-a-rec td-a-rec-id-custom-spot td-a-rec-img tdi_109 td_block_template_1\">\n<div><a href=\"https:\/\/haipromo.ro\/\" target=\"blank\" class=\"td_spot_img_all\"><img loading=\"lazy\" decoding=\"async\" src=\"https:\/\/analyse.optim.biz\/wp-content\/uploads\/2025\/12\/banner-hai-promo-1200x200px-11.jpg\" alt=\"HAI PROMO\" width=\"1200\" height=\"200\" title=\"banner-hai-promo-1200x200px-11\"><\/a><a href=\"https:\/\/haipromo.ro\/\" target=\"blank\" class=\"td_spot_img_mob\"><img loading=\"lazy\" decoding=\"async\" src=\"https:\/\/analyse.optim.biz\/wp-content\/uploads\/2025\/12\/banner-hai-promo-350x350px-11.jpg\" alt=\"HAI PROMO\" width=\"350\" height=\"350\" title=\"banner-hai-promo-350x350px-11\"><\/a><\/div>\n<\/div>\n<\/div>\n<\/div>\n<div class=\"vc_column tdi_112  wpb_column vc_column_container tdc-column td-pb-span4\">\n<div class=\"wpb_wrapper\">\n<div class=\"wpb_wrapper td_block_wrap vc_widget_sidebar tdi_114 \">\n<aside id=\"custom_html-12\" class=\"widget_text td_block_template_1 widget custom_html-12 widget_custom_html\">\n<h4 class=\"block-title\"><span>\u2013 PUBLICITATE \u2013<\/span><\/h4>\n<div class=\"textwidget custom-html-widget\"><a href=\"https:\/\/www.facebook.com\/TractariAutoVranceaSOS24\"><source srcset=\"https:\/\/www.jurnaldevrancea.ro\/wp\/wp-content\/webp-express\/webp-images\/uploads\/2024\/11\/BANNER-sos-24-2024-300x300-px.jpg.webp\" type=\"image\/webp\" \/><\/a><a href=\"https:\/\/haipromo.ro\/\"><source srcset=\"https:\/\/www.jurnaldevrancea.ro\/wp\/wp-content\/webp-express\/webp-images\/uploads\/2024\/06\/banner-HAI-PROMO-350x350px.jpg.webp\" type=\"image\/webp\" \/><\/a><a href=\"https:\/\/www.facebook.com\/acnasygcons\"><source srcset=\"https:\/\/www.jurnaldevrancea.ro\/wp\/wp-content\/webp-express\/webp-images\/uploads\/2025\/08\/Banner-350x350px-Asyg-Consulting.jpg.webp\" type=\"image\/webp\" \/><\/a><\/div>\n<\/aside>\n<\/div>\n<div class=\"td_block_wrap tdb_single_tags tdi_115 td-pb-border-top td_block_template_1\" data-td-block-uid=\"tdi_115\">\n<div class=\"tdb-block-inner td-fix-index\">\n<ul class=\"tdb-tags\">\n<li><span>Tags<\/span><\/li>\n<li><a href=\"https:\/\/www.jurnaldevrancea.ro\/tag\/alianta\/\">alianta<\/a><\/li>\n<li><a href=\"https:\/\/www.jurnaldevrancea.ro\/tag\/aur\/\">aur<\/a><\/li>\n<li><a href=\"https:\/\/www.jurnaldevrancea.ro\/tag\/ciubotaru-dragos\/\">ciubotaru dragos<\/a><\/li>\n<li><a href=\"https:\/\/www.jurnaldevrancea.ro\/tag\/consiliul-judetean\/\">consiliul judetean<\/a><\/li>\n<li><a href=\"https:\/\/www.jurnaldevrancea.ro\/tag\/critici-politice\/\">critici politice<\/a><\/li>\n<\/ul>\n<\/div>\n<\/div>\n<div class=\"tdm_block td_block_wrap tdm_block_column_title tdi_116 tdm-content-horiz-center td-pb-border-top td_block_template_1\" data-td-block-uid=\"tdi_116\">\n<div class=\"td-block-row\">\n<div class=\"td-block-span12 tdm-col\">\n<div class=\"tds-title tds-title1 td-fix-index tdi_117 \">\n<h3 class=\"tdm-title tdm-title-md\">ARTICOLE SIMILARE<\/h3>\n<\/div>\n<\/div>\n<\/div>\n<\/div>\n<div class=\"td_block_wrap td_flex_block_1 tdi_118 td-pb-border-top td_block_template_1 td_flex_block\" data-td-block-uid=\"tdi_118\">\n<div id=\"tdi_118\" class=\"td_block_inner td-mc1-wrap\">\n<div class=\"td_module_flex td_module_flex_1 td_module_wrap td-animation-stack td-cpt-post\">\n<div class=\"td-module-container td-category-pos-above\">\n<div class=\"td-module-meta-info\"><a href=\"https:\/\/www.jurnaldevrancea.ro\/actualitate\/\" class=\"td-post-category\">Actualitate<\/a><\/p>\n<h3 class=\"entry-title td-module-title\"><a href=\"https:\/\/www.jurnaldevrancea.ro\/incepe-noua-sesiune-de-inscrieri-pentru-persoanele-fizice-la-rabla-auto-2025\/\" rel=\"bookmark\" title=\"\u00cencepe noua sesiune de \u00eenscrieri pentru persoanele fizice la Rabla Auto 2025\">\u00cencepe noua sesiune de \u00eenscrieri pentru persoanele fizice la Rabla Auto 2025<\/a><\/h3>\n<div class=\"td-excerpt\">O nou\u0103 sesiune de \u00eenscrieri pentru persoanele fizice care nu au reu\u0219it p\u00e2n\u0103 acum&#8230;<\/div>\n<\/div>\n<\/div>\n<\/div>\n<div class=\"td_module_flex td_module_flex_1 td_module_wrap td-animation-stack td-cpt-post\">\n<div class=\"td-module-container td-category-pos-above\">\n<div class=\"td-module-meta-info\"><a href=\"https:\/\/www.jurnaldevrancea.ro\/actualitate\/\" class=\"td-post-category\">Actualitate<\/a><\/p>\n<h3 class=\"entry-title td-module-title\"><a href=\"https:\/\/www.jurnaldevrancea.ro\/crangul-petresti-locul-unde-sarbatorile-revin-la-radacini-care-este-programul-spectacolelor-organizate-in-apropierea-craciunului\/\" rel=\"bookmark\" title=\"Cr\u00e2ngul Petre\u0219ti, locul unde s\u0103rb\u0103torile revin la r\u0103d\u0103cini! Care este programul spectacolelor organizate \u00een apropierea Cr\u0103ciunului\">Cr\u00e2ngul Petre\u0219ti, locul unde s\u0103rb\u0103torile revin la r\u0103d\u0103cini! Care este programul spectacolelor organizate \u00een apropierea Cr\u0103ciunului<\/a><\/h3>\n<div class=\"td-excerpt\">\n<p>Din 19 decembrie, Cr\u00e2ngul Petre\u0219ti se transform\u0103 \u00eentr-un spa\u021biu \u00een care s\u0103rb\u0103torile de iarn\u0103&#8230;<\/p><\/div>\n<\/div>\n<\/div>\n<\/div>\n<\/div>\n<\/div>\n<\/div>\n<\/div>\n<\/div>\n<\/div>\n<div id=\"tdi_119\" class=\"tdc-row\">\n<div class=\"vc_row tdi_120  wpb_row td-pb-row\">\n<div class=\"vc_column tdi_122  wpb_column vc_column_container tdc-column td-pb-span12\">\n<div class=\"wpb_wrapper\">\n<div class=\"tdm_block td_block_wrap tdm_block_column_title tdi_123 tdm-content-horiz-center td-pb-border-top td_block_template_1\" data-td-block-uid=\"tdi_123\">\n<div class=\"td-block-row\">\n<div class=\"td-block-span12 tdm-col\">\n<div class=\"tds-title tds-title1 td-fix-index tdi_124 \">\n<h3 class=\"tdm-title tdm-title-md\">ARTICOLE POPULARE<\/h3>\n<\/div>\n<\/div>\n<\/div>\n<\/div>\n<\/div>\n<\/div>\n<\/div>\n<\/div>\n<div id=\"tdi_125\" class=\"tdc-row\">\n<div class=\"vc_row tdi_126  wpb_row td-pb-row\">\n<div class=\"vc_column tdi_128  wpb_column vc_column_container tdc-column td-pb-span12\">\n<div class=\"wpb_wrapper\">\n<div class=\"td_block_wrap td_flex_block_1 tdi_129 td-pb-border-top td_block_template_1 td_flex_block\" data-td-block-uid=\"tdi_129\">\n<div id=\"tdi_129\" class=\"td_block_inner td-mc1-wrap\">\n<div class=\"td_module_flex td_module_flex_1 td_module_wrap td-animation-stack td-cpt-post\">\n<div class=\"td-module-container td-category-pos-above\">\n<div class=\"td-module-meta-info\"><a href=\"https:\/\/www.jurnaldevrancea.ro\/actualitate\/\" class=\"td-post-category\">Actualitate<\/a><\/p>\n<h3 class=\"entry-title td-module-title\"><a href=\"https:\/\/www.jurnaldevrancea.ro\/alerta-epidemiologica-in-vrancea-doua-femei-sunt-internate-in-stare-grava-la-ati-cu-suspiciune-de-botulism\/\" rel=\"bookmark\" title=\"Alert\u0103 epidemiologic\u0103 \u00een Vrancea! Dou\u0103 femei sunt internate \u00een stare grav\u0103 la ATI cu suspiciune de botulism\">Alert\u0103 epidemiologic\u0103 \u00een Vrancea! Dou\u0103 femei sunt internate \u00een stare grav\u0103 la ATI cu suspiciune de botulism<\/a><\/h3>\n<div class=\"td-excerpt\">Dou\u0103 cazuri suspecte de botulism au fost raportate \u00een jude\u021bul Vrancea \u00een intervalul 10\u201311&#8230;<\/div>\n<div class=\"td-editor-date\"><span class=\"td-author-date\"><span class=\"td-post-date\"><time class=\"entry-date updated td-module-date\" datetime=\"2025-12-13T08:18:55+02:00\">13\/12\/2025<\/time><\/span><\/span><\/div>\n<\/div>\n<\/div>\n<\/div>\n<div class=\"td_module_flex td_module_flex_1 td_module_wrap td-animation-stack td-cpt-post\">\n<div class=\"td-module-container td-category-pos-above\">\n<div class=\"td-module-meta-info\"><a href=\"https:\/\/www.jurnaldevrancea.ro\/actualitate\/\" class=\"td-post-category\">Actualitate<\/a><\/p>\n<h3 class=\"entry-title td-module-title\"><a href=\"https:\/\/www.jurnaldevrancea.ro\/video-cum-s-a-produs-accidentul-de-azi-dimineata-din-focsani-cine-a-fost-de-vina-se-vede-clar-in-imagini\/\" rel=\"bookmark\" title=\"VIDEO Cum s-a produs accidentul de azi-diminea\u021b\u0103, din Foc\u0219ani! Cine a fost de vin\u0103\u2026 se vede clar \u00een imagini\">VIDEO Cum s-a produs accidentul de azi-diminea\u021b\u0103, din Foc\u0219ani! Cine a fost de vin\u0103\u2026 se vede clar \u00een imagini<\/a><\/h3>\n<div class=\"td-excerpt\">Avem imagini cu accidentul care s-a produs \u00een acest\u0103 diminea\u021b\u0103 la intersec\u021bia dintre Bulevardul&#8230;<\/div>\n<div class=\"td-editor-date\"><span class=\"td-author-date\"><span class=\"td-post-date\"><time class=\"entry-date updated td-module-date\" datetime=\"2025-12-08T13:33:31+02:00\">08\/12\/2025<\/time><\/span><\/span><\/div>\n<\/div>\n<\/div>\n<\/div>\n<div class=\"td_module_flex td_module_flex_1 td_module_wrap td-animation-stack td-cpt-post\">\n<div class=\"td-module-container td-category-pos-above\">\n<div class=\"td-module-meta-info\"><a href=\"https:\/\/www.jurnaldevrancea.ro\/actualitate\/\" class=\"td-post-category\">Actualitate<\/a><\/p>\n<h3 class=\"entry-title td-module-title\"><a href=\"https:\/\/www.jurnaldevrancea.ro\/doliu-in-comunitatea-din-adjud-a-murit-profesoara-simona-ceamburu\/\" rel=\"bookmark\" title=\"Doliu \u00een comunitatea din Adjud! A murit profesoara Simona Ceamburu!\">Doliu \u00een comunitatea din Adjud! A murit profesoara Simona Ceamburu!<\/a><\/h3>\n<div class=\"td-excerpt\">Colegiul Tehnic \u201eGh. Bal\u0219\u201d din Adjud a anun\u021bat cu mare triste\u021be moartea profesoarei de&#8230;<\/div>\n<div class=\"td-editor-date\"><span class=\"td-author-date\"><span class=\"td-post-date\"><time class=\"entry-date updated td-module-date\" datetime=\"2025-12-11T15:19:24+02:00\">11\/12\/2025<\/time><\/span><\/span><\/div>\n<\/div>\n<\/div>\n<\/div>\n<\/div>\n<\/div>\n<\/div>\n<\/div>\n<\/div>\n<\/div>\n<\/div>\n<\/div>\n<p><span class=\"td-page-meta\"><\/span><span class=\"td-page-meta\"><span class=\"td-page-meta\"><\/span><\/span><span class=\"td-page-meta\"><\/span><\/article>\n<p> Source URL: https:\/\/www.jurnaldevrancea.ro\/deputatul-dragos-ciobotaru-critica-alianta-de-facto-dintre-aur-si-psd-in-consiliul-judetean-se-murdaresc-pentru-cateva-firimituri\/<\/p>\n","protected":false},"excerpt":{"rendered":"<p>Acas\u0103ActualitateDeputatul Drago\u0219 Ciobotaru critic\u0103 alian\u021ba de facto dintre AUR \u0219i PSD \u00een consiliul jude\u021bean: \u201eSe murd\u0103resc&#8230; ActualitatePolitic\u0103 Deputatul Drago\u0219 Ciobotaru critic\u0103 alian\u021ba de facto dintre AUR \u0219i PSD \u00een consiliul jude\u021bean: \u201eSe murd\u0103resc pentru c\u00e2teva firimituri!\u201d DE:Editor Online 03\/12\/2025 146 Facebook Twitter WhatsApp Imprimare Pre\u0219edintele PNL Vrancea, deputatul Drago\u0219 Ciobotaru, a lansat un mesaj dur [&hellip;]<\/p>\n","protected":false},"author":1,"featured_media":1070041,"comment_status":"open","ping_status":"","sticky":false,"template":"","format":"standard","meta":{"footnotes":""},"categories":[89],"tags":[207],"class_list":["post-1070040","post","type-post","status-publish","format-standard","has-post-thumbnail","hentry","category-romania","tag-jurnaldevrancea-ro"],"_links":{"self":[{"href":"https:\/\/analyse.optim.biz\/index.php?rest_route=\/wp\/v2\/posts\/1070040","targetHints":{"allow":["GET"]}}],"collection":[{"href":"https:\/\/analyse.optim.biz\/index.php?rest_route=\/wp\/v2\/posts"}],"about":[{"href":"https:\/\/analyse.optim.biz\/index.php?rest_route=\/wp\/v2\/types\/post"}],"author":[{"embeddable":true,"href":"https:\/\/analyse.optim.biz\/index.php?rest_route=\/wp\/v2\/users\/1"}],"replies":[{"embeddable":true,"href":"https:\/\/analyse.optim.biz\/index.php?rest_route=%2Fwp%2Fv2%2Fcomments&post=1070040"}],"version-history":[{"count":0,"href":"https:\/\/analyse.optim.biz\/index.php?rest_route=\/wp\/v2\/posts\/1070040\/revisions"}],"wp:featuredmedia":[{"embeddable":true,"href":"https:\/\/analyse.optim.biz\/index.php?rest_route=\/wp\/v2\/media\/1070041"}],"wp:attachment":[{"href":"https:\/\/analyse.optim.biz\/index.php?rest_route=%2Fwp%2Fv2%2Fmedia&parent=1070040"}],"wp:term":[{"taxonomy":"category","embeddable":true,"href":"https:\/\/analyse.optim.biz\/index.php?rest_route=%2Fwp%2Fv2%2Fcategories&post=1070040"},{"taxonomy":"post_tag","embeddable":true,"href":"https:\/\/analyse.optim.biz\/index.php?rest_route=%2Fwp%2Fv2%2Ftags&post=1070040"}],"curies":[{"name":"wp","href":"https:\/\/api.w.org\/{rel}","templated":true}]}}