{"id":1070011,"date":"2025-12-12T03:53:11","date_gmt":"2025-12-12T00:53:11","guid":{"rendered":"https:\/\/analyse.optim.biz\/?p=1070011"},"modified":"2025-12-12T03:53:11","modified_gmt":"2025-12-12T00:53:11","slug":"aproape-180-de-magistrati-isi-exprima-public-solidaritatea-cu-judecatorii-laurentiu-besu-si-raluca-morosanu-jurnal-de-vrancea-stiri-din-vrancea-si-focsani","status":"publish","type":"post","link":"https:\/\/analyse.optim.biz\/?p=1070011","title":{"rendered":"Aproape 180 de magistra\u021bi \u00ee\u0219i exprim\u0103 public solidaritatea cu judec\u0103torii Lauren\u021biu Be\u0219u \u0219i Raluca Moro\u0219anu | Jurnal de Vrancea &#8211; Stiri din Vrancea si Focsani"},"content":{"rendered":"<article id=\"template-id-121345\" class=\"post-121345 tdb_templates type-tdb_templates status-publish post\">\n<div id=\"tdi_73\" class=\"tdc-zone\">\n<div class=\"tdc_zone tdi_74  wpb_row td-pb-row\">\n<div id=\"tdi_75\" class=\"tdc-row\">\n<div class=\"vc_row tdi_76  wpb_row td-pb-row\">\n<div class=\"vc_column tdi_78  wpb_column vc_column_container tdc-column td-pb-span12\">\n<div class=\"wpb_wrapper\">\n<div class=\"td_block_wrap td-a-rec td-a-rec-id-custom-spot td-a-rec-img tdi_79 td_block_template_1\">\n<div><a href target=\"blank\" class=\"td_spot_img_all\"><img loading=\"lazy\" decoding=\"async\" src=\"https:\/\/analyse.optim.biz\/wp-content\/uploads\/2025\/12\/banner-aurora-multimarket-1200x200px-10.jpg\" alt=\"spot_img\" width=\"1200\" height=\"200\" title=\"banner-aurora-multimarket-1200x200px-10\"><\/a><a href target=\"blank\" class=\"td_spot_img_mob\"><img loading=\"lazy\" decoding=\"async\" src=\"https:\/\/analyse.optim.biz\/wp-content\/uploads\/2025\/12\/banner-aurora-multimarket-350x350px-10.jpg\" alt=\"spot_img\" width=\"300\" height=\"350\" title=\"banner-aurora-multimarket-350x350px-10\"><\/a><\/div>\n<\/div>\n<\/div>\n<\/div>\n<\/div>\n<\/div>\n<div id=\"tdi_80\" class=\"tdc-row\">\n<div class=\"vc_row tdi_81  wpb_row td-pb-row\">\n<div class=\"vc_column tdi_83  wpb_column vc_column_container tdc-column td-pb-span12\">\n<div class=\"wpb_wrapper\">\n<div class=\"td_block_wrap tdb_breadcrumbs tdi_84 td-pb-border-top td_block_template_1 tdb-breadcrumbs \" data-td-block-uid=\"tdi_84\">\n<div class=\"tdb-block-inner td-fix-index\"><span><a title class=\"tdb-entry-crumb\" href=\"https:\/\/www.jurnaldevrancea.ro\/\">Acas\u0103<\/a><\/span><span><a title=\"Vede\u021bi toate articolele \u00een Actualitate\" class=\"tdb-entry-crumb\" href=\"https:\/\/www.jurnaldevrancea.ro\/actualitate\/\">Actualitate<\/a><\/span><span class=\"tdb-bred-no-url-last\">Aproape 180 de magistra\u021bi \u00ee\u0219i exprim\u0103 public solidaritatea cu judec\u0103torii Lauren\u021biu Be\u0219u \u0219i Raluca Moro\u0219anu<\/span><\/div>\n<\/div>\n<div class=\"td_block_wrap tdb_single_categories tdi_85 td-pb-border-top td_block_template_1 \" data-td-block-uid=\"tdi_85\">\n<div class=\"tdb-category td-fix-index\"><a class=\"tdb-entry-category\" href=\"https:\/\/www.jurnaldevrancea.ro\/actualitate\/\">Actualitate<\/a><a class=\"tdb-entry-category\" href=\"https:\/\/www.jurnaldevrancea.ro\/justitie\/\">Justi\u021bie<\/a><\/div>\n<\/div>\n<div class=\"td_block_wrap tdb_title tdi_86 tdb-single-title td-pb-border-top td_block_template_1\" data-td-block-uid=\"tdi_86\">\n<div class=\"tdb-block-inner td-fix-index\">\n<h2 class=\"tdb-title-text\">Aproape 180 de magistra\u021bi \u00ee\u0219i exprim\u0103 public solidaritatea cu judec\u0103torii Lauren\u021biu Be\u0219u \u0219i Raluca Moro\u0219anu<\/h2>\n<\/div>\n<\/div>\n<div class=\"vc_row_inner tdi_88  vc_row vc_inner wpb_row td-pb-row\">\n<div class=\"vc_column_inner tdi_90  wpb_column vc_column_container tdc-inner-column td-pb-span3\">\n<div class=\"vc_column-inner\">\n<div class=\"wpb_wrapper\">\n<div class=\"td_block_wrap tdb_single_author tdi_91 td-pb-border-top td_block_template_1 tdb-post-meta\" data-td-block-uid=\"tdi_91\">\n<div class=\"tdb-block-inner td-fix-index\">\n<div class=\"tdb-author-name-wrap\"><span class=\"tdb-author-by\">DE:<\/span><a class=\"tdb-author-name\" href=\"https:\/\/www.jurnaldevrancea.ro\/author\/alex-moldovan\/\">Alex Moldovan<\/a><\/div>\n<\/div>\n<\/div>\n<\/div>\n<\/div>\n<\/div>\n<div class=\"vc_column_inner tdi_93  wpb_column vc_column_container tdc-inner-column td-pb-span3\">\n<div class=\"vc_column-inner\">\n<div class=\"wpb_wrapper\">\n<div class=\"td_block_wrap tdb_single_date tdi_94 td-pb-border-top td_block_template_1 tdb-post-meta\" data-td-block-uid=\"tdi_94\">\n<div class=\"tdb-block-inner td-fix-index\"><time class=\"entry-date updated td-module-date\" datetime=\"2025-12-12T05:53:11+02:00\">12\/12\/2025<\/time><\/div>\n<\/div>\n<\/div>\n<\/div>\n<\/div>\n<div class=\"vc_column_inner tdi_96  wpb_column vc_column_container tdc-inner-column td-pb-span3\">\n<div class=\"vc_column-inner\">\n<div class=\"wpb_wrapper\">\n<div class=\"td_block_wrap tdb_single_post_views tdi_97 td-pb-border-top td_block_template_1 tdb-post-meta\" data-td-block-uid=\"tdi_97\">\n<div class=\"tdb-block-inner td-fix-index\"><span class=\"td-nr-views-156467\">97<\/span><\/div>\n<\/div>\n<\/div>\n<\/div>\n<\/div>\n<div class=\"vc_column_inner tdi_99  wpb_column vc_column_container tdc-inner-column td-pb-span3\">\n<div class=\"vc_column-inner\">\n<div class=\"wpb_wrapper\">\n<div class=\"td_block_wrap tdb_single_post_share tdi_100  td-pb-border-top td_block_template_1\" data-td-block-uid=\"tdi_100\">\n<div id=\"tdi_100\" class=\"td-post-sharing tdb-block td-ps-bg td-ps-notext td-ps-bar td-post-sharing-style5 \">\n<div class=\"td-post-sharing-visible\"><a class=\"td-social-sharing-button td-social-sharing-button-js td-social-network td-social-facebook\" href=\"https:\/\/www.facebook.com\/sharer.php?u=https%3A%2F%2Fwww.jurnaldevrancea.ro%2Faproape-180-de-magistrati-isi-exprima-public-solidaritatea-cu-judecatorii-laurentiu-besu-si-raluca-morosanu%2F\" title=\"Facebook\"><\/p>\n<div class=\"td-social-but-text\">Facebook<\/div>\n<p><\/a><a class=\"td-social-sharing-button td-social-sharing-button-js td-social-network td-social-twitter\" href=\"https:\/\/twitter.com\/intent\/tweet?text=Aproape+180+de+magistra%C8%9Bi+%C3%AE%C8%99i+exprim%C4%83+public+solidaritatea+cu+judec%C4%83torii+Lauren%C8%9Biu+Be%C8%99u+%C8%99i+Raluca+Moro%C8%99anu&amp;url=https%3A%2F%2Fwww.jurnaldevrancea.ro%2Faproape-180-de-magistrati-isi-exprima-public-solidaritatea-cu-judecatorii-laurentiu-besu-si-raluca-morosanu%2F&amp;via=Jurnal+de+Vrancea+-+Stiri+din+Vrancea+si+Focsani\" title=\"Twitter\"><\/p>\n<div class=\"td-social-but-text\">Twitter<\/div>\n<p><\/a><a class=\"td-social-sharing-button td-social-sharing-button-js td-social-network td-social-whatsapp\" href=\"https:\/\/api.whatsapp.com\/send?text=Aproape+180+de+magistra%C8%9Bi+%C3%AE%C8%99i+exprim%C4%83+public+solidaritatea+cu+judec%C4%83torii+Lauren%C8%9Biu+Be%C8%99u+%C8%99i+Raluca+Moro%C8%99anu%20%0A%0A%20https:\/\/www.jurnaldevrancea.ro\/aproape-180-de-magistrati-isi-exprima-public-solidaritatea-cu-judecatorii-laurentiu-besu-si-raluca-morosanu\/\" title=\"WhatsApp\"><\/p>\n<div class=\"td-social-but-text\">WhatsApp<\/div>\n<p><\/a><a class=\"td-social-sharing-button td-social-sharing-button-js td-social-network td-social-print\" href=\"https:\/\/www.jurnaldevrancea.ro\/aproape-180-de-magistrati-isi-exprima-public-solidaritatea-cu-judecatorii-laurentiu-besu-si-raluca-morosanu\/\" title=\"Imprimare\"><\/p>\n<div class=\"td-social-but-text\">Imprimare<\/div>\n<p><\/a><\/div>\n<\/div>\n<\/div>\n<\/div>\n<\/div>\n<\/div>\n<\/div>\n<\/div>\n<\/div>\n<\/div>\n<\/div>\n<div id=\"tdi_101\" class=\"tdc-row\">\n<div class=\"vc_row tdi_102  wpb_row td-pb-row\">\n<div class=\"vc_column tdi_104  wpb_column vc_column_container tdc-column td-pb-span8\">\n<div class=\"wpb_wrapper\">\n<div class=\"td_block_wrap tdb_single_featured_image tdi_105 tdb-content-horiz-left td-pb-border-top td_block_template_1\" data-td-block-uid=\"tdi_105\">\n<div class=\"tdb-block-inner td-fix-index\"><img loading=\"lazy\" decoding=\"async\" width=\"696\" height=\"409\" class=\"entry-thumb\" src=\"https:\/\/analyse.optim.biz\/wp-content\/uploads\/2025\/12\/besu-morosanu-696x409-1.png\" title=\"besu-morosanu\"><\/div>\n<\/div>\n<div class=\"td_block_wrap tdb_single_content tdi_106 td-pb-border-top td_block_template_1 td-post-content tagdiv-type\" data-td-block-uid=\"tdi_106\">\n<div class=\"tdb-block-inner td-fix-index\">\n<p data-start=\"113\" data-end=\"385\">Aproape 180 de magistra\u021bi au semnat un mesaj public de sus\u021binere fa\u021b\u0103 de judec\u0103torii <strong>Lauren\u021biu Be\u0219u<\/strong> \u0219i <strong>Raluca Moro\u0219anu<\/strong>, semnal\u00e2nd totodat\u0103 probleme profunde din sistemul judiciar. Documentul a fost f\u0103cut public de judec\u0103toarea Sorina Marina\u0219, de la Curtea de Apel Craiova.<\/p>\n<p data-start=\"387\" data-end=\"583\">\u00cen mesaj, magistra\u021bii atrag aten\u021bia asupra necesit\u0103\u021bii de a proteja valorile fundamentale ale profesiei \u0219i de a nu tolera presiunile exercitate asupra celor care indic\u0103 disfunc\u021bionalit\u0103\u021bi interne. <strong>\u201eAdev\u0103rul \u0219i integritatea nu trebuie sanc\u021bionate, ci protejate. T\u0103cerea nu este o op\u021biune atunci c\u00e2nd valorile profesiei sunt puse \u00een pericol\u201d,<\/strong> se arat\u0103 \u00een textul publicat. Semnatarii subliniaz\u0103 c\u0103 problemele semnalate de Be\u0219u \u0219i Moro\u0219anu<strong> \u201enu sunt izolate\u201d,<\/strong> ci reflect\u0103 <strong>\u201edisfunc\u021bionalit\u0103\u021bi profunde \u0219i sistemice\u201d<\/strong> care ar necesita o asumare ferm\u0103.<\/p>\n<p data-start=\"933\" data-end=\"1215\">Magistra\u021bii afirm\u0103 c\u0103 sistemul judiciar are nevoie de o reform\u0103 <strong>\u201ereal\u0103 \u0219i onest\u0103\u201d,<\/strong> capabil\u0103 s\u0103 restabileasc\u0103 \u00eencrederea publicului:<strong> \u201eJusti\u021bia are nevoie nu doar de curaj, ci \u0219i de o reform\u0103 real\u0103, onest\u0103, pentru a putea r\u0103m\u00e2ne liber\u0103, dreapt\u0103 \u0219i credibil\u0103 \u2014 \u00een slujba cet\u0103\u021beanului.\u201d<\/strong><\/p>\n<p data-start=\"1217\" data-end=\"1435\" data-is-last-node data-is-only-node>Mesajul vine \u00een contextul \u00een care, \u00een ultimele luni, tot mai multe voci din sistem au reclamat presiuni administrative \u0219i disfunc\u021bionalit\u0103\u021bi persistente, amplific\u00e2nd dezbaterea privind necesitatea reform\u0103rii justi\u021biei.<\/p>\n<h3 id=\"p-2\"><strong>Mesajul integral:<\/strong><\/h3>\n<div class=\"xdj266r x14z9mp xat24cr x1lziwak x1vvkbs x126k92a\">\n<div dir=\"auto\">Subsemna\u021bii, judec\u0103tori \u0219i procurori,<\/div>\n<div dir=\"auto\">Av\u00e2nd \u00een vedere repercusiunile ce se preconizeaz\u0103 cu privire la colegii no\u0219tri Lauren\u021biu Be\u0219u \u0219i Raluca Moro\u0219anu, dar si mesajele contradictorii publicate de Sectia pentru Judecatori si Sectia pentru Procurori, facem urm\u0103toarele preciz\u0103ri. Ne exprim\u0103m public solidaritatea cu magistra\u021bii care au avut curajul de a sesiza problemele \u0219i presiunile din sistemul de justi\u021bie. Adev\u0103rul \u0219i integritatea nu trebuie sanc\u021bionate, ci protejate. T\u0103cerea nu este o op\u021biune atunci c\u00e2nd valorile profesiei sunt puse \u00een pericol. Totodat\u0103, subliniem c\u0103 aspectele semnalate de colegii mai sus men\u021biona\u021bi nu sunt izolate. Disfunc\u021bionalit\u0103\u021bi profunde \u0219i sistemice persist\u0103, iar asumarea lor este esen\u021bial\u0103. Justi\u021bia are nevoie nu doar de curaj, ci \u0219i de o reform\u0103 real\u0103, onest\u0103, pentru a putea r\u0103m\u00e2ne liber\u0103, dreapt\u0103 \u0219i credibil\u0103 \u2014 \u00een slujba cet\u0103\u021beanului.<\/div>\n<\/div>\n<div class=\"x14z9mp xat24cr x1lziwak x1vvkbs xtlvy1s x126k92a\">\n<div dir=\"auto\">Mihaela Ni\u021b\u0103 \u2013 Curtea de Apel Bucure\u0219ti<\/div>\n<div dir=\"auto\">Ruxandra Grecu \u2013 Curtea de Apel Bucure\u0219ti<\/div>\n<div dir=\"auto\">Mariana Constantinescu \u2013 judecator pensionar CAB<\/div>\n<div dir=\"auto\">Cristina Craiu \u2013 judecator pensionar CAB<\/div>\n<div dir=\"auto\">Veronica G\u0103ina \u2013 judecator pensionar CAB<\/div>\n<div dir=\"auto\">Sorina Marina\u0219 \u2013 Curtea de Apel Craiova<\/div>\n<div dir=\"auto\">Andrei Bodean \u2013 Parchetul militar de pe l\u00e2ng\u0103 Curtea Militara de Apel<\/div>\n<div dir=\"auto\">Antonia Diaconu \u2013 DIICOT ST Pite\u0219ti<\/div>\n<div dir=\"auto\">Valentin Teodorescu \u2013 DIICOT ST Ploie\u0219ti<\/div>\n<div dir=\"auto\">Ioan Fund\u0103tureanu \u2013 Curtea de Apel Pite\u0219ti<\/div>\n<div dir=\"auto\">P\u00eerlea Alexandru Claudiu -PT Suceava<\/div>\n<div dir=\"auto\">Maria R\u0103dulescu \u2013 Judec\u0103toria Ploie\u0219ti<\/div>\n<div dir=\"auto\">Achi\u021bei Drago\u0219 Bogdan \u2013 Tribunalul Prahova<\/div>\n<div dir=\"auto\">Ardelean Cristian \u2013 PT Bihor<\/div>\n<div dir=\"auto\">Ciprian Cosni\u021b\u0103 \u2013 Parchetul militar de pe l\u00e2ng\u0103 Tribunalul Militar Cluj<\/div>\n<div dir=\"auto\">Ciprian Man \u2013 Parchetul militar de pe l\u00e2ng\u0103 Tribunalul Militar Cluj<\/div>\n<div dir=\"auto\">Ciprian Puie \u2013 Parchetul militar de pe l\u00e2ng\u0103 Tribunalul Militar Cluj<\/div>\n<div dir=\"auto\">Dornici Viorel \u2013 Parchetul militar de pe l\u00e2ng\u0103 Tribunalul Militar Cluj<\/div>\n<div dir=\"auto\">C\u0103t\u0103lina Padeanu \u2013 Curtea de Apel Craiova<\/div>\n<div dir=\"auto\">L\u0103ncr\u0103njan Alexandra \u2013 PICCJ<\/div>\n<div dir=\"auto\">Cosmin Iordache \u2013 procuror<\/div>\n<div dir=\"auto\">Raluca Miric\u0103 \u2013 PICCJ<\/div>\n<div dir=\"auto\">Ionela B\u0103lan \u2013 DNA<\/div>\n<div dir=\"auto\">Ramona Jardieanu \u2013 DNA<\/div>\n<div dir=\"auto\">Mihaela Beldie \u2013 procuror<\/div>\n<div dir=\"auto\">Mihai Ghica \u2013 CA Cluj<\/div>\n<div dir=\"auto\">Marius V\u00e2lcu \u2013 PICCJ<\/div>\n<div dir=\"auto\">Marius Vartic \u2013 fost procuror DNA<\/div>\n<div dir=\"auto\">Sortan Monica \u2013 CA Cluj<\/div>\n<div dir=\"auto\">R\u0103zvan Alexandru Bara \u2013 PT Bra\u0219ov<\/div>\n<div dir=\"auto\">Ramona Mungiu \u2013 PCAB<\/div>\n<div dir=\"auto\">Raluca Gheorghe \u2013 DNA<\/div>\n<div dir=\"auto\">Liviu C\u00eerneciu-Tribunalul Covasna<\/div>\n<div dir=\"auto\">Alexandra Dordea-DIICOT<\/div>\n<div dir=\"auto\">Marian Clement Virgil-PJ Gherla<\/div>\n<div dir=\"auto\">Arpinte Nicoleta-procuror pensionar<\/div>\n<div dir=\"auto\">Deliu\u0219 Laura-PJ Sector 1<\/div>\n<div dir=\"auto\">Iulian Nica-PM Cluj<\/div>\n<div dir=\"auto\">Carnariu Bianca Diana-DIICOT ST Satu Mare<\/div>\n<div dir=\"auto\">Ioan Amariei-procuror<\/div>\n<div dir=\"auto\">Palaghia Monica-PMTM Ia\u0219i<\/div>\n<div dir=\"auto\">Nicolae Carlescu-procuror<\/div>\n<div dir=\"auto\">C\u0103t\u0103lina Stoian-PCAB<\/div>\n<div dir=\"auto\">Morar Ciprian-PT Bihor<\/div>\n<div dir=\"auto\">Sas George Florin-DIICOT<\/div>\n<div dir=\"auto\">Cristian Jarca-PJ Oradea<\/div>\n<div dir=\"auto\">Sorin Beteringhe-PCA Oradea<\/div>\n<div dir=\"auto\">Moroiu Laura-Tribunalul Neam\u021b<\/div>\n<div dir=\"auto\">Cristi Danile\u021b-judec\u0103tor pensionar<\/div>\n<div dir=\"auto\">Ioana Maria C\u00e2mpean-Tribunalul Timi\u0219<\/div>\n<div dir=\"auto\">Lavinia Rus-procuror<\/div>\n<div dir=\"auto\">Ana Mure\u0219an-PICCJ<\/div>\n<div dir=\"auto\">Daniel Florin Ungureanu-PCA Ploie\u0219ti<\/div>\n<div dir=\"auto\">Cazac Anca-Tribunalul pentru Minori \u0219i Familie Bra\u0219ov<\/div>\n<div dir=\"auto\">Mateescu Mihaela-PJ Bra\u0219ov<\/div>\n<div dir=\"auto\">Dumitru Alexandra-Judec\u0103toria Cluj<\/div>\n<div dir=\"auto\">Antonia Novitchi-Tribunalul Timi\u0219<\/div>\n<div dir=\"auto\">P\u00eervu Ana Maria-PT Bucure\u0219ti<\/div>\n<div dir=\"auto\">Andrei Doncea-PJ Cornetu<\/div>\n<div dir=\"auto\">Ursu\u021b Cristian-PJ Buftea<\/div>\n<div dir=\"auto\">Andreea Luca-PJ Buftea<\/div>\n<div dir=\"auto\">Andrei Cristian-PJ Buftea<\/div>\n<div dir=\"auto\">Claudiu Eduard Coroban\u0103-Tribunalul Bucure\u0219ti<\/div>\n<div dir=\"auto\">Radu Ganea-PJS 2<\/div>\n<div dir=\"auto\">Diac Ana Maria-PTB<\/div>\n<div dir=\"auto\">Ancu\u021ba Ailene-Tribunalul Ia\u0219i<\/div>\n<div dir=\"auto\">Mirtha Elena Meleaca \u2013 CA Craiova<\/div>\n<div dir=\"auto\">Mihai Negulescu \u2013 DIICOT<\/div>\n<div dir=\"auto\">Emanuel Mihoc- PT Sibiu<\/div>\n<div dir=\"auto\">Anda Ungurean \u2013 Tb Boto\u0219ani<\/div>\n<div dir=\"auto\">Mihaela Bojin \u2013 Tb Bra\u0219ov<\/div>\n<div dir=\"auto\">Bocai Tudor Florin \u2013 PT Hunedoara<\/div>\n<div dir=\"auto\">Anca Boeriu DIICOT<\/div>\n<div dir=\"auto\">Maria R\u00eemniceanu -DIICOT<\/div>\n<div dir=\"auto\">Lili\u0219or C\u00e2\u021bu \u2013 DIICOT<\/div>\n<div dir=\"auto\">C\u0103t\u0103lin Moraru \u2013 DIICOT<\/div>\n<div dir=\"auto\">George Gavril\u0103 \u2013 DIICOT<\/div>\n<div dir=\"auto\">Florea Sanda Cristina \u2013 PT Ilfov<\/div>\n<div dir=\"auto\">Codreanu Alexandru \u2013 PT Bra\u0219ov<\/div>\n<div dir=\"auto\">Baciu Maria Magdelena \u2013 PJs1<\/div>\n<div dir=\"auto\">Tisu Cristina \u2013 PT Bihor<\/div>\n<div dir=\"auto\">Rarinca Felicia Tincuta \u2013 Tb Bra\u0219ov<\/div>\n<div dir=\"auto\">Nanu Vladimir \u2013 DIICOT<\/div>\n<div dir=\"auto\">Monica Cornea \u2013 PT Bucure\u0219ti<\/div>\n<div dir=\"auto\">Cristea Emilia \u2013 PT Bucure\u0219ti<\/div>\n<div dir=\"auto\">Daniel Giorgian \u2013 PT Bucure\u0219ti<\/div>\n<div dir=\"auto\">Ungurean Andreea Elisabeta \u2013 jud Cluj Napoca<\/div>\n<div dir=\"auto\">Sad\u00eec Zafer \u2013 Pt Constan\u021ba<\/div>\n<div dir=\"auto\">Sava Diana \u2013 Jud Bra\u0219ov<\/div>\n<div dir=\"auto\">P\u00eeslaru Doina \u2013 DIICOT<\/div>\n<div dir=\"auto\">Alexandra Crina Tanasa \u2013 Tb pentru minori \u0219i familie Brasov<\/div>\n<div dir=\"auto\">Negulescu Raluca \u2013 DIICOT<\/div>\n<div dir=\"auto\">Raducu Mihai \u2013 DIICOT<\/div>\n<div dir=\"auto\">R\u0103ducu M\u0103d\u0103lina \u2013 DIICOT<\/div>\n<div dir=\"auto\">Simion Daniel \u2013 PJ Ia\u0219i<\/div>\n<div dir=\"auto\">Mitrofan Iuliana Floarea \u2013 Tb Bistri\u021ba N\u0103s\u0103ud<\/div>\n<div dir=\"auto\">Vasut Claudia Diana \u2013 PJ Oradea<\/div>\n<div dir=\"auto\">Soltan Alexandru \u2013 PICCJ<\/div>\n<div dir=\"auto\">Ungureanu Cerasela \u2013 procuror pensionar<\/div>\n<div dir=\"auto\">Alma Dundev \u2013 PT Mure\u0219<\/div>\n<div dir=\"auto\">Claudiu Dorian Statache \u2013 PJ Bra\u0219ov<\/div>\n<div dir=\"auto\">Cerbu Mircea Theodor \u2013 Jud Bra\u0219ov<\/div>\n<div dir=\"auto\">Cristina Moisa \u2013 CA Bra\u0219ov<\/div>\n<div dir=\"auto\">Z\u00e2rn\u0103 Ioana Artemiza \u2013 PJ Buftea<\/div>\n<div dir=\"auto\">Cosmin cristescu \u2013 DIICOT<\/div>\n<div dir=\"auto\">Corina Dinic\u0103 \u2013 DIICOT<\/div>\n<div dir=\"auto\">Cristina Dufour- DIICOT<\/div>\n<div dir=\"auto\">Paiu\u0219i Marius \u2013 PCAB<\/div>\n<div dir=\"auto\">Adriana Alexe \u2013 PICCJ<\/div>\n<div dir=\"auto\">Cosntantin M\u00eendroceanu \u2013 PJ Buftea<\/div>\n<div dir=\"auto\">Radu Emilia \u2013 Pj Buftea<\/div>\n<div dir=\"auto\">Minea Grigora\u0219 Cristina Florentina \u2013 Pj Buftea<\/div>\n<div dir=\"auto\">Ana Maria P\u0103un \u2013 Pj Buftea<\/div>\n<div dir=\"auto\">\u0218tef\u0103ni\u021b\u0103 Gogea DIICOT<\/div>\n<div dir=\"auto\">Tudor Filip \u2013 PJ s6<\/div>\n<div dir=\"auto\">Alexe Adriana \u2013 PICCJ<\/div>\n<div dir=\"auto\">Tudor Vasiu \u2013 PT Mure\u0219<\/div>\n<div dir=\"auto\">Cristina Gogea \u2013 CA Bra\u0219ov<\/div>\n<div dir=\"auto\">Iulia Cri\u0219an \u2013 PJ s4<\/div>\n<div dir=\"auto\">Bogdan Niculescu \u2013 DIICOT<\/div>\n<div dir=\"auto\">Cosmin Puiulescu \u2013 DIICOT<\/div>\n<div dir=\"auto\">Rus Bogdan Florin \u2013 PJ s4<\/div>\n<div dir=\"auto\">Iordache Irina \u2013 PJ s1<\/div>\n<div dir=\"auto\">Dan Bubuiug \u2013 DIICOT<\/div>\n<div dir=\"auto\">Adrian \u021a\u00eerlea \u2013 PTB<\/div>\n<div dir=\"auto\">Alexandra Pop- PJ Bra\u0219ov<\/div>\n<div dir=\"auto\">Gherghina Alina Nicoleta -PJs6<\/div>\n<div dir=\"auto\">Dinga Adrian \u2013 PJ Ia\u0219i<\/div>\n<div dir=\"auto\">Marius Borta \u2013 PJ s4<\/div>\n<div dir=\"auto\">Ioana Vlaston \u2013 PT Bucure\u0219ti<\/div>\n<div dir=\"auto\">Buc\u0219\u0103 Nicoleta \u2013 PJ Ia\u0219i<\/div>\n<div dir=\"auto\">Alexandru Ghinea \u2013 PT Bucure\u0219ti<\/div>\n<div dir=\"auto\">Andrei Iustin Costel \u2013 PJ Sibiu<\/div>\n<div dir=\"auto\">Andreea Vi\u0219an \u2013 PJs6<\/div>\n<div dir=\"auto\">Zlate Nadia \u2013 DNA<\/div>\n<div dir=\"auto\">Enescu George \u2013 DIICOT<\/div>\n<div dir=\"auto\">Valeriu Iordache \u2013 PT Arge\u0219<\/div>\n<div dir=\"auto\">Alina Andri\u021boiu \u2013 PICCJ<\/div>\n<div dir=\"auto\">Ancu\u021ba Andri\u021boiu \u2013 PCA Bra\u0219ov<\/div>\n<div dir=\"auto\">C\u0103p\u0103straru Mila Ramona \u2013 PJs3<\/div>\n<div dir=\"auto\">Constantin Botea \u2013 PJs6<\/div>\n<div dir=\"auto\">Vlad Cr\u0103ciun \u2013 PT Bucure\u0219ti<\/div>\n<div dir=\"auto\">Ioana Pasculet \u2013 CA Cluj<\/div>\n<div dir=\"auto\">Florin Zeres \u2013 Tb Sibiu<\/div>\n<div dir=\"auto\">Violeta Andrei \u2013 DIICOT<\/div>\n<div dir=\"auto\">Dumitru Alexandru Daniel \u2013 PJ Buftea<\/div>\n<div dir=\"auto\">Bradea Vlad \u2013 DIICOT<\/div>\n<div dir=\"auto\">Botea Raluca Cristiana \u2013 procuror pensionar<\/div>\n<div dir=\"auto\">Oana Bunea \u2013 CA Timi\u0219<\/div>\n<div dir=\"auto\">Scorta Robert \u2013 PMTMT<\/div>\n<div dir=\"auto\">Florentina Iv\u0103ncioiu \u2013 Tb Bucure\u0219ti<\/div>\n<div dir=\"auto\">Radu Dusa \u2013 CA Cluj<\/div>\n<div dir=\"auto\">Vlad Alexandru Ben\u021ban \u2013 DIICOT<\/div>\n<div dir=\"auto\">Ioan Gaga \u2013 Tb Cluj<\/div>\n<div dir=\"auto\">Cosmin Constantin Andrei \u2013 Pj F\u0103g\u0103ra\u0219<\/div>\n<div dir=\"auto\">Tokos Lehel \u2013 DIICOT<\/div>\n<div dir=\"auto\">Ghenu Andreea \u2013 DNA<\/div>\n<div dir=\"auto\">Simona Stef\u0103niu \u2013 DIICOT<\/div>\n<div dir=\"auto\">Teona Gabriela Boteanu \u2013 Tb Cluj<\/div>\n<div dir=\"auto\">Ib\u0103nescu Larion Alexandra \u2013 PT Vaslui<\/div>\n<div dir=\"auto\">Maria Filip \u2013 Tb specializat Cluj<\/div>\n<div dir=\"auto\">Bogdan \u0218tef\u0103niu \u2013 DIICOT<\/div>\n<div dir=\"auto\">Todea Lauren\u021biu \u2013 PT Timi\u0219<\/div>\n<div dir=\"auto\">Pop Ciprian \u2013 PJ Ludu\u0219<\/div>\n<div dir=\"auto\">V\u00eelceanu Florin \u2013 Tb Bucure\u0219ti<\/div>\n<div dir=\"auto\">Silvia Pietraru \u2013 PT Arge\u0219<\/div>\n<div dir=\"auto\">Constantin Gr\u0103jdeanu \u2013 PT Bac\u0103u<\/div>\n<div dir=\"auto\">Taghiev Ramona \u2013 PCA Bac\u0103u<\/div>\n<div dir=\"auto\">Antaloae Ovidiu \u2013 Jud Olteni\u021ba<\/div>\n<div dir=\"auto\">Alexandru Marin \u2013 PT Bucure\u0219ti<\/div>\n<div dir=\"auto\">\u0218erban Viorel \u2013 PCAB<\/div>\n<div dir=\"auto\">Felicia Vlad \u2013 PCA Brasov<\/div>\n<div dir=\"auto\">Corina Dragu \u2013 PCA Brasov<\/div>\n<div dir=\"auto\">Ioana Nicoar\u0103 \u2013 PMT Cluj<\/div>\n<div dir=\"auto\">Ro\u0219ca Anda Elena \u2013 jud Cluj<\/div>\n<div dir=\"auto\">Iulia Ianovici- PT satu Mare<\/div>\n<div dir=\"auto\">Baldea Diana \u2013 procuror pensionar<\/div>\n<div dir=\"auto\">Ramona Zglimbea, judec\u0103tor pensionar<\/div>\n<\/div>\n<div class=\"x14z9mp xat24cr x1lziwak x1vvkbs xtlvy1s x126k92a\">\n<div dir=\"auto\">Pe parcursul zilelor viitoare, vom informa public cu privire la actualizarea listei si a m\u0103surilor propuse. Mul\u021bumim pentru sus\u021binere!<\/div>\n<\/div>\n<\/div>\n<\/div>\n<div class=\"td_block_wrap td-a-rec td-a-rec-id-custom-spot td-a-rec-img tdi_107 td_block_template_1\">\n<div><a href=\"https:\/\/www.tomitatravel.ro\/\" target=\"blank\" class=\"td_spot_img_all\"><img loading=\"lazy\" decoding=\"async\" src=\"https:\/\/analyse.optim.biz\/wp-content\/uploads\/2025\/12\/banner-tomita_travel-focsani-1200x200-1-10.jpg\" alt=\"Tomi\u021b\u0103 Travel - Agen\u021bie de turism Foc\u0219ani\" width=\"1200\" height=\"200\" title=\"banner-tomita_travel-focsani-1200x200-1-10\"><\/a><a href=\"https:\/\/www.tomitatravel.ro\/\" target=\"blank\" class=\"td_spot_img_mob\"><img loading=\"lazy\" decoding=\"async\" src=\"https:\/\/analyse.optim.biz\/wp-content\/uploads\/2025\/12\/banner-tomita_travel-focsani-350x350-1-10.jpg\" alt=\"Tomi\u021b\u0103 Travel - Agen\u021bie de turism Foc\u0219ani\" width=\"300\" height=\"350\" title=\"banner-tomita_travel-focsani-350x350-1-10\"><\/a><\/div>\n<\/div>\n<div class=\"td_block_wrap td-a-rec td-a-rec-id-custom-spot td-a-rec-img tdi_108 td_block_template_1\">\n<div><a href=\"https:\/\/www.dezromania.ro\/categorii\/category\/14-produse.html\" target=\"blank\" class=\"td_spot_img_all\"><img loading=\"lazy\" decoding=\"async\" src=\"https:\/\/analyse.optim.biz\/wp-content\/uploads\/2025\/12\/banner-1200x200-sipotehnokar-auto-avariate-2025-10.jpg\" alt=\"spot_img\" width=\"1200\" height=\"200\" title=\"banner-1200x200-sipotehnokar-auto-avariate-2025-10\"><\/a><a href=\"https:\/\/www.dezromania.ro\/categorii\/category\/14-produse.html\" target=\"blank\" class=\"td_spot_img_mob\"><img loading=\"lazy\" decoding=\"async\" src=\"https:\/\/analyse.optim.biz\/wp-content\/uploads\/2025\/12\/banner-sipotehnokar-300xx220px-2025-10.jpg\" alt=\"spot_img\" width=\"300\" height=\"220\" title=\"banner-sipotehnokar-300xx220px-2025-10\"><\/a><\/div>\n<\/div>\n<div class=\"td_block_wrap td-a-rec td-a-rec-id-custom-spot td-a-rec-img tdi_109 td_block_template_1\">\n<div><a href=\"https:\/\/haipromo.ro\/\" target=\"blank\" class=\"td_spot_img_all\"><img loading=\"lazy\" decoding=\"async\" src=\"https:\/\/analyse.optim.biz\/wp-content\/uploads\/2025\/12\/banner-hai-promo-1200x200px-10.jpg\" alt=\"HAI PROMO\" width=\"1200\" height=\"200\" title=\"banner-hai-promo-1200x200px-10\"><\/a><a href=\"https:\/\/haipromo.ro\/\" target=\"blank\" class=\"td_spot_img_mob\"><img loading=\"lazy\" decoding=\"async\" src=\"https:\/\/analyse.optim.biz\/wp-content\/uploads\/2025\/12\/banner-hai-promo-350x350px-10.jpg\" alt=\"HAI PROMO\" width=\"350\" height=\"350\" title=\"banner-hai-promo-350x350px-10\"><\/a><\/div>\n<\/div>\n<\/div>\n<\/div>\n<div class=\"vc_column tdi_112  wpb_column vc_column_container tdc-column td-pb-span4\">\n<div class=\"wpb_wrapper\">\n<div class=\"wpb_wrapper td_block_wrap vc_widget_sidebar tdi_114 \">\n<aside id=\"custom_html-12\" class=\"widget_text td_block_template_1 widget custom_html-12 widget_custom_html\">\n<h4 class=\"block-title\"><span>\u2013 PUBLICITATE \u2013<\/span><\/h4>\n<div class=\"textwidget custom-html-widget\"><a href=\"https:\/\/www.facebook.com\/TractariAutoVranceaSOS24\"><source srcset=\"https:\/\/www.jurnaldevrancea.ro\/wp\/wp-content\/webp-express\/webp-images\/uploads\/2024\/11\/BANNER-sos-24-2024-300x300-px.jpg.webp\" type=\"image\/webp\" \/><\/a><a href=\"https:\/\/haipromo.ro\/\"><source srcset=\"https:\/\/www.jurnaldevrancea.ro\/wp\/wp-content\/webp-express\/webp-images\/uploads\/2024\/06\/banner-HAI-PROMO-350x350px.jpg.webp\" type=\"image\/webp\" \/><\/a><a href=\"https:\/\/www.facebook.com\/acnasygcons\"><source srcset=\"https:\/\/www.jurnaldevrancea.ro\/wp\/wp-content\/webp-express\/webp-images\/uploads\/2025\/08\/Banner-350x350px-Asyg-Consulting.jpg.webp\" type=\"image\/webp\" \/><\/a><\/div>\n<\/aside>\n<\/div>\n<div class=\"tdm_block td_block_wrap tdm_block_column_title tdi_116 tdm-content-horiz-center td-pb-border-top td_block_template_1\" data-td-block-uid=\"tdi_116\">\n<div class=\"td-block-row\">\n<div class=\"td-block-span12 tdm-col\">\n<div class=\"tds-title tds-title1 td-fix-index tdi_117 \">\n<h3 class=\"tdm-title tdm-title-md\">ARTICOLE SIMILARE<\/h3>\n<\/div>\n<\/div>\n<\/div>\n<\/div>\n<div class=\"td_block_wrap td_flex_block_1 tdi_118 td-pb-border-top td_block_template_1 td_flex_block\" data-td-block-uid=\"tdi_118\">\n<div id=\"tdi_118\" class=\"td_block_inner td-mc1-wrap\">\n<div class=\"td_module_flex td_module_flex_1 td_module_wrap td-animation-stack td-cpt-post\">\n<div class=\"td-module-container td-category-pos-above\">\n<div class=\"td-module-meta-info\"><a href=\"https:\/\/www.jurnaldevrancea.ro\/actualitate\/\" class=\"td-post-category\">Actualitate<\/a><\/p>\n<h3 class=\"entry-title td-module-title\"><a href=\"https:\/\/www.jurnaldevrancea.ro\/incepe-noua-sesiune-de-inscrieri-pentru-persoanele-fizice-la-rabla-auto-2025\/\" rel=\"bookmark\" title=\"\u00cencepe noua sesiune de \u00eenscrieri pentru persoanele fizice la Rabla Auto 2025\">\u00cencepe noua sesiune de \u00eenscrieri pentru persoanele fizice la Rabla Auto 2025<\/a><\/h3>\n<div class=\"td-excerpt\">O nou\u0103 sesiune de \u00eenscrieri pentru persoanele fizice care nu au reu\u0219it p\u00e2n\u0103 acum&#8230;<\/div>\n<\/div>\n<\/div>\n<\/div>\n<div class=\"td_module_flex td_module_flex_1 td_module_wrap td-animation-stack td-cpt-post\">\n<div class=\"td-module-container td-category-pos-above\">\n<div class=\"td-module-meta-info\"><a href=\"https:\/\/www.jurnaldevrancea.ro\/actualitate\/\" class=\"td-post-category\">Actualitate<\/a><\/p>\n<h3 class=\"entry-title td-module-title\"><a href=\"https:\/\/www.jurnaldevrancea.ro\/crangul-petresti-locul-unde-sarbatorile-revin-la-radacini-care-este-programul-spectacolelor-organizate-in-apropierea-craciunului\/\" rel=\"bookmark\" title=\"Cr\u00e2ngul Petre\u0219ti, locul unde s\u0103rb\u0103torile revin la r\u0103d\u0103cini! Care este programul spectacolelor organizate \u00een apropierea Cr\u0103ciunului\">Cr\u00e2ngul Petre\u0219ti, locul unde s\u0103rb\u0103torile revin la r\u0103d\u0103cini! Care este programul spectacolelor organizate \u00een apropierea Cr\u0103ciunului<\/a><\/h3>\n<div class=\"td-excerpt\">\n<p>Din 19 decembrie, Cr\u00e2ngul Petre\u0219ti se transform\u0103 \u00eentr-un spa\u021biu \u00een care s\u0103rb\u0103torile de iarn\u0103&#8230;<\/p><\/div>\n<\/div>\n<\/div>\n<\/div>\n<\/div>\n<\/div>\n<\/div>\n<\/div>\n<\/div>\n<\/div>\n<div id=\"tdi_119\" class=\"tdc-row\">\n<div class=\"vc_row tdi_120  wpb_row td-pb-row\">\n<div class=\"vc_column tdi_122  wpb_column vc_column_container tdc-column td-pb-span12\">\n<div class=\"wpb_wrapper\">\n<div class=\"tdm_block td_block_wrap tdm_block_column_title tdi_123 tdm-content-horiz-center td-pb-border-top td_block_template_1\" data-td-block-uid=\"tdi_123\">\n<div class=\"td-block-row\">\n<div class=\"td-block-span12 tdm-col\">\n<div class=\"tds-title tds-title1 td-fix-index tdi_124 \">\n<h3 class=\"tdm-title tdm-title-md\">ARTICOLE POPULARE<\/h3>\n<\/div>\n<\/div>\n<\/div>\n<\/div>\n<\/div>\n<\/div>\n<\/div>\n<\/div>\n<div id=\"tdi_125\" class=\"tdc-row\">\n<div class=\"vc_row tdi_126  wpb_row td-pb-row\">\n<div class=\"vc_column tdi_128  wpb_column vc_column_container tdc-column td-pb-span12\">\n<div class=\"wpb_wrapper\">\n<div class=\"td_block_wrap td_flex_block_1 tdi_129 td-pb-border-top td_block_template_1 td_flex_block\" data-td-block-uid=\"tdi_129\">\n<div id=\"tdi_129\" class=\"td_block_inner td-mc1-wrap\">\n<div class=\"td_module_flex td_module_flex_1 td_module_wrap td-animation-stack td-cpt-post\">\n<div class=\"td-module-container td-category-pos-above\">\n<div class=\"td-module-meta-info\"><a href=\"https:\/\/www.jurnaldevrancea.ro\/actualitate\/\" class=\"td-post-category\">Actualitate<\/a><\/p>\n<h3 class=\"entry-title td-module-title\"><a href=\"https:\/\/www.jurnaldevrancea.ro\/alerta-epidemiologica-in-vrancea-doua-femei-sunt-internate-in-stare-grava-la-ati-cu-suspiciune-de-botulism\/\" rel=\"bookmark\" title=\"Alert\u0103 epidemiologic\u0103 \u00een Vrancea! Dou\u0103 femei sunt internate \u00een stare grav\u0103 la ATI cu suspiciune de botulism\">Alert\u0103 epidemiologic\u0103 \u00een Vrancea! Dou\u0103 femei sunt internate \u00een stare grav\u0103 la ATI cu suspiciune de botulism<\/a><\/h3>\n<div class=\"td-excerpt\">Dou\u0103 cazuri suspecte de botulism au fost raportate \u00een jude\u021bul Vrancea \u00een intervalul 10\u201311&#8230;<\/div>\n<div class=\"td-editor-date\"><span class=\"td-author-date\"><span class=\"td-post-date\"><time class=\"entry-date updated td-module-date\" datetime=\"2025-12-13T08:18:55+02:00\">13\/12\/2025<\/time><\/span><\/span><\/div>\n<\/div>\n<\/div>\n<\/div>\n<div class=\"td_module_flex td_module_flex_1 td_module_wrap td-animation-stack td-cpt-post\">\n<div class=\"td-module-container td-category-pos-above\">\n<div class=\"td-module-meta-info\"><a href=\"https:\/\/www.jurnaldevrancea.ro\/actualitate\/\" class=\"td-post-category\">Actualitate<\/a><\/p>\n<h3 class=\"entry-title td-module-title\"><a href=\"https:\/\/www.jurnaldevrancea.ro\/doliu-in-comunitatea-din-adjud-a-murit-profesoara-simona-ceamburu\/\" rel=\"bookmark\" title=\"Doliu \u00een comunitatea din Adjud! A murit profesoara Simona Ceamburu!\">Doliu \u00een comunitatea din Adjud! A murit profesoara Simona Ceamburu!<\/a><\/h3>\n<div class=\"td-excerpt\">Colegiul Tehnic \u201eGh. Bal\u0219\u201d din Adjud a anun\u021bat cu mare triste\u021be moartea profesoarei de&#8230;<\/div>\n<div class=\"td-editor-date\"><span class=\"td-author-date\"><span class=\"td-post-date\"><time class=\"entry-date updated td-module-date\" datetime=\"2025-12-11T15:19:24+02:00\">11\/12\/2025<\/time><\/span><\/span><\/div>\n<\/div>\n<\/div>\n<\/div>\n<div class=\"td_module_flex td_module_flex_1 td_module_wrap td-animation-stack td-cpt-post\">\n<div class=\"td-module-container td-category-pos-above\">\n<div class=\"td-module-meta-info\"><a href=\"https:\/\/www.jurnaldevrancea.ro\/actualitate\/\" class=\"td-post-category\">Actualitate<\/a><\/p>\n<h3 class=\"entry-title td-module-title\"><a href=\"https:\/\/www.jurnaldevrancea.ro\/prescriptia-colacul-de-salvare-al-inculpatilor-din-sistem-cazul-revoltator-din-vrancea-primarul-iordache-cazacu-salvat-de-trecerea-timpului-nu-de-nevinovatie\/\" rel=\"bookmark\" title=\"Prescrip\u021bia \u2013 colacul de salvare al inculpa\u021bilor din sistem. Cazul revolt\u0103tor din Vrancea: primarul Iordache Cazacu, salvat de trecerea timpului, nu de nevinov\u0103\u021bie\">Prescrip\u021bia \u2013 colacul de salvare al inculpa\u021bilor din sistem. Cazul revolt\u0103tor din Vrancea: primarul Iordache Cazacu, salvat de trecerea timpului, nu de nevinov\u0103\u021bie<\/a><\/h3>\n<div class=\"td-excerpt\">Scandalul na\u021bional declan\u0219at de investiga\u021bia jurnali\u0219tilor de la Recorder despre \u201einculpa\u021bi salva\u021bi de prescrip\u021bie\u201d&#8230;<\/div>\n<div class=\"td-editor-date\"><span class=\"td-author-date\"><span class=\"td-post-date\"><time class=\"entry-date updated td-module-date\" datetime=\"2025-12-10T21:55:35+02:00\">10\/12\/2025<\/time><\/span><\/span><\/div>\n<\/div>\n<\/div>\n<\/div>\n<\/div>\n<\/div>\n<\/div>\n<\/div>\n<\/div>\n<\/div>\n<\/div>\n<\/div>\n<p><span class=\"td-page-meta\"><\/span><span class=\"td-page-meta\"><span class=\"td-page-meta\"><\/span><\/span><span class=\"td-page-meta\"><\/span><\/article>\n<p> Source URL: https:\/\/www.jurnaldevrancea.ro\/aproape-180-de-magistrati-isi-exprima-public-solidaritatea-cu-judecatorii-laurentiu-besu-si-raluca-morosanu\/<\/p>\n","protected":false},"excerpt":{"rendered":"<p>Acas\u0103ActualitateAproape 180 de magistra\u021bi \u00ee\u0219i exprim\u0103 public solidaritatea cu judec\u0103torii Lauren\u021biu Be\u0219u \u0219i Raluca Moro\u0219anu ActualitateJusti\u021bie Aproape 180 de magistra\u021bi \u00ee\u0219i exprim\u0103 public solidaritatea cu judec\u0103torii Lauren\u021biu Be\u0219u \u0219i Raluca Moro\u0219anu DE:Alex Moldovan 12\/12\/2025 97 Facebook Twitter WhatsApp Imprimare Aproape 180 de magistra\u021bi au semnat un mesaj public de sus\u021binere fa\u021b\u0103 de judec\u0103torii Lauren\u021biu Be\u0219u [&hellip;]<\/p>\n","protected":false},"author":1,"featured_media":1070012,"comment_status":"open","ping_status":"","sticky":false,"template":"","format":"standard","meta":{"footnotes":""},"categories":[89],"tags":[207],"class_list":["post-1070011","post","type-post","status-publish","format-standard","has-post-thumbnail","hentry","category-romania","tag-jurnaldevrancea-ro"],"_links":{"self":[{"href":"https:\/\/analyse.optim.biz\/index.php?rest_route=\/wp\/v2\/posts\/1070011","targetHints":{"allow":["GET"]}}],"collection":[{"href":"https:\/\/analyse.optim.biz\/index.php?rest_route=\/wp\/v2\/posts"}],"about":[{"href":"https:\/\/analyse.optim.biz\/index.php?rest_route=\/wp\/v2\/types\/post"}],"author":[{"embeddable":true,"href":"https:\/\/analyse.optim.biz\/index.php?rest_route=\/wp\/v2\/users\/1"}],"replies":[{"embeddable":true,"href":"https:\/\/analyse.optim.biz\/index.php?rest_route=%2Fwp%2Fv2%2Fcomments&post=1070011"}],"version-history":[{"count":0,"href":"https:\/\/analyse.optim.biz\/index.php?rest_route=\/wp\/v2\/posts\/1070011\/revisions"}],"wp:featuredmedia":[{"embeddable":true,"href":"https:\/\/analyse.optim.biz\/index.php?rest_route=\/wp\/v2\/media\/1070012"}],"wp:attachment":[{"href":"https:\/\/analyse.optim.biz\/index.php?rest_route=%2Fwp%2Fv2%2Fmedia&parent=1070011"}],"wp:term":[{"taxonomy":"category","embeddable":true,"href":"https:\/\/analyse.optim.biz\/index.php?rest_route=%2Fwp%2Fv2%2Fcategories&post=1070011"},{"taxonomy":"post_tag","embeddable":true,"href":"https:\/\/analyse.optim.biz\/index.php?rest_route=%2Fwp%2Fv2%2Ftags&post=1070011"}],"curies":[{"name":"wp","href":"https:\/\/api.w.org\/{rel}","templated":true}]}}