{"id":1068193,"date":"2025-12-14T00:00:00","date_gmt":"2025-12-13T21:00:00","guid":{"rendered":"https:\/\/analyse.optim.biz\/?p=1068193"},"modified":"2025-12-14T00:00:00","modified_gmt":"2025-12-13T21:00:00","slug":"detenido-un-cirujano-plastico-por-presunto-abuso-sexual-a-una-paciente-anestesiada-grabado-en-video-periodista-digital","status":"publish","type":"post","link":"https:\/\/analyse.optim.biz\/?p=1068193","title":{"rendered":"Detenido un cirujano pl\u00e1stico por presunto abuso sexual a una paciente anestesiada, grabado en v\u00eddeo &#8211; Periodista Digital"},"content":{"rendered":"<div class=\"m4p-post-content\">\n<div class=\"block-vertical-align-right\">\n<div class=\"m4p-relations-group\">\n<div class=\"m4p-group-vertical-title\">\n<h2>M\u00e1s informaci\u00f3n<\/h2>\n<\/div>\n<div class=\"m4p-summary-news\">\n<figure class=\"m4p-image m4p-crop-medium-1\"><a href=\"https:\/\/www.periodistadigital.com\/politica\/20251214\/sanchez-histerico-corrupcion-guarrerias-sexuales-noquean-gobierno-frankenstein-agrietan-psoe-noticia-689405162959\/\"><img loading=\"lazy\" decoding=\"async\" src=\"https:\/\/analyse.optim.biz\/wp-content\/uploads\/2025\/12\/sanchez-la-corrupcion-del-psoe-y-algunos-de-sus-secuaces-320x214-3.jpg\" width=\"320\" height=\"214\" alt=\"Sa\u0301nchez, la corrupcio\u0301n del PSOE y algunos de sus secuaces\" title=\"sanchez-la-corrupcion-del-psoe-y-algunos-de-sus-secuaces-320x214-3\"><\/a><\/figure>\n<div class=\"m4p-summary-news-title\">\n<h3><a href=\"https:\/\/www.periodistadigital.com\/politica\/20251214\/sanchez-histerico-corrupcion-guarrerias-sexuales-noquean-gobierno-frankenstein-agrietan-psoe-noticia-689405162959\/\">S\u00e1nchez hist\u00e9rico: La corrupci\u00f3n y las guarrer\u00edas sexuales noquean al Gobierno Frankenstein y agrietan al PSOE<\/a><\/h3>\n<\/div>\n<\/div>\n<div class=\"m4p-summary-news\">\n<figure class=\"m4p-image m4p-crop-medium-1\"><a href=\"https:\/\/www.periodistadigital.com\/gente\/sucesos\/20251207\/marroquies-argelinos-frente-ventaja-lista-delincuentes-extranjeros-detenidos-cataluna-noticia-689405160898\/\"><img loading=\"lazy\" decoding=\"async\" src=\"https:\/\/analyse.optim.biz\/wp-content\/uploads\/2025\/12\/un-cuchillo-ensangrentado-320x214-3.jpg\" width=\"320\" height=\"214\" alt=\"Un cuchillo ensangrentado\" title=\"un-cuchillo-ensangrentado-320x214-3\"><\/a><\/figure>\n<div class=\"m4p-summary-news-title\">\n<h3><a href=\"https:\/\/www.periodistadigital.com\/gente\/sucesos\/20251207\/marroquies-argelinos-frente-ventaja-lista-delincuentes-extranjeros-detenidos-cataluna-noticia-689405160898\/\">Marroqu\u00edes y argelinos, al frente y con ventaja de la lista de delincuentes extranjeros detenidos en Catalu\u00f1a<\/a><\/h3>\n<\/div>\n<\/div>\n<\/div>\n<\/div>\n<p><span class=\"m4p-capitular\">E<\/span>l silencio as\u00e9ptico de un quir\u00f3fano del hospital privado<strong> IMED Virgen de la Fuensanta<\/strong>, en <strong>Murcia<\/strong>, se rompi\u00f3 cuando dos enfermeras, alertadas por unos movimientos \u201cextra\u00f1os\u201d del cirujano durante una intervenci\u00f3n est\u00e9tica, decidieron grabar lo que estaba ocurriendo.<\/p>\n<p>Lo que sus tel\u00e9fonos registraron \u2014seg\u00fan publica\u00a0<strong>La Opini\u00f3n de Murcia<\/strong>\u00a0\u2014 ha estremecido a todo el sector sanitario: el m\u00e9dico, un reputado cirujano pl\u00e1stico con consulta en<strong> Madrid<\/strong> y <strong>Alicante<\/strong>, habr\u00eda abusado sexualmente de una paciente que permanec\u00eda anestesiada en plena operaci\u00f3n de aumento de pecho.<\/p>\n<p>La direcci\u00f3n del hospital recibi\u00f3 el v\u00eddeo y, de inmediato, puso los hechos en conocimiento de la Polic\u00eda Nacional. Los agentes localizaron al sospechoso horas despu\u00e9s en la casa de su madre, en la provincia de Alicante, donde fue detenido. Este s\u00e1bado, el juez de Molina de Segura decret\u00f3 su ingreso en prisi\u00f3n provisional, comunicada y sin fianza. La decisi\u00f3n judicial, se sustenta en la gravedad de los hechos y en el riesgo de fuga, dado que el acusado es extranjero y posee una cl\u00ednica privada en Madrid.<\/p>\n<p>El hospital IMED ha emitido un comunicado desmarc\u00e1ndose del facultativo, que no pertenece a su plantilla y habr\u00eda alquilado el quir\u00f3fano para operar a su propio paciente. Tanto el centro como el grupo IMED Hospitales han mostrado su \u201cabsoluta colaboraci\u00f3n con la justicia\u201d, su respaldo a los profesionales que destaparon el caso y la intenci\u00f3n de personarse como parte en la causa.<\/p>\n<p>El arrestado, de 45 a\u00f1os, no es un desconocido en su \u00e1mbito. Con m\u00e1s de 15 a\u00f1os de experiencia en cirug\u00eda pl\u00e1stica, est\u00e9tica y reparadora, era miembro de varias sociedades m\u00e9dicas nacionales e internacionales y manten\u00eda una intensa actividad en redes sociales, donde acumulaba millas de seguidores y compart\u00eda v\u00eddeos de sus intervenciones. Su reputaci\u00f3n, sin embargo, se ha desplomado de la noche a la ma\u00f1ana.<\/p>\n<p>Las enfermeras que denunciaron los hechos y la v\u00edctima, seg\u00fan fuentes judiciales, ya han prestado declaraci\u00f3n ante la magistrada instructora. El m\u00e9dico, por su parte, se acogi\u00f3 a su derecho a no declarar. El v\u00eddeo que destap\u00f3 el caso, una grabaci\u00f3n breve pero concluyente, ser\u00e1 ahora una de las pruebas clave en una investigaci\u00f3n que ha dejado en estado de shock al mundo m\u00e9dico y a la sociedad murciana.<\/p>\n<\/div>\n<p> Source URL: https:\/\/www.periodistadigital.com\/gente\/sucesos\/20251214\/detenido-cirujano-plastico-presunto-abuso-sexual-paciente-anestesiada-grabado-video-noticia-689405163044\/<\/p>\n","protected":false},"excerpt":{"rendered":"<p>M\u00e1s informaci\u00f3n S\u00e1nchez hist\u00e9rico: La corrupci\u00f3n y las guarrer\u00edas sexuales noquean al Gobierno Frankenstein y agrietan al PSOE Marroqu\u00edes y argelinos, al frente y con ventaja de la lista de delincuentes extranjeros detenidos en Catalu\u00f1a El silencio as\u00e9ptico de un quir\u00f3fano del hospital privado IMED Virgen de la Fuensanta, en Murcia, se rompi\u00f3 cuando dos [&hellip;]<\/p>\n","protected":false},"author":1,"featured_media":1068194,"comment_status":"open","ping_status":"","sticky":false,"template":"","format":"standard","meta":{"footnotes":""},"categories":[88],"tags":[112],"class_list":["post-1068193","post","type-post","status-publish","format-standard","has-post-thumbnail","hentry","category-spain","tag-periodistadigital-com"],"_links":{"self":[{"href":"https:\/\/analyse.optim.biz\/index.php?rest_route=\/wp\/v2\/posts\/1068193","targetHints":{"allow":["GET"]}}],"collection":[{"href":"https:\/\/analyse.optim.biz\/index.php?rest_route=\/wp\/v2\/posts"}],"about":[{"href":"https:\/\/analyse.optim.biz\/index.php?rest_route=\/wp\/v2\/types\/post"}],"author":[{"embeddable":true,"href":"https:\/\/analyse.optim.biz\/index.php?rest_route=\/wp\/v2\/users\/1"}],"replies":[{"embeddable":true,"href":"https:\/\/analyse.optim.biz\/index.php?rest_route=%2Fwp%2Fv2%2Fcomments&post=1068193"}],"version-history":[{"count":0,"href":"https:\/\/analyse.optim.biz\/index.php?rest_route=\/wp\/v2\/posts\/1068193\/revisions"}],"wp:featuredmedia":[{"embeddable":true,"href":"https:\/\/analyse.optim.biz\/index.php?rest_route=\/wp\/v2\/media\/1068194"}],"wp:attachment":[{"href":"https:\/\/analyse.optim.biz\/index.php?rest_route=%2Fwp%2Fv2%2Fmedia&parent=1068193"}],"wp:term":[{"taxonomy":"category","embeddable":true,"href":"https:\/\/analyse.optim.biz\/index.php?rest_route=%2Fwp%2Fv2%2Fcategories&post=1068193"},{"taxonomy":"post_tag","embeddable":true,"href":"https:\/\/analyse.optim.biz\/index.php?rest_route=%2Fwp%2Fv2%2Ftags&post=1068193"}],"curies":[{"name":"wp","href":"https:\/\/api.w.org\/{rel}","templated":true}]}}