{"id":106609,"date":"2018-09-21T21:26:51","date_gmt":"2018-09-21T18:26:51","guid":{"rendered":"https:\/\/analyse.optim.biz\/?p=106609"},"modified":"2018-09-21T21:26:51","modified_gmt":"2018-09-21T18:26:51","slug":"paul-stanescu-dupa-cex-noi-ce-sustinem-in-acel-document-sustinem-pana-la-capat","status":"publish","type":"post","link":"https:\/\/analyse.optim.biz\/?p=106609","title":{"rendered":"Paul St\u0103nescu, dup\u0103 CEx: Noi, ce sus\u0163inem \u00een acel document, sus\u0163inem p\u00e2n\u0103 la cap\u0103t"},"content":{"rendered":"<div class=\"entry data-app-meta data-app-meta-article\" data-embed-base-url-canonical=\"https:\/\/www.digi24.ro\/embed\/fara-categorie\/paul-stanescu-dupa-cex-noi-ce-sustinem-in-acel-document-sustinem-pana-la-capat-1000840\">\n<p data-index=\"1\"><strong>Vicepremierul Paul St\u0103nescu, unul dintre semnatarii scrisorii anti-Dragnea, a spus, la finalul Comitetului Executiv al PSD, c\u0103 nimeni nu va pleca din partid, dar a subliniat c\u0103 cei care sus\u0163in acel document \u00eel vor sus\u0163ine \u00een continuare<\/strong>.<\/p>\n<p data-index=\"2\">\u201eNimeni nu pleac\u0103 din partid. Vom vota tot ce avem \u00een Parlament de votat, tot ce e \u00een programul de guvernare. E prima discu\u0163ie serioas\u0103 pe care o avem \u015fi cu mult curaj.<\/p>\n<p data-index=\"3\">Noi, ce sus\u0163inem \u00een acel document, sus\u0163inem p\u00e2n\u0103 la cap\u0103t. Nu ne-am schimbat pozi\u0163ia\u201d, a declarat Paul St\u0103nescu, dup\u0103 CEx.<\/p>\n<\/div>\n<p> Source URL: https:\/\/www.digi24.ro\/fara-categorie\/paul-stanescu-dupa-cex-noi-ce-sustinem-in-acel-document-sustinem-pana-la-capat-1000840<\/p>\n","protected":false},"excerpt":{"rendered":"<p>Vicepremierul Paul St\u0103nescu, unul dintre semnatarii scrisorii anti-Dragnea, a spus, la finalul Comitetului Executiv al PSD, c\u0103 nimeni nu va pleca din partid, dar a subliniat c\u0103 cei care sus\u0163in acel document \u00eel vor sus\u0163ine \u00een continuare. \u201eNimeni nu pleac\u0103 din partid. Vom vota tot ce avem \u00een Parlament de votat, tot ce e \u00een [&hellip;]<\/p>\n","protected":false},"author":1,"featured_media":106610,"comment_status":"open","ping_status":"","sticky":false,"template":"","format":"standard","meta":{"footnotes":""},"categories":[2],"tags":[11],"class_list":["post-106609","post","type-post","status-publish","format-standard","has-post-thumbnail","hentry","category-politics","tag-digi24"],"_links":{"self":[{"href":"https:\/\/analyse.optim.biz\/index.php?rest_route=\/wp\/v2\/posts\/106609","targetHints":{"allow":["GET"]}}],"collection":[{"href":"https:\/\/analyse.optim.biz\/index.php?rest_route=\/wp\/v2\/posts"}],"about":[{"href":"https:\/\/analyse.optim.biz\/index.php?rest_route=\/wp\/v2\/types\/post"}],"author":[{"embeddable":true,"href":"https:\/\/analyse.optim.biz\/index.php?rest_route=\/wp\/v2\/users\/1"}],"replies":[{"embeddable":true,"href":"https:\/\/analyse.optim.biz\/index.php?rest_route=%2Fwp%2Fv2%2Fcomments&post=106609"}],"version-history":[{"count":0,"href":"https:\/\/analyse.optim.biz\/index.php?rest_route=\/wp\/v2\/posts\/106609\/revisions"}],"wp:featuredmedia":[{"embeddable":true,"href":"https:\/\/analyse.optim.biz\/index.php?rest_route=\/wp\/v2\/media\/106610"}],"wp:attachment":[{"href":"https:\/\/analyse.optim.biz\/index.php?rest_route=%2Fwp%2Fv2%2Fmedia&parent=106609"}],"wp:term":[{"taxonomy":"category","embeddable":true,"href":"https:\/\/analyse.optim.biz\/index.php?rest_route=%2Fwp%2Fv2%2Fcategories&post=106609"},{"taxonomy":"post_tag","embeddable":true,"href":"https:\/\/analyse.optim.biz\/index.php?rest_route=%2Fwp%2Fv2%2Ftags&post=106609"}],"curies":[{"name":"wp","href":"https:\/\/api.w.org\/{rel}","templated":true}]}}