{"id":106587,"date":"2018-09-21T21:40:07","date_gmt":"2018-09-21T18:40:07","guid":{"rendered":"https:\/\/analyse.optim.biz\/?p=106587"},"modified":"2018-09-21T21:40:07","modified_gmt":"2018-09-21T18:40:07","slug":"dragnea-dupa-cex-au-fost-64-de-membri-prezenti-cu-drept-de-vot-56-au-votat-pentru-8-impotriva","status":"publish","type":"post","link":"https:\/\/analyse.optim.biz\/?p=106587","title":{"rendered":"Dragnea, dup\u0103 CEx: Au fost 64 de membri prezen\u0163i cu drept de vot, 56 au votat &#8220;pentru&#8221;, 8 &#8220;\u00eempotriv\u0103&#8221;"},"content":{"rendered":"<div class=\"entry data-app-meta data-app-meta-article\" data-embed-base-url-canonical=\"https:\/\/www.digi24.ro\/embed\/fara-categorie\/dragnea-dupa-cex-s-a-mintit-prea-mult-nu-aveam-de-ce-sa-nu-supun-la-vot-o-cerere-foarte-importanta-aia-era-miza-1000844\">\n<p data-index=\"1\"><strong>Liviu Dragnea a declarat la finalul CEx c\u0103 nu avea de ce s\u0103 nu supun\u0103 la vot r\u0103m\u00e2nerea sa \u00een func\u0163ie, pentru c\u0103 &#8220;aia era miza&#8221;.\u00a0El a mai spus c\u0103 nu va putea s\u0103 accepte ca cel mai mare partid social-democrat din Europa s\u0103 redevin\u0103 \u201do unealt\u0103 a sistemului odios\u201d, el vorbind despre Klaus Iohannis, DNA, SPP. Dragnea a precizat c\u0103 a spus la o \u00eent\u00e2lnire cu to\u0163i colegii s\u0103i a doua zi dup\u0103 condamnare c\u0103, at\u00e2t c\u00e2t va mai fi \u00een aceast\u0103 func\u0163ie, va lupta pentru \u201da zdrobi acest sistem odios care distruge Rom\u00e2nia\u201d.<\/strong><\/p>\n<p data-index=\"2\"><strong>Declara\u0163iile lui Liviu Dragnea:<\/strong><\/p>\n<p data-index=\"3\">Nu-s de acord c\u0103 e prima \u015fedin\u0163\u0103 \u00een care se discut\u0103 serios \u00een PSD. Au fost o mul\u0163ime de \u015fedin\u0163e \u00een care am discutat ore \u00een \u015fir, deschis.<\/p>\n<p data-index=\"4\"><strong>Citi\u0163i \u015fi:<\/strong><\/p>\n<p data-index=\"5\"><strong><a href=\"https:\/\/www.digi24.ro\/stiri\/actualitate\/politica\/criza-guvern-psd\/dragnea-pe-mine-nu-ma-mai-intereseaza-oug-cu-amnistia-si-gratierea-vor-sa-o-dea-la-guvern-sa-o-dea-cand-vor-1000879\" data-skip-linkfix=\"1\">Dragnea: Pe mine nu m\u0103 mai intereseaz\u0103 OUG cu amnistia \u015fi gra\u0163ierea. Vor s\u0103 o dea la Guvern, s\u0103 o dea c\u00e2nd vor<\/a><\/strong><\/p>\n<p data-index=\"6\"><strong><a href=\"https:\/\/www.digi24.ro\/stiri\/actualitate\/politica\/dragnea-a-explicat-de-ce-a-refuzat-excluderea-gabrielei-firea-din-psd-1000900\" data-skip-linkfix=\"1\">Dragnea a explicat de ce a refuzat excluderea Gabrielei Firea din PSD<\/a><\/strong><\/p>\n<p data-index=\"7\"><strong><a href=\"https:\/\/www.digi24.ro\/stiri\/actualitate\/politica\/criza-guvern-psd\/dragnea-dupa-referendum-vom-avea-cex-sa-vedem-cine-pe-locurile-psd-va-mai-ramane-in-guvern-1000869\" data-skip-linkfix=\"1\">Dragnea: Dup\u0103 referendum vom avea CEx s\u0103 vedem cine, pe locurile PSD, va mai r\u0103m\u00e2ne \u00een Guvern<\/a><\/strong><\/p>\n<p data-index=\"8\">Mi-a\u015f dori nu vreau s\u0103 mai avem astfel de \u015fedin\u0163e \u00een care vorbim despre lucruri care ar trebui s\u0103 se \u00eent\u00e2mple, c\u0103 ar trebui s\u0103 dezbatem, dar de fapt nu dezbatem.<\/p>\n<p data-index=\"9\">Cred c\u0103 avem un mandat destul de serios pentru o via\u0163\u0103 mai bun\u0103 pentru rom\u00e2ni, dar \u015fi pentru a duce la cap\u0103t ni\u015fte angajamente pe care ni le-am luat cu to\u0163ii privind un stat de drept corect \u00een Rom\u00e2nia \u015fi respectarea drepturilor omului.<\/p>\n<p data-index=\"10\"><strong>S-a spus prea mult, s-a min\u0163it prea mult nu aveam de ce s\u0103 nu supun la vot o cerere foarte important\u0103, aia era miza.<\/strong><\/p>\n<p data-index=\"11\">Majoritatea colegilor din CEx au avut \u00eent\u00e2lnire cu organiza\u0163iile din jude\u0163, m-au sunat \u015fi m-au pus s\u0103 aud de la colegii din jude\u0163e ce puncte de vedere au. To\u0163i colegii din jude\u0163ele de unde am fost sunat mi-au cerut ca nu care cumva s\u0103 renun\u0163 la func\u0163ia de pre\u015fedinte al partidului.<\/p>\n<p data-index=\"12\">Nu pot s\u0103 accept ca PSD s\u0103 devin\u0103 o unealt\u0103 a acestui sistem odios, am spus-o la o \u00eent\u00e2lnire cu aceia\u015fi colegi a doua zi dup\u0103 condamnare, c\u0103 at\u00e2t c\u00e2t voi mai fi \u00een func\u0163ie voi face tot ce pot pentru a destructura acest sistem odios.<\/p>\n<p data-index=\"13\"><strong>Am discutat despre amnistie \u015fi gra\u0163iere. le-am spus c\u0103 pe mine personal nu m\u0103 mai intereseaz\u0103 OUG privind amnistia,<\/strong> vor s\u0103 o dea, s\u0103 o dea, e problema lor. Unii colegi care m\u0103 criticau au \u0163inut presiune pentru aceast\u0103 OUG. Premierul D\u0103ncil\u0103 a rezistat. Nimeni nu a reu\u015fit s\u0103 r\u0103spund\u0103 la o \u00eentrebare esen\u0163ial\u0103: care e rezolvarea tuturor nenorocirilor generate de acele echipe mixte de emiterea, adoptarea, semnarea acelor protocoale. Nimeni nu a r\u0103spuns ce facem cu probele ob\u0163inute nelegal.<\/p>\n<p data-index=\"14\">Groaza pentru a fi adoptate \u015fi puse \u00een vigoare legile penale \u015fi codurile justi\u0163iei e dat\u0103 de faptul c\u0103 toti cei care au f\u0103cut r\u0103u la un moment dat vor pl\u0103ti.<\/p>\n<p data-index=\"15\"><strong>De s\u0103pt\u0103m\u00e2na viitoare s\u0103 suspend\u0103m orice alegeri \u00een PSD p\u00e2n\u0103 dup\u0103 7, c\u00e2nd are loc referendumul<\/strong>, dup\u0103 aceea vom stabili un calendar pentru alegeri.<\/p>\n<p data-index=\"16\">Am auzit &#8211; <strong>au fost 64 de membri prezen\u0163i cu drept de vot, 56 de colegi au votat pentru sus\u0163inerea continu\u0103rii mandatului, 8 \u00eempotriv\u0103 \u015fi o ab\u0163inere a lui Gabriel Petre.<\/strong>\u00a0<\/p>\n<p data-index=\"17\"><strong>Am refuzat s\u0103 sus\u0163in la vot propunerea de excludere a Gabrielei Firea cu speran\u0163a c\u0103 dup\u0103 aceast\u0103 \u00eent\u00e2lnire toat\u0103 lumea va \u00een\u0163elege c\u0103 e bine s\u0103 ne ocup\u0103m de ce am promis \u015fi la locale \u015fi la parlamentare. Poate a fost ultimul gest pe care l-am f\u0103cut.<\/strong> Nu am vrut ca azi s\u0103 ducem lucrurile \u00een extrem. Sper ca lucrurile s\u0103 intre \u00een normal.<\/p>\n<p data-index=\"18\">Privind remanierea, i-am consultat pe colegi, aproape \u00een unanimitate au spus dup\u0103 referendum.\u00a0<\/p>\n<p data-index=\"19\">Premierul \u00eencepuse o evaluare care e \u00een desf\u0103\u015furare. Dup\u0103 referendum vom avea CEx cine pe locurile PSD va mai r\u0103m\u00e2ne \u00een Guvern.<\/p>\n<p data-index=\"20\"><strong>O s\u0103 cer imperativ la acel CEx una din calit\u0103\u0163ile obligatorii pe care s\u0103 le aib\u0103 membrii Guvernului s\u0103 fie buna comunicare.<\/strong> Nu e un moft, e o obliga\u0163ie a membrilor Guvernului s\u0103 comunice ce face pentru ei. Mini\u015ftrii care se ascund, care se tem s\u0103 mearg\u0103 la emisiuni nu pot face parte dintr-un cabinet. Fiecare s\u0103 spun\u0103 ce are de f\u0103cut, nu trebuie s\u0103 inventeze, dac\u0103 iau decizii proaste s\u0103 \u00ee\u015fi asume.<\/p>\n<p data-index=\"21\"><strong>Viorica D\u0103ncil\u0103 e o femeie echilibrat\u0103, loial\u0103 \u015fi cinstit\u0103<\/strong>, grija ei a fost p\u0103strarea majorit\u0103\u0163ii parlamentare. Am discutat \u00een aceste zile, foarte bine a procedat c\u0103 nu a ie\u015fit, are sus\u0163inerea mea total\u0103 \u015fi din partea PSD &#8211; cel pu\u0163in declarat\u0103. Dup\u0103 remaniere vom discuta despre mini\u015ftri care pleac\u0103, care r\u0103m\u00e2n.<\/p>\n<p data-index=\"22\">Nu am vrut s\u0103 fim acuza\u0163i de plagiat, s\u0103 ie\u015fim \u00een grup &#8211; a fost un CEx al PSD, sunt pre\u015fedinte, am spus ce s-a \u00eent\u00e2mplat \u00een interior.<\/p>\n<p data-index=\"23\"><strong>Fotografia lui Ponta<\/strong> &#8211; a continuat \u015firul de poze pe care le prezint\u0103 un turn\u0103tor, nu am ascuns c\u0103 am avut \u00eent\u00e2lniri la care participau zeci de oameni din toate partidele \u015fi institu\u0163iile. Ponta a numit-o \u015fi noi am dat-o jos pe Kovesi. I-am cerut lui Maior, \u00een\u0163eleg c\u0103 e arhivarul de serviciu, s\u0103 dea toate pozele. Pe canapeaua aia au stat mul\u0163i. Acolo\u00a0 se discutau lucruri ca la orice \u00eent\u00e2lniri de acest gen.\u00a0<\/p>\n<p data-index=\"24\">FOTO: INQUAM Photos &#8211; Octav Ganea<\/p>\n<\/div>\n<p> Source URL: https:\/\/www.digi24.ro\/fara-categorie\/dragnea-dupa-cex-s-a-mintit-prea-mult-nu-aveam-de-ce-sa-nu-supun-la-vot-o-cerere-foarte-importanta-aia-era-miza-1000844<\/p>\n","protected":false},"excerpt":{"rendered":"<p>Liviu Dragnea a declarat la finalul CEx c\u0103 nu avea de ce s\u0103 nu supun\u0103 la vot r\u0103m\u00e2nerea sa \u00een func\u0163ie, pentru c\u0103 &#8220;aia era miza&#8221;.\u00a0El a mai spus c\u0103 nu va putea s\u0103 accepte ca cel mai mare partid social-democrat din Europa s\u0103 redevin\u0103 \u201do unealt\u0103 a sistemului odios\u201d, el vorbind despre Klaus Iohannis, [&hellip;]<\/p>\n","protected":false},"author":1,"featured_media":106588,"comment_status":"open","ping_status":"","sticky":false,"template":"","format":"standard","meta":{"footnotes":""},"categories":[2],"tags":[11],"class_list":["post-106587","post","type-post","status-publish","format-standard","has-post-thumbnail","hentry","category-politics","tag-digi24"],"_links":{"self":[{"href":"https:\/\/analyse.optim.biz\/index.php?rest_route=\/wp\/v2\/posts\/106587","targetHints":{"allow":["GET"]}}],"collection":[{"href":"https:\/\/analyse.optim.biz\/index.php?rest_route=\/wp\/v2\/posts"}],"about":[{"href":"https:\/\/analyse.optim.biz\/index.php?rest_route=\/wp\/v2\/types\/post"}],"author":[{"embeddable":true,"href":"https:\/\/analyse.optim.biz\/index.php?rest_route=\/wp\/v2\/users\/1"}],"replies":[{"embeddable":true,"href":"https:\/\/analyse.optim.biz\/index.php?rest_route=%2Fwp%2Fv2%2Fcomments&post=106587"}],"version-history":[{"count":0,"href":"https:\/\/analyse.optim.biz\/index.php?rest_route=\/wp\/v2\/posts\/106587\/revisions"}],"wp:featuredmedia":[{"embeddable":true,"href":"https:\/\/analyse.optim.biz\/index.php?rest_route=\/wp\/v2\/media\/106588"}],"wp:attachment":[{"href":"https:\/\/analyse.optim.biz\/index.php?rest_route=%2Fwp%2Fv2%2Fmedia&parent=106587"}],"wp:term":[{"taxonomy":"category","embeddable":true,"href":"https:\/\/analyse.optim.biz\/index.php?rest_route=%2Fwp%2Fv2%2Fcategories&post=106587"},{"taxonomy":"post_tag","embeddable":true,"href":"https:\/\/analyse.optim.biz\/index.php?rest_route=%2Fwp%2Fv2%2Ftags&post=106587"}],"curies":[{"name":"wp","href":"https:\/\/api.w.org\/{rel}","templated":true}]}}