{"id":106584,"date":"2018-09-21T22:06:28","date_gmt":"2018-09-21T19:06:28","guid":{"rendered":"https:\/\/analyse.optim.biz\/?p=106584"},"modified":"2018-09-21T22:06:28","modified_gmt":"2018-09-21T19:06:28","slug":"dragnea-dupa-referendum-vom-avea-cex-sa-vedem-cine-pe-locurile-psd-va-mai-ramane-in-guvern","status":"publish","type":"post","link":"https:\/\/analyse.optim.biz\/?p=106584","title":{"rendered":"Dragnea: Dup\u0103 referendum vom avea CEx s\u0103 vedem cine, pe locurile PSD, va mai r\u0103m\u00e2ne \u00een Guvern"},"content":{"rendered":"<div class=\"entry data-app-meta data-app-meta-article\" data-embed-base-url-canonical=\"https:\/\/www.digi24.ro\/embed\/fara-categorie\/dragnea-dupa-referendum-vom-avea-cex-sa-vedem-cine-pe-locurile-psd-va-mai-ramane-in-guvern-1000869\">\n<p data-index=\"1\"><strong>O decizie privind remanieri \u00een Guvern se va lua dup\u0103 referendumul din 7 octombrie, a declarat Liviu Dragnea, dup\u0103 CEx. El a spus c\u0103 va cere ca una\u00a0din calit\u0103\u0163ile obligatorii pe care s\u0103 le aib\u0103 membrii Guvernului s\u0103 fie buna comunicare.<\/strong><\/p>\n<figure class=\"article-thumb\"><img decoding=\"async\" src=\"https:\/\/analyse.optim.biz\/wp-content\/uploads\/2024\/09\/ad1lyjlhzjcymdc1zddmntjknjkxzjeyytywndy2zwm5ma-thumb_.jpg\" alt=\"dancila sedinta de guvern inquam george calin 20180905131800_IMG_9509-01\" data-skip-htmlfix=\"1\" title=\"ad1lyjlhzjcymdc1zddmntjknjkxzjeyytywndy2zwm5ma-thumb_\"><figcaption> FOTO: INQUAM PHOTOS &#8211; George C\u0103lin <\/figcaption><\/figure>\n<p data-index=\"2\">&#8220;Privind remanierea, i-am consultat pe colegi, aproape \u00een unanimitate au spus dup\u0103 referendum.\u00a0<\/p>\n<p data-index=\"3\">Premierul \u00eencepuse o evaluare care e \u00een desf\u0103\u015furare. Dup\u0103 referendum vom avea CEx s\u0103 vedem cine pe locurile PSD va mai r\u0103m\u00e2ne \u00een Guvern.<\/p>\n<p data-index=\"4\"><strong>O s\u0103 cer imperativ la acel CEx una din calit\u0103\u0163ile obligatorii pe care s\u0103 le aib\u0103 membrii Guvernului s\u0103 fie buna comunicare.<\/strong> Nu e un moft, e o obliga\u0163ie a membrilor Guvernului s\u0103 comunice ce face pentru ei. Mini\u015ftrii care se ascund, care se tem s\u0103 mearg\u0103 la emisiuni nu pot face parte dintr-un cabinet. Fiecare s\u0103 spun\u0103 ce are de f\u0103cut, nu trebuie s\u0103 inventeze, dac\u0103 iau decizii proaste s\u0103 \u00ee\u015fi asume.<\/p>\n<p data-index=\"5\"><strong>Viorica D\u0103ncil\u0103 e o femeie echilibrat\u0103, loial\u0103 \u015fi cinstit\u0103<\/strong>, grija ei a fost p\u0103strarea majorit\u0103\u0163ii parlamentare. Am discutat \u00een aceste zile, foarte bine a procedat c\u0103 nu a ie\u015fit, are sus\u0163inerea mea total\u0103 \u015fi din partea PSD &#8211; cel pu\u0163in declarat\u0103. Dup\u0103 remaniere vom discuta despre mini\u015ftri care pleac\u0103, care r\u0103m\u00e2n&#8221;.<\/p>\n<\/div>\n<p> Source URL: https:\/\/www.digi24.ro\/fara-categorie\/dragnea-dupa-referendum-vom-avea-cex-sa-vedem-cine-pe-locurile-psd-va-mai-ramane-in-guvern-1000869<\/p>\n","protected":false},"excerpt":{"rendered":"<p>O decizie privind remanieri \u00een Guvern se va lua dup\u0103 referendumul din 7 octombrie, a declarat Liviu Dragnea, dup\u0103 CEx. El a spus c\u0103 va cere ca una\u00a0din calit\u0103\u0163ile obligatorii pe care s\u0103 le aib\u0103 membrii Guvernului s\u0103 fie buna comunicare. FOTO: INQUAM PHOTOS &#8211; George C\u0103lin &#8220;Privind remanierea, i-am consultat pe colegi, aproape \u00een [&hellip;]<\/p>\n","protected":false},"author":1,"featured_media":106585,"comment_status":"open","ping_status":"","sticky":false,"template":"","format":"standard","meta":{"footnotes":""},"categories":[2],"tags":[11],"class_list":["post-106584","post","type-post","status-publish","format-standard","has-post-thumbnail","hentry","category-politics","tag-digi24"],"_links":{"self":[{"href":"https:\/\/analyse.optim.biz\/index.php?rest_route=\/wp\/v2\/posts\/106584","targetHints":{"allow":["GET"]}}],"collection":[{"href":"https:\/\/analyse.optim.biz\/index.php?rest_route=\/wp\/v2\/posts"}],"about":[{"href":"https:\/\/analyse.optim.biz\/index.php?rest_route=\/wp\/v2\/types\/post"}],"author":[{"embeddable":true,"href":"https:\/\/analyse.optim.biz\/index.php?rest_route=\/wp\/v2\/users\/1"}],"replies":[{"embeddable":true,"href":"https:\/\/analyse.optim.biz\/index.php?rest_route=%2Fwp%2Fv2%2Fcomments&post=106584"}],"version-history":[{"count":0,"href":"https:\/\/analyse.optim.biz\/index.php?rest_route=\/wp\/v2\/posts\/106584\/revisions"}],"wp:featuredmedia":[{"embeddable":true,"href":"https:\/\/analyse.optim.biz\/index.php?rest_route=\/wp\/v2\/media\/106585"}],"wp:attachment":[{"href":"https:\/\/analyse.optim.biz\/index.php?rest_route=%2Fwp%2Fv2%2Fmedia&parent=106584"}],"wp:term":[{"taxonomy":"category","embeddable":true,"href":"https:\/\/analyse.optim.biz\/index.php?rest_route=%2Fwp%2Fv2%2Fcategories&post=106584"},{"taxonomy":"post_tag","embeddable":true,"href":"https:\/\/analyse.optim.biz\/index.php?rest_route=%2Fwp%2Fv2%2Ftags&post=106584"}],"curies":[{"name":"wp","href":"https:\/\/api.w.org\/{rel}","templated":true}]}}