{"id":106573,"date":"2018-09-21T22:17:26","date_gmt":"2018-09-21T19:17:26","guid":{"rendered":"https:\/\/analyse.optim.biz\/?p=106573"},"modified":"2018-09-21T22:17:26","modified_gmt":"2018-09-21T19:17:26","slug":"dragnea-pe-mine-nu-ma-mai-intereseaza-oug-cu-amnistia-si-gratierea-vor-sa-o-dea-la-guvern-sa-o-dea-cand-vor","status":"publish","type":"post","link":"https:\/\/analyse.optim.biz\/?p=106573","title":{"rendered":"Dragnea: Pe mine nu m\u0103 mai intereseaz\u0103 OUG cu amnistia \u015fi gra\u0163ierea. Vor s\u0103 o dea la Guvern, s\u0103 o dea c\u00e2nd vor"},"content":{"rendered":"<div class=\"entry data-app-meta data-app-meta-article\" data-embed-base-url-canonical=\"https:\/\/www.digi24.ro\/embed\/fara-categorie\/dragnea-pe-mine-nu-ma-mai-intereseaza-oug-cu-amnistia-si-gratierea-vor-sa-o-dea-la-guvern-sa-o-dea-cand-vor-1000879\">\n<p data-index=\"1\"><strong>Pre\u015fedintele PSD, Liviu Dragnea, a declarat, vineri seara, dup\u0103 CEx, c\u0103 pe el nu \u00eel mai intereseaz\u0103 OUG cu amnistia \u015fi gra\u0163ierea \u015fi c\u0103 dac\u0103 vor s\u0103 o dea la Guvern, este treaba lor. El a mai spus c\u0103 nimeni nu mai are incon\u015ftien\u0163a sa s\u0103 se lase \u201dciuruit pentru partid\u201d.<\/strong><\/p>\n<p data-index=\"2\">\u201dSigur c\u0103 m-am \u00eentrebat \u015fi eu de ce colegii au sus\u0163inut c\u0103 trebuie s\u0103 continui. Nu vreau s\u0103 fiu r\u0103ut\u0103cios, dar poate s-au g\u00e2ndit c\u0103 nimeni nu mai are incon\u015ftien\u0163a mea s\u0103 se lase ciuruit pentru partid\u201d, a declarat Dragnea.<\/p>\n<p data-index=\"3\">El a spus c\u0103 s-a discutat despre amnistie \u015fi gra\u0163iere \u015fi c\u0103 a auzit tot felul de variante.<\/p>\n<p data-index=\"4\">\u201dLe-am spus c\u0103 pe mine personal nu m\u0103 mai intereseaz\u0103 ordonan\u0163a privind amnistia. Vor s\u0103 o dea la guvern, s\u0103 o dea, s\u0103 o dea c\u00e2nd vor. Unii colegi au \u0163inut presiune luni de zile, premierul D\u0103ncil\u0103 a rezistat\u201d, a sus\u0163inut Liviu Dragnea.<\/p>\n<p data-index=\"5\">Liderul PSD a afirmat c\u0103 nimeni nu a reu\u015fit s\u0103 r\u0103spund\u0103 la o \u00eentrebare esen\u0163ial\u0103: care e de fapt rezultatul acelor echipe mixte, ce se \u00eent\u00e2mpl\u0103 cu probele \u201dob\u0163inute nelegal, care au f\u0103cut ca mul\u0163i rom\u00e2ni s\u0103 fie condamna\u0163i pe nedrept, pe baza unor protocoale nelegale\u201d. \u201dNimeni nu a putut r\u0103spunde la \u00eentrebarea cum ridic\u0103m presiunea de pe judec\u0103tori, ca s\u0103 avem garan\u0163ia c\u0103 nu judec\u0103 dup\u0103 presiuni. Dac\u0103 rezolvarea e prin amnistia prin Guvern, s\u0103 o dea. Prin Parlament? Sunt de acord\u201d, a continuat Liviu Dragnea.<\/p>\n<p data-index=\"6\">Potrivit acestuia, Viorica D\u0103ncil\u0103 a spus c\u0103 acum nu se poate discuta despre amnistie \u015fi gra\u0163iere, pentru c\u0103 Guvernul are alte priorit\u0103\u0163i acum \u015fi c\u0103, dac\u0103 ministrul Justi\u0163iei \u00eei va prezenta un proiect, va fi discutat.<\/p>\n<p data-index=\"7\">Dragnea a precizat c\u0103 lucreaz\u0103 de foarte mult timp cu Viorica D\u0103ncil\u0103 \u015fi c\u0103 nu poate pune presiune pe ea.<\/p>\n<\/div>\n<p> Source URL: https:\/\/www.digi24.ro\/fara-categorie\/dragnea-pe-mine-nu-ma-mai-intereseaza-oug-cu-amnistia-si-gratierea-vor-sa-o-dea-la-guvern-sa-o-dea-cand-vor-1000879<\/p>\n","protected":false},"excerpt":{"rendered":"<p>Pre\u015fedintele PSD, Liviu Dragnea, a declarat, vineri seara, dup\u0103 CEx, c\u0103 pe el nu \u00eel mai intereseaz\u0103 OUG cu amnistia \u015fi gra\u0163ierea \u015fi c\u0103 dac\u0103 vor s\u0103 o dea la Guvern, este treaba lor. El a mai spus c\u0103 nimeni nu mai are incon\u015ftien\u0163a sa s\u0103 se lase \u201dciuruit pentru partid\u201d. \u201dSigur c\u0103 m-am \u00eentrebat [&hellip;]<\/p>\n","protected":false},"author":1,"featured_media":106574,"comment_status":"open","ping_status":"","sticky":false,"template":"","format":"standard","meta":{"footnotes":""},"categories":[2],"tags":[11],"class_list":["post-106573","post","type-post","status-publish","format-standard","has-post-thumbnail","hentry","category-politics","tag-digi24"],"_links":{"self":[{"href":"https:\/\/analyse.optim.biz\/index.php?rest_route=\/wp\/v2\/posts\/106573","targetHints":{"allow":["GET"]}}],"collection":[{"href":"https:\/\/analyse.optim.biz\/index.php?rest_route=\/wp\/v2\/posts"}],"about":[{"href":"https:\/\/analyse.optim.biz\/index.php?rest_route=\/wp\/v2\/types\/post"}],"author":[{"embeddable":true,"href":"https:\/\/analyse.optim.biz\/index.php?rest_route=\/wp\/v2\/users\/1"}],"replies":[{"embeddable":true,"href":"https:\/\/analyse.optim.biz\/index.php?rest_route=%2Fwp%2Fv2%2Fcomments&post=106573"}],"version-history":[{"count":0,"href":"https:\/\/analyse.optim.biz\/index.php?rest_route=\/wp\/v2\/posts\/106573\/revisions"}],"wp:featuredmedia":[{"embeddable":true,"href":"https:\/\/analyse.optim.biz\/index.php?rest_route=\/wp\/v2\/media\/106574"}],"wp:attachment":[{"href":"https:\/\/analyse.optim.biz\/index.php?rest_route=%2Fwp%2Fv2%2Fmedia&parent=106573"}],"wp:term":[{"taxonomy":"category","embeddable":true,"href":"https:\/\/analyse.optim.biz\/index.php?rest_route=%2Fwp%2Fv2%2Fcategories&post=106573"},{"taxonomy":"post_tag","embeddable":true,"href":"https:\/\/analyse.optim.biz\/index.php?rest_route=%2Fwp%2Fv2%2Ftags&post=106573"}],"curies":[{"name":"wp","href":"https:\/\/api.w.org\/{rel}","templated":true}]}}