{"id":106551,"date":"2018-09-21T22:59:05","date_gmt":"2018-09-21T19:59:05","guid":{"rendered":"https:\/\/analyse.optim.biz\/?p=106551"},"modified":"2018-09-21T22:59:05","modified_gmt":"2018-09-21T19:59:05","slug":"dragnea-a-explicat-de-ce-a-refuzat-excluderea-gabrielei-firea-din-psd","status":"publish","type":"post","link":"https:\/\/analyse.optim.biz\/?p=106551","title":{"rendered":"Dragnea a explicat de ce a refuzat excluderea Gabrielei Firea din PSD"},"content":{"rendered":"<div class=\"entry data-app-meta data-app-meta-article\" data-embed-base-url-canonical=\"https:\/\/www.digi24.ro\/embed\/stiri\/actualitate\/politica\/dragnea-a-explicat-de-ce-a-refuzat-excluderea-gabrielei-firea-din-psd-1000900\">\n<p data-index=\"1\"><strong>Liderul PSD Liviu Dragnea spune c\u0103 a refuzat s\u0103 supun\u0103 la vot excluderea din partid a Gabrielei Firea, a\u015fa cum a propus primarul Sectorului 5 Daniel Florea, pentru c\u0103 sper\u0103 s\u0103 nu mai ias\u0103 membri de partid s\u0103 critice al\u0163i membri sau chiar Guvernul.<\/strong><\/p>\n<p data-index=\"2\">Dragnea a ad\u0103ugat c\u0103 poate este ultimul astfel de gest pe care \u00eel face.<\/p>\n<p data-index=\"3\">\u201e\u00centr-adev\u0103r, domnul Daniel Florea a cerut excluderea Gabrielei Firea din partid. Da, am refuzat asta, cu speran\u0163a spus\u0103 \u00een timpul dezbaterilor c\u0103 dup\u0103 aceast\u0103 \u00eent\u00e2lnire toat\u0103 lumea va \u00een\u0163elege c\u0103 e bine totu\u015fi s\u0103 ne ocup\u0103m de ceea ce am promis la alegeri, cu speran\u0163a c\u0103 \u00eencep\u00e2nd de azi, de m\u00e2ine, nu vor mai ie\u015fi membri de partid s\u0103 critice al\u0163i membri de partid sau Guvernul. Mul\u0163i au zis c\u0103 sunt speran\u0163e de\u015farte. Poate a fost ultimul gest pe care l-am f\u0103cut pentru c\u0103 nu am vrut ca ast\u0103zi s\u0103 \u00eempingem lucrurile la extrem. Sper s\u0103 existe suficient\u0103 \u00een\u0163elepciune \u015fi lucrurile s\u0103 reintre \u00een normal\u201d, a declarat Liviu Dragnea la finalul CExN.<\/p>\n<p data-index=\"4\">\u00centrebat dac\u0103 este un avertisment, liderul PSD a spus c\u0103 e doar un apel la responsabilitate.<\/p>\n<p data-index=\"5\">\u201eS\u0103 nu mai accept\u0103m de fiecare dat\u0103 s\u0103 ias\u0103 cineva s\u0103 mai atace partidul, s\u0103 nu o \u0163inem la nesf\u00e2r\u015fit cu discu\u0163ii interne \u00een partid. Este un apel la responsabilitate\u201d, a explicat Dragnea.<\/p>\n<p data-index=\"6\">FOTO: INQUAM PHOTOS &#8211;\u00a0 Octav Ganea<\/p>\n<\/div>\n<p> Source URL: https:\/\/www.digi24.ro\/stiri\/actualitate\/politica\/dragnea-a-explicat-de-ce-a-refuzat-excluderea-gabrielei-firea-din-psd-1000900<\/p>\n","protected":false},"excerpt":{"rendered":"<p>Liderul PSD Liviu Dragnea spune c\u0103 a refuzat s\u0103 supun\u0103 la vot excluderea din partid a Gabrielei Firea, a\u015fa cum a propus primarul Sectorului 5 Daniel Florea, pentru c\u0103 sper\u0103 s\u0103 nu mai ias\u0103 membri de partid s\u0103 critice al\u0163i membri sau chiar Guvernul. Dragnea a ad\u0103ugat c\u0103 poate este ultimul astfel de gest pe [&hellip;]<\/p>\n","protected":false},"author":1,"featured_media":106552,"comment_status":"open","ping_status":"","sticky":false,"template":"","format":"standard","meta":{"footnotes":""},"categories":[2],"tags":[11],"class_list":["post-106551","post","type-post","status-publish","format-standard","has-post-thumbnail","hentry","category-politics","tag-digi24"],"_links":{"self":[{"href":"https:\/\/analyse.optim.biz\/index.php?rest_route=\/wp\/v2\/posts\/106551","targetHints":{"allow":["GET"]}}],"collection":[{"href":"https:\/\/analyse.optim.biz\/index.php?rest_route=\/wp\/v2\/posts"}],"about":[{"href":"https:\/\/analyse.optim.biz\/index.php?rest_route=\/wp\/v2\/types\/post"}],"author":[{"embeddable":true,"href":"https:\/\/analyse.optim.biz\/index.php?rest_route=\/wp\/v2\/users\/1"}],"replies":[{"embeddable":true,"href":"https:\/\/analyse.optim.biz\/index.php?rest_route=%2Fwp%2Fv2%2Fcomments&post=106551"}],"version-history":[{"count":0,"href":"https:\/\/analyse.optim.biz\/index.php?rest_route=\/wp\/v2\/posts\/106551\/revisions"}],"wp:featuredmedia":[{"embeddable":true,"href":"https:\/\/analyse.optim.biz\/index.php?rest_route=\/wp\/v2\/media\/106552"}],"wp:attachment":[{"href":"https:\/\/analyse.optim.biz\/index.php?rest_route=%2Fwp%2Fv2%2Fmedia&parent=106551"}],"wp:term":[{"taxonomy":"category","embeddable":true,"href":"https:\/\/analyse.optim.biz\/index.php?rest_route=%2Fwp%2Fv2%2Fcategories&post=106551"},{"taxonomy":"post_tag","embeddable":true,"href":"https:\/\/analyse.optim.biz\/index.php?rest_route=%2Fwp%2Fv2%2Ftags&post=106551"}],"curies":[{"name":"wp","href":"https:\/\/api.w.org\/{rel}","templated":true}]}}