{"id":106545,"date":"2018-09-21T23:34:50","date_gmt":"2018-09-21T20:34:50","guid":{"rendered":"https:\/\/analyse.optim.biz\/?p=106545"},"modified":"2018-09-21T23:34:50","modified_gmt":"2018-09-21T20:34:50","slug":"dragnea-reactie-ironica-dupa-aparitia-pozei-cu-el-si-kovesi","status":"publish","type":"post","link":"https:\/\/analyse.optim.biz\/?p=106545","title":{"rendered":"Dragnea, reac\u021bie ironic\u0103 dup\u0103 apari\u021bia pozei cu el \u0219i Kovesi"},"content":{"rendered":"<div class=\"entry data-app-meta data-app-meta-article\" data-embed-base-url-canonical=\"https:\/\/www.digi24.ro\/embed\/stiri\/actualitate\/politica\/dragnea-reactie-ironica-dupa-aparitia-pozei-cu-el-si-kovesi-1000912\">\n<p data-index=\"1\"><strong>Liderul PSD Liviu Dragnea a comentat poza \u00een care apare al\u0103turi de fosta \u015fef\u0103 a DNA Laura Codru\u0163a Kovesi \u015fi care a fost postat\u0103 joi pe Facebook de Victor Ponta. El a atras aten\u0163ia c\u0103 nu a ascuns niciodat\u0103 faptul c\u0103 a participat la \u00eent\u00e2lniri la care au fost mul\u0163i oameni \u015fi a ad\u0103ugat, ironic, c\u0103 i-a cerut lui George Maior, \u201earhivarul de serviciu\u201d, s\u0103 dea publicit\u0103\u0163ii toate pozele pe care le are cu el.<\/strong><\/p>\n<p data-index=\"2\"><img loading=\"lazy\" decoding=\"async\" class=\"alignnone size-full wp-image-1000104\" src=\"https:\/\/analyse.optim.biz\/wp-content\/uploads\/2024\/09\/mdamagfzad03mgjlntnhyzi3ogiwndu4oguzyjc5ndc5yzq4mtjmmg-thumb_.jpg\" width=\"646\" height=\"404\" data-skip-htmlfix=\"1\" title=\"mdamagfzad03mgjlntnhyzi3ogiwndu4oguzyjc5ndc5yzq4mtjmmg-thumb_\"><\/p>\n<p data-index=\"3\">\u201eA continuat \u015firul de poze prezentate de un turn\u0103tor. Nu am ascuns niciodat\u0103 c\u0103 au fost \u00eent\u00e2lniri la care au participat mul\u0163i oameni. Ponta a numit-o (pe Kovesi, n.r.) \u015fi nu noi am dat-o jos, dar \u00een mandatul nostru Kovesi a plecat de la DNA, este un om care a f\u0103cut mult r\u0103u\u201d, a declarat Liviu Dragnea la finalul \u015fedin\u0163ei CEx.<\/p>\n<p data-index=\"4\">El a atras aten\u0163ia c\u0103 nu a ascuns niciodat\u0103 faptul c\u0103 a participat la \u00eent\u00e2lniri la care au fost mul\u0163i oameni \u015fi a ad\u0103ugat, ironic, c\u0103 i-a cerut lui George Maior, \u201earhivarul de serviciu\u201d, s\u0103 dea publicit\u0103\u0163ii toate pozele pe care le are cu el.<\/p>\n<p data-index=\"5\">\u201eEu i-am cerut lui Maior, c\u0103 \u00een\u0163eleg c\u0103 el este arhivarul de serviciu, s\u0103 dea toate pozele. Pe canapeaua aia au stat mul\u0163i. Am fost eu, am plecat, a venit Kovesi, a fost Ponta. I-am spus c\u0103, dac\u0103 are poze cu noi \u00eembr\u0103\u0163i\u015fa\u0163i, s\u0103 le dea\u201d, a spus Dragnea.<\/p>\n<p data-index=\"6\">Fostul premier Victor Ponta a publicat, joi, pe Facebook o nou\u0103 fotografie cu Liviu Dragnea \u00eempreun\u0103 cu Codru\u0163a Kovesi, Gabriel Oprea \u015fi George Maior \u015fi spune c\u0103 actualul lider al PSD nu a luptat niciodat\u0103 cu \u201estatul paralel\u201d, ci doar \u015fi-a urm\u0103rit propriul interes.<\/p>\n<p data-index=\"7\"><strong>Sursa: news.ro<\/strong><\/p>\n<\/div>\n<p> Source URL: https:\/\/www.digi24.ro\/stiri\/actualitate\/politica\/dragnea-reactie-ironica-dupa-aparitia-pozei-cu-el-si-kovesi-1000912<\/p>\n","protected":false},"excerpt":{"rendered":"<p>Liderul PSD Liviu Dragnea a comentat poza \u00een care apare al\u0103turi de fosta \u015fef\u0103 a DNA Laura Codru\u0163a Kovesi \u015fi care a fost postat\u0103 joi pe Facebook de Victor Ponta. El a atras aten\u0163ia c\u0103 nu a ascuns niciodat\u0103 faptul c\u0103 a participat la \u00eent\u00e2lniri la care au fost mul\u0163i oameni \u015fi a ad\u0103ugat, ironic, [&hellip;]<\/p>\n","protected":false},"author":1,"featured_media":106546,"comment_status":"open","ping_status":"","sticky":false,"template":"","format":"standard","meta":{"footnotes":""},"categories":[2],"tags":[11],"class_list":["post-106545","post","type-post","status-publish","format-standard","has-post-thumbnail","hentry","category-politics","tag-digi24"],"_links":{"self":[{"href":"https:\/\/analyse.optim.biz\/index.php?rest_route=\/wp\/v2\/posts\/106545","targetHints":{"allow":["GET"]}}],"collection":[{"href":"https:\/\/analyse.optim.biz\/index.php?rest_route=\/wp\/v2\/posts"}],"about":[{"href":"https:\/\/analyse.optim.biz\/index.php?rest_route=\/wp\/v2\/types\/post"}],"author":[{"embeddable":true,"href":"https:\/\/analyse.optim.biz\/index.php?rest_route=\/wp\/v2\/users\/1"}],"replies":[{"embeddable":true,"href":"https:\/\/analyse.optim.biz\/index.php?rest_route=%2Fwp%2Fv2%2Fcomments&post=106545"}],"version-history":[{"count":0,"href":"https:\/\/analyse.optim.biz\/index.php?rest_route=\/wp\/v2\/posts\/106545\/revisions"}],"wp:featuredmedia":[{"embeddable":true,"href":"https:\/\/analyse.optim.biz\/index.php?rest_route=\/wp\/v2\/media\/106546"}],"wp:attachment":[{"href":"https:\/\/analyse.optim.biz\/index.php?rest_route=%2Fwp%2Fv2%2Fmedia&parent=106545"}],"wp:term":[{"taxonomy":"category","embeddable":true,"href":"https:\/\/analyse.optim.biz\/index.php?rest_route=%2Fwp%2Fv2%2Fcategories&post=106545"},{"taxonomy":"post_tag","embeddable":true,"href":"https:\/\/analyse.optim.biz\/index.php?rest_route=%2Fwp%2Fv2%2Ftags&post=106545"}],"curies":[{"name":"wp","href":"https:\/\/api.w.org\/{rel}","templated":true}]}}