{"id":106468,"date":"2018-09-22T15:26:55","date_gmt":"2018-09-22T12:26:55","guid":{"rendered":"https:\/\/analyse.optim.biz\/?p=106468"},"modified":"2018-09-22T15:26:55","modified_gmt":"2018-09-22T12:26:55","slug":"ce-urmeaza-acum-in-psd-si-de-ce-a-tacut-viorica-dancila","status":"publish","type":"post","link":"https:\/\/analyse.optim.biz\/?p=106468","title":{"rendered":"Ce urmeaz\u0103 acum \u00een PSD \u0219i de ce a t\u0103cut Viorica D\u0103ncil\u0103?"},"content":{"rendered":"<div class=\"entry data-app-meta data-app-meta-article\" data-embed-base-url-canonical=\"https:\/\/www.digi24.ro\/embed\/stiri\/actualitate\/politica\/ce-urmeaza-acum-in-psd-si-de-ce-a-tacut-viorica-dancila-1001069\">\n<p data-index=\"1\"><strong>Profesorul Cristian P\u00eervulescu crede c\u0103 va urma un val de excluderi din PSD ale constestarilor lui Liviu Dragnea, pentru c\u0103 liderul social-democra\u021bilor, ie\u0219it sl\u0103bit dup\u0103 CEx-ul de vineri, va \u00eencerca s\u0103-\u0219i restabileasc\u0103 autoritatea.\u00a0 Op\u021biunea \u201enuclear\u0103\u201d cea mai la \u00eendem\u00e2n\u0103 pe care o are acum este referendumul, spune politologul.<\/strong><\/p>\n<p data-index=\"2\">Comentariul lui <strong>Cristian P\u00eervulescu, la Digi24:<\/strong><\/p>\n<p data-index=\"3\">\u201e\u00centre timp, cei care erau foarte entuzia\u0219ti \u0219i credeau c\u0103 vor putea ob\u021bine aceast\u0103 demisie au constatat c\u0103 majoritatea este \u00eempotriva lor \u0219i atunci au schimbat discursul \u0219i tactica. De la \u00eenceputul \u0219edin\u021bei era evident c\u0103 majoritatea este \u00een favoarea dlui Dragnea, dar oricum nu exista o baza statutar\u0103 pentru excluderea dlui Liviu Dragnea din partid.<\/p>\n<p data-index=\"4\">Citi\u021bi \u0219i:\u00a0\u00a0<strong><a title=\"title\" href=\"https:\/\/www.digi24.ro\/stiri\/actualitate\/politica\/liviu-dragnea-cex-psd-decizii-demisie-1000310\" data-skip-linkfix=\"1\">Liviu Dragnea, confirmat \u00een func\u0163ie de CEx. Cronica unei b\u0103t\u0103lii cu suspans risipit pe drum<\/a><\/strong><\/p>\n<p data-index=\"5\">Nu este foarte clar ce \u0219i-au dorit a\u0219a-numi\u021bii puci\u0219ti \u2013 s\u0103 \u00eel exclud\u0103 pe dl Dragnea, dar f\u0103r\u0103 s\u0103 fi citit cu aten\u021bie statutul, sau au \u00eencercat s\u0103 pun\u0103 \u00een discu\u021bie o problem\u0103? Pentru c\u0103 dac\u0103 a doua ipotez\u0103 este cea adev\u0103rat\u0103, atunci au reu\u0219it. Au reu\u0219it s\u0103 pun\u0103 \u00een discu\u021bie puterea lui Liviu Dragnea \u0219i au reu\u0219it s\u0103 dovedeasc\u0103 opiniei publice c\u0103 <strong>Liviu Dragnea nu mai e la fel de puternic.<\/strong> Asta va avea consecin\u021be cu siguran\u021b\u0103 \u00een partid, este o victorie<em> a la Pirus<\/em>, dac\u0103 vre\u021bi: Liviu Dragnea a \u00eenvins \u0219i \u0219tiam de la \u00eenceput c\u0103 are majoritate, dar \u00eencepe s\u0103 fie din <strong>ce \u00een ce mai contesta<\/strong>t \u0219i g\u00e2ndi\u021bi-v\u0103 la un lucru: nici m\u0103car nu \u0219tim<a href=\"https:\/\/www.digi24.ro\/stiri\/actualitate\/politica\/batai-de-cap-la-finalul-cex-cu-numararea-voturilor-pentru-sustinerea-lui-dragnea-1000920\" target=\"_blank\" rel=\"noopener\" data-skip-linkfix=\"1\"> c\u00e2\u021bi au votat \u00eempotriv\u0103<\/a>, pentru c\u0103 de o parte, Liviu Dragnea spune c\u0103 au fost 8 cei care au votat \u00eempotriva sa, dar calculele \u0219i listele care au fost date de cei care l-au contestat arat\u0103 c\u0103 au fost ceva mai mul\u021bi\u00a0 &#8211; poate 10, poate 11.<\/p>\n<p data-index=\"6\">Citi\u021bi \u0219i:\u00a0\u00a0<strong><a title=\"title\" href=\"https:\/\/www.digi24.ro\/stiri\/actualitate\/politica\/exclusiv-ce-popularitate-are-liviu-dragnea-in-sondajul-prezentat-in-cex-de-adrian-tutuianu-1001014\" data-skip-linkfix=\"1\">EXCLUSIV. Ce popularitate are Liviu Dragnea \u00een sondajul prezentat \u00een CEx de Adrian \u021au\u021buianu<\/a><\/strong><\/p>\n<p data-index=\"7\">Este un \u00eenceput de contestare, puterea sa nu mai e nelimitat\u0103, dar for\u021ba lui Liviu Dragnea const\u0103 \u00een primul r\u00e2nd \u00een sus\u021binerea pe care i-o asigur\u0103 organiza\u021biile locale, de aceea nici liderii de organiza\u021bii jude\u021bene nu au avut curajul s\u0103 mearg\u0103 mai departe. Probabil nu doar cei trei semnatari erau foarte nemul\u021bumi\u021bi de Liviu Dragnea, ci mult mai mul\u021bi. N-au avut curajul s\u0103 se exprime.<\/p>\n<p data-index=\"8\">Citi\u021bi \u0219i:\u00a0\u00a0<strong><a title=\"De ce a e\u0219uat puciul anti-Dragnea? CTP: \u201eTotul e at\u00e2t de simplu!\u201d\" href=\"https:\/\/www.digi24.ro\/stiri\/actualitate\/politica\/cristian-tudor-popescu-explica-de-ce-a-esuat-puciul-anti-dragnea-1000887\" data-skip-linkfix=\"1\">De ce a e\u0219uat puciul anti-Dragnea? CTP: \u201eTotul e at\u00e2t de simplu!\u201d<\/a><\/strong><\/p>\n<p data-index=\"9\"><span><strong>Urm\u0103toarea mi\u0219care<\/strong><\/span><\/p>\n<p> Poate c\u0103 dumnealor cred c\u0103 pot s\u0103 \u00eel saboteze pe Liviu Dragnea din interior, dar \u0219i Liviu Dragnea \u0219tie c\u0103 poate fi sabotat din interior, deci, \u00een consecin\u021b\u0103, <strong>Liviu Dragnea va lua toate m\u0103surile necesare pentru a-i exclude.<\/strong> \u0218i dac\u0103 pre\u0219edintele nu poate fi exclus din partid, atunci orice alt membru poate fi exclus din partid \u0219i aceste excluderi, care au fost deja cerute \u00een \u0219edin\u021ba de ieri, vor fi cerute \u00een \u0219edin\u021bele urm\u0103toare, pentru c\u0103 a\u0219a cum \u0219i-a eliminat \u0219i al\u021bi adversari, Liviu Dragnea va \u00eencerca s\u0103 \u00eei elimine \u0219i pe ace\u0219tia. Va reu\u0219i? De fapt, acolo va fi momentul cel mai dur . \u00cen momentul \u00een care constestatarii vor fi exclu\u0219i, atunci puterea lui Liviu Dragnea va fi absolut\u0103, dar \u00een momentul \u00een care vor rezista tentativelor de excludere, atunci va fi, de fapt, un vot de \u00eencredere pentru ace\u0219tia.<\/p>\n<p> Oricum, <strong>imaginea unui pre\u0219edinte al PSD-ului care e sl\u0103bit este cea care domin\u0103 acum peisajul<\/strong>, dar tocmai pentru c\u0103 este sl\u0103bit, Liviu Dragnea <strong>va \u00eencerca s\u0103 \u00ee\u0219i restabileasc\u0103 autoritatea<\/strong> \u0219i dup\u0103 cum a\u021bi v\u0103zut <strong>op\u021biunea nuclear\u0103 a lui Liviu Dragnea este referendumul,<\/strong> care e deja instrumentalizat politic \u0219i este folosit pentru a-\u0219i \u00eent\u0103ri at\u00e2t pozi\u021bia personal\u0103 \u00een partid, c\u00e2t \u0219i pozi\u021bia partidului \u00een societate folosind o tem\u0103 care nu are nicio leg\u0103tur\u0103 cu doctrina social-democrat\u0103, din contra, este contrar\u0103 doctrinei social-democrate, dar Liviu Dragnea e un pragmatic pe care nu-l intereseaz\u0103 ideologia, ci puterea.<\/p>\n<p> \u00cen ceea ce o prive\u0219te pe premierul <strong>Viorica D\u0103ncil\u0103<\/strong>, \u0219i dac\u0103 nu ar fi luat o pozi\u021bie deschis\u0103 fa\u021b\u0103 de Liviu Dragnea, dependen\u021ba sa fa\u021b\u0103 de pre\u0219edintele PSD este total\u0103. Dna D\u0103ncila, chiar dac\u0103 este prim-ministru, este crea\u021bia lui Liviu Dragnea, pre\u0219edintele PSD, \u0219i va r\u0103m\u00e2ne dependent\u0103 de acesta. A fost alegerea lui Liviu Dragnea pentru a-\u0219i \u00eent\u0103ri pozi\u021bia \u00een interiorul partidului, dup\u0103 ce experien\u021bele precedente au ar\u0103tat c\u0103 prim-mini\u0219trii b\u0103rba\u021bi sunt tenta\u021bi s\u0103 se revolte \u00eempotriva sa. Nu cred c\u0103 ne putem a\u0219tepta la suprize. <strong>A fost t\u0103cut\u0103, pentru c\u0103 nu a mai vrut s\u0103 fac\u0103 erori. De limbaj\u201d.<\/strong><\/p>\n<\/div>\n<p> Source URL: https:\/\/www.digi24.ro\/stiri\/actualitate\/politica\/ce-urmeaza-acum-in-psd-si-de-ce-a-tacut-viorica-dancila-1001069<\/p>\n","protected":false},"excerpt":{"rendered":"<p>Profesorul Cristian P\u00eervulescu crede c\u0103 va urma un val de excluderi din PSD ale constestarilor lui Liviu Dragnea, pentru c\u0103 liderul social-democra\u021bilor, ie\u0219it sl\u0103bit dup\u0103 CEx-ul de vineri, va \u00eencerca s\u0103-\u0219i restabileasc\u0103 autoritatea.\u00a0 Op\u021biunea \u201enuclear\u0103\u201d cea mai la \u00eendem\u00e2n\u0103 pe care o are acum este referendumul, spune politologul. Comentariul lui Cristian P\u00eervulescu, la Digi24: \u201e\u00centre [&hellip;]<\/p>\n","protected":false},"author":1,"featured_media":106469,"comment_status":"open","ping_status":"","sticky":false,"template":"","format":"standard","meta":{"footnotes":""},"categories":[2],"tags":[11],"class_list":["post-106468","post","type-post","status-publish","format-standard","has-post-thumbnail","hentry","category-politics","tag-digi24"],"_links":{"self":[{"href":"https:\/\/analyse.optim.biz\/index.php?rest_route=\/wp\/v2\/posts\/106468","targetHints":{"allow":["GET"]}}],"collection":[{"href":"https:\/\/analyse.optim.biz\/index.php?rest_route=\/wp\/v2\/posts"}],"about":[{"href":"https:\/\/analyse.optim.biz\/index.php?rest_route=\/wp\/v2\/types\/post"}],"author":[{"embeddable":true,"href":"https:\/\/analyse.optim.biz\/index.php?rest_route=\/wp\/v2\/users\/1"}],"replies":[{"embeddable":true,"href":"https:\/\/analyse.optim.biz\/index.php?rest_route=%2Fwp%2Fv2%2Fcomments&post=106468"}],"version-history":[{"count":0,"href":"https:\/\/analyse.optim.biz\/index.php?rest_route=\/wp\/v2\/posts\/106468\/revisions"}],"wp:featuredmedia":[{"embeddable":true,"href":"https:\/\/analyse.optim.biz\/index.php?rest_route=\/wp\/v2\/media\/106469"}],"wp:attachment":[{"href":"https:\/\/analyse.optim.biz\/index.php?rest_route=%2Fwp%2Fv2%2Fmedia&parent=106468"}],"wp:term":[{"taxonomy":"category","embeddable":true,"href":"https:\/\/analyse.optim.biz\/index.php?rest_route=%2Fwp%2Fv2%2Fcategories&post=106468"},{"taxonomy":"post_tag","embeddable":true,"href":"https:\/\/analyse.optim.biz\/index.php?rest_route=%2Fwp%2Fv2%2Ftags&post=106468"}],"curies":[{"name":"wp","href":"https:\/\/api.w.org\/{rel}","templated":true}]}}