{"id":106462,"date":"2018-09-22T22:18:24","date_gmt":"2018-09-22T19:18:24","guid":{"rendered":"https:\/\/analyse.optim.biz\/?p=106462"},"modified":"2018-09-22T22:18:24","modified_gmt":"2018-09-22T19:18:24","slug":"cum-ar-trebui-protejata-familia-traditionala-propunerile-lui-dacian-ciolos","status":"publish","type":"post","link":"https:\/\/analyse.optim.biz\/?p=106462","title":{"rendered":"Cum ar trebui protejat\u0103 familia tradi\u021bional\u0103. Propunerile lui Dacian Ciolo\u0219"},"content":{"rendered":"<div class=\"entry data-app-meta data-app-meta-article\" data-embed-base-url-canonical=\"https:\/\/www.digi24.ro\/embed\/stiri\/actualitate\/social\/cum-ar-trebuie-protejata-familia-traditionala-propunerile-lui-dacian-ciolos-1001211\">\n<p data-index=\"1\"><strong>Fondatorul Mi\u015fc\u0103rii Rom\u00e2nia \u00cempreun\u0103 (RO+), Dacian Ciolo\u015f, a declarat, \u00eentr-o conferin\u0163\u0103 de pres\u0103 sus\u0163inut\u0103, s\u00e2mb\u0103t\u0103 dup\u0103-amiaz\u0103, la Sibiu, c\u0103 nu vede utilitatea organiz\u0103rii unui referendum pentru redefinirea familiei \u015fi c\u0103 banii folosi\u0163i pentru acest referendum sunt cheltui\u0163i inutil. \u201eprotec\u0163ia familiei tradi\u0163ionale ar trebui s\u0103 se traduc\u0103 prin m\u0103suri economice, prin m\u0103suri fiscale, prin m\u0103suri sociale\u201d, a apreciat fostul premier.\u00a0<\/strong><\/p>\n<figure class=\"article-thumb\"><img decoding=\"async\" src=\"https:\/\/analyse.optim.biz\/wp-content\/uploads\/2024\/09\/mzmyymexm2viowu0otk1mdflztu5mgq0y2zlza-thumb_-1.jpg\" alt=\"European Leaders Attend The European Council Meeting In Brussels\" data-skip-htmlfix=\"1\" title=\"mzmyymexm2viowu0otk1mdflztu5mgq0y2zlza-thumb_-1\"><figcaption> FOTO: Guliver\/Getty Images <\/figcaption><\/figure>\n<p data-index=\"2\">\u201dProblema c\u0103s\u0103toriei \u00eentre un b\u0103rbat \u015fi o femeie e deja legiferat\u0103. Ea exist\u0103 deja \u00een Codul Familiei. Acest referendum nu aduce nimic nou din perspectiva aceasta a dreptului unui b\u0103rbat de a se c\u0103s\u0103tori cu o femeie \u015fi a dreptului unei femei de a se c\u0103s\u0103tori cu un b\u0103rbat \u015fi de protec\u0163ie a familiei tradi\u0163ionale\u201c, a declarat fostul premier.<\/p>\n<p data-index=\"3\">\u00cen opinia lui Dacian Ciolo\u015f, familia tradi\u0163ional\u0103 trebuie protejat\u0103 prin m\u0103suri economice \u2013 ajutor pentru tinerii care doresc s\u0103 se c\u0103s\u0103toreasc\u0103, s\u0103 aib\u0103 copii, locuri de munc\u0103 bine pl\u0103tite \u015fi asigurarea unei locuin\u0163e.<\/p>\n<p data-index=\"4\">\u201eDin punctul meu de vedere, protec\u0163ia familiei tradi\u0163ionale ar trebui s\u0103 se traduc\u0103 prin m\u0103suri economice, prin m\u0103suri fiscale, prin m\u0103suri sociale, prin care familiile s\u0103 fie ajutate, tinerii s\u0103 fie ajuta\u0163i s\u0103 se c\u0103s\u0103toreasc\u0103, s\u0103 aib\u0103 o locuin\u0163\u0103, s\u0103 aib\u0103 locuri de munc\u0103 unde s\u0103 fie bine pl\u0103ti\u0163i, s\u0103 poat\u0103 s\u0103 fac\u0103 copii, pe care s\u0103 \u00eei poat\u0103 \u00eentre\u0163ine. Acestea ar fi m\u0103surile care ar putea proteja \u015fi stimula familia. Acest referendum nu v\u0103d ce ar putea aduce \u00een plus, nici dezbaterea, cum e organizat\u0103 \u015fi politizat\u0103. De aceea, nici nu vreau s\u0103 particip la aceast\u0103 dezbatere, pentru c\u0103 ea e politizat\u0103, din p\u0103cate. Nu v\u0103d utilitatea acestui referendum. Sunt bani pierdu\u0163i\u201c, a ad\u0103ugat Dacian Ciolo\u015f.<\/p>\n<p data-index=\"5\">Referendumul privind redefinirea familiei va avea loc pe 6 \u015fi 7 octombrie, \u00eentre orele 7.00 \u015fi 21.00. \u00centrebarea care le va fi adresat\u0103 cet\u0103\u0163enilor \u015fi la care ace\u015ftia trebuie s\u0103 r\u0103spund\u0103 cu \u201eda\u201c sau \u201enu\u201c va fi: \u201eSunte\u0163i de acord cu Legea de revizuire a Constitu\u0163iei Rom\u00e2niei \u00een forma adoptat\u0103 de Parlament?\u201c.<\/p>\n<p data-index=\"6\">Sursa: news.ro<\/p>\n<\/div>\n<p> Source URL: https:\/\/www.digi24.ro\/stiri\/actualitate\/social\/cum-ar-trebuie-protejata-familia-traditionala-propunerile-lui-dacian-ciolos-1001211<\/p>\n","protected":false},"excerpt":{"rendered":"<p>Fondatorul Mi\u015fc\u0103rii Rom\u00e2nia \u00cempreun\u0103 (RO+), Dacian Ciolo\u015f, a declarat, \u00eentr-o conferin\u0163\u0103 de pres\u0103 sus\u0163inut\u0103, s\u00e2mb\u0103t\u0103 dup\u0103-amiaz\u0103, la Sibiu, c\u0103 nu vede utilitatea organiz\u0103rii unui referendum pentru redefinirea familiei \u015fi c\u0103 banii folosi\u0163i pentru acest referendum sunt cheltui\u0163i inutil. \u201eprotec\u0163ia familiei tradi\u0163ionale ar trebui s\u0103 se traduc\u0103 prin m\u0103suri economice, prin m\u0103suri fiscale, prin m\u0103suri sociale\u201d, [&hellip;]<\/p>\n","protected":false},"author":1,"featured_media":106463,"comment_status":"open","ping_status":"","sticky":false,"template":"","format":"standard","meta":{"footnotes":""},"categories":[2],"tags":[11],"class_list":["post-106462","post","type-post","status-publish","format-standard","has-post-thumbnail","hentry","category-politics","tag-digi24"],"_links":{"self":[{"href":"https:\/\/analyse.optim.biz\/index.php?rest_route=\/wp\/v2\/posts\/106462","targetHints":{"allow":["GET"]}}],"collection":[{"href":"https:\/\/analyse.optim.biz\/index.php?rest_route=\/wp\/v2\/posts"}],"about":[{"href":"https:\/\/analyse.optim.biz\/index.php?rest_route=\/wp\/v2\/types\/post"}],"author":[{"embeddable":true,"href":"https:\/\/analyse.optim.biz\/index.php?rest_route=\/wp\/v2\/users\/1"}],"replies":[{"embeddable":true,"href":"https:\/\/analyse.optim.biz\/index.php?rest_route=%2Fwp%2Fv2%2Fcomments&post=106462"}],"version-history":[{"count":0,"href":"https:\/\/analyse.optim.biz\/index.php?rest_route=\/wp\/v2\/posts\/106462\/revisions"}],"wp:featuredmedia":[{"embeddable":true,"href":"https:\/\/analyse.optim.biz\/index.php?rest_route=\/wp\/v2\/media\/106463"}],"wp:attachment":[{"href":"https:\/\/analyse.optim.biz\/index.php?rest_route=%2Fwp%2Fv2%2Fmedia&parent=106462"}],"wp:term":[{"taxonomy":"category","embeddable":true,"href":"https:\/\/analyse.optim.biz\/index.php?rest_route=%2Fwp%2Fv2%2Fcategories&post=106462"},{"taxonomy":"post_tag","embeddable":true,"href":"https:\/\/analyse.optim.biz\/index.php?rest_route=%2Fwp%2Fv2%2Ftags&post=106462"}],"curies":[{"name":"wp","href":"https:\/\/api.w.org\/{rel}","templated":true}]}}