{"id":106458,"date":"2018-09-22T23:04:25","date_gmt":"2018-09-22T20:04:25","guid":{"rendered":"https:\/\/analyse.optim.biz\/?p=106458"},"modified":"2018-09-22T23:04:25","modified_gmt":"2018-09-22T20:04:25","slug":"mesajul-jos-psd-proiectat-pe-palatul-parlamentului-avertismentul-primariei-capitalei","status":"publish","type":"post","link":"https:\/\/analyse.optim.biz\/?p=106458","title":{"rendered":"Mesajul \u201eJOS PSD\u201d, proiectat pe Palatul Parlamentului. Avertismentul Prim\u0103riei Capitalei"},"content":{"rendered":"<div class=\"entry data-app-meta data-app-meta-article\" data-embed-base-url-canonical=\"https:\/\/www.digi24.ro\/embed\/stiri\/actualitate\/social\/mesajul-jos-psd-proiectat-pe-palatul-parlamentului-avertismentul-primariei-capitalei-1001224\">\n<p data-index=\"1\"><strong><span lang=\"ro-RO\">Protestatarul Cristian Dide a proiectat s\u00e2mb\u0103t\u0103 sear\u0103 cu laser, pe Palatul Parlamentului, mesajul \u201dJOS PSD\u201d, informeaz\u0103 <a href=\"https:\/\/www.g4media.ro\/mesajul-jos-psd-proiectat-pe-parlament-la-imapp-bucharest.html\" data-skip-linkfix=\"1\">g4media.ro.<\/a><\/span><\/strong><\/p>\n<figure class=\"article-thumb\"><img decoding=\"async\" src=\"https:\/\/analyse.optim.biz\/wp-content\/uploads\/2024\/09\/odm2zddkyjiyyjexzjzlotblzdcxotg0yzlhmdex-thumb_.jpg\" alt=\"jos psd _ alina popescu\" data-skip-htmlfix=\"1\" title=\"odm2zddkyjiyyjexzjzlotblzdcxotg0yzlhmdex-thumb_\"><figcaption> FOTO: Alina Popescu \/ jurnalist digi24.ro <\/figcaption><\/figure>\n<p data-index=\"2\">ACTUALIZARE 23.07. Pe cl\u0103direa Parlamentului, mesajul \u201eJOS PSD\u201d a fost proiectat \u0219i al\u0103turi de cuv\u00e2ntul \u201eMANIFEST\u201d, care face parte din proiec\u021bia IMapp, f\u0103r\u0103 leg\u0103tur\u0103 cu protestul din aceast\u0103 sear\u0103.\u00a0<\/p>\n<p data-index=\"3\"><img loading=\"lazy\" decoding=\"async\" class=\"alignnone size-full wp-image-1001231\" src=\"https:\/\/analyse.optim.biz\/wp-content\/uploads\/2024\/09\/ytazmzdimjhjytbizjnkodlizta0nta1ymnjndg1mdu-thumb_.jpg\" width=\"1728\" height=\"1296\" data-skip-htmlfix=\"1\" title=\"ytazmzdimjhjytbizjnkodlizta0nta1ymnjndg1mdu-thumb_\"><\/p>\n<hr>\n<p data-index=\"4\"><span lang=\"ro-RO\">Mesajul a fost proiectat c\u00e2nd pia\u021ba de l\u00e2ng\u0103 Parlament era plin\u0103 cu ocazia evenimentului iMapp Bucharest, un festival interna\u021bional de proiec\u021bii video. <\/span><\/p>\n<p data-index=\"5\"><span lang=\"ro-RO\">Centrul de Crea\u0163ie, Art\u0103 \u015fi Tradi\u0163ie al Municipiului Bucure\u015fti va face pl\u00e2ngere penal\u0103 \u00eempotriva celor care vor instiga premeditat la tulburarea lini\u015ftii publice \u00een timpul concursului interna\u0163ional de videomapping IMapp, anun\u021b\u0103 Prim\u0103ria Capitalei, potrivit Agerpres. <\/span><\/p>\n<p data-index=\"6\"><span lang=\"ro-RO\">Potrivit sursei citate, anun\u0163ul vine ca urmare a informa\u0163iilor ap\u0103rute \u00een spa\u0163iul public c\u0103 un grup de persoane vor perturba premeditat concursul IMapp, de s\u00e2mb\u0103t\u0103 seara din Pia\u0163a Constitu\u0163iei, la care particip\u0103 echipe din 10 zece \u0163\u0103ri.<\/span><\/p>\n<p data-index=\"7\"><span lang=\"ro-RO\">\u201eEvenimentele din aceast\u0103 sear\u0103 fac parte din manifest\u0103rile organizate cu ocazia Zilelor Bucure\u015ftiului, la\u00a0aniversarea a 559 de ani de la prima atestare documentar\u0103 a Bucure\u015ftiului, \u015fi la \u00eemplinirea a 100 de ani de la Marea Unire. Cele 10 echipe ale c\u0103ror lucr\u0103ri vor fi prezentate la iMapp Bucharest 2018 sunt: Sila Sveta din Rusia, Go2 Productions din Canada, LosRomeras and OTUCINEMA din Spania, NullPixel din Mexic, SKG Media din China, United Motion Labs din Austria, Mindscape Studio din Rom\u00e2nia, OCUBO din Portugalia, ArtZebs din Ucraina \u015fi Vision Impossible din Olanda\u201d, precizeaz\u0103 PMB.<\/span><\/p>\n<p data-index=\"8\"><span lang=\"ro-RO\">Concursul interna\u0163ional iMappBucharest este, potrivit comunic\u0103rii amintite, unul dintre cele mai mari spectacole de 3D videomapping din lume, care aduce design-ul, arta contemporan\u0103 \u015fi spectacolul, direct pe fa\u0163ada de 23.000 de metri p\u0103tra\u0163i a Palatului Parlamentului.<\/span><\/p>\n<p data-index=\"9\"><span lang=\"ro-RO\">De-a lungul celor patru edi\u0163ii, iMapp a reunit un public de peste 240.000 de spectatori.<\/span><\/p>\n<\/div>\n<p> Source URL: https:\/\/www.digi24.ro\/stiri\/actualitate\/social\/mesajul-jos-psd-proiectat-pe-palatul-parlamentului-avertismentul-primariei-capitalei-1001224<\/p>\n","protected":false},"excerpt":{"rendered":"<p>Protestatarul Cristian Dide a proiectat s\u00e2mb\u0103t\u0103 sear\u0103 cu laser, pe Palatul Parlamentului, mesajul \u201dJOS PSD\u201d, informeaz\u0103 g4media.ro. FOTO: Alina Popescu \/ jurnalist digi24.ro ACTUALIZARE 23.07. Pe cl\u0103direa Parlamentului, mesajul \u201eJOS PSD\u201d a fost proiectat \u0219i al\u0103turi de cuv\u00e2ntul \u201eMANIFEST\u201d, care face parte din proiec\u021bia IMapp, f\u0103r\u0103 leg\u0103tur\u0103 cu protestul din aceast\u0103 sear\u0103.\u00a0 Mesajul a fost [&hellip;]<\/p>\n","protected":false},"author":1,"featured_media":106459,"comment_status":"open","ping_status":"","sticky":false,"template":"","format":"standard","meta":{"footnotes":""},"categories":[2],"tags":[11],"class_list":["post-106458","post","type-post","status-publish","format-standard","has-post-thumbnail","hentry","category-politics","tag-digi24"],"_links":{"self":[{"href":"https:\/\/analyse.optim.biz\/index.php?rest_route=\/wp\/v2\/posts\/106458","targetHints":{"allow":["GET"]}}],"collection":[{"href":"https:\/\/analyse.optim.biz\/index.php?rest_route=\/wp\/v2\/posts"}],"about":[{"href":"https:\/\/analyse.optim.biz\/index.php?rest_route=\/wp\/v2\/types\/post"}],"author":[{"embeddable":true,"href":"https:\/\/analyse.optim.biz\/index.php?rest_route=\/wp\/v2\/users\/1"}],"replies":[{"embeddable":true,"href":"https:\/\/analyse.optim.biz\/index.php?rest_route=%2Fwp%2Fv2%2Fcomments&post=106458"}],"version-history":[{"count":0,"href":"https:\/\/analyse.optim.biz\/index.php?rest_route=\/wp\/v2\/posts\/106458\/revisions"}],"wp:featuredmedia":[{"embeddable":true,"href":"https:\/\/analyse.optim.biz\/index.php?rest_route=\/wp\/v2\/media\/106459"}],"wp:attachment":[{"href":"https:\/\/analyse.optim.biz\/index.php?rest_route=%2Fwp%2Fv2%2Fmedia&parent=106458"}],"wp:term":[{"taxonomy":"category","embeddable":true,"href":"https:\/\/analyse.optim.biz\/index.php?rest_route=%2Fwp%2Fv2%2Fcategories&post=106458"},{"taxonomy":"post_tag","embeddable":true,"href":"https:\/\/analyse.optim.biz\/index.php?rest_route=%2Fwp%2Fv2%2Ftags&post=106458"}],"curies":[{"name":"wp","href":"https:\/\/api.w.org\/{rel}","templated":true}]}}