{"id":106447,"date":"2018-09-23T10:17:00","date_gmt":"2018-09-23T07:17:00","guid":{"rendered":"https:\/\/analyse.optim.biz\/?p=106447"},"modified":"2018-09-23T10:17:00","modified_gmt":"2018-09-23T07:17:00","slug":"liviu-dragnea-vrea-remaniere-cine-sunt-ministrii-care-ar-putea-pleca-din-guvern","status":"publish","type":"post","link":"https:\/\/analyse.optim.biz\/?p=106447","title":{"rendered":"Liviu Dragnea vrea remaniere. Cine sunt mini\u0219trii care ar putea pleca din Guvern"},"content":{"rendered":"<div class=\"entry data-app-meta data-app-meta-article\" data-embed-base-url-canonical=\"https:\/\/www.digi24.ro\/embed\/stiri\/actualitate\/politica\/liviu-dragnea-vrea-remaniere-cine-sunt-ministrii-care-ar-putea-pleca-din-guvern-1001313\">\n<p data-index=\"1\"><strong>Se preg\u0103te\u0219te o serioas\u0103 remaniere guvernamental\u0103. Acesta este planul lui Liviu Dragnea, dup\u0103 ce a c\u00e2\u0219tigat deta\u0219at b\u0103t\u0103lia din interiorul PSD. Acum o treime dintre mini\u0219tri au posturile \u00een pericol. Premierul face deja o evaluare, care va fi dezb\u0103tut\u0103 \u00eentr-un nou Comitet Executiv, dup\u0103 referendumul de la \u00eenceputul lui octombrie.<\/strong><\/p>\n<p data-index=\"2\">Disiden\u0163ii din PSD recunosc \u00eenfr\u00e2ngerea: Liviu Dragnea r\u0103m\u00e2ne pre\u015fedintele partidului. Urm\u0103toarea mutare este \u00eens\u0103 a lui: se preg\u0103te\u015fte s\u0103 schimbe mai mul\u0163i mini\u015ftri, unii sprijini\u0163i chiar de cei care au vrut s\u0103 \u00eel \u00eenl\u0103ture de la putere. Cel pu\u0163in opt nume sunt pe list\u0103.<\/p>\n<p data-index=\"3\">Citi\u021bi \u0219i:\u00a0<strong><a title=\"title\" href=\"https:\/\/www.digi24.ro\/stiri\/actualitate\/politica\/liviu-dragnea-cex-psd-decizii-demisie-1000310\" data-skip-linkfix=\"1\">Liviu Dragnea, confirmat \u00een func\u0163ie de CEx. Cronica unei b\u0103t\u0103lii cu suspans risipit pe drum<\/a><\/strong><\/p>\n<p data-index=\"4\">Primul pe lista de posibili remania\u0163i este vicepremierul <strong>Paul St\u0103nescu,<\/strong> care de altfel este \u015fi unul dintre ini\u0163iatorii mi\u015fc\u0103rii disidente din forma\u0163iunea de guvernare.<\/p>\n<p data-index=\"5\">Vicepremierul Paul St\u0103nescu care este \u015fi ministru al Dezvolt\u0103rii risc\u0103 s\u0103 fie remaniat dup\u0103 ce a fost \u00een fruntea contestatarilor lui Liviu Dragnea.<\/p>\n<p data-index=\"6\"><strong>George Iva\u015fcu<\/strong>, ministrul Culturii, sus\u0163inut \u00een Guvern de Gabriela Firea, ar putea s\u0103 r\u0103m\u00e2n\u0103 \u015fi el f\u0103r\u0103 func\u0163ie.<\/p>\n<p data-index=\"7\">Pe lista neagr\u0103 apar \u015fi ministrul Transporturilor,<strong> Lucian \u0218ova<\/strong>, c\u0103ruia pre\u015fedintele PSD \u00eei repro\u015feaz\u0103 c\u0103 \u015fantierele autostr\u0103zilor avanseaz\u0103 cu fr\u00e2na de m\u00e2n\u0103 tras\u0103, plus ministrul Sportului, <strong>Ioana Bran<\/strong>, \u015fi cel de la Rom\u00e2nii de Pretutindeni, <strong>Natalia Intotero.<\/strong><\/p>\n<p data-index=\"8\">Titularul de la Educa\u0163ie, <strong>Valentin Popa,<\/strong> are postul amenin\u0163at de Uniunea Democrat\u0103 a Maghiarilor din Rom\u00e2nia: a dat un ordin de ministru ce oblig\u0103 elevii maghiari s\u0103 \u00eenve\u0163e cu profesori de limba rom\u00e2n\u0103.<\/p>\n<p data-index=\"9\">\u201eAm cerut anularea acestui articol prin OUG. P\u00e2n\u0103 c\u00e2nd nu se rezolv\u0103 nu exist\u0103 alt subiect. Ministerul \u015fi Guvernul nu e pe persoan\u0103 fizic\u0103\u201d, a declarat liderul UDMR, Kelemen Hunor.<\/p>\n<p data-index=\"10\">Ministrul de Externe \u015fi cel de la Justi\u0163ie\u00a0sunt sprijini\u0163i de ALDE, dar critica\u0163i de multe voci din PSD. Partenerii de guvernare i-au transmis deja un mesaj limpede lui Liviu Dragnea: s\u0103 \u00eei lase \u00een pace pe <strong>Teodor Mele\u015fcanu<\/strong> \u015fi pe <strong>Tudorel Toader.<\/strong><\/p>\n<p data-index=\"11\">\u201eDin analiza pe care am f\u0103cut-o noi mini\u015ftrilor no\u015ftri nu se impune nicio remaniere\u201d, a declarat pentru Digi24 Renate Weber, europarlamentar ALDE.<\/p>\n<p data-index=\"12\">Opozi\u0163ia ridic\u0103 \u00eens\u0103 vocea: nu se mul\u0163ume\u015fte doar cu schimbarea c\u00e2torva mini\u015ftri<\/p>\n<p data-index=\"13\">\u201ePrimul remaniat ar trebui s\u0103 fie primul ministru, care la fiecare prezen\u0163\u0103 public\u0103 mai comite c\u00e2te o gaf\u0103\u201d, a declarat la Digi24 Ludovic Orban, pre\u0219edintele PNL.<\/p>\n<p data-index=\"14\">\u201eViorica D\u0103ncil\u0103 trebuie s\u0103 plece neap\u0103rat pentru c\u0103 nu e capabil\u0103 s\u0103 \u00een\u0163eleag\u0103 care este rolul ei de premier. De asemenea<strong>, Carmen Dan,<\/strong> care nu a r\u0103spuns \u00een niciun fel ca ministru de Interne la cea mai mare dezbinare de care au avut parte rom\u00e2nii \u00een anul Centenarului : b\u0103taia\u201d, a declarat Petru Movil\u0103, deputat PMP.<\/p>\n<p data-index=\"15\">Ministrul de Interne are \u00een continuare \u00eens\u0103 sus\u0163inerea \u015fefului s\u0103u de partid.<\/p>\n<p data-index=\"16\">Valuri de contesta\u0163ii curg \u015fi spre titularul de la Agricultur\u0103, <strong>Petre Daea,<\/strong> de la oameni de afaceri cu profitul decimat de pesta porcin\u0103. Este bine v\u0103zut \u00eens\u0103 de mai-marii PSD.<\/p>\n<p data-index=\"17\">Citi\u0219i \u0219i:\u00a0<strong><a title=\"title\" href=\"https:\/\/www.digi24.ro\/stiri\/economie\/agricultura\/contre-petre-daea-dacian-ciolos-pe-tema-pestei-porcine-replica-fostului-premier-997562\" data-skip-linkfix=\"1\">Contre Petre Daea \u2013 Dacian Ciolo\u015f pe tema pestei porcine. Replica fostului premier<\/a><\/strong><\/p>\n<p data-index=\"18\">Dincolo de aceste calcule, dup\u0103 tensiunea \u015fedin\u0163ei \u00een care disiden\u0163ii nu au avut curajul s\u0103 cear\u0103 demisia lui Dragnea, baronii locali cer &#8230;unitate. \u201eE adev\u0103rat c\u0103 aceste lucruri, care s-au petrecut acum, nu au f\u0103cut bine partidului, dar acum partidul a ie\u015fit mult mai \u00eent\u0103rit din aceast\u0103 dezbatere \u015fi cine nu te doboar\u0103 te \u00eent\u0103re\u015fte\u201d, a declarat la Digi24 Maricel Popa, pre\u0219edintele PSD Ia\u0219i.<\/p>\n<p data-index=\"19\">Citi\u021bi \u0219i:\u00a0<a href=\"https:\/\/www.digi24.ro\/stiri\/actualitate\/politica\/exclusiv-ce-popularitate-are-liviu-dragnea-in-sondajul-prezentat-in-cex-de-adrian-tutuianu-1001014\" target=\"_blank\" rel=\"noopener\" data-skip-linkfix=\"1\"><strong>EXCLUSIV. Sondaj intern PSD devastator pentru Liviu Dragnea. C\u00e2te voturi ar primi la preziden\u021biale<\/strong><\/a><\/p>\n<p class=\"card-title\" data-index=\"20\"><strong><a title=\"title\" href=\"https:\/\/www.digi24.ro\/stiri\/actualitate\/politica\/fostul-judecator-ccr-toni-grebla-va-fi-noul-secretar-general-al-guvernului-1000957\" data-skip-linkfix=\"1\">Fostul judec\u0103tor CCR Toni Grebl\u0103 va fi noul secretar general al Guvernului<\/a><\/strong><\/p>\n<\/div>\n<p> Source URL: https:\/\/www.digi24.ro\/stiri\/actualitate\/politica\/liviu-dragnea-vrea-remaniere-cine-sunt-ministrii-care-ar-putea-pleca-din-guvern-1001313<\/p>\n","protected":false},"excerpt":{"rendered":"<p>Se preg\u0103te\u0219te o serioas\u0103 remaniere guvernamental\u0103. Acesta este planul lui Liviu Dragnea, dup\u0103 ce a c\u00e2\u0219tigat deta\u0219at b\u0103t\u0103lia din interiorul PSD. Acum o treime dintre mini\u0219tri au posturile \u00een pericol. Premierul face deja o evaluare, care va fi dezb\u0103tut\u0103 \u00eentr-un nou Comitet Executiv, dup\u0103 referendumul de la \u00eenceputul lui octombrie. Disiden\u0163ii din PSD recunosc \u00eenfr\u00e2ngerea: [&hellip;]<\/p>\n","protected":false},"author":1,"featured_media":106448,"comment_status":"open","ping_status":"","sticky":false,"template":"","format":"standard","meta":{"footnotes":""},"categories":[2],"tags":[11],"class_list":["post-106447","post","type-post","status-publish","format-standard","has-post-thumbnail","hentry","category-politics","tag-digi24"],"_links":{"self":[{"href":"https:\/\/analyse.optim.biz\/index.php?rest_route=\/wp\/v2\/posts\/106447","targetHints":{"allow":["GET"]}}],"collection":[{"href":"https:\/\/analyse.optim.biz\/index.php?rest_route=\/wp\/v2\/posts"}],"about":[{"href":"https:\/\/analyse.optim.biz\/index.php?rest_route=\/wp\/v2\/types\/post"}],"author":[{"embeddable":true,"href":"https:\/\/analyse.optim.biz\/index.php?rest_route=\/wp\/v2\/users\/1"}],"replies":[{"embeddable":true,"href":"https:\/\/analyse.optim.biz\/index.php?rest_route=%2Fwp%2Fv2%2Fcomments&post=106447"}],"version-history":[{"count":0,"href":"https:\/\/analyse.optim.biz\/index.php?rest_route=\/wp\/v2\/posts\/106447\/revisions"}],"wp:featuredmedia":[{"embeddable":true,"href":"https:\/\/analyse.optim.biz\/index.php?rest_route=\/wp\/v2\/media\/106448"}],"wp:attachment":[{"href":"https:\/\/analyse.optim.biz\/index.php?rest_route=%2Fwp%2Fv2%2Fmedia&parent=106447"}],"wp:term":[{"taxonomy":"category","embeddable":true,"href":"https:\/\/analyse.optim.biz\/index.php?rest_route=%2Fwp%2Fv2%2Fcategories&post=106447"},{"taxonomy":"post_tag","embeddable":true,"href":"https:\/\/analyse.optim.biz\/index.php?rest_route=%2Fwp%2Fv2%2Ftags&post=106447"}],"curies":[{"name":"wp","href":"https:\/\/api.w.org\/{rel}","templated":true}]}}