{"id":106436,"date":"2018-09-23T10:48:48","date_gmt":"2018-09-23T07:48:48","guid":{"rendered":"https:\/\/analyse.optim.biz\/?p=106436"},"modified":"2018-09-23T10:48:48","modified_gmt":"2018-09-23T07:48:48","slug":"presedintele-iohannis-surprins-pe-cel-mai-inalt-varf-din-romania","status":"publish","type":"post","link":"https:\/\/analyse.optim.biz\/?p=106436","title":{"rendered":"Pre\u0219edintele Iohannis, surprins pe cel mai \u00eenalt v\u00e2rf din Rom\u00e2nia"},"content":{"rendered":"<div class=\"entry data-app-meta data-app-meta-article\" data-embed-base-url-canonical=\"https:\/\/www.digi24.ro\/embed\/stiri\/actualitate\/politica\/presedintele-iohannis-surprins-pe-cel-mai-inalt-varf-din-romania-1001321\">\n<p data-index=\"1\"><strong>\u00cen plin <a href=\"https:\/\/www.digi24.ro\/stiri\/actualitate\/politica\/liviu-dragnea-vrea-remaniere-cine-sunt-ministrii-care-ar-putea-pleca-din-guvern-1001313\" target=\"_blank\" rel=\"noopener\" data-skip-linkfix=\"1\">scandal pe scena politic\u0103<\/a>, pre\u015fedintele Klaus Iohannis \u015fi-a luat un r\u0103gaz \u015fi a luat la pas mun\u0163ii Rom\u00e2niei. \u015eeful statului a fost surprins de mai mul\u0163i \u00eemp\u0103timi\u0163i ai muntelui chiar pe cel mai \u00eenalt v\u00e2rf de la noi, Moldoveanu, care atinge 2.544 de metri.<\/strong><\/p>\n<p data-index=\"2\">Un t\u00e2n\u0103r din jude\u0163ul Arge\u015f e cel care s-a \u00eent\u00e2lnit cu pre\u015fedintele Rom\u00e2niei \u015fi l-a invitat s\u0103 fac\u0103 o poz\u0103 cu grupul de alpini\u015fti.<\/p>\n<p data-index=\"3\">Nu este prima dat\u0103 c\u00e2nd Klaus Iohannis este surprins de turi\u015fti \u00een timpul unor c\u0103\u0163\u0103r\u0103ri. \u0218tim deja: pre\u015fedintele este un \u00eemp\u0103timit al drume\u0163iilor montane.<\/p>\n<\/div>\n<p> Source URL: https:\/\/www.digi24.ro\/stiri\/actualitate\/politica\/presedintele-iohannis-surprins-pe-cel-mai-inalt-varf-din-romania-1001321<\/p>\n","protected":false},"excerpt":{"rendered":"<p>\u00cen plin scandal pe scena politic\u0103, pre\u015fedintele Klaus Iohannis \u015fi-a luat un r\u0103gaz \u015fi a luat la pas mun\u0163ii Rom\u00e2niei. \u015eeful statului a fost surprins de mai mul\u0163i \u00eemp\u0103timi\u0163i ai muntelui chiar pe cel mai \u00eenalt v\u00e2rf de la noi, Moldoveanu, care atinge 2.544 de metri. Un t\u00e2n\u0103r din jude\u0163ul Arge\u015f e cel care s-a [&hellip;]<\/p>\n","protected":false},"author":1,"featured_media":106437,"comment_status":"open","ping_status":"","sticky":false,"template":"","format":"standard","meta":{"footnotes":""},"categories":[2],"tags":[11],"class_list":["post-106436","post","type-post","status-publish","format-standard","has-post-thumbnail","hentry","category-politics","tag-digi24"],"_links":{"self":[{"href":"https:\/\/analyse.optim.biz\/index.php?rest_route=\/wp\/v2\/posts\/106436","targetHints":{"allow":["GET"]}}],"collection":[{"href":"https:\/\/analyse.optim.biz\/index.php?rest_route=\/wp\/v2\/posts"}],"about":[{"href":"https:\/\/analyse.optim.biz\/index.php?rest_route=\/wp\/v2\/types\/post"}],"author":[{"embeddable":true,"href":"https:\/\/analyse.optim.biz\/index.php?rest_route=\/wp\/v2\/users\/1"}],"replies":[{"embeddable":true,"href":"https:\/\/analyse.optim.biz\/index.php?rest_route=%2Fwp%2Fv2%2Fcomments&post=106436"}],"version-history":[{"count":0,"href":"https:\/\/analyse.optim.biz\/index.php?rest_route=\/wp\/v2\/posts\/106436\/revisions"}],"wp:featuredmedia":[{"embeddable":true,"href":"https:\/\/analyse.optim.biz\/index.php?rest_route=\/wp\/v2\/media\/106437"}],"wp:attachment":[{"href":"https:\/\/analyse.optim.biz\/index.php?rest_route=%2Fwp%2Fv2%2Fmedia&parent=106436"}],"wp:term":[{"taxonomy":"category","embeddable":true,"href":"https:\/\/analyse.optim.biz\/index.php?rest_route=%2Fwp%2Fv2%2Fcategories&post=106436"},{"taxonomy":"post_tag","embeddable":true,"href":"https:\/\/analyse.optim.biz\/index.php?rest_route=%2Fwp%2Fv2%2Ftags&post=106436"}],"curies":[{"name":"wp","href":"https:\/\/api.w.org\/{rel}","templated":true}]}}