{"id":106425,"date":"2018-09-23T11:11:08","date_gmt":"2018-09-23T08:11:08","guid":{"rendered":"https:\/\/analyse.optim.biz\/?p=106425"},"modified":"2018-09-23T11:11:08","modified_gmt":"2018-09-23T08:11:08","slug":"de-ce-si-a-schimbat-liviu-dragnea-declaratiile-in-privinta-amnistiei-si-gratierii","status":"publish","type":"post","link":"https:\/\/analyse.optim.biz\/?p=106425","title":{"rendered":"De ce \u0219i-a schimbat Liviu Dragnea declara\u021biile \u00een privin\u021ba amnistiei \u0219i gra\u021bierii?"},"content":{"rendered":"<div class=\"entry data-app-meta data-app-meta-article\" data-embed-base-url-canonical=\"https:\/\/www.digi24.ro\/embed\/stiri\/actualitate\/justitie\/de-ce-si-a-schimbat-liviu-dragnea-declaratiile-in-privinta-amnistiei-si-gratierii-1001327\">\n<p data-index=\"1\"><strong>Nu doar cu<a href=\"https:\/\/www.digi24.ro\/stiri\/actualitate\/politica\/liviu-dragnea-vrea-remaniere-cine-sunt-ministrii-care-ar-putea-pleca-din-guvern-1001313\" target=\"_blank\" rel=\"noopener\" data-skip-linkfix=\"1\"> remanierea<\/a> \u00een minte s-a terminat Comitetul Executiv al PSD de vineri. Liderul social-democra\u021bilor a vorbit \u0219i despre controversatele m\u0103suri ce vizeaz\u0103 aministia \u0219i gra\u021bierea. El a dat asigur\u0103ri c\u0103 nu-l mai intereseaz\u0103 subiectul. Asta, de\u0219i a sus\u021binut \u00een ultima perioad\u0103 c\u0103 o lege privind amnistia \u0219i gra\u021bierea este o prioritate pentru PSD. Ce s\u0103 se fi schimbat \u00eentre timp?<\/strong><\/p>\n<p data-index=\"2\">Liviu Dragnea a sus\u0163inut dup\u0103 \u0219edin\u021ba Comitetului Executiv care a avut loc \u00een urm\u0103 cu dou\u0103 zile c\u0103 nu se poate discuta acum despre amnistie \u0219i gra\u021biere pentru c\u0103 Guvernul are alte priorit\u0103\u021bi. De asemenea, liderul PSD a declarat c\u0103 ar fi o minciun\u0103 informa\u021bia potrivit c\u0103reia ar fi for\u021bat Guvernul s\u0103 dea aceast\u0103 OUG.<\/p>\n<p data-index=\"3\">Citi\u021bi \u0219i:\u00a0\u00a0<strong><a title=\"title\" href=\"https:\/\/www.digi24.ro\/stiri\/actualitate\/politica\/criza-guvern-psd\/dragnea-pe-mine-nu-ma-mai-intereseaza-oug-cu-amnistia-si-gratierea-vor-sa-o-dea-la-guvern-sa-o-dea-cand-vor-1000879\" data-skip-linkfix=\"1\">Dragnea: Pe mine nu m\u0103 mai intereseaz\u0103 OUG cu amnistia \u015fi gra\u0163ierea. Vor s\u0103 o dea la Guvern, s\u0103 o dea c\u00e2nd vor<\/a><\/strong><\/p>\n<p data-index=\"4\">Cu toate acestea, ne aducem aminte c\u0103, \u00een urm\u0103 cu dou\u0103 s\u0103pt\u0103m\u00e2ni, pre\u0219edintele social-democra\u021bilor afirma c\u0103 pentru el \u0219i pentru partid<a href=\"https:\/\/www.digi24.ro\/stiri\/actualitate\/politica\/amnistia-si-gratierea-promisa-de-taberele-din-psd-997329\" target=\"_blank\" rel=\"noopener\" data-skip-linkfix=\"1\"> amnistia nu este o iluzie juridic\u0103<\/a>, iar premierului \u0219i ministrului justi\u021biei li s-a cerut s\u0103 g\u0103seasc\u0103 solu\u021bii pentru ca efectele protocoalelor s\u0103 fie \u0219terse.<\/p>\n<p data-index=\"5\">Diferen\u021ba dintre aceste dou\u0103 declara\u021bii vine \u00een contextul \u00een care conflictul din interiorul partidului s-a accentuat \u00een ultimle dou\u0103 s\u0103pt\u0103m\u00e2ni. Mai mul\u021bi nemul\u021bumi\u021bi au cerut ca legea amnistiei \u0219i gra\u021bierii s\u0103 fie adoptat\u0103 prin procedur\u0103 parlamentar\u0103 \u0219i nu de c\u0103tre Guvern.<\/p>\n<p data-index=\"6\">De asemenea, potrivit informa\u021biilor Digi24, la \u00eent\u00e2lnirile de la sediul central organizate pentru preg\u0103tirea referendumului, at\u00e2t premierul, c\u00e2t \u0219i ministrul justi\u021biei i-au spus lui Liviu Dragnea c\u0103 nu vor adopta luna aceasta Odonan\u021ba privind amnistia \u0219i gra\u021bierea pentru c\u0103 nu consider\u0103 c\u0103 este oportun\u0103 \u00een acest moment.<\/p>\n<p data-index=\"7\">Citi\u021bi \u0219i:\u00a0\u00a0<strong><a title=\"title\" href=\"https:\/\/www.digi24.ro\/stiri\/actualitate\/politica\/ce-cred-semnatarii-scrisorii-anti-dragnea-despre-amnistie-si-gratiere-999442\" data-skip-linkfix=\"1\">Ce cred semnatarii scrisorii anti-Dragnea despre amnistie \u0219i gra\u021biere<\/a><\/strong><\/p>\n<p data-index=\"8\">\u00centre timp, fostul judec\u0103tor CCR <a href=\"https:\/\/www.digi24.ro\/stiri\/actualitate\/politica\/fostul-judecator-ccr-toni-grebla-va-fi-noul-secretar-general-al-guvernului-1000957\" target=\"_blank\" rel=\"noopener\" data-skip-linkfix=\"1\">Toni Grebl\u0103 ar putea deveni secretar general al Guvernului<\/a>, el fiind propus pentru aceast\u0103 func\u0163ie \u00een \u015fedin\u0163a Comitetului Executiv Na\u0163ional al PSD de c\u0103tre pre\u015fedintele partidului, Liviu Dragnea.<\/p>\n<p data-index=\"9\">\u00a0\u201e\u00cen momentul \u00een care\u00a0<strong>pre\u015fedintele PSD, Liviu Dragnea, a anun\u0163at \u00een CExN c\u0103 Toni Grebl\u0103 a acceptat func\u0163ia<\/strong>, pur \u015fi simplu s-a aplaudat din suflet. A fost o decizie unanim\u0103 de acceptare \u015fi \u00een acela\u015fi timp o \u00eenc\u00e2ntare pentru to\u0163i membrii Comitetului Executiv\u201d, declara Codrin \u015etef\u0103nescu la <a href=\"https:\/\/www.digi24.ro\/stiri\/actualitate\/politica\/liviu-dragnea-cex-psd-decizii-demisie-1000310\" target=\"_blank\" rel=\"noopener\" data-skip-linkfix=\"1\">finalul \u0219edin\u021bei CEx de vineri<\/a>.<\/p>\n<p data-index=\"10\">Liderul PSD, Liviu Dragnea, for\u021beaz\u0103 schimbarea \u0219efei Secretariatului General al Guvernului, Andreea Lambru (sus\u021binut\u0103 de ALDE), \u0219i a mecanismului de avizare al actelor normative pentru a putea promova o eventual\u0103 OUG pe amnistie \u0219i gra\u021biere f\u0103r\u0103 s\u0103 mai a\u0219tepte aprobarea ministerelor, declarau, la \u00eenceputul acestei luni, pentru\u00a0<a href=\"https:\/\/www.g4media.ro\/surse-dragnea-pregateste-terenul-pentru-oug-forteaza-inlocuirea-sefei-sgg-andreea-lambru-cu-eugen-nicolicea-a-discutat-tema-cu-iordache-si-dancila-aseara-la-guvern.html\" target=\"_blank\" rel=\"noopener\" data-skip-linkfix=\"1\">G4Media.ro<\/a>, surse guvernamentale.<\/p>\n<\/div>\n<p> Source URL: https:\/\/www.digi24.ro\/stiri\/actualitate\/justitie\/de-ce-si-a-schimbat-liviu-dragnea-declaratiile-in-privinta-amnistiei-si-gratierii-1001327<\/p>\n","protected":false},"excerpt":{"rendered":"<p>Nu doar cu remanierea \u00een minte s-a terminat Comitetul Executiv al PSD de vineri. Liderul social-democra\u021bilor a vorbit \u0219i despre controversatele m\u0103suri ce vizeaz\u0103 aministia \u0219i gra\u021bierea. El a dat asigur\u0103ri c\u0103 nu-l mai intereseaz\u0103 subiectul. Asta, de\u0219i a sus\u021binut \u00een ultima perioad\u0103 c\u0103 o lege privind amnistia \u0219i gra\u021bierea este o prioritate pentru PSD. [&hellip;]<\/p>\n","protected":false},"author":1,"featured_media":106426,"comment_status":"open","ping_status":"","sticky":false,"template":"","format":"standard","meta":{"footnotes":""},"categories":[2],"tags":[11],"class_list":["post-106425","post","type-post","status-publish","format-standard","has-post-thumbnail","hentry","category-politics","tag-digi24"],"_links":{"self":[{"href":"https:\/\/analyse.optim.biz\/index.php?rest_route=\/wp\/v2\/posts\/106425","targetHints":{"allow":["GET"]}}],"collection":[{"href":"https:\/\/analyse.optim.biz\/index.php?rest_route=\/wp\/v2\/posts"}],"about":[{"href":"https:\/\/analyse.optim.biz\/index.php?rest_route=\/wp\/v2\/types\/post"}],"author":[{"embeddable":true,"href":"https:\/\/analyse.optim.biz\/index.php?rest_route=\/wp\/v2\/users\/1"}],"replies":[{"embeddable":true,"href":"https:\/\/analyse.optim.biz\/index.php?rest_route=%2Fwp%2Fv2%2Fcomments&post=106425"}],"version-history":[{"count":0,"href":"https:\/\/analyse.optim.biz\/index.php?rest_route=\/wp\/v2\/posts\/106425\/revisions"}],"wp:featuredmedia":[{"embeddable":true,"href":"https:\/\/analyse.optim.biz\/index.php?rest_route=\/wp\/v2\/media\/106426"}],"wp:attachment":[{"href":"https:\/\/analyse.optim.biz\/index.php?rest_route=%2Fwp%2Fv2%2Fmedia&parent=106425"}],"wp:term":[{"taxonomy":"category","embeddable":true,"href":"https:\/\/analyse.optim.biz\/index.php?rest_route=%2Fwp%2Fv2%2Fcategories&post=106425"},{"taxonomy":"post_tag","embeddable":true,"href":"https:\/\/analyse.optim.biz\/index.php?rest_route=%2Fwp%2Fv2%2Ftags&post=106425"}],"curies":[{"name":"wp","href":"https:\/\/api.w.org\/{rel}","templated":true}]}}