{"id":106413,"date":"2018-09-23T11:44:43","date_gmt":"2018-09-23T08:44:43","guid":{"rendered":"https:\/\/analyse.optim.biz\/?p=106413"},"modified":"2018-09-23T11:44:43","modified_gmt":"2018-09-23T08:44:43","slug":"psd-isti-din-teritoriu-nemultumiti-de-rezultatul-cex-ului-ce-prognozeaza-ca-se-intampla-pana-la-sfarsitul-anului","status":"publish","type":"post","link":"https:\/\/analyse.optim.biz\/?p=106413","title":{"rendered":"PSD-i\u0219ti din teritoriu, nemul\u021bumi\u021bi de rezultatul CEx-ului. Ce prognozeaz\u0103 c\u0103 se \u00eent\u00e2mpl\u0103 p\u00e2n\u0103 la sf\u00e2r\u0219itul anului"},"content":{"rendered":"<div class=\"entry data-app-meta data-app-meta-article\" data-embed-base-url-canonical=\"https:\/\/www.digi24.ro\/embed\/stiri\/actualitate\/politica\/psd-isti-din-teritoriu-nemultumiti-de-rezultatul-cex-ului-ce-prognozeaza-ca-se-intampla-pana-la-sfarsitul-anului-1001331\">\n<p data-index=\"1\"><strong>Primarul PSD din O\u0163elu Ro\u015fu, Luca M\u0103l\u0103iescu, dar \u0219i deputatul PSD de Boto\u0219ani R\u0103zvan Rotaru \u0219i-au exprimat \u00een pres\u0103 nemul\u021bumirea fa\u021b\u0103 de rezultatul CEx-ului de vineri, prin care Liviu Dragnea a fost reconfirmat ca lider, \u0219i dau de \u00een\u021beles c\u0103 lucrurile nu vor r\u0103m\u00e2ne a\u0219a p\u00e2n\u0103 la sf\u00e2r\u0219itul anului.<\/strong><\/p>\n<figure class=\"article-thumb\"><img decoding=\"async\" src=\"https:\/\/analyse.optim.biz\/wp-content\/uploads\/2024\/09\/nmizzgm0zwiwngy5m2e2ymu1njqymgfmowqxotflmty-thumb_.jpg\" alt=\"LUCA_MALAESCU_argument-cs\" data-skip-htmlfix=\"1\" title=\"nmizzgm0zwiwngy5m2e2ymu1njqymgfmowqxotflmty-thumb_\"><figcaption> Luca M\u0103l\u0103iescu, primarul PSD din O\u021belu Ro\u0219u Foto: argument-cs.ro <\/figcaption><\/figure>\n<p data-index=\"2\"><strong>ACTUALIZARE 12:40<\/strong> Vicepre\u0219edintele organiza\u021biei PSD Cara\u0219-Severin, primarul din O\u021belu Ro\u0219u, <a href=\"https:\/\/www.digi24.ro\/stiri\/actualitate\/politica\/primar-psd-avem-nevoie-de-un-lider-locomotiva-pentru-partid-1001353\" target=\"_blank\" rel=\"noopener\" data-skip-linkfix=\"1\">Luca M\u0103l\u0103iescu<\/a> a vorbit la Digi24 despre nemul\u021bumirile pe care le are fa\u021b\u0103 de Liviu Dragnea. El spune c\u0103 alternativa pentru conducerea PSD este un \u201elider-locomotiv\u0103, care s\u0103 dea un restart\u201d, care s\u0103 aib\u0103 o imagine foarte bun\u0103, irepro\u0219abil\u0103, \u0219i s\u0103 se bucure de credibilitatea cet\u0103\u021benilor din Rom\u00e2nia:\u00a0<\/p>\n<p data-index=\"3\">El a subliniat c\u0103 partidul este pr\u0103bu\u0219it \u00een sondaje din cauza imaginii proaste pe care o are Liviu Dragnea \u0219i consider\u0103 c\u0103 actualul lider social-democrat a avut \u201ecaren\u021be\u201d \u00een modul \u00een care conduce PSD.<\/p>\n<p data-index=\"4\">\u00cen ceea ce prive\u0219te <a href=\"https:\/\/www.digi24.ro\/stiri\/actualitate\/politica\/liviu-dragnea-vrea-remaniere-cine-sunt-ministrii-care-ar-putea-pleca-din-guvern-1001313\" target=\"_blank\" rel=\"noopener\" data-skip-linkfix=\"1\">remanierea Guvernului<\/a>, M\u0103l\u0103iescu spune c\u0103 sunt mul\u021bi mini\u0219tri care nu merit\u0103 s\u0103 fie acolo \u0219i care ar putea fi \u00eenlocui\u021bi cu brio de colegi merituo\u0219i din teritoriu. Luca M\u0103l\u0103iescu a preferat s\u0103-i numeasc\u0103 pe mini\u0219tri de care este mul\u021bumit: Teodorovici, Daea, St\u0103nescu. \u201eLista este scurt\u0103\u201d, a men\u021bionat primarul din O\u021belu Ro\u0219u.<\/p>\n<p data-index=\"5\">\u00centrebat dac\u0103 ar fi cazul ca \u0219i premierul Viorica D\u0103ncil\u0103 s\u0103 fac\u0103 pasul \u00een spate, Luca M\u0103l\u0103iescu consider\u0103 c\u0103 un asemenea gest ar \u00eensemna finalul guvern\u0103rii PSD, mai ales c\u0103 s-au mai schimbat doi prim-mini\u0219tri. Acesta este, de altfel, \u0219i unul dintre motivele care l-au f\u0103cut s\u0103 fie nemul\u021bumit de Liviu Dragnea.<\/p>\n<p data-index=\"6\">Nici Carmen Dan nu ar trebui s\u0103 demisioneze sau s\u0103 fie schimbat\u0103 din func\u021bie, consider\u0103 social-democratul, pentru c\u0103 nu este ea vinovat\u0103 pentru faptul c\u0103 ni\u0219te angaja\u021bi nu \u0219i-au f\u0103cut treaba cum trebuie.<\/p>\n<p data-index=\"7\">\u201eAm avut \u0219i lucruri bune de c\u00e2nd suntem la guvernare\u201d, a spus M\u0103l\u0103iescu, exemplific\u00e2nd cu cre\u0219terea pensiilor \u0219i salariilor \u0219i sc\u0103derea TVA-ului. \u00cen ceea ce prive\u0219te referendumul pentru schimbarea Constitu\u021biei, primarul din O\u021belu Ro\u0219u promite s\u0103 lupte pentru PSD, chiar dac\u0103 uneori are \u201eopinii \u0219i principii\u201d diferite fa\u021b\u0103 de unii colegi.<\/p>\n<p data-index=\"8\">\u00cen privin\u021ba leg\u0103turilor cu liderii partidului, primarul spune cu sinceritate: \u201eVin la noi doar c\u00e2nd au nevoie de voturi\u201d.<\/p>\n<hr>\n<p data-index=\"9\">\u00a0\u201eProbabil, p\u00e2n\u0103 la sf\u00e2r\u015fitul anului se vor \u00eent\u00e2mpla \u015fi alte lucruri importante \u00een PSD\u201d, a declarat primarul din O\u021belu Ro\u0219u, Luca M\u0103l\u0103iescu, f\u0103r\u0103 s\u0103 precizeze despre ce anume ar fi vorba.\u00a0\u201eNe-am a\u015fteptat s\u0103 c\u00e2\u015ftige Dragnea, evident, nu cu o majoritate cov\u00e2r\u015fitoare. Dac\u0103 colegii no\u015ftri au considerat c\u0103 a\u015fa este bine pentru partid, a\u015fa o fi, doar c\u0103 eu nu am fost \u015fi nu voi fi de acord ca Dragnea s\u0103 r\u0103m\u00e2n\u0103 pe mai departe \u00een fruntea partidului\u201d, a declarat Luca M\u0103l\u0103iescu, citat de <a href=\"http:\/\/www.argument-cs.ro\/content\/luca-malaiescu-dragnea-ramane-desi-eu-nu-am-fost-si\" target=\"_blank\" rel=\"noopener\" data-skip-linkfix=\"1\">argument.cs-ro<\/a>.<\/p>\n<p data-index=\"10\">\u0218i deputatul PSD Boto\u015fani, R\u0103zvan Rotaru, a declarat, vineri seara, c\u0103 victoria de care se bucur\u0103 Liviu Dragnea dup\u0103 \u015fedin\u0163a CEx este una de scurt\u0103 durat\u0103 \u015fi c\u0103 p\u00e2n\u0103 de s\u0103rb\u0103tori, Dragnea nu va mai fi \u00een fruntea partidului. \u201eNu va ajunge s\u0103 tr\u0103iasc\u0103 s\u0103rb\u0103torile al\u0103turi de Irina (T\u0103nase &#8211; n.r. iubita liderului PSD\u201d, a spus\u00a0 R\u0103zvan Rotaru, citat de<a href=\"https:\/\/www.mediafax.ro\/social\/atac-din-psd-la-liviu-dragnea-nu-va-trai-sarbatorile-de-iarna-alaturi-de-irina-nu-are-cum-este-o-persoana-cu-anumite-probleme-17528593\" target=\"_blank\" rel=\"noopener\" data-skip-linkfix=\"1\"> Mediafax<\/a>.<\/p>\n<p data-index=\"11\"><em>\u201eNu cred c\u0103 lucrurile vor r\u0103m\u00e2ne a\u015fa, nu este o victorie de lung\u0103 durat\u0103, este o victorie scurt\u0103, r\u0103zboiul este lung. A fost doar o b\u0103t\u0103lie scurt\u0103 c\u00e2\u015ftigat\u0103. Din punctul meu de vedere, p\u00e2n\u0103 de s\u0103rb\u0103tori domnul Dragnea va pica, nu-l apuc\u0103 s\u0103rb\u0103torile de iarn\u0103. Este o persoan\u0103 cu anumite probleme \u015fi nu va ajunge s\u0103 tr\u0103iasc\u0103 s\u0103rb\u0103torile al\u0103turi de Irina. Nu are cum\u2026 Lumea este s\u0103tul\u0103\u2026 To\u0163i cei care sunt acolo, \u00een CEx sunt oameni adu\u015fi de el, pu\u015fi de el, li s-au oferit func\u0163ii de prost gust \u015fi au acceptat \u015fi s-au umilit \u015fi acum nu au curaj s\u0103 ridice capul din p\u0103m\u00e2nt<\/em>\u201d, a declarat, pentru MEDIAFAX, deputatul R\u0103zvan Rotaru.<\/p>\n<p data-index=\"12\">El \u00ee\u0219i exprimase, \u00eenc\u0103 de joi, sus\u021binerea pentru scrisoarea contestatarilor lui Liviu Dragnea:<\/p>\n<p class=\"gdpr-placeholder gdpr-social-media gdpr-iframe-fix\" data-index=\"14\"> Setarile tale privind cookie-urile nu permit afisarea continutul din aceasta sectiune. Poti actualiza setarile modulelor coookie direct din browser sau de <a class=\"ot-sdk-show-settings\" data-skip-linkfix=\"1\">aici<\/a> \u2013 e nevoie sa accepti cookie-urile social media<\/p>\n<p data-index=\"15\">\u00a0<\/p>\n<p data-index=\"16\">Citi\u021bi \u0219i:\u00a0<\/p>\n<p class=\"card-title\" data-index=\"17\"><strong><a title=\"title\" href=\"https:\/\/www.digi24.ro\/stiri\/actualitate\/evenimente\/gardul-conacului-lui-liviu-dragnea-din-alexandria-vandalizat-1001087\" data-skip-linkfix=\"1\">FOTO | Gardul conacului lui Liviu Dragnea din Alexandria, vandalizat<\/a><\/strong><\/p>\n<p class=\"card-title\" data-index=\"18\"><strong><a title=\"title\" href=\"https:\/\/www.digi24.ro\/stiri\/actualitate\/politica\/liviu-dragnea-cex-psd-decizii-demisie-1000310\" data-skip-linkfix=\"1\">Liviu Dragnea, confirmat \u00een func\u0163ie de CEx. Cronica unei b\u0103t\u0103lii cu suspans risipit pe drum<\/a><\/strong><\/p>\n<p class=\"card-title\" data-index=\"19\"><strong><a title=\"title\" href=\"https:\/\/www.digi24.ro\/stiri\/actualitate\/justitie\/de-ce-si-a-schimbat-liviu-dragnea-declaratiile-in-privinta-amnistiei-si-gratierii-1001327\" data-skip-linkfix=\"1\">De ce \u0219i-a schimbat Liviu Dragnea declara\u021biile \u00een privin\u021ba amnistiei \u0219i gra\u021bierii?<\/a><\/strong><\/p>\n<p class=\"card-title\" data-index=\"20\"><strong><a title=\"title\" href=\"https:\/\/www.digi24.ro\/stiri\/actualitate\/politica\/liviu-dragnea-vrea-remaniere-cine-sunt-ministrii-care-ar-putea-pleca-din-guvern-1001313\" data-skip-linkfix=\"1\">Liviu Dragnea vrea remaniere. Cine sunt mini\u0219trii care ar putea pleca din Guvern<\/a><\/strong><\/p>\n<p class=\"card-title\" data-index=\"21\"><strong><a title=\"title\" href=\"https:\/\/www.digi24.ro\/stiri\/actualitate\/politica\/exclusiv-ce-popularitate-are-liviu-dragnea-in-sondajul-prezentat-in-cex-de-adrian-tutuianu-1001014\" data-skip-linkfix=\"1\">EXCLUSIV. Sondaj intern PSD devastator pentru Liviu Dragnea. C\u00e2te voturi ar primi la preziden\u021biale<\/a><\/strong><\/p>\n<\/div>\n<p> Source URL: https:\/\/www.digi24.ro\/stiri\/actualitate\/politica\/psd-isti-din-teritoriu-nemultumiti-de-rezultatul-cex-ului-ce-prognozeaza-ca-se-intampla-pana-la-sfarsitul-anului-1001331<\/p>\n","protected":false},"excerpt":{"rendered":"<p>Primarul PSD din O\u0163elu Ro\u015fu, Luca M\u0103l\u0103iescu, dar \u0219i deputatul PSD de Boto\u0219ani R\u0103zvan Rotaru \u0219i-au exprimat \u00een pres\u0103 nemul\u021bumirea fa\u021b\u0103 de rezultatul CEx-ului de vineri, prin care Liviu Dragnea a fost reconfirmat ca lider, \u0219i dau de \u00een\u021beles c\u0103 lucrurile nu vor r\u0103m\u00e2ne a\u0219a p\u00e2n\u0103 la sf\u00e2r\u0219itul anului. Luca M\u0103l\u0103iescu, primarul PSD din O\u021belu [&hellip;]<\/p>\n","protected":false},"author":1,"featured_media":106414,"comment_status":"open","ping_status":"","sticky":false,"template":"","format":"standard","meta":{"footnotes":""},"categories":[2],"tags":[11],"class_list":["post-106413","post","type-post","status-publish","format-standard","has-post-thumbnail","hentry","category-politics","tag-digi24"],"_links":{"self":[{"href":"https:\/\/analyse.optim.biz\/index.php?rest_route=\/wp\/v2\/posts\/106413","targetHints":{"allow":["GET"]}}],"collection":[{"href":"https:\/\/analyse.optim.biz\/index.php?rest_route=\/wp\/v2\/posts"}],"about":[{"href":"https:\/\/analyse.optim.biz\/index.php?rest_route=\/wp\/v2\/types\/post"}],"author":[{"embeddable":true,"href":"https:\/\/analyse.optim.biz\/index.php?rest_route=\/wp\/v2\/users\/1"}],"replies":[{"embeddable":true,"href":"https:\/\/analyse.optim.biz\/index.php?rest_route=%2Fwp%2Fv2%2Fcomments&post=106413"}],"version-history":[{"count":0,"href":"https:\/\/analyse.optim.biz\/index.php?rest_route=\/wp\/v2\/posts\/106413\/revisions"}],"wp:featuredmedia":[{"embeddable":true,"href":"https:\/\/analyse.optim.biz\/index.php?rest_route=\/wp\/v2\/media\/106414"}],"wp:attachment":[{"href":"https:\/\/analyse.optim.biz\/index.php?rest_route=%2Fwp%2Fv2%2Fmedia&parent=106413"}],"wp:term":[{"taxonomy":"category","embeddable":true,"href":"https:\/\/analyse.optim.biz\/index.php?rest_route=%2Fwp%2Fv2%2Fcategories&post=106413"},{"taxonomy":"post_tag","embeddable":true,"href":"https:\/\/analyse.optim.biz\/index.php?rest_route=%2Fwp%2Fv2%2Ftags&post=106413"}],"curies":[{"name":"wp","href":"https:\/\/api.w.org\/{rel}","templated":true}]}}