{"id":106410,"date":"2018-09-23T12:23:32","date_gmt":"2018-09-23T09:23:32","guid":{"rendered":"https:\/\/analyse.optim.biz\/?p=106410"},"modified":"2018-09-23T12:23:32","modified_gmt":"2018-09-23T09:23:32","slug":"planul-lui-basescu-pentru-demiterea-guvernului","status":"publish","type":"post","link":"https:\/\/analyse.optim.biz\/?p=106410","title":{"rendered":"Planul lui B\u0103sescu pentru demiterea Guvernului"},"content":{"rendered":"<div class=\"entry data-app-meta data-app-meta-article\" data-embed-base-url-canonical=\"https:\/\/www.digi24.ro\/embed\/stiri\/actualitate\/politica\/planul-lui-basescu-pentru-demiterea-guvernului-1001339\">\n<p data-index=\"1\"><strong>Fostul pre\u015fedinte Traian B\u0103sescu acuz\u0103 PNL \u015fi USR c\u0103 mimeaz\u0103 opozi\u0163ia \u015fi c\u0103 face blat cu social-democra\u0163ii, refuz\u00e2nd s\u0103 depun\u0103 o mo\u0163iune de cenzur\u0103 \u00eempotriva Guvernului condus de Viorica D\u0103ncil\u0103.<\/strong><\/p>\n<p data-index=\"2\"><img loading=\"lazy\" decoding=\"async\" class=\"alignnone size-full wp-image-1001340\" src=\"https:\/\/analyse.optim.biz\/wp-content\/uploads\/2024\/09\/zyz3ptgwmczoyxnopwmzm2fkyjjlymiwymvhowuxyzaxyme4ndbhytixnjq0-thumb_.jpg\" width=\"2048\" height=\"1365\" data-skip-htmlfix=\"1\" title=\"zyz3ptgwmczoyxnopwmzm2fkyjjlymiwymvhowuxyzaxyme4ndbhytixnjq0-thumb_\"><\/p>\n<p data-index=\"3\">El are \u015fi o sugestie pentru liderii acestor forma\u0163iuni &#8211; <strong>s\u0103 ia <a href=\"https:\/\/www.digi24.ro\/stiri\/actualitate\/politica\/a-aparut-scrisoarea-nemultumitilor-din-psd-999270\" target=\"_blank\" rel=\"noopener\" data-skip-linkfix=\"1\">textul scrisorii<\/a> redactate de contestatarii lui liviu Dragnea \u015fi s\u0103 o depun\u0103 ca mo\u0163iune \u00eempotriva Guvernului<\/strong>. Din PSD vor avea sigur voturile puci\u015ftilor, care sunt departe de a se dezice de ac\u0163iunea lor, crede fostul \u015fef al statului. Traian B\u0103sescu este convins c\u0103 un astfel de gest politic ar cre\u015fte \u015fansele ca Guvernul Vioric\u0103i D\u0103ncil\u0103 s\u0103 fie demis \u00een Parlament.<\/p>\n<p data-index=\"4\">Scrisoarea ini\u0163iat\u0103 de vicepre\u015fedin\u0163ii PSD Gabriela Firea, Paul St\u0103nescu \u015fi Adrian \u0162u\u0163uianu propunea 19 m\u0103suri printre care demisia lui Liviu Dragnea din func\u0163ia de pre\u015fedinte al PSD \u015fi din func\u0163ia de pre\u015fedinte al Camerei Deputa\u0163ilor.<\/p>\n<p data-index=\"5\">Mesajul lui Traian B\u0103sescu publicat pe Facebook:<\/p>\n<p data-index=\"6\">\u201eOpozi\u0163ia pare a face un blat ru\u015finos cu PSD refuz\u00e2nd s\u0103 depun\u0103 o mo\u0163iune de cenzur\u0103.<br \/> PNL \u015fi USR pur \u015fi simplu mimeaz\u0103 opozi\u0163ia. Context :<br \/> -Economia este m\u0103cinat\u0103 de criza pestei porcine, gestionat\u0103 cu deplin\u0103 incompeten\u0163\u0103 de guvern;<br \/> -Sub comand\u0103 politic\u0103, dreptul la liber\u0103 exprimare a fost \u00een\u0103bu\u015fit prin interven\u0163ia exagerat violent\u0103 a jandarmilor \u00eempotriva manifestan\u0163ilor din 10 August \u00een Pia\u0163a Victoriei;<br \/> -Guvernul D\u0103ncil\u0103 este incapabil s\u0103 utilizeze fondurile europene ;<span class=\"text_exposed_show\"><br \/> -Alian\u0163a PSD-ALDE sc\u00e2r\u0163\u00e2ie din toate \u00eencheieturile datorit\u0103 ambi\u0163iilor preziden\u0163iale ale lui T\u0103riceanu \u015fi a bloc\u0103rii amnistiei \u015fi gra\u0163ierii;<br \/> -PSD este br\u0103zdat de falii generate de lupta clicilor din interior pentru bani \u015fi putere, lupte care nu se vor opri cur\u00e2nd ;<br \/> -UDMR se declar\u0103 nemul\u0163umit de colaborarea cu Guvernul D\u0103ncil\u0103;<br \/> -Aripa Ponta este \u00eentr-o b\u0103t\u0103lie deschis\u0103 cu Dragnea .<br \/> \u00cen acest context, Ludovic Orban \u015fi Dan Barna mimeaz\u0103 opozi\u0163ia \u015fi depun mo\u0163iuni simple \u00eempotriva lui Carmen Dan \u015fi a lui Daea, mo\u0163iuni care constitu\u0163ional nu au nici un efect, \u00een loc s\u0103 se al\u0103ture PMP \u015fi s\u0103 depun\u0103 o mo\u0163iune de cenzur\u0103 s\u0103n\u0103toas\u0103 \u00eempotriva Guvernului D\u0103ncil\u0103, cu ceva \u015fanse de reu\u015fit\u0103 \u015fi pentru a continua s\u0103 \u0163in\u0103 PSD-ul \u00een corzi.\u00a0<br \/> Dac\u0103 mo\u0163iunea de cenzur\u0103 ar reu\u015fi, acela ar fi \u015fi sf\u00e2r\u015fitul lui Dragnea \u015fi Slav\u0103 Domnului, sunt destui parlamentari PSD care \u00eei vor capul acum c\u00e2nd este \u015fubrezit consistent .<br \/> Moment politic mai bun pentru o mo\u0163iune de cenzur\u0103, nu poate exista .<br \/> Reu\u015fit\u0103 sau nu, mo\u0163iunea ar avea meritul unei delimit\u0103ri clare a opozi\u0163iei de tic\u0103lo\u015fiile \u015fi incompeten\u0163a Guvernului D\u0103ncil\u0103 \u015fi ale alian\u0163ei PSD \u2013 ALDE.<br \/> Din p\u0103cate asist\u0103m la un blat degradant pentru PNL \u015fi USR, la fel ca blaturile din Parlament la votul legii care propunea 300 parlamentari sau cea prin care se acord\u0103 pensii speciale ale\u015filor din administra\u0163ia local\u0103, c\u00e2nd PNL a votat cot la cot cu PSD.<br \/> Dac\u0103 USR \u015fi PNL nu g\u0103sesc motive pentru o mo\u0163iuni de cenzur\u0103, le sugerez s\u0103 ia scrisoarea puci\u015ftilor Firea, St\u0103nescu \u015fi \u0162u\u0163uianu, s-o numeasc\u0103 Mo\u0163iune de Cenzur\u0103 \u00eempotriva Guvernului D\u0103ncil\u0103 \u015fi s-o depun\u0103. Din PSD vor avea sigur voturile puci\u015ftilor care sunt departe de a se dezice de ac\u0163iunea lor.\u00a0<br \/> Sunt unii care se cred pe ei de\u015ftep\u0163i (de fapt ni\u015fte propagandi\u015fti blati\u015fti) \u015fi pe noi pro\u015fti, care public justific\u0103 inac\u0163iunea politic\u0103 prin faptul c\u0103 opozi\u0163ia nu are majoritate \u00een Parlament. De acord. Dar un guvern mai bun dec\u00e2t Guvernul D\u0103ncil\u0103,cu care s\u0103 nu ne fie ru\u015fine \u00een pre\u015feden\u0163ia UE, putem avea ? Eu sunt convins c\u0103 da\u201d.<\/span><\/p>\n<p class=\"gdpr-placeholder gdpr-social-media gdpr-iframe-fix\" data-index=\"8\"> Setarile tale privind cookie-urile nu permit afisarea continutul din aceasta sectiune. Poti actualiza setarile modulelor coookie direct din browser sau de <a class=\"ot-sdk-show-settings\" data-skip-linkfix=\"1\">aici<\/a> \u2013 e nevoie sa accepti cookie-urile social media<\/p>\n<\/div>\n<p> Source URL: https:\/\/www.digi24.ro\/stiri\/actualitate\/politica\/planul-lui-basescu-pentru-demiterea-guvernului-1001339<\/p>\n","protected":false},"excerpt":{"rendered":"<p>Fostul pre\u015fedinte Traian B\u0103sescu acuz\u0103 PNL \u015fi USR c\u0103 mimeaz\u0103 opozi\u0163ia \u015fi c\u0103 face blat cu social-democra\u0163ii, refuz\u00e2nd s\u0103 depun\u0103 o mo\u0163iune de cenzur\u0103 \u00eempotriva Guvernului condus de Viorica D\u0103ncil\u0103. El are \u015fi o sugestie pentru liderii acestor forma\u0163iuni &#8211; s\u0103 ia textul scrisorii redactate de contestatarii lui liviu Dragnea \u015fi s\u0103 o depun\u0103 ca [&hellip;]<\/p>\n","protected":false},"author":1,"featured_media":106411,"comment_status":"open","ping_status":"","sticky":false,"template":"","format":"standard","meta":{"footnotes":""},"categories":[2],"tags":[11],"class_list":["post-106410","post","type-post","status-publish","format-standard","has-post-thumbnail","hentry","category-politics","tag-digi24"],"_links":{"self":[{"href":"https:\/\/analyse.optim.biz\/index.php?rest_route=\/wp\/v2\/posts\/106410","targetHints":{"allow":["GET"]}}],"collection":[{"href":"https:\/\/analyse.optim.biz\/index.php?rest_route=\/wp\/v2\/posts"}],"about":[{"href":"https:\/\/analyse.optim.biz\/index.php?rest_route=\/wp\/v2\/types\/post"}],"author":[{"embeddable":true,"href":"https:\/\/analyse.optim.biz\/index.php?rest_route=\/wp\/v2\/users\/1"}],"replies":[{"embeddable":true,"href":"https:\/\/analyse.optim.biz\/index.php?rest_route=%2Fwp%2Fv2%2Fcomments&post=106410"}],"version-history":[{"count":0,"href":"https:\/\/analyse.optim.biz\/index.php?rest_route=\/wp\/v2\/posts\/106410\/revisions"}],"wp:featuredmedia":[{"embeddable":true,"href":"https:\/\/analyse.optim.biz\/index.php?rest_route=\/wp\/v2\/media\/106411"}],"wp:attachment":[{"href":"https:\/\/analyse.optim.biz\/index.php?rest_route=%2Fwp%2Fv2%2Fmedia&parent=106410"}],"wp:term":[{"taxonomy":"category","embeddable":true,"href":"https:\/\/analyse.optim.biz\/index.php?rest_route=%2Fwp%2Fv2%2Fcategories&post=106410"},{"taxonomy":"post_tag","embeddable":true,"href":"https:\/\/analyse.optim.biz\/index.php?rest_route=%2Fwp%2Fv2%2Ftags&post=106410"}],"curies":[{"name":"wp","href":"https:\/\/api.w.org\/{rel}","templated":true}]}}