{"id":106399,"date":"2018-09-23T13:10:31","date_gmt":"2018-09-23T10:10:31","guid":{"rendered":"https:\/\/analyse.optim.biz\/?p=106399"},"modified":"2018-09-23T13:10:31","modified_gmt":"2018-09-23T10:10:31","slug":"primar-psd-avem-nevoie-de-un-lider-locomotiva-pentru-partid","status":"publish","type":"post","link":"https:\/\/analyse.optim.biz\/?p=106399","title":{"rendered":"Primar PSD: \u201eAvem nevoie de un lider-locomotiv\u0103\u201d pentru partid"},"content":{"rendered":"<div class=\"entry data-app-meta data-app-meta-article\" data-embed-base-url-canonical=\"https:\/\/www.digi24.ro\/embed\/stiri\/actualitate\/politica\/primar-psd-avem-nevoie-de-un-lider-locomotiva-pentru-partid-1001353\">\n<p data-index=\"1\"><strong>Vicepre\u0219edintele organiza\u021biei PSD Cara\u0219-Severin, primarul din O\u021belu Ro\u0219u, Luca M\u0103l\u0103iescu, a vorbit la Digi24 despre nemul\u021bumirile pe care le are fa\u021b\u0103 de Liviu Dragnea. El spune c\u0103 alternativa pentru conducerea PSD este un \u201elider-locomotiv\u0103, care s\u0103 dea un restart\u201d, care s\u0103 aib\u0103 o imagine foarte bun\u0103, irepro\u0219abil\u0103 \u0219i s\u0103 se bucure de credibilitatea cet\u0103\u021benilor din Rom\u00e2nia.\u00a0<\/strong><\/p>\n<p data-index=\"2\">El a subliniat c\u0103 partidul este pr\u0103bu\u0219it \u00een sondaje din cauza imaginii proaste pe care o are Liviu Dragnea \u0219i consider\u0103 c\u0103 actualul lider social-democrat a avut \u201ecaren\u021be\u201d \u00een modul \u00een care conduce PSD.<\/p>\n<p data-index=\"3\">\u00cen ceea ce prive\u0219te <a href=\"https:\/\/www.digi24.ro\/stiri\/actualitate\/politica\/liviu-dragnea-vrea-remaniere-cine-sunt-ministrii-care-ar-putea-pleca-din-guvern-1001313\" target=\"_blank\" rel=\"noopener\" data-skip-linkfix=\"1\">remanierea Guvernului<\/a>, M\u0103l\u0103iescu spune c\u0103 sunt mul\u021bi mini\u0219tri care nu merit\u0103 s\u0103 fie acolo \u0219i care ar putea fi \u00eenlocui\u021bi cu brio de colegi merituo\u0219i din teritoriu. Luca M\u0103l\u0103iescu a preferat s\u0103-i numeasc\u0103 pe mini\u0219tri de care este mul\u021bumit: Teodorovici, Daea, St\u0103nescu. \u201eLista este scurt\u0103\u201d, a men\u021bionat primarul din O\u021belu Ro\u0219u.<\/p>\n<p data-index=\"4\">\u00centrebat dac\u0103 ar fi cazul ca \u0219i premierul Viorica D\u0103ncil\u0103 s\u0103 fac\u0103 pasul \u00een spate, Luca M\u0103l\u0103iescu consider\u0103 c\u0103 un asemenea gest ar \u00eensemna finalul guvern\u0103rii PSD, mai ales c\u0103 s-au mai schimbat doi prim-mini\u0219tri. Acesta este, de altfel, \u0219i unul dintre motivele care l-au f\u0103cut s\u0103 fie nemul\u021bumit de Liviu Dragnea.<\/p>\n<p data-index=\"5\">Nici Carmen Dan nu ar trebui s\u0103 demisioneze sau s\u0103 fie schimbat\u0103 din func\u021bie, consider\u0103 social-democratul, pentru c\u0103 nu este ea vinovat\u0103 pentru faptul c\u0103 ni\u0219te angaja\u021bi nu \u0219i-au f\u0103cut treaba cum trebuie.<\/p>\n<p data-index=\"6\">\u201eAm avut \u0219i lucruri bune de c\u00e2nd suntem la guvernare\u201d, a spus M\u0103l\u0103iescu, exemplific\u00e2nd cu cre\u0219terea pensiilor \u0219i salariilor \u0219i sc\u0103derea TVA-ului. \u00cen ceea ce prive\u0219te referendumul pentru schimbarea Constitu\u021biei, primarul din O\u021belu Ro\u0219u promite s\u0103 lupte pentru PSD, chiar dac\u0103 uneori are \u201eopinii \u0219i principii\u201d diferite fa\u021b\u0103 de unii colegi.<\/p>\n<p data-index=\"7\">\u00cen privin\u021ba leg\u0103turilor cu liderii partidului, primarul spune cu sinceritate: \u201eVin la noi doar c\u00e2nd au nevoie de voturi\u201d.<\/p>\n<p data-index=\"8\">Urm\u0103ri\u021bi-i declara\u021biile complete \u00een materialul video de mai sus.<\/p>\n<p data-index=\"9\">Citi\u021bi \u0219i:\u00a0\u00a0<strong><a title=\"title\" href=\"https:\/\/www.digi24.ro\/stiri\/actualitate\/politica\/psd-isti-din-teritoriu-nemultumiti-de-rezultatul-cex-ului-ce-prognozeaza-ca-se-intampla-pana-la-sfarsitul-anului-1001331\" data-skip-linkfix=\"1\">PSD-i\u0219ti din teritoriu, nemul\u021bumi\u021bi de rezultatul CEx-ului. Ce prognozeaz\u0103 c\u0103 se \u00eent\u00e2mpl\u0103 p\u00e2n\u0103 la sf\u00e2r\u0219itul anului<\/a><\/strong><\/p>\n<\/div>\n<p> Source URL: https:\/\/www.digi24.ro\/stiri\/actualitate\/politica\/primar-psd-avem-nevoie-de-un-lider-locomotiva-pentru-partid-1001353<\/p>\n","protected":false},"excerpt":{"rendered":"<p>Vicepre\u0219edintele organiza\u021biei PSD Cara\u0219-Severin, primarul din O\u021belu Ro\u0219u, Luca M\u0103l\u0103iescu, a vorbit la Digi24 despre nemul\u021bumirile pe care le are fa\u021b\u0103 de Liviu Dragnea. El spune c\u0103 alternativa pentru conducerea PSD este un \u201elider-locomotiv\u0103, care s\u0103 dea un restart\u201d, care s\u0103 aib\u0103 o imagine foarte bun\u0103, irepro\u0219abil\u0103 \u0219i s\u0103 se bucure de credibilitatea cet\u0103\u021benilor din [&hellip;]<\/p>\n","protected":false},"author":1,"featured_media":106400,"comment_status":"open","ping_status":"","sticky":false,"template":"","format":"standard","meta":{"footnotes":""},"categories":[2],"tags":[11],"class_list":["post-106399","post","type-post","status-publish","format-standard","has-post-thumbnail","hentry","category-politics","tag-digi24"],"_links":{"self":[{"href":"https:\/\/analyse.optim.biz\/index.php?rest_route=\/wp\/v2\/posts\/106399","targetHints":{"allow":["GET"]}}],"collection":[{"href":"https:\/\/analyse.optim.biz\/index.php?rest_route=\/wp\/v2\/posts"}],"about":[{"href":"https:\/\/analyse.optim.biz\/index.php?rest_route=\/wp\/v2\/types\/post"}],"author":[{"embeddable":true,"href":"https:\/\/analyse.optim.biz\/index.php?rest_route=\/wp\/v2\/users\/1"}],"replies":[{"embeddable":true,"href":"https:\/\/analyse.optim.biz\/index.php?rest_route=%2Fwp%2Fv2%2Fcomments&post=106399"}],"version-history":[{"count":0,"href":"https:\/\/analyse.optim.biz\/index.php?rest_route=\/wp\/v2\/posts\/106399\/revisions"}],"wp:featuredmedia":[{"embeddable":true,"href":"https:\/\/analyse.optim.biz\/index.php?rest_route=\/wp\/v2\/media\/106400"}],"wp:attachment":[{"href":"https:\/\/analyse.optim.biz\/index.php?rest_route=%2Fwp%2Fv2%2Fmedia&parent=106399"}],"wp:term":[{"taxonomy":"category","embeddable":true,"href":"https:\/\/analyse.optim.biz\/index.php?rest_route=%2Fwp%2Fv2%2Fcategories&post=106399"},{"taxonomy":"post_tag","embeddable":true,"href":"https:\/\/analyse.optim.biz\/index.php?rest_route=%2Fwp%2Fv2%2Ftags&post=106399"}],"curies":[{"name":"wp","href":"https:\/\/api.w.org\/{rel}","templated":true}]}}