{"id":1063920,"date":"2022-01-31T15:30:15","date_gmt":"2022-01-31T12:30:15","guid":{"rendered":"https:\/\/analyse.optim.biz\/?p=1063920"},"modified":"2022-01-31T15:30:15","modified_gmt":"2022-01-31T12:30:15","slug":"ca-n-vestul-salbatic-bataie-ca-n-filme-in-clubul-ilegal-de-manele-tabaco-chiar-sub-nasul-chestorului-de-politie-alin-petecel","status":"publish","type":"post","link":"https:\/\/analyse.optim.biz\/?p=1063920","title":{"rendered":"Ca-n Vestul S\u0103lbatic! B\u0103taie ca-n filme, \u00een clubul ilegal de manele \u201dTabaco\u201d, chiar sub nasul chestorului de poli\u021bie Alin Petecel"},"content":{"rendered":"<article id=\"template-id-172790\" class=\"post-172790 tdb_templates type-tdb_templates status-publish post\">\n<div id=\"tdi_38\" class=\"tdc-zone\">\n<div class=\"tdc_zone tdi_39  wpb_row td-pb-row\">\n<div id=\"tdi_40\" class=\"tdc-row stretch_row_1400 td-stretch-content\">\n<div class=\"vc_row tdi_41  wpb_row td-pb-row tdc-element-style\">\n<div class=\"vc_column tdi_43  wpb_column vc_column_container tdc-column td-pb-span8\">\n<div class=\"wpb_wrapper\">\n<div class=\"td_block_wrap tdb_single_categories tdi_44 td-pb-border-top td_block_template_1 \" data-td-block-uid=\"tdi_44\">\n<div class=\"tdb-category td-fix-index\"><a class=\"tdb-entry-category\" href=\"https:\/\/voceatimisului.ro\/stiri-din-timisoara-si-timis\/\">\u0218tiri<\/a><a class=\"tdb-entry-category\" href=\"https:\/\/voceatimisului.ro\/exclusiv\/\">Exclusiv<\/a><\/div>\n<\/div>\n<div class=\"td_block_wrap tdb_title tdi_45 tdb-single-title td-pb-border-top td_block_template_1\" data-td-block-uid=\"tdi_45\">\n<div class=\"tdb-block-inner td-fix-index\">\n<h1 class=\"tdb-title-text\">Ca-n Vestul S\u0103lbatic! B\u0103taie ca-n filme, \u00een clubul ilegal de manele \u201dTabaco\u201d, chiar sub nasul chestorului de poli\u021bie Alin Petecel<\/h1>\n<\/div>\n<\/div>\n<div class=\"vc_row_inner tdi_48  vc_row vc_inner wpb_row td-pb-row\">\n<div class=\"vc_column_inner tdi_50  wpb_column vc_column_container tdc-inner-column td-pb-span6\">\n<div class=\"vc_column-inner\">\n<div class=\"wpb_wrapper\">\n<div class=\"td_block_wrap tdb_single_author tdi_51 td-pb-border-top td_block_template_1 tdb-post-meta\" data-td-block-uid=\"tdi_51\">\n<div class=\"tdb-block-inner td-fix-index\">\n<div class=\"tdb-author-name-wrap\"><span class=\"tdb-author-by\">Autor-<\/span><a class=\"tdb-author-name\" href=\"https:\/\/voceatimisului.ro\/author\/marta-stirbey\/\">Marta Stirbey<\/a><\/div>\n<\/div>\n<\/div>\n<div class=\"td_block_wrap tdb_single_date tdi_52 td-pb-border-top td_block_template_1 tdb-post-meta\" data-td-block-uid=\"tdi_52\">\n<div class=\"tdb-block-inner td-fix-index\"><time class=\"entry-date updated td-module-date\" datetime=\"2022-01-31T17:30:15+02:00\">31 ianuarie 2022<\/time><\/div>\n<\/div>\n<div class=\"td_block_wrap tdb_single_comments_count tdi_53 td-pb-border-top td_block_template_1 tdb-post-meta\" data-td-block-uid=\"tdi_53\">\n<div class=\"tdb-block-inner td-fix-index\"><a href=\"https:\/\/voceatimisului.ro\/ca-n-vestul-salbatic-bataie-ca-n-filme-in-clubul-ilegal-de-manele-tabaco-chiar-sub-nasul-chestorului-de-politie-alin-petecel\/#comments\"><span>2<\/span><\/a><\/div>\n<\/div>\n<div class=\"td_block_wrap tdb_single_post_views tdi_54 td-pb-border-top td_block_template_1 tdb-post-meta\" data-td-block-uid=\"tdi_54\">\n<div class=\"tdb-block-inner td-fix-index\"><span class=\"tdb-add-text\">1<\/span><span class=\"td-nr-views-149454\">15097<\/span><\/div>\n<\/div>\n<\/div>\n<\/div>\n<\/div>\n<div class=\"vc_column_inner tdi_56  wpb_column vc_column_container tdc-inner-column td-pb-span6\">\n<div class=\"vc_column-inner\">\n<div class=\"wpb_wrapper\">\n<div class=\"td_block_wrap tdb_single_post_share tdi_57  td-pb-border-top td_block_template_1\" data-td-block-uid=\"tdi_57\">\n<div id=\"tdi_57\" class=\"td-post-sharing tdb-block td-ps-bg td-ps-notext td-post-sharing-style1 \">\n<div class=\"td-post-sharing-visible\"><a class=\"td-social-sharing-button td-social-sharing-button-js td-social-network td-social-facebook\" href=\"https:\/\/www.facebook.com\/sharer.php?u=https%3A%2F%2Fvoceatimisului.ro%2Fca-n-vestul-salbatic-bataie-ca-n-filme-in-clubul-ilegal-de-manele-tabaco-chiar-sub-nasul-chestorului-de-politie-alin-petecel%2F\" title=\"Facebook\" rel=\"noopener\"><\/p>\n<div class=\"td-social-but-text\">Facebook<\/div>\n<p><\/a><a class=\"td-social-sharing-button td-social-sharing-button-js td-social-network td-social-twitter\" href=\"https:\/\/twitter.com\/intent\/tweet?text=Ca-n+Vestul+S%C4%83lbatic%21+B%C4%83taie+ca-n+filme%2C+%C3%AEn+clubul+ilegal+de+manele+%E2%80%9DTabaco%E2%80%9D%2C+chiar+sub+nasul+chestorului+de+poli%C8%9Bie+Alin+Petecel&amp;url=https%3A%2F%2Fvoceatimisului.ro%2Fca-n-vestul-salbatic-bataie-ca-n-filme-in-clubul-ilegal-de-manele-tabaco-chiar-sub-nasul-chestorului-de-politie-alin-petecel%2F&amp;via=Vocea+Timisului\" title=\"Twitter\" rel=\"noopener\"><\/p>\n<div class=\"td-social-but-text\">Twitter<\/div>\n<p><\/a><a class=\"td-social-sharing-button td-social-sharing-button-js td-social-network td-social-pinterest\" href=\"https:\/\/pinterest.com\/pin\/create\/button\/?url=https:\/\/voceatimisului.ro\/ca-n-vestul-salbatic-bataie-ca-n-filme-in-clubul-ilegal-de-manele-tabaco-chiar-sub-nasul-chestorului-de-politie-alin-petecel\/&amp;media=https:\/\/analyse.optim.biz\/wp-content\/uploads\/2025\/12\/ca-n-vestul-salbatic-bataie-ca-n-filme-in-clubul-ilegal-de-manele-tabaco-chiar-sub-nasul-chestorului-de-politie-alin-petecel.jpg&amp;description=Ca-n+Vestul+S%C4%83lbatic%21+B%C4%83taie+ca-n+filme%2C+%C3%AEn+clubul+ilegal+de+manele+%E2%80%9DTabaco%E2%80%9D%2C+chiar+sub+nasul+chestorului+de+poli%C8%9Bie+Alin+Petecel\" title=\"Pinterest\" rel=\"noopener\"><\/p>\n<div class=\"td-social-but-text\">Pinterest<\/div>\n<p><\/a><a class=\"td-social-sharing-button td-social-sharing-button-js td-social-network td-social-whatsapp\" href=\"https:\/\/api.whatsapp.com\/send?text=Ca-n+Vestul+S%C4%83lbatic%21+B%C4%83taie+ca-n+filme%2C+%C3%AEn+clubul+ilegal+de+manele+%E2%80%9DTabaco%E2%80%9D%2C+chiar+sub+nasul+chestorului+de+poli%C8%9Bie+Alin+Petecel%20%0A%0A%20https:\/\/voceatimisului.ro\/ca-n-vestul-salbatic-bataie-ca-n-filme-in-clubul-ilegal-de-manele-tabaco-chiar-sub-nasul-chestorului-de-politie-alin-petecel\/\" title=\"WhatsApp\" rel=\"noopener\"><\/p>\n<div class=\"td-social-but-text\">WhatsApp<\/div>\n<p><\/a><a class=\"td-social-sharing-button td-social-sharing-button-js td-social-network td-social-linkedin\" href=\"https:\/\/www.linkedin.com\/shareArticle?mini=true&amp;url=https:\/\/voceatimisului.ro\/ca-n-vestul-salbatic-bataie-ca-n-filme-in-clubul-ilegal-de-manele-tabaco-chiar-sub-nasul-chestorului-de-politie-alin-petecel\/&amp;title=Ca-n+Vestul+S%C4%83lbatic%21+B%C4%83taie+ca-n+filme%2C+%C3%AEn+clubul+ilegal+de+manele+%E2%80%9DTabaco%E2%80%9D%2C+chiar+sub+nasul+chestorului+de+poli%C8%9Bie+Alin+Petecel\" title=\"Linkedin\" rel=\"noopener\"><\/p>\n<div class=\"td-social-but-text\">Linkedin<\/div>\n<p><\/a><a class=\"td-social-sharing-button td-social-sharing-button-js td-social-network td-social-copy_url\" href=\"https:\/\/voceatimisului.ro\/ca-n-vestul-salbatic-bataie-ca-n-filme-in-clubul-ilegal-de-manele-tabaco-chiar-sub-nasul-chestorului-de-politie-alin-petecel\/\" title=\"Copy URL\" rel=\"noopener\"><\/p>\n<div class=\"td-social-but-text\">Copy URL<\/div>\n<p><\/a><\/div>\n<\/div>\n<\/div>\n<\/div>\n<\/div>\n<\/div>\n<\/div>\n<div class=\"td_block_wrap tdb_single_featured_image tdi_58 tdb-content-horiz-left td-pb-border-top td_block_template_1\" data-td-block-uid=\"tdi_58\">\n<div class=\"tdb-block-inner td-fix-index\">\n<figure><img loading=\"lazy\" decoding=\"async\" width=\"696\" height=\"329\" class=\"entry-thumb\" src=\"https:\/\/analyse.optim.biz\/wp-content\/uploads\/2025\/12\/ca-n-vestul-salbatic-bataie-ca-n-filme-in-clubul-ilegal-de-manele-tabaco-chiar-sub-nasul-chestorului-de-politie-alin-petecel-696x329-1.jpg\" alt=\"Ca n Vestul Salbatic Bataie ca n filme in clubul ilegal de manele Tabaco chiar sub nasul chestorului de politie Alin Petecel\" title=\"Ca n Vestul Salbatic Bataie ca n filme in clubul ilegal de manele Tabaco chiar sub nasul chestorului de politie Alin Petecel\"><figcaption class=\"tdb-caption-text\">Ca n Vestul Salbatic Bataie ca n filme in clubul ilegal de manele Tabaco chiar sub nasul chestorului de politie Alin Petecel<\/figcaption><\/figure>\n<\/div>\n<\/div>\n<div class=\"vc_row_inner tdi_60  vc_row vc_inner wpb_row td-pb-row\">\n<div class=\"vc_column_inner tdi_62  wpb_column vc_column_container tdc-inner-column td-pb-span4 td-is-sticky\">\n<div class=\"vc_column-inner\">\n<div class=\"wpb_wrapper\" data-sticky-enabled-on=\"W3RydWUsdHJ1ZSx0cnVlLHRydWVd\" data-sticky-offset=\"20\" data-sticky-is-width-auto=\"W2ZhbHNlLGZhbHNlLGZhbHNlLGZhbHNlXQ==\">\n<div class=\"td_block_wrap td_flex_block_1 tdi_63 td-pb-border-top td_block_template_1 td_ajax_preloading_preload td_flex_block\" data-td-block-uid=\"tdi_63\">\n<div id=\"tdi_63\" class=\"td_block_inner td-mc1-wrap\">\n<div class=\"td_module_flex td_module_flex_1 td_module_wrap td-animation-stack td-meta-info-hide td-cpt-post\">\n<div class=\"td-module-container td-category-pos-image\">\n<div class=\"td-module-meta-info\">\n<h3 class=\"entry-title td-module-title\"><a href=\"https:\/\/voceatimisului.ro\/accident-frontal-pe-dn6-la-remetea-mare-trei-persoane-au-ajuns-la-spital-dupa-ce-un-sofer-a-intrat-in-coliziune-cu-o-ambulanta-privata\/\" rel=\"bookmark\" title=\"Accident frontal pe DN6 la Remetea Mare. Trei persoane au ajuns la spital dup\u0103 ce un \u0219ofer a intrat \u00een coliziune cu o ambulan\u021b\u0103 privat\u0103\">Accident frontal pe DN6 la Remetea Mare. Trei persoane au ajuns la spital dup\u0103 ce un \u0219ofer a intrat \u00een coliziune cu o ambulan\u021b\u0103&#8230;<\/a><\/h3>\n<\/div>\n<\/div>\n<\/div>\n<div class=\"td_module_flex td_module_flex_1 td_module_wrap td-animation-stack td-meta-info-hide td-cpt-post\">\n<div class=\"td-module-container td-category-pos-image\">\n<div class=\"td-module-meta-info\">\n<h3 class=\"entry-title td-module-title\"><a href=\"https:\/\/voceatimisului.ro\/actiune-in-sistem-releu-pe-dn6-zeci-de-soferi-amendati-si-permise-retinute-in-timis\/\" rel=\"bookmark\" title=\"Ac\u021biune \u00een sistem \u201creleu\u201d pe DN6. Zeci de \u0219oferi amenda\u021bi \u0219i permise re\u021binute \u00een Timi\u0219\">Ac\u021biune \u00een sistem \u201creleu\u201d pe DN6. Zeci de \u0219oferi amenda\u021bi \u0219i permise re\u021binute \u00een Timi\u0219<\/a><\/h3>\n<\/div>\n<\/div>\n<\/div>\n<div class=\"td_module_flex td_module_flex_1 td_module_wrap td-animation-stack td-meta-info-hide td-cpt-post\">\n<div class=\"td-module-container td-category-pos-image\">\n<div class=\"td-module-meta-info\">\n<h3 class=\"entry-title td-module-title\"><a href=\"https:\/\/voceatimisului.ro\/accident-cu-patru-masini-la-pasajul-iulius-town-din-timisoara-o-femeie-a-fost-ranita\/\" rel=\"bookmark\" title=\"Accident cu patru ma\u0219ini la Pasajul Iulius Town din Timi\u0219oara. O femeie a fost r\u0103nit\u0103\">Accident cu patru ma\u0219ini la Pasajul Iulius Town din Timi\u0219oara. O femeie a fost r\u0103nit\u0103<\/a><\/h3>\n<\/div>\n<\/div>\n<\/div>\n<div class=\"td_module_flex td_module_flex_1 td_module_wrap td-animation-stack td-meta-info-hide td-cpt-post\">\n<div class=\"td-module-container td-category-pos-image\">\n<div class=\"td-module-meta-info\">\n<h3 class=\"entry-title td-module-title\"><a href=\"https:\/\/voceatimisului.ro\/scene-halucinante-la-timisoara-un-barbat-s-a-catarat-pe-balcon-si-a-intrat-peste-o-tanara-in-casa\/\" rel=\"bookmark\" title=\"Scene halucinante la Timi\u0219oara: un b\u0103rbat s-a c\u0103\u021b\u0103rat pe balcon \u0219i a intrat peste o t\u00e2n\u0103r\u0103 \u00een cas\u0103\">Scene halucinante la Timi\u0219oara: un b\u0103rbat s-a c\u0103\u021b\u0103rat pe balcon \u0219i a intrat peste o t\u00e2n\u0103r\u0103 \u00een cas\u0103<\/a><\/h3>\n<\/div>\n<\/div>\n<\/div>\n<\/div>\n<\/div>\n<div class=\"tdb-author-box td_block_wrap tdb_single_author_box tdi_68 tdb-content-vert-top td-pb-border-top td_block_template_1\" data-td-block-uid=\"tdi_68\">\n<div class=\"tdb-block-inner td-fix-index\">\n<div class=\"tdb-author-info\"><a href=\"https:\/\/voceatimisului.ro\/author\/marta-stirbey\/\" class=\"tdb-author-name\">Marta Stirbey<\/a><\/p>\n<div class=\"tdb-author-descr\">\u00centreaga responsabilitate a comentariilor l\u0103sate de dumneavoastr\u0103 v\u0103 apar\u021bine!<br \/>\nClick <a href=\"https:\/\/voceatimisului.ro\/termeni-si-conditii\/\">aici<\/a>-citeste condi\u0163iile de utilizare ale site-ului www.voceatimisului.ro<\/div>\n<\/div>\n<\/div>\n<\/div>\n<\/div>\n<\/div>\n<\/div>\n<div class=\"vc_column_inner tdi_70  wpb_column vc_column_container tdc-inner-column td-pb-span8\">\n<div class=\"vc_column-inner\">\n<div class=\"wpb_wrapper\">\n<div class=\"td_block_wrap tdb_single_content tdi_71 td-pb-border-top td_block_template_1 td-post-content tagdiv-type\" data-td-block-uid=\"tdi_71\">\n<div class=\"tdb-block-inner td-fix-index\">\n<h5 class=\"wp-block-heading\" id=\"h-tupeu-de-zile-mari-cum-altfel-ar-putea-fi-descrisa-situa\u021bia-clubului-tabaco-din-timi\u0219oara-care-de-mai-bine-de-un-an-de-zile-sub-ochii-ingaduitori-ai-poli\u021bi\u0219tilor-de-la-ipj-timi\u0219-continua-sa-func\u021bioneze-ilegal-fara-niciun-deranj-intr-un-ora\u0219-aflat-sub-restric\u021bii-sanitare-din-octombrie-2020-nu-numai-petrecerile-prohibite-curg-necontenit-weekend-de-weekend-la-lasarea-nop\u021bii-dar-\u0219i-bataile-generalizate-dintre-interlopi-imbiba\u021bi-cu-alcool-fac-parte-dintr-un-spectacol-nocturn-care-e-la-ordinea-zilei-la-tabaco\">Tupeu de zile mari! Cum altfel ar putea fi descris\u0103 situa\u021bia <a href=\"https:\/\/voceatimisului.ro\/fara-numar-manelistii-s-au-inghesuit-la-club-tabaco-chiar-in-noaptea-de-inviere-in-timp-ce-la-ipj-timis-se-ciocneau-ouale\/\" target=\"_blank\" rel=\"noreferrer noopener\">Clubului \u201dTabaco\u201d din Timi\u0219oara care de mai bine de un an de zile, sub ochii \u00eeng\u0103duitori ai poli\u021bi\u0219tilor de la IPJ Timi\u0219<\/a>, continu\u0103 s\u0103 func\u021bioneze ilegal, f\u0103r\u0103 niciun deranj, \u00eentr-un ora\u0219 aflat sub restric\u021bii sanitare din octombrie 2020?! Nu numai petrecerile prohibite curg necontenit, weekend de weekend, la l\u0103sarea nop\u021bii, dar \u0219i b\u0103t\u0103ile generalizate dintre interlopi, \u00eembiba\u021bi cu alcool, fac parte dintr-un spectacol nocturn, care e la ordinea zilei la \u201dTabaco\u201d.<\/h5>\n<p>\u0218i IPJ Timi\u0219, cu z\u00e2mbetul pe buze, a\u0219a cum ve\u021bi vedea, manipuleaz\u0103 adev\u0103rul \u0219i minimalizeaz\u0103 carnagiul, l\u0103s\u00e2nd s\u0103 se \u00een\u021beleag\u0103 c\u0103 incidentul este unul izolat \u0219i c\u00e2t se poate de banal. O lupt\u0103 de orgolii, \u00eentre coco\u0219i \u00eenfierb\u00e2nta\u021bi! Mai mult, c\u0103 ar fi avut loc, <strong>NU \u00eentr-un club ilegal de manele<\/strong>, care func\u021bioneaz\u0103 la foc continuu de mai bine de un an, ci\u2026 \u00eentr-o oarecare societate comercial\u0103. De\u0219i, \u00een ultimul an \u0219i \u00een plin\u0103 pandemie cu restric\u021bii, chefurile ilicite din <a href=\"https:\/\/voceatimisului.ro\/ca-n-filmele-cu-mafioti-un-club-de-manele-functioneaza-in-plina-pandemie-sub-ochii-ingaduitori-ai-politistilor-de-la-sectia-2-timisoara\/\" target=\"_blank\" rel=\"noreferrer noopener\">Clubul \u201dTabaco\u201d s-au l\u0103sat \u0219i cu spitaliz\u0103ri, victime \u0219i ambulan\u021be, iar IPJ Timi\u0219 nu a avut nicio problem\u0103 major\u0103<\/a>. Nici m\u0103car de etic\u0103 sau de moral\u0103!<\/p>\n<p>Un lucru e cert<strong>: Clubul \u201dTabaco\u201d, fostul striptease \u201dNo Mercy\u201d din Complexul Studen\u021besc, situat pe strada Socrates nr. 12\/A din Timi\u0219oara, local patronat de sirianul Atef Hammad, doctor \u00een medicin\u0103 fizic\u0103, recuperare \u0219i balneologie, nu este la prima \u00eenc\u0103lcare a regulilor sanitare care au fost impuse tuturor agen\u021bilor economici pe perioada pandemiei<\/strong>. Adic\u0103, INTERZIS la distrac\u021bie, \u00een spa\u021bii \u00eenchise, dincolo de ora 22.<\/p>\n<p>De aproape un an de zile, <strong><a href=\"https:\/\/voceatimisului.ro\/dedicatie-de-8-martie-pentru-ipj-timis-clubul-de-manele-tabaco-a-sarbatorit-ziua-femeii-cu-public-si-cu-un-concert-live-in-plina-carantina-a-timisoarei\/\" target=\"_blank\" rel=\"noreferrer noopener\">voceatimisului.ro a prezentat cu detalii, m\u0103rturii \u0219i imagini video flagrante c\u0103 \u00een plin centrul Timi\u0219oarei, \u00een Complexul Studen\u021besc, Clubul \u201dTabaco\u201d func\u021bioneaz\u0103 ilegal <\/a>din toate punctele de vedere, dincolo de regulile sanitare \u0219i fiscale<\/strong>.\u00a0 Mai mult c\u0103 invita\u021biile la petrecerile de pomin\u0103, flambate cu muzic\u0103 live, se fac \u00een cercuri \u00eenchise, c\u0103 accesul \u00een incint\u0103 se permite doar dup\u0103 un \u201dface control\u201d pe camere video \u0219i c\u0103 taximetri\u0219tii \u021bin de \u0219ase \u0219i asigur\u0103 perimetrul loca\u021biei.<\/p>\n<p>\u0218i, mai mult dec\u00e2t orice, c\u0103 IPJ Timi\u0219, timp de un an de zile, nu a fost \u00een stare s\u0103-i prind\u0103 \u00een flagrant nici pe petrec\u0103re\u021bi, nici pe c\u00e2nt\u0103re\u021bi \u0219i nici pe patronul clubului de manele, dr. Atef Hammad, ca s\u0103 pun\u0103 lac\u0103tul pe u\u0219\u0103, a\u0219a cum cere legea<strong>. <\/strong><a href=\"https:\/\/voceatimisului.ro\/cascadorii-rasului-ipj-timis-nu-i-a-gasit-pe-manelistii-de-la-tabaco-in-actiune-pentru-ca-mereu-usa-era-inchisa\/\" target=\"_blank\" rel=\"noreferrer noopener\"><strong>De\u0219i re\u021belele de socializare au fost \u0219i sunt pline \u0219i acum de probe, inclusiv cu afi\u0219e grafice dichisite, cu nume \u0219i prenume de muzicieni, cu loca\u021bie, data evenimentului live etc. Doar poli\u021bi\u0219tii b\u0103n\u0103\u021beni nu le v\u0103d \u0219i nici nu-i g\u0103sesc pe cheflii<\/strong>!<\/a> Exist\u0103 o explica\u021bie \u0219i aici, care a rezultat din documentele interne ale IPJ Timi\u0219. Mai exact, c\u0103 oamenii legii \u00eei caut\u0103 pe \u201dsp\u0103rg\u0103torii de grev\u0103\u201d ziua \u00een amiaza mare \u0219i doar \u00een timpul s\u0103pt\u0103m\u00e2nii, de\u0219i toat\u0103 lumea \u0219tie c\u0103 petrecerile sunt doar \u00een weekend \u0219i doar dup\u0103 ora 22. Mai pu\u021bin angaja\u021bii MAI!!<\/p>\n<h5 class=\"wp-block-heading\" id=\"fara-numar\"><strong>F\u0103r\u0103 num\u0103r!<\/strong><\/h5>\n<p>A\u0219a c\u0103, \u00een weekendul care a trecut, \u00een noaptea de s\u00e2mb\u0103t\u0103 pe duminic\u0103, mai exact 29 pe 30 ianuarie a.c., conform obiceiului, la Clubul \u201dTabaco\u201d, patronat de sirianul Atef Hammad, au \u00eenceput s\u0103 se adune clien\u021bii. Conform obiceiului, bine\u00een\u021beles, ne\u0219tiut doar de angaja\u021bii IPJ Timi\u0219! Normal, dup\u0103 ora 22, \u00een ciuda tuturor restric\u021biilor posibile impuse de lege. \u0218i, a\u0219a cum ve\u021bi putea viziona din imaginile video, loca\u021bia a fost arhiplin\u0103: <strong>toat\u0103 lumea\u2026 f\u0103r\u0103 m\u0103\u0219ti de protec\u021bie FFP2, obligatorii conform normele \u00een vigoare, to\u021bi petrec\u0103re\u021bii\u2026 cu \u021bigara fumeg\u00e2nd\u0103 \u00een m\u00e2n\u0103, \u00eentr-un spa\u021biul public \u00eenchis, to\u021bi\u2026 cu alcoolul pe mese, spirtoase eliberate, cum altfel, dec\u00e2t pe baz\u0103 de bon fiscal emis de o c\u0103tre o societate comercial\u0103 care nu avea cum s\u0103-\u0219i mi\u0219te \u201dZ\u201d-tul, at\u00e2ta timp c\u00e2t activitatea economic\u0103 ar fi trebuit s\u0103-i fie suspendat\u0103 \u00een perioada de pandemie, a\u0219a cum cere legea<\/strong>.<\/p>\n<p>\u0218i muzica, la maxim! Trai \u0219i via\u021b\u0103! Evident c\u0103, \u00een toat\u0103 nebunia aceea, \u00een care clien\u021bii se \u00eenghesuiau ca sardinele, \u00eencuraja\u021bi de alcool \u0219i versuri de izb\u00e2nd\u0103, a \u00eenceput circul. O b\u0103taie generalizat\u0103, \u00een toat\u0103 regula care a debutat, exact ca \u00een urm\u0103 cu un an. Practic, a\u0219a cum spun martorii, de la acela\u0219i bodyguard al Clubului Tabaco, recte Alexandru Cojocaru, zis \u201dCalu\u201d. <strong><a href=\"https:\/\/voceatimisului.ro\/ca-n-filmele-cu-mafioti-un-club-de-manele-functioneaza-in-plina-pandemie-sub-ochii-ingaduitori-ai-politistilor-de-la-sectia-2-timisoara\/\" target=\"_blank\" rel=\"noreferrer noopener\">Doar c\u0103, de aceast\u0103 dat\u0103 \u0219i din fericire, victima ilustrului p\u0103zitor al dr. Atef Hammad nu a mai fost t\u00e2n\u0103rul Alin Anc\u0103u care, a\u0219a cum a dezv\u0103luit \u0219i voceatimisului.ro, de pe urma alterca\u021biei din 6\/7 februarie 202<\/a>1, s-a ales cu un sejur de 5 zile pe Sec\u021bia de Neurochirurgie \u0219i \u00eenc\u0103 25 de zile de tratament sub supraveghere, la domiciliu<\/strong>. Dup\u0103 cheful de pomin\u0103 din \u201dTabaco\u201d, un local care nu avea cum s\u0103 func\u021bioneze!<\/p>\n<p>Acum, victimele din noaptea de 29\/30 ianuarie a.c. au fost, practic \u0219i aproape, to\u021bi clien\u021bii localului. Dar cei mai sifona\u021bi au fost patronul stabilimentului dr. Atef Hammad, bodyguardul Alexandru Cojocaru \u0219i Vasile Adumitroaie, ultimul cunoscut ca \u201db\u0103iat de ora\u0219\u201d. <strong><a href=\"https:\/\/voceatimisului.ro\/manelele-dauneaza-grav-sanatatii-tudor-stoiti-din-club-pe-patul-de-spital-cu-multiple-fracturi-fotovideo\/\" target=\"_blank\" rel=\"noreferrer noopener\">De departe, \u00eenving\u0103tor la puncte, f\u0103r\u0103 niciun drept de apel, a fost interlopul Tudor Stoi\u021bi, victim\u0103 la r\u00e2ndul s\u0103u, \u00een urm\u0103 cu mai mul\u021bi ani de zile, \u00een regl\u0103ri de conturi, \u00een celebrele scandaluri din cluburile de manele Ibiza \u0219i Every Time din Timi\u0219oara<\/a>, unde a fost \u00eenjunghiat \u0219i b\u0103tut zdrav\u0103n de bandele rivale, care s-au dezvoltat nestingherite sub ochii \u00eence\u021bo\u0219a\u021bi ai IPJ Timi\u0219<\/strong>.<\/p>\n<p>Din imaginile video, care au fost ob\u021binute de voceatimisului.ro \u0219i care parvin de pe camerele de supraveghere, aflate \u00een incinta clubului \u201dTabaco\u201d, se vede foarte clar c\u0103 loca\u021bia patronat\u0103 de dr. Atef Hammad s-a transformat, \u00een c\u00e2teva minute, \u00eentr-un adev\u0103rat ring de box. \u0218i c\u0103 de la chef \u0219i voie bun\u0103 \u0219i p\u00e2n\u0103 la carnagiu nu a mai fost dec\u00e2t un pas. <strong>Tot acest incident s\u00e2ngeros a avut loc \u00eentr-un club de manele care func\u021bioneaz\u0103 ilicit de mai bine de un an de zile, chiar sub nasul chestorului Alin Petecel, \u00een ciuda numeroaselor semnale \u0219i dovezi publice<\/strong>. Cert e c\u0103, \u00een toat\u0103 nebunia creat\u0103, p\u00e2n\u0103 \u0219i sirianul Atef Hammad, \u00eenarmat cu o cros\u0103 de golf, a luat b\u0103taie. La fel \u0219i \u201ddul\u0103ii\u201d s\u0103i, care aveau la purt\u0103tor\u2026 b\u00e2te de baseball. Haos total! Plin de victime!<\/p>\n<h5 class=\"wp-block-heading\" id=\"pove\u0219ti-nemuritoare\"><strong>Pove\u0219ti nemuritoare<\/strong><\/h5>\n<p>\u0218i totu\u0219i, din nou, \u00een ciuda eviden\u021belor, IPJ Timi\u0219, la insisten\u021bele \u0219i presiunea voceatimi\u0219ului.ro, a emis urm\u0103torul comunicat de pres\u0103, care nu face altceva dec\u00e2t s\u0103 cosmetizeze adev\u0103rul \u0219i s\u0103 ascund\u0103 cauzele reale ale incidentului: <strong><em>\u201dPoli\u021bi\u0219tii Serviciului Investiga\u021bii Criminale din cadrul Inspectoratului de Poli\u021bie jude\u021bean Timi\u0219 au re\u021binut doi b\u0103rba\u021bi, de 32 \u0219i 35 de ani, b\u0103nui\u021bi de comiterea infrac\u021biunilor de lovire sau alte violen\u021be, distrugere \u0219i tulburarea ordinii \u0219i lini\u0219tii publice. Cei \u00een cauz\u0103 au fost introdu\u0219i \u00een Centrul de Re\u021binere \u0219i Arestare Preventiv\u0103 din cadrul\u00a0 Inspectoratului de Poli\u021bie Jude\u021bean Timi\u0219\u2026\u201d \u00a0 \u00a0 <\/em><\/strong>\u00a0<\/p>\n<p>Mai mult, spun tot cei de la IPJ Timi\u0219, \u00een urma verific\u0103rilor efectuate, poli\u021bi\u0219tii Serviciului Investiga\u021bii Criminale au stabilit c\u0103 incidentul s-ar fi petrecut, \u00een fapt, \u201d<strong><em>\u2026 \u00eentr-o societate comercial\u0103, situat\u0103 pe strada Socrates din municipiul Timi\u0219oara<\/em><\/strong>\u201d. Mai exact, IPJ Timi\u0219, la umbra protec\u021biei datelor cu caracter personal, spune c\u0103 incidentul a avut loc\u2026 \u00eentr-o societate comercial\u0103. <strong>NU \u00eentr-un club ilegal de manele<\/strong> care func\u021bioneaz\u0103 ilicit de mai bine de un an de zile, \u00een ciuda tuturor semnalelor publice \u0219i a efortului de lupt\u0103 \u00eempotriva pandemiei a unei \u00eentregi comunit\u0103\u021bi de medici \u0219i oameni civiliza\u021bi! La lecturare, incidentul, descris de IPJ Timi\u0219, pare un conflict izolat, NU un carnagiu sau un ring de box, a\u0219a cum a fost! De genul, unuia spontan \u0219i banal care s-ar fi putut petrece la coad\u0103 la p\u00e2ine, c\u0103ci \u0219i brut\u0103ria, nu-i a\u0219a, e o societate comercial\u0103!<\/p>\n<p>\u00cen aceea\u0219i logic\u0103 manipulativ\u0103 de pseudo damage-control, IPJ Timi\u0219 \u00eencearc\u0103 s\u0103 dreag\u0103 busuiocul \u0219i s\u0103-\u0219i asume \u201dspargerea\u201d unei petreceri ilicite, chipurile, \u201d<strong><em>la o sesizare cu privire c\u0103, \u00een incinta unui local de pe strada Socrates, este \u00een desf\u0103\u0219urare un eveniment privat\u2026<\/em><\/strong>\u201d. Lucru contrazis vehement de imaginile video care demonstreaz\u0103 negru pe alb c\u0103 petrecerea de la \u201dTabaco\u201d s-a \u00eencheiat, <strong>NU c\u0103 a descins Poli\u021bia<\/strong>, ca urmare a vreunei informa\u021bii confiden\u021biale, ci \u201ds-a spart\u201d datorit\u0103 b\u0103t\u0103ii generalizate care a avut loc pe ringul de dans, chiar pe ritmuri de manele. \u00cen cadru video, niciun picior de angajat MAI! E clar c\u0103, abia dup\u0103 ce victimele au r\u0103mas \u00eentinse pe podea, cineva a avut curajul s\u0103 anun\u021be Poli\u021bia \u0219i Ambulan\u021ba!<\/p>\n<p>La fel de clar cum e \u0219i faptul c\u0103, dac\u0103 n-ar fi existat niciun meci ilegal de box cu victime multiple, \u00een incinta clubului ilicit de manele \u201dTabaco\u201d, iar b\u0103t\u0103u\u0219ii n-ar fi avut nevoie de \u00eengrijiri medicale la fa\u021ba locului, IPJ Timi\u0219 nici n-ar fi visat c\u0103 circa 50 de persoane, a\u0219a cum se vede \u0219i din imaginile video, se rup \u00een figuri pe ritmuri de manele, \u00eentr-o loca\u021bie care n-ar fi trebuit, \u00een niciun moment, s\u0103 stea deschis\u0103. \u0218i e a\u0219a de mai bine de un an de zile!<\/p>\n<p>Da, e foarte adev\u0103rat c\u0103, \u00eentre timp, pe baza reconstituirilor video \u0219i a m\u0103rturiilor, nu a descinderii la fa\u021ba locului sau a vreunui flagrant delict, poli\u021bi\u0219tii s-au l\u0103udat c\u0103 \u201d<strong><em>i-au amendat pe cei 11 petrec\u0103re\u021bi<\/em><\/strong>\u201d cu suma total\u0103 de 27.500, de\u0219i num\u0103rul acestora era, la momentul confrunt\u0103rilor, de cel pu\u021bin 4 ori mai mare. Imaginile video nu mint! Mai mult, tot IPJ Timi\u0219 confirm\u0103, pe surse, c\u0103 l-ar fi amendat cu 15.000 RON pe administratorul societ\u0103\u021bii comerciale, plus un dosar penal pentru z\u0103d\u0103rnicirea combaterii bolilor. <strong>B\u0103nuim c\u0103 at\u00e2t se poate, nu-i a\u0219a, domnule chestor Alin Petecel?<\/strong><\/p>\n<figure class=\"wp-block-embed is-type-video is-provider-youtube wp-block-embed-youtube wp-embed-aspect-16-9 wp-has-aspect-ratio\">\n<div class=\"wp-block-embed__wrapper\">\n<iframe loading=\"lazy\" title=\"B\u0103taie ca-n filme, \u00een clubul ilegal de manele \u201dTabaco\u201d\" width=\"696\" height=\"392\" src=\"https:\/\/www.youtube.com\/embed\/dvE1REDz014?feature=oembed\" frameborder allow=\"accelerometer; autoplay; clipboard-write; encrypted-media; gyroscope; picture-in-picture\" allowfullscreen><\/iframe>\n<\/div>\n<\/figure>\n<\/div>\n<\/div>\n<div class=\"td_block_wrap tdb_single_tags tdi_74 td-pb-border-top td_block_template_1\" data-td-block-uid=\"tdi_74\">\n<div class=\"tdb-block-inner td-fix-index\">\n<ul class=\"tdb-tags\">\n<li><span>Tags<\/span><\/li>\n<li><a href=\"https:\/\/voceatimisului.ro\/tag\/alin-petecel\/\">alin petecel<\/a><\/li>\n<li><a href=\"https:\/\/voceatimisului.ro\/tag\/bataie\/\">bataie<\/a><\/li>\n<li><a href=\"https:\/\/voceatimisului.ro\/tag\/club-de-manele\/\">club de manele<\/a><\/li>\n<li><a href=\"https:\/\/voceatimisului.ro\/tag\/club-tabaco\/\">Club Tabaco<\/a><\/li>\n<li><a href=\"https:\/\/voceatimisului.ro\/tag\/ipj-timis\/\">ipj timis<\/a><\/li>\n<\/ul>\n<\/div>\n<\/div>\n<div class=\"td_block_wrap tdb_single_post_share tdi_75  td-pb-border-top td_block_template_1\" data-td-block-uid=\"tdi_75\">\n<div id=\"tdi_75\" class=\"td-post-sharing tdb-block td-ps-bg td-ps-notext td-post-sharing-style1 \">\n<div class=\"td-post-sharing-visible\"><a class=\"td-social-sharing-button td-social-sharing-button-js td-social-network td-social-facebook\" href=\"https:\/\/www.facebook.com\/sharer.php?u=https%3A%2F%2Fvoceatimisului.ro%2Fca-n-vestul-salbatic-bataie-ca-n-filme-in-clubul-ilegal-de-manele-tabaco-chiar-sub-nasul-chestorului-de-politie-alin-petecel%2F\" title=\"Facebook\" rel=\"noopener\"><\/p>\n<div class=\"td-social-but-text\">Facebook<\/div>\n<p><\/a><a class=\"td-social-sharing-button td-social-sharing-button-js td-social-network td-social-twitter\" href=\"https:\/\/twitter.com\/intent\/tweet?text=Ca-n+Vestul+S%C4%83lbatic%21+B%C4%83taie+ca-n+filme%2C+%C3%AEn+clubul+ilegal+de+manele+%E2%80%9DTabaco%E2%80%9D%2C+chiar+sub+nasul+chestorului+de+poli%C8%9Bie+Alin+Petecel&amp;url=https%3A%2F%2Fvoceatimisului.ro%2Fca-n-vestul-salbatic-bataie-ca-n-filme-in-clubul-ilegal-de-manele-tabaco-chiar-sub-nasul-chestorului-de-politie-alin-petecel%2F&amp;via=Vocea+Timisului\" title=\"Twitter\" rel=\"noopener\"><\/p>\n<div class=\"td-social-but-text\">Twitter<\/div>\n<p><\/a><a class=\"td-social-sharing-button td-social-sharing-button-js td-social-network td-social-pinterest\" href=\"https:\/\/pinterest.com\/pin\/create\/button\/?url=https:\/\/voceatimisului.ro\/ca-n-vestul-salbatic-bataie-ca-n-filme-in-clubul-ilegal-de-manele-tabaco-chiar-sub-nasul-chestorului-de-politie-alin-petecel\/&amp;media=https:\/\/analyse.optim.biz\/wp-content\/uploads\/2025\/12\/ca-n-vestul-salbatic-bataie-ca-n-filme-in-clubul-ilegal-de-manele-tabaco-chiar-sub-nasul-chestorului-de-politie-alin-petecel.jpg&amp;description=Ca-n+Vestul+S%C4%83lbatic%21+B%C4%83taie+ca-n+filme%2C+%C3%AEn+clubul+ilegal+de+manele+%E2%80%9DTabaco%E2%80%9D%2C+chiar+sub+nasul+chestorului+de+poli%C8%9Bie+Alin+Petecel\" title=\"Pinterest\" rel=\"noopener\"><\/p>\n<div class=\"td-social-but-text\">Pinterest<\/div>\n<p><\/a><a class=\"td-social-sharing-button td-social-sharing-button-js td-social-network td-social-whatsapp\" href=\"https:\/\/api.whatsapp.com\/send?text=Ca-n+Vestul+S%C4%83lbatic%21+B%C4%83taie+ca-n+filme%2C+%C3%AEn+clubul+ilegal+de+manele+%E2%80%9DTabaco%E2%80%9D%2C+chiar+sub+nasul+chestorului+de+poli%C8%9Bie+Alin+Petecel%20%0A%0A%20https:\/\/voceatimisului.ro\/ca-n-vestul-salbatic-bataie-ca-n-filme-in-clubul-ilegal-de-manele-tabaco-chiar-sub-nasul-chestorului-de-politie-alin-petecel\/\" title=\"WhatsApp\" rel=\"noopener\"><\/p>\n<div class=\"td-social-but-text\">WhatsApp<\/div>\n<p><\/a><a class=\"td-social-sharing-button td-social-sharing-button-js td-social-network td-social-linkedin\" href=\"https:\/\/www.linkedin.com\/shareArticle?mini=true&amp;url=https:\/\/voceatimisului.ro\/ca-n-vestul-salbatic-bataie-ca-n-filme-in-clubul-ilegal-de-manele-tabaco-chiar-sub-nasul-chestorului-de-politie-alin-petecel\/&amp;title=Ca-n+Vestul+S%C4%83lbatic%21+B%C4%83taie+ca-n+filme%2C+%C3%AEn+clubul+ilegal+de+manele+%E2%80%9DTabaco%E2%80%9D%2C+chiar+sub+nasul+chestorului+de+poli%C8%9Bie+Alin+Petecel\" title=\"Linkedin\" rel=\"noopener\"><\/p>\n<div class=\"td-social-but-text\">Linkedin<\/div>\n<p><\/a><a class=\"td-social-sharing-button td-social-sharing-button-js td-social-network td-social-copy_url\" href=\"https:\/\/voceatimisului.ro\/ca-n-vestul-salbatic-bataie-ca-n-filme-in-clubul-ilegal-de-manele-tabaco-chiar-sub-nasul-chestorului-de-politie-alin-petecel\/\" title=\"Copy URL\" rel=\"noopener\"><\/p>\n<div class=\"td-social-but-text\">Copy URL<\/div>\n<p><\/a><\/div>\n<\/div>\n<\/div>\n<div class=\"td_block_wrap tdb_single_next_prev tdi_76 td-animation-stack td-next-prev-img-on td-pb-border-top td_block_template_1\" data-td-block-uid=\"tdi_76\">\n<div class=\"tdb-block-inner td-fix-index\">\n<div class=\"tdb-next-post tdb-next-post-bg tdb-post-prev\"><span>Articolul precedent<\/span><\/p>\n<div class=\"td-module-container\">\n<div class=\"td-image-container\"><a class=\"td-image-wrap\" href=\"https:\/\/voceatimisului.ro\/sprijin-pentru-proprietarii-de-cladiri-din-zonele-istorice-protejate-ale-timisoarei-imobilele-vor-putea-fi-mansardate\/\"><img loading=\"lazy\" decoding=\"async\" class=\"td-next-prev-image td-fix-index td-lazy-img\" title=\"Sprijin pentru proprietarii de cl\u0103diri din zonele istorice protejate ale Timi\u0219oarei! Imobilele vor putea fi mansardate\" width=\"696\" height=\"344\" src=\"https:\/\/analyse.optim.biz\/wp-content\/uploads\/2025\/12\/cladireee-jpg-696x344-1.webp\"><\/a><\/div>\n<div class=\"next-prev-title\"><a href=\"https:\/\/voceatimisului.ro\/sprijin-pentru-proprietarii-de-cladiri-din-zonele-istorice-protejate-ale-timisoarei-imobilele-vor-putea-fi-mansardate\/\">Sprijin pentru proprietarii de cl\u0103diri din zonele istorice protejate ale Timi\u0219oarei! Imobilele vor putea fi mansardate<\/a><\/div>\n<\/div>\n<\/div>\n<div class=\"tdb-next-post tdb-next-post-bg tdb-post-next\"><span>Articolul urm\u0103tor<\/span><\/p>\n<div class=\"td-module-container\">\n<div class=\"td-image-container\"><a class=\"td-image-wrap\" href=\"https:\/\/voceatimisului.ro\/poveste-fara-sfarsit-oncogen-timisoara-anunta-din-nou-ca-vaccinul-romanesc-anti-covid-e-gata\/\"><img loading=\"lazy\" decoding=\"async\" class=\"td-next-prev-image td-fix-index td-lazy-img\" title=\"Poveste f\u0103r\u0103 sf\u00e2r\u0219it. ONCOGEN Timi\u0219oara anun\u021b\u0103, din nou, c\u0103 vaccinul rom\u00e2nesc anti-Covid e gata!\" width=\"696\" height=\"522\" src=\"https:\/\/analyse.optim.biz\/wp-content\/uploads\/2025\/12\/oncogen4-jpg-696x522-1.webp\"><\/a><\/div>\n<div class=\"next-prev-title\"><a href=\"https:\/\/voceatimisului.ro\/poveste-fara-sfarsit-oncogen-timisoara-anunta-din-nou-ca-vaccinul-romanesc-anti-covid-e-gata\/\">Poveste f\u0103r\u0103 sf\u00e2r\u0219it. ONCOGEN Timi\u0219oara anun\u021b\u0103, din nou, c\u0103 vaccinul rom\u00e2nesc anti-Covid e gata!<\/a><\/div>\n<\/div>\n<\/div>\n<\/div>\n<\/div>\n<\/div>\n<\/div>\n<\/div>\n<\/div>\n<div class=\"vc_row_inner tdi_86  vc_row vc_inner wpb_row td-pb-row\">\n<div class=\"vc_column_inner tdi_88  wpb_column vc_column_container tdc-inner-column td-pb-span4 td-is-sticky\">\n<div class=\"vc_column-inner\">\n<div class=\"wpb_wrapper\" data-sticky-enabled-on=\"W3RydWUsdHJ1ZSx0cnVlLHRydWVd\" data-sticky-offset=\"20\" data-sticky-is-width-auto=\"W2ZhbHNlLGZhbHNlLGZhbHNlLGZhbHNlXQ==\">\n<div class=\"td_block_wrap tdb_single_related tdi_89 td_with_ajax_pagination td-pb-border-top td_block_template_1 tdb-single-related-posts\" data-td-block-uid=\"tdi_89\">\n<div id=\"tdi_89\" class=\"td_block_inner tdb-block-inner td-fix-index\">\n<div class=\"tdb_module_related td_module_wrap td-animation-stack td-meta-info-hide\">\n<div class=\"td-module-container td-category-pos-image\">\n<div class=\"td-module-meta-info\">\n<h3 class=\"entry-title td-module-title\"><a href=\"https:\/\/voceatimisului.ro\/peste-460-de-sanctiuni-pentru-pietoni-biciclisti-si-trotinetisti-intr-o-saptamana-in-timis\/\" rel=\"bookmark\" title=\"Peste 460 de sanc\u021biuni pentru pietoni, bicicli\u0219ti \u0219i trotineti\u0219ti, \u00eentr-o s\u0103pt\u0103m\u00e2n\u0103 \u00een Timi\u0219\">Peste 460 de sanc\u021biuni pentru pietoni, bicicli\u0219ti \u0219i trotineti\u0219ti, \u00eentr-o s\u0103pt\u0103m\u00e2n\u0103 \u00een Timi\u0219<\/a><\/h3>\n<\/div>\n<\/div>\n<\/div>\n<div class=\"tdb_module_related td_module_wrap td-animation-stack td-meta-info-hide\">\n<div class=\"td-module-container td-category-pos-image\">\n<div class=\"td-module-meta-info\">\n<h3 class=\"entry-title td-module-title\"><a href=\"https:\/\/voceatimisului.ro\/trei-tineri-retinuti-la-timisoara-pentru-furt-calificat-cu-masina-furata\/\" rel=\"bookmark\" title=\"Trei tineri re\u021binu\u021bi la Timi\u0219oara pentru furt calificat cu ma\u0219in\u0103 furat\u0103\">Trei tineri re\u021binu\u021bi la Timi\u0219oara pentru furt calificat cu ma\u0219in\u0103 furat\u0103<\/a><\/h3>\n<\/div>\n<\/div>\n<\/div>\n<div class=\"tdb_module_related td_module_wrap td-animation-stack td-meta-info-hide\">\n<div class=\"td-module-container td-category-pos-image\">\n<div class=\"td-module-meta-info\">\n<h3 class=\"entry-title td-module-title\"><a href=\"https:\/\/voceatimisului.ro\/transportul-ilegal-lovit-in-plin-de-politie-in-gara-mare-din-timisoara-zeci-de-sanctiuni-intr-o-singura-razie\/\" rel=\"bookmark\" title=\"Transportul ilegal, lovit \u00een plin de Poli\u021bie \u00een Gara Mare din Timi\u0219oara: zeci de sanc\u021biuni \u00eentr-o singur\u0103 razie\">Transportul ilegal, lovit \u00een plin de Poli\u021bie \u00een Gara Mare din Timi\u0219oara: zeci de sanc\u021biuni \u00eentr-o singur\u0103 razie<\/a><\/h3>\n<\/div>\n<\/div>\n<\/div>\n<\/div>\n<\/div>\n<\/div>\n<\/div>\n<\/div>\n<div class=\"vc_column_inner tdi_91  wpb_column vc_column_container tdc-inner-column td-pb-span8\">\n<div class=\"vc_column-inner\">\n<div class=\"wpb_wrapper\">\n<div class=\"td_block_wrap tdb_single_comments tdi_92 tdb-comm-layout2 td-pb-border-top td_block_template_2\" data-td-block-uid=\"tdi_92\">\n<div class=\"tdb-block-inner td-fix-index\">\n<div class=\"comments\" id=\"comments\">\n<div class=\"td-comments-title-wrap td_block_template_2\">\n<h4 class=\"td-comments-title td-block-title\"><span>2 COMENTARII<\/span><\/h4>\n<\/div>\n<ol class=\"comment-list\">\n<li class=\"comment \" id=\"comment-25394\">\n<article>\n<footer><cite>Talida Covaci<\/cite><a class=\"comment-link\" href=\"https:\/\/voceatimisului.ro\/ca-n-vestul-salbatic-bataie-ca-n-filme-in-clubul-ilegal-de-manele-tabaco-chiar-sub-nasul-chestorului-de-politie-alin-petecel\/#comment-25394\"><time><br \/>\n\t\t\t\t\t\t    26 iulie 2022\t\t\t\t\t\t    La\t\t\t\t\t\t    3:52 PM<\/time><\/a><\/footer>\n<div class=\"comment-content\">\n<p>Am v\u0103zut \u00eenregistrarea. Unde e b\u0103taia generalizat\u0103 \u0219i carnagiul? Copii, ce face\u021bi voi nu se cheam\u0103 pres\u0103!<\/p>\n<\/div>\n<div class=\"comment-meta\" id=\"comment-25394\"><a rel=\"nofollow\" class=\"comment-reply-link\" href=\"https:\/\/voceatimisului.ro\/ca-n-vestul-salbatic-bataie-ca-n-filme-in-clubul-ilegal-de-manele-tabaco-chiar-sub-nasul-chestorului-de-politie-alin-petecel\/#comment-25394\" data-commentid=\"25394\" data-postid=\"149454\" data-belowelement=\"comment-25394\" data-respondelement=\"respond\" data-replyto=\"R\u0103spunde-i lui Talida Covaci\" aria-label=\"R\u0103spunde-i lui Talida Covaci\">R\u0103spunde\u021bi<\/a><\/div>\n<\/article>\n<\/li>\n<li class=\"comment \" id=\"comment-24672\">\n<article>\n<footer><cite>Unu<\/cite><a class=\"comment-link\" href=\"https:\/\/voceatimisului.ro\/ca-n-vestul-salbatic-bataie-ca-n-filme-in-clubul-ilegal-de-manele-tabaco-chiar-sub-nasul-chestorului-de-politie-alin-petecel\/#comment-24672\"><time><br \/>\n\t\t\t\t\t\t    9 februarie 2022\t\t\t\t\t\t    La\t\t\t\t\t\t    1:23 PM<\/time><\/a><\/footer>\n<div class=\"comment-content\">\n<p>Vasile\u2026ce ai fost \u0219i ce ai ajuns \ud83d\ude00\ud83d\ude00<\/p>\n<\/div>\n<div class=\"comment-meta\" id=\"comment-24672\"><a rel=\"nofollow\" class=\"comment-reply-link\" href=\"https:\/\/voceatimisului.ro\/ca-n-vestul-salbatic-bataie-ca-n-filme-in-clubul-ilegal-de-manele-tabaco-chiar-sub-nasul-chestorului-de-politie-alin-petecel\/#comment-24672\" data-commentid=\"24672\" data-postid=\"149454\" data-belowelement=\"comment-24672\" data-respondelement=\"respond\" data-replyto=\"R\u0103spunde-i lui Unu\" aria-label=\"R\u0103spunde-i lui Unu\">R\u0103spunde\u021bi<\/a><\/div>\n<\/article>\n<\/li>\n<\/ol>\n<div id=\"respond\" class=\"comment-respond\">\n<h3 id=\"reply-title\" class=\"comment-reply-title\">L\u0102SA\u021aI UN MESAJ <small><a rel=\"nofollow\" id=\"cancel-comment-reply-link\" href=\"https:\/\/voceatimisului.ro\/ca-n-vestul-salbatic-bataie-ca-n-filme-in-clubul-ilegal-de-manele-tabaco-chiar-sub-nasul-chestorului-de-politie-alin-petecel\/#respond\">Renun\u021ba\u021bi la r\u0103spuns<\/a><\/small><\/h3>\n<div class=\"comment-form-input-wrap td-form-comment\">\n<div class=\"td-warning-comment\">V\u0103 rug\u0103m s\u0103 introduce\u021bi comentariul dvs.!<\/div>\n<\/div>\n<div class=\"comment-form-input-wrap td-form-author\">\n<div class=\"td-warning-author\">Introduce\u021bi aici numele dvs.<\/div>\n<\/div>\n<div class=\"comment-form-input-wrap td-form-email\">\n<div class=\"td-warning-email-error\">A\u021bi introdus o adres\u0103 de e-mail incorect\u0103!<\/div>\n<div class=\"td-warning-email\">V\u0103 rug\u0103m s\u0103 introduce\u021bi adresa dvs. de e-mail aici<\/div>\n<\/div>\n<\/div>\n<\/div>\n<\/div>\n<\/div>\n<\/div>\n<\/div>\n<\/div>\n<\/div>\n<\/div>\n<\/div>\n<div class=\"vc_column tdi_94  wpb_column vc_column_container tdc-column td-pb-span4 td-is-sticky\">\n<div class=\"wpb_wrapper\" data-sticky-enabled-on=\"W3RydWUsdHJ1ZSx0cnVlLHRydWVd\" data-sticky-offset=\"20\" data-sticky-is-width-auto=\"W2ZhbHNlLGZhbHNlLGZhbHNlLGZhbHNlXQ==\">\n<div class=\"vc_row_inner tdi_96  vc_row vc_inner wpb_row td-pb-row\">\n<div class=\"vc_column_inner tdi_98  wpb_column vc_column_container tdc-inner-column td-pb-span12\">\n<div class=\"vc_column-inner\">\n<div class=\"wpb_wrapper\">\n<div class=\"td_block_wrap td_block_title tdi_99 td-pb-border-top td_block_template_11 td-fix-index\" data-td-block-uid=\"tdi_99\">\n<div class=\"td-block-title-wrap\">\n<h4 class=\"td-block-title\"><span class=\"td-pulldown-size\">ANUN\u021aURI \u0218I PUBLICITATE<\/span><\/h4>\n<\/div>\n<\/div>\n<\/div>\n<\/div>\n<\/div>\n<\/div>\n<div class=\"wpb_wrapper td_block_wrap vc_widget_sidebar tdi_101 \">\n<aside id=\"block-10\" class=\"td_block_template_1 widget block-10 widget_block widget_media_image\">\n<figure class=\"wp-block-image size-full\"><a href=\"https:\/\/adpghiroda.ro\/index.html\" target=\"_blank\" rel=\" noreferrer noopener\"><img decoding=\"async\" loading=\"lazy\" width=\"960\" height=\"960\" src=\"https:\/\/analyse.optim.biz\/wp-content\/uploads\/2025\/12\/adp-ghiroda2-7.jpg\" class=\"wp-image-171492\" title=\"adp-ghiroda2-7\"><\/a><\/figure>\n<\/aside>\n<aside id=\"block-11\" class=\"td_block_template_1 widget block-11 widget_block widget_media_image\">\n<figure class=\"wp-block-image size-full\"><a href=\"https:\/\/adpghiroda.ro\/index.html\" target=\"_blank\" rel=\" noreferrer noopener\"><img decoding=\"async\" loading=\"lazy\" width=\"960\" height=\"960\" src=\"https:\/\/analyse.optim.biz\/wp-content\/uploads\/2025\/12\/adp-ghiroda1-7.jpg\" class=\"wp-image-171491\" title=\"adp-ghiroda1-7\"><\/a><\/figure>\n<\/aside>\n<aside id=\"block-17\" class=\"td_block_template_1 widget block-17 widget_block widget_media_image\">\n<figure class=\"wp-block-image size-large is-resized\"><a href=\"https:\/\/verde.events\/\" target=\"_blank\" rel=\" noreferrer noopener\"><img decoding=\"async\" loading=\"lazy\" width=\"1024\" height=\"683\" src=\"https:\/\/analyse.optim.biz\/wp-content\/uploads\/2025\/12\/verde-events-24-1024x683-8.jpg\" alt=\"Verde Events\" class=\"wp-image-174395\" title=\"verde-events-24-1024x683-8\"><\/a><figcaption class=\"wp-element-caption\"><strong><em>O experien\u021b\u0103 unic\u0103 pentru orice tip de eveniment<\/em><\/strong><\/figcaption><\/figure>\n<\/aside>\n<\/div>\n<div class=\"td_block_wrap td_flex_block_1 tdi_107 td-pb-border-top td_block_template_1 td_ajax_preloading_preload td_flex_block\" data-td-block-uid=\"tdi_107\">\n<div id=\"tdi_107\" class=\"td_block_inner td-mc1-wrap\">\n<div class=\"td_module_flex td_module_flex_1 td_module_wrap td-animation-stack td-meta-info-hide td-cpt-post\">\n<div class=\"td-module-container td-category-pos-image\">\n<div class=\"td-module-meta-info\">\n<h3 class=\"entry-title td-module-title\"><a href=\"https:\/\/voceatimisului.ro\/rachita-ovidiu-ionel-castiga-procesul-cu-igpr-si-ipj-timis-politia-obligata-sa-i-plateasca-salariile-pierdute-dupa-o-sanctiune-abuziva\/\" rel=\"bookmark\" title=\"R\u0103chit\u0103 Ovidiu Ionel c\u00e2\u0219tig\u0103 procesul cu IGPR \u0219i IPJ Timi\u0219: Poli\u021bia obligat\u0103 s\u0103-i pl\u0103teasc\u0103 salariile pierdute dup\u0103 o sanc\u021biune abuziv\u0103\">R\u0103chit\u0103 Ovidiu Ionel c\u00e2\u0219tig\u0103 procesul cu IGPR \u0219i IPJ Timi\u0219: Poli\u021bia obligat\u0103 s\u0103-i pl\u0103teasc\u0103 salariile pierdute dup\u0103 o sanc\u021biune abuziv\u0103<\/a><\/h3>\n<\/div>\n<\/div>\n<\/div>\n<div class=\"td_module_flex td_module_flex_1 td_module_wrap td-animation-stack td-meta-info-hide td-cpt-post\">\n<div class=\"td-module-container td-category-pos-image\">\n<div class=\"td-module-meta-info\">\n<h3 class=\"entry-title td-module-title\"><a href=\"https:\/\/voceatimisului.ro\/recidivist-retinut-dupa-o-serie-de-furturi-din-autoturisme-in-timisoara\/\" rel=\"bookmark\" title=\"Recidivist re\u021binut dup\u0103 o serie de furturi din autoturisme \u00een Timi\u0219oara\">Recidivist re\u021binut dup\u0103 o serie de furturi din autoturisme \u00een Timi\u0219oara<\/a><\/h3>\n<\/div>\n<\/div>\n<\/div>\n<div class=\"td_module_flex td_module_flex_1 td_module_wrap td-animation-stack td-meta-info-hide td-cpt-post\">\n<div class=\"td-module-container td-category-pos-image\">\n<div class=\"td-module-meta-info\">\n<h3 class=\"entry-title td-module-title\"><a href=\"https:\/\/voceatimisului.ro\/vehiculele-scolilor-de-soferi-verificate-de-politistii-rutieri-timiseni\/\" rel=\"bookmark\" title=\"Vehiculele \u0219colilor de \u0219oferi, verificate de poli\u021bi\u0219tii rutieri timi\u0219eni\">Vehiculele \u0219colilor de \u0219oferi, verificate de poli\u021bi\u0219tii rutieri timi\u0219eni<\/a><\/h3>\n<\/div>\n<\/div>\n<\/div>\n<div class=\"td_module_flex td_module_flex_1 td_module_wrap td-animation-stack td-meta-info-hide td-cpt-post\">\n<div class=\"td-module-container td-category-pos-image\">\n<div class=\"td-module-meta-info\">\n<h3 class=\"entry-title td-module-title\"><a href=\"https:\/\/voceatimisului.ro\/violenta-drogurile-si-pericolele-online-explicate-pe-intelesul-copiilor-politistii-locali-fata-in-fata-cu-elevii-timisoreni\/\" rel=\"bookmark\" title=\"Violen\u021ba, drogurile \u0219i pericolele online, explicate pe \u00een\u021belesul copiilor. Poli\u021bi\u0219tii locali, fa\u021b\u0103 \u00een fa\u021b\u0103 cu elevii timi\u0219oreni\">Violen\u021ba, drogurile \u0219i pericolele online, explicate pe \u00een\u021belesul copiilor. Poli\u021bi\u0219tii locali, fa\u021b\u0103 \u00een fa\u021b\u0103 cu elevii timi\u0219oreni<\/a><\/h3>\n<\/div>\n<\/div>\n<\/div>\n<div class=\"td_module_flex td_module_flex_1 td_module_wrap td-animation-stack td-meta-info-hide td-cpt-post\">\n<div class=\"td-module-container td-category-pos-image\">\n<div class=\"td-module-meta-info\">\n<h3 class=\"entry-title td-module-title\"><a href=\"https:\/\/voceatimisului.ro\/cand-arta-devine-scut-elevii-de-la-liceul-ana-aslan-din-timisoara-spun-nu-drogurilor\/\" rel=\"bookmark\" title=\"C\u00e2nd arta devine scut: elevii de la Liceul \u201eAna Aslan\u201d din Timi\u0219oara spun NU drogurilor\">C\u00e2nd arta devine scut: elevii de la Liceul \u201eAna Aslan\u201d din Timi\u0219oara spun NU drogurilor<\/a><\/h3>\n<\/div>\n<\/div>\n<\/div>\n<\/div>\n<\/div>\n<\/div>\n<\/div>\n<\/div>\n<\/div>\n<\/div>\n<\/div>\n<p><span class=\"td-page-meta\"><\/span><span class=\"td-page-meta\"><span class=\"td-page-meta\"><\/span><\/span><span class=\"td-page-meta\"><\/span><\/article>\n<p> Source URL: https:\/\/voceatimisului.ro\/ca-n-vestul-salbatic-bataie-ca-n-filme-in-clubul-ilegal-de-manele-tabaco-chiar-sub-nasul-chestorului-de-politie-alin-petecel\/<\/p>\n","protected":false},"excerpt":{"rendered":"<p>\u0218tiriExclusiv Ca-n Vestul S\u0103lbatic! B\u0103taie ca-n filme, \u00een clubul ilegal de manele \u201dTabaco\u201d, chiar sub nasul chestorului de poli\u021bie Alin Petecel Autor-Marta Stirbey 31 ianuarie 2022 2 115097 Facebook Twitter Pinterest WhatsApp Linkedin Copy URL Ca n Vestul Salbatic Bataie ca n filme in clubul ilegal de manele Tabaco chiar sub nasul chestorului de politie [&hellip;]<\/p>\n","protected":false},"author":1,"featured_media":1063921,"comment_status":"open","ping_status":"","sticky":false,"template":"","format":"standard","meta":{"footnotes":""},"categories":[89],"tags":[199],"class_list":["post-1063920","post","type-post","status-publish","format-standard","has-post-thumbnail","hentry","category-romania","tag-voceatimisului-ro"],"_links":{"self":[{"href":"https:\/\/analyse.optim.biz\/index.php?rest_route=\/wp\/v2\/posts\/1063920","targetHints":{"allow":["GET"]}}],"collection":[{"href":"https:\/\/analyse.optim.biz\/index.php?rest_route=\/wp\/v2\/posts"}],"about":[{"href":"https:\/\/analyse.optim.biz\/index.php?rest_route=\/wp\/v2\/types\/post"}],"author":[{"embeddable":true,"href":"https:\/\/analyse.optim.biz\/index.php?rest_route=\/wp\/v2\/users\/1"}],"replies":[{"embeddable":true,"href":"https:\/\/analyse.optim.biz\/index.php?rest_route=%2Fwp%2Fv2%2Fcomments&post=1063920"}],"version-history":[{"count":0,"href":"https:\/\/analyse.optim.biz\/index.php?rest_route=\/wp\/v2\/posts\/1063920\/revisions"}],"wp:featuredmedia":[{"embeddable":true,"href":"https:\/\/analyse.optim.biz\/index.php?rest_route=\/wp\/v2\/media\/1063921"}],"wp:attachment":[{"href":"https:\/\/analyse.optim.biz\/index.php?rest_route=%2Fwp%2Fv2%2Fmedia&parent=1063920"}],"wp:term":[{"taxonomy":"category","embeddable":true,"href":"https:\/\/analyse.optim.biz\/index.php?rest_route=%2Fwp%2Fv2%2Fcategories&post=1063920"},{"taxonomy":"post_tag","embeddable":true,"href":"https:\/\/analyse.optim.biz\/index.php?rest_route=%2Fwp%2Fv2%2Ftags&post=1063920"}],"curies":[{"name":"wp","href":"https:\/\/api.w.org\/{rel}","templated":true}]}}