{"id":106388,"date":"2018-09-23T16:25:47","date_gmt":"2018-09-23T13:25:47","guid":{"rendered":"https:\/\/analyse.optim.biz\/?p=106388"},"modified":"2018-09-23T16:25:47","modified_gmt":"2018-09-23T13:25:47","slug":"o-noua-zi-agitata-la-psd-dragnea-fata-in-fata-cu-contestatarii-sai-de-la-cex","status":"publish","type":"post","link":"https:\/\/analyse.optim.biz\/?p=106388","title":{"rendered":"O nou\u0103 zi agitat\u0103 la PSD. Dragnea, fa\u021b\u0103 \u00een fa\u021b\u0103 cu contestatarii s\u0103i de la CEx"},"content":{"rendered":"<div class=\"entry data-app-meta data-app-meta-article\" data-embed-base-url-canonical=\"https:\/\/www.digi24.ro\/embed\/stiri\/actualitate\/politica\/o-noua-zi-agitata-la-psd-dragnea-fata-in-fata-cu-contestatarii-sai-de-la-cex-1001417\">\n<p data-index=\"1\"><strong>Liderii PSD se reunesc din nou \u00een \u015fedin\u0163\u0103, m\u00e2ine, dup\u0103 comitetul executiv tensionat de vineri sear\u0103. De data aceasta e vorba de \u015fedin\u0163a Biroului Permanent la care particip\u0103 doar conducerea restr\u00e2ns\u0103 a partidului, adic\u0103 pre\u015fedintele, pre\u015fedintele Viorica D\u0103ncil\u0103, secretarul general Marian Neac\u015fu \u015fi vicepre\u015fedin\u0163ii, f\u0103r\u0103 \u015fefii de organiza\u0163ii jude\u0163ene. Un nou prilej de \u00eent\u00e2lnire \u00eentre Liviu Dragnea cu o parte dintre contestatarii s\u0103i.<\/strong><\/p>\n<p data-index=\"2\"><span lang=\"ro-RO\">\u015eedin\u0163a Biroului Permanent Na\u0163ional al PSD va avea loc maine la 11.30 la Palatul Parlamentului. La aceasta vor fi prezen\u0163i vicepre\u015fedin\u0163ii partidului, iar printre ace\u015ftia num\u0103r\u0103 \u015fi Gabriela Firea, Paul St\u0103nescu, Robert Negoi\u0163\u0103, Marian Neac\u015fu \u0219i Adrian \u021au\u021buianu, o parte social-democra\u0163ii care au semnat scrisoarea prin care i-au solicitat demisia lui Liviu Dragnea de la conducerea partidului. <\/span><\/p>\n<p data-index=\"3\"><span lang=\"ro-RO\">De asemenea, la \u015fedin\u0163a de luni va participa \u0219i pre\u015fedintele executiv al PSD, Viorica D\u0103ncil\u0103. <\/span><\/p>\n<p data-index=\"4\"><span lang=\"ro-RO\">R\u0103m\u00e2ne de v\u0103zut cum se va desf\u0103\u0219ura aceasta \u00eent\u00e2lnire \u00eentre reprezentan\u021bii PSD, pentru c\u0103 de\u015fi votul de la Comitetul Executiv de vineri a fost \u00een favoarea lui Liviu Dragnea, conflictul pare s\u0103 nu se fi stins. Nemul\u0163umi\u0163ii din partid au declarat c\u0103 \u00ee\u015fi sus\u0163in \u00een continuare pozi\u0163ia.<\/span><\/p>\n<p data-index=\"5\"><span lang=\"ro-RO\">Aceasta este prima \u015fedin\u0163\u0103 a Biroului Permanent PSD dup\u0103 4 luni \u00een care nu a mai avut loc o astfel de \u00eent\u00e2lnire, timp \u00een care s-a reprosat lui Liviu Dragnea c\u0103 nu se mai consulta cu partidul atunci c\u00e2nd lua decizii. <\/span><\/p>\n<p data-index=\"6\"><span lang=\"ro-RO\">Potrivit informa\u0163iilor Digi24, membrii Biroului Permanent nu au fost \u00eenc\u0103 anun\u021ba\u021bi care vor fi principalele subiecte ale sedin\u021bei, dar printre temele abordate s-ar putea num\u0103r\u0103 referendumul, priorit\u0103\u021bile legislative pentru aceast\u0103 sesiune parlamentar\u0103, dar \u0219i o posibil\u0103 remaniere. <\/span><\/p>\n<\/div>\n<p> Source URL: https:\/\/www.digi24.ro\/stiri\/actualitate\/politica\/o-noua-zi-agitata-la-psd-dragnea-fata-in-fata-cu-contestatarii-sai-de-la-cex-1001417<\/p>\n","protected":false},"excerpt":{"rendered":"<p>Liderii PSD se reunesc din nou \u00een \u015fedin\u0163\u0103, m\u00e2ine, dup\u0103 comitetul executiv tensionat de vineri sear\u0103. De data aceasta e vorba de \u015fedin\u0163a Biroului Permanent la care particip\u0103 doar conducerea restr\u00e2ns\u0103 a partidului, adic\u0103 pre\u015fedintele, pre\u015fedintele Viorica D\u0103ncil\u0103, secretarul general Marian Neac\u015fu \u015fi vicepre\u015fedin\u0163ii, f\u0103r\u0103 \u015fefii de organiza\u0163ii jude\u0163ene. Un nou prilej de \u00eent\u00e2lnire \u00eentre [&hellip;]<\/p>\n","protected":false},"author":1,"featured_media":106389,"comment_status":"open","ping_status":"","sticky":false,"template":"","format":"standard","meta":{"footnotes":""},"categories":[2],"tags":[11],"class_list":["post-106388","post","type-post","status-publish","format-standard","has-post-thumbnail","hentry","category-politics","tag-digi24"],"_links":{"self":[{"href":"https:\/\/analyse.optim.biz\/index.php?rest_route=\/wp\/v2\/posts\/106388","targetHints":{"allow":["GET"]}}],"collection":[{"href":"https:\/\/analyse.optim.biz\/index.php?rest_route=\/wp\/v2\/posts"}],"about":[{"href":"https:\/\/analyse.optim.biz\/index.php?rest_route=\/wp\/v2\/types\/post"}],"author":[{"embeddable":true,"href":"https:\/\/analyse.optim.biz\/index.php?rest_route=\/wp\/v2\/users\/1"}],"replies":[{"embeddable":true,"href":"https:\/\/analyse.optim.biz\/index.php?rest_route=%2Fwp%2Fv2%2Fcomments&post=106388"}],"version-history":[{"count":0,"href":"https:\/\/analyse.optim.biz\/index.php?rest_route=\/wp\/v2\/posts\/106388\/revisions"}],"wp:featuredmedia":[{"embeddable":true,"href":"https:\/\/analyse.optim.biz\/index.php?rest_route=\/wp\/v2\/media\/106389"}],"wp:attachment":[{"href":"https:\/\/analyse.optim.biz\/index.php?rest_route=%2Fwp%2Fv2%2Fmedia&parent=106388"}],"wp:term":[{"taxonomy":"category","embeddable":true,"href":"https:\/\/analyse.optim.biz\/index.php?rest_route=%2Fwp%2Fv2%2Fcategories&post=106388"},{"taxonomy":"post_tag","embeddable":true,"href":"https:\/\/analyse.optim.biz\/index.php?rest_route=%2Fwp%2Fv2%2Ftags&post=106388"}],"curies":[{"name":"wp","href":"https:\/\/api.w.org\/{rel}","templated":true}]}}