{"id":1063873,"date":"2022-09-06T03:20:28","date_gmt":"2022-09-06T00:20:28","guid":{"rendered":"https:\/\/analyse.optim.biz\/?p=1063873"},"modified":"2022-09-06T03:20:28","modified_gmt":"2022-09-06T00:20:28","slug":"concluzii-auditului-la-primaria-timisoara-si-colterm-sa","status":"publish","type":"post","link":"https:\/\/analyse.optim.biz\/?p=1063873","title":{"rendered":"Concluzii auditului la Prim\u0103ria Timi\u0219oara \u0219i Colterm SA"},"content":{"rendered":"<article id=\"template-id-172790\" class=\"post-172790 tdb_templates type-tdb_templates status-publish post\">\n<div id=\"tdi_38\" class=\"tdc-zone\">\n<div class=\"tdc_zone tdi_39  wpb_row td-pb-row\">\n<div id=\"tdi_40\" class=\"tdc-row stretch_row_1400 td-stretch-content\">\n<div class=\"vc_row tdi_41  wpb_row td-pb-row tdc-element-style\">\n<div class=\"vc_column tdi_43  wpb_column vc_column_container tdc-column td-pb-span8\">\n<div class=\"wpb_wrapper\">\n<div class=\"td_block_wrap tdb_single_categories tdi_44 td-pb-border-top td_block_template_1 \" data-td-block-uid=\"tdi_44\">\n<div class=\"tdb-category td-fix-index\"><a class=\"tdb-entry-category\" href=\"https:\/\/voceatimisului.ro\/stiri-din-timisoara-si-timis\/\">\u0218tiri<\/a><a class=\"tdb-entry-category\" href=\"https:\/\/voceatimisului.ro\/exclusiv\/\">Exclusiv<\/a><\/div>\n<\/div>\n<div class=\"td_block_wrap tdb_title tdi_45 tdb-single-title td-pb-border-top td_block_template_1\" data-td-block-uid=\"tdi_45\">\n<div class=\"tdb-block-inner td-fix-index\">\n<h1 class=\"tdb-title-text\">Temelie! \u00cen cazul Colterm SA, Camera de Conturi Timi\u0219 \u0219i-a dus concluziile auditului de la Prim\u0103ria Timi\u0219oara \u00eenspre subminarea economiei na\u021bionale<\/h1>\n<\/div>\n<\/div>\n<div class=\"vc_row_inner tdi_48  vc_row vc_inner wpb_row td-pb-row\">\n<div class=\"vc_column_inner tdi_50  wpb_column vc_column_container tdc-inner-column td-pb-span6\">\n<div class=\"vc_column-inner\">\n<div class=\"wpb_wrapper\">\n<div class=\"td_block_wrap tdb_single_author tdi_51 td-pb-border-top td_block_template_1 tdb-post-meta\" data-td-block-uid=\"tdi_51\">\n<div class=\"tdb-block-inner td-fix-index\">\n<div class=\"tdb-author-name-wrap\"><span class=\"tdb-author-by\">Autor-<\/span><a class=\"tdb-author-name\" href=\"https:\/\/voceatimisului.ro\/author\/tibi\/\">Tiberiu Kiss<\/a><\/div>\n<\/div>\n<\/div>\n<div class=\"td_block_wrap tdb_single_date tdi_52 td-pb-border-top td_block_template_1 tdb-post-meta\" data-td-block-uid=\"tdi_52\">\n<div class=\"tdb-block-inner td-fix-index\"><time class=\"entry-date updated td-module-date\" datetime=\"2022-09-06T06:20:28+03:00\">6 septembrie 2022<\/time><\/div>\n<\/div>\n<div class=\"td_block_wrap tdb_single_comments_count tdi_53 td-pb-border-top td_block_template_1 tdb-post-meta\" data-td-block-uid=\"tdi_53\">\n<div class=\"tdb-block-inner td-fix-index\"><a href=\"https:\/\/voceatimisului.ro\/temelie-in-cazul-colterm-sa-camera-de-conturi-timis-si-a-dus-concluziile-auditului-de-la-primaria-timisoara-inspre-subminarea-economiei-nationale\/#comments\"><span>6<\/span><\/a><\/div>\n<\/div>\n<div class=\"td_block_wrap tdb_single_post_views tdi_54 td-pb-border-top td_block_template_1 tdb-post-meta\" data-td-block-uid=\"tdi_54\">\n<div class=\"tdb-block-inner td-fix-index\"><span class=\"tdb-add-text\">1<\/span><span class=\"td-nr-views-153040\">3543<\/span><\/div>\n<\/div>\n<\/div>\n<\/div>\n<\/div>\n<div class=\"vc_column_inner tdi_56  wpb_column vc_column_container tdc-inner-column td-pb-span6\">\n<div class=\"vc_column-inner\">\n<div class=\"wpb_wrapper\">\n<div class=\"td_block_wrap tdb_single_post_share tdi_57  td-pb-border-top td_block_template_1\" data-td-block-uid=\"tdi_57\">\n<div id=\"tdi_57\" class=\"td-post-sharing tdb-block td-ps-bg td-ps-notext td-post-sharing-style1 \">\n<div class=\"td-post-sharing-visible\"><a class=\"td-social-sharing-button td-social-sharing-button-js td-social-network td-social-facebook\" href=\"https:\/\/www.facebook.com\/sharer.php?u=https%3A%2F%2Fvoceatimisului.ro%2Ftemelie-in-cazul-colterm-sa-camera-de-conturi-timis-si-a-dus-concluziile-auditului-de-la-primaria-timisoara-inspre-subminarea-economiei-nationale%2F\" title=\"Facebook\" rel=\"noopener\"><\/p>\n<div class=\"td-social-but-text\">Facebook<\/div>\n<p><\/a><a class=\"td-social-sharing-button td-social-sharing-button-js td-social-network td-social-twitter\" href=\"https:\/\/twitter.com\/intent\/tweet?text=Temelie%21+%C3%8En+cazul+Colterm+SA%2C+Camera+de+Conturi+Timi%C8%99+%C8%99i-a+dus+concluziile+auditului+de+la+Prim%C4%83ria+Timi%C8%99oara+%C3%AEnspre+subminarea+economiei+na%C8%9Bionale&amp;url=https%3A%2F%2Fvoceatimisului.ro%2Ftemelie-in-cazul-colterm-sa-camera-de-conturi-timis-si-a-dus-concluziile-auditului-de-la-primaria-timisoara-inspre-subminarea-economiei-nationale%2F&amp;via=Vocea+Timisului\" title=\"Twitter\" rel=\"noopener\"><\/p>\n<div class=\"td-social-but-text\">Twitter<\/div>\n<p><\/a><a class=\"td-social-sharing-button td-social-sharing-button-js td-social-network td-social-pinterest\" href=\"https:\/\/pinterest.com\/pin\/create\/button\/?url=https:\/\/voceatimisului.ro\/temelie-in-cazul-colterm-sa-camera-de-conturi-timis-si-a-dus-concluziile-auditului-de-la-primaria-timisoara-inspre-subminarea-economiei-nationale\/&amp;media=https:\/\/analyse.optim.biz\/wp-content\/uploads\/2025\/12\/temelie-in-cazul-colterm-sa-camera-de-conturi-timis-si-a-dus-concluziile-auditului-de-la-primaria-jpg-1.webp&amp;description=Temelie%21+%C3%8En+cazul+Colterm+SA%2C+Camera+de+Conturi+Timi%C8%99+%C8%99i-a+dus+concluziile+auditului+de+la+Prim%C4%83ria+Timi%C8%99oara+%C3%AEnspre+subminarea+economiei+na%C8%9Bionale\" title=\"Pinterest\" rel=\"noopener\"><\/p>\n<div class=\"td-social-but-text\">Pinterest<\/div>\n<p><\/a><a class=\"td-social-sharing-button td-social-sharing-button-js td-social-network td-social-whatsapp\" href=\"https:\/\/api.whatsapp.com\/send?text=Temelie%21+%C3%8En+cazul+Colterm+SA%2C+Camera+de+Conturi+Timi%C8%99+%C8%99i-a+dus+concluziile+auditului+de+la+Prim%C4%83ria+Timi%C8%99oara+%C3%AEnspre+subminarea+economiei+na%C8%9Bionale%20%0A%0A%20https:\/\/voceatimisului.ro\/temelie-in-cazul-colterm-sa-camera-de-conturi-timis-si-a-dus-concluziile-auditului-de-la-primaria-timisoara-inspre-subminarea-economiei-nationale\/\" title=\"WhatsApp\" rel=\"noopener\"><\/p>\n<div class=\"td-social-but-text\">WhatsApp<\/div>\n<p><\/a><a class=\"td-social-sharing-button td-social-sharing-button-js td-social-network td-social-linkedin\" href=\"https:\/\/www.linkedin.com\/shareArticle?mini=true&amp;url=https:\/\/voceatimisului.ro\/temelie-in-cazul-colterm-sa-camera-de-conturi-timis-si-a-dus-concluziile-auditului-de-la-primaria-timisoara-inspre-subminarea-economiei-nationale\/&amp;title=Temelie%21+%C3%8En+cazul+Colterm+SA%2C+Camera+de+Conturi+Timi%C8%99+%C8%99i-a+dus+concluziile+auditului+de+la+Prim%C4%83ria+Timi%C8%99oara+%C3%AEnspre+subminarea+economiei+na%C8%9Bionale\" title=\"Linkedin\" rel=\"noopener\"><\/p>\n<div class=\"td-social-but-text\">Linkedin<\/div>\n<p><\/a><a class=\"td-social-sharing-button td-social-sharing-button-js td-social-network td-social-copy_url\" href=\"https:\/\/voceatimisului.ro\/temelie-in-cazul-colterm-sa-camera-de-conturi-timis-si-a-dus-concluziile-auditului-de-la-primaria-timisoara-inspre-subminarea-economiei-nationale\/\" title=\"Copy URL\" rel=\"noopener\"><\/p>\n<div class=\"td-social-but-text\">Copy URL<\/div>\n<p><\/a><\/div>\n<\/div>\n<\/div>\n<\/div>\n<\/div>\n<\/div>\n<\/div>\n<div class=\"td_block_wrap tdb_single_featured_image tdi_58 tdb-content-horiz-left td-pb-border-top td_block_template_1\" data-td-block-uid=\"tdi_58\">\n<div class=\"tdb-block-inner td-fix-index\">\n<figure><img fetchpriority=\"high\" decoding=\"async\" width=\"696\" height=\"696\" class=\"entry-thumb\" src=\"https:\/\/analyse.optim.biz\/wp-content\/uploads\/2025\/12\/temelie-in-cazul-colterm-sa-camera-de-conturi-timis-si-a-dus-concluziile-auditului-de-la-primaria-jpg-696x696-3.webp\" alt=\"Temelie In cazul Colterm SA Camera de Conturi Timis si a dus concluziile auditului de la Primaria jpg\" title=\"Temelie In cazul Colterm SA Camera de Conturi Timis si a dus concluziile auditului de la Primaria jpg\" loading=\"eager\"><figcaption class=\"tdb-caption-text\">Temelie In cazul Colterm SA Camera de Conturi Timis si a dus concluziile auditului de la Primaria jpg<\/figcaption><\/figure>\n<\/div>\n<\/div>\n<div class=\"vc_row_inner tdi_60  vc_row vc_inner wpb_row td-pb-row\">\n<div class=\"vc_column_inner tdi_62  wpb_column vc_column_container tdc-inner-column td-pb-span4 td-is-sticky\">\n<div class=\"vc_column-inner\">\n<div class=\"wpb_wrapper\" data-sticky-enabled-on=\"W3RydWUsdHJ1ZSx0cnVlLHRydWVd\" data-sticky-offset=\"20\" data-sticky-is-width-auto=\"W2ZhbHNlLGZhbHNlLGZhbHNlLGZhbHNlXQ==\">\n<div class=\"td_block_wrap td_flex_block_1 tdi_63 td-pb-border-top td_block_template_1 td_ajax_preloading_preload td_flex_block\" data-td-block-uid=\"tdi_63\">\n<div id=\"tdi_63\" class=\"td_block_inner td-mc1-wrap\">\n<div class=\"td_module_flex td_module_flex_1 td_module_wrap td-animation-stack td-meta-info-hide td-cpt-post\">\n<div class=\"td-module-container td-category-pos-image\">\n<div class=\"td-module-meta-info\">\n<h3 class=\"entry-title td-module-title\"><a href=\"https:\/\/voceatimisului.ro\/tramvaiul-nu-vine-dar-propaganda-circula-perfect\/\" rel=\"bookmark\" title=\"Tramvaiul nu vine, dar propaganda circul\u0103 perfect\">Tramvaiul nu vine, dar propaganda circul\u0103 perfect<\/a><\/h3>\n<\/div>\n<\/div>\n<\/div>\n<div class=\"td_module_flex td_module_flex_1 td_module_wrap td-animation-stack td-meta-info-hide td-cpt-post\">\n<div class=\"td-module-container td-category-pos-image\">\n<div class=\"td-module-meta-info\">\n<h3 class=\"entry-title td-module-title\"><a href=\"https:\/\/voceatimisului.ro\/transportul-public-din-timisoara-se-prabuseste-in-fiecare-zi-in-trafic-dar-in-birourile-primariei-totul-arata-perfect-si-european\/\" rel=\"bookmark\" title=\"Transportul public din Timi\u0219oara se pr\u0103bu\u0219e\u0219te \u00een fiecare zi \u00een trafic, dar \u00een birourile Prim\u0103riei totul arat\u0103 perfect \u0219i \u201ceuropean\u201d\">Transportul public din Timi\u0219oara se pr\u0103bu\u0219e\u0219te \u00een fiecare zi \u00een trafic, dar \u00een birourile Prim\u0103riei totul arat\u0103 perfect \u0219i \u201ceuropean\u201d<\/a><\/h3>\n<\/div>\n<\/div>\n<\/div>\n<div class=\"td_module_flex td_module_flex_1 td_module_wrap td-animation-stack td-meta-info-hide td-cpt-post\">\n<div class=\"td-module-container td-category-pos-image\">\n<div class=\"td-module-meta-info\">\n<h3 class=\"entry-title td-module-title\"><a href=\"https:\/\/voceatimisului.ro\/iccj-ii-strica-lui-dominic-fritz-manevra-de-blocaj-dosarul-de-conflict-de-interese-se-reia\/\" rel=\"bookmark\" title=\"\u00ceCCJ \u00eei stric\u0103 lui Dominic Fritz manevra de blocaj. Dosarul de conflict de interese se reia\">\u00ceCCJ \u00eei stric\u0103 lui Dominic Fritz manevra de blocaj. Dosarul de conflict de interese se reia<\/a><\/h3>\n<\/div>\n<\/div>\n<\/div>\n<div class=\"td_module_flex td_module_flex_1 td_module_wrap td-animation-stack td-meta-info-hide td-cpt-post\">\n<div class=\"td-module-container td-category-pos-image\">\n<div class=\"td-module-meta-info\">\n<h3 class=\"entry-title td-module-title\"><a href=\"https:\/\/voceatimisului.ro\/retim-a-plecat-din-timisoara-sub-nasul-consiliului-local\/\" rel=\"bookmark\" title=\"RETIM a plecat din Timi\u0219oara sub nasul Consiliului Local\">RETIM a plecat din Timi\u0219oara sub nasul Consiliului Local<\/a><\/h3>\n<\/div>\n<\/div>\n<\/div>\n<\/div>\n<\/div>\n<div class=\"tdb-author-box td_block_wrap tdb_single_author_box tdi_68 tdb-content-vert-top td-pb-border-top td_block_template_1\" data-td-block-uid=\"tdi_68\">\n<div class=\"tdb-block-inner td-fix-index\">\n<div class=\"tdb-author-info\"><a href=\"https:\/\/voceatimisului.ro\/author\/tibi\/\" class=\"tdb-author-name\">Tiberiu Kiss<\/a><\/p>\n<div class=\"tdb-author-descr\">\u00centreaga responsabilitate a comentariilor l\u0103sate de dumneavoastr\u0103 v\u0103 apar\u021bine!<br \/>\nClick <a href=\"https:\/\/voceatimisului.ro\/termeni-si-conditii\/\">aici<\/a>-citeste condi\u0163iile de utilizare ale site-ului www.voceatimisului.ro<\/div>\n<\/div>\n<\/div>\n<\/div>\n<\/div>\n<\/div>\n<\/div>\n<div class=\"vc_column_inner tdi_70  wpb_column vc_column_container tdc-inner-column td-pb-span8\">\n<div class=\"vc_column-inner\">\n<div class=\"wpb_wrapper\">\n<div class=\"td_block_wrap tdb_single_content tdi_71 td-pb-border-top td_block_template_1 td-post-content tagdiv-type\" data-td-block-uid=\"tdi_71\">\n<div class=\"tdb-block-inner td-fix-index\">\n<h5 class=\"wp-block-heading\" id=\"h-ce-\u0219tiu-timi\u0219orenii-azi-referitor-la-situa\u021bia-colterm-sa-in-epoca-de-aur-a-administra\u021biei-usr-doua-lucruri-mari-\u0219i-late-in-primul-rand-ca-inainte-de-alegerile-locale-primul-carmaci-al-urbei-neam\u021bul-dominic-fritz-a-avut-solu\u021bii-miraculoase-\u0219i-speciali\u0219ti-la-orice-problema-mai-ales-pentru-societatea-de-termoficare-a-ora\u0219ului-lucruri-care-pe-parcurs-in-buna-tradi\u021bie-romaneasca-s-au-dovedit-a-fi-false-\u0219i-doar-chestiuni-banale-de-pr-\u0219i-in-mod-cert-bana\u021benii-mai-sunt-con\u0219tien\u021bi-de-inca-un-lucru-ori-daca-acum-nu-sunt-cu-siguran\u021ba-genera\u021biile-viitoare-nu-vor-ezita-sa-le-aduca-aminte-despre-nota-de-plata-una-care-va-atarna-pe-umerii-comunita\u021bii-zeci-de-ani-de-aici-incolo-o-crean\u021ba-certa-de-178-725-554-lei\">Ce \u0219tiu timi\u0219orenii, azi, referitor la situa\u021bia Colterm SA, \u00een <em>epoca de aur<\/em> a administra\u021biei USR?! Dou\u0103 lucruri mari \u0219i late, \u00een primul r\u00e2nd! C\u0103, \u00eenainte de alegerile locale, primul c\u00e2rmaci al urbei, neam\u021bul Dominic Fritz, a avut solu\u021bii miraculoase \u0219i speciali\u0219ti, la orice problem\u0103. Mai ales pentru societatea de termoficare a ora\u0219ului! Lucruri care, pe parcurs, \u00een bun\u0103 tradi\u021bie rom\u00e2neasc\u0103, s-au dovedit a fi false \u0219i doar chestiuni banale de PR. \u0218i, \u00een mod cert, b\u0103n\u0103\u021benii mai sunt con\u0219tien\u021bi de \u00eenc\u0103 un lucru! Ori, dac\u0103 acum nu sunt, cu siguran\u021b\u0103, genera\u021biile viitoare nu vor ezita s\u0103 le aduc\u0103 aminte despre nota de plat\u0103, una care va at\u00e2rna pe umerii comunit\u0103\u021bii, zeci de ani de-aici \u00eencolo: <em>o crean\u021b\u0103 cert\u0103 de 178.725.554 lei<\/em>.<\/h5>\n<p>Cifra nu e deloc scoas\u0103 din burt\u0103! Din contr\u0103, provine dintr-un raport de peste 200 de pagini al Camerei de Conturi Timi\u0219, ca urmare a unui audit public extern, efectuat la Prim\u0103ria Timi\u0219oara. Adev\u0103rul e c\u0103, a\u0219a cum rezult\u0103 din procesul-verbal de constatare, \u00eentocmit pe 22 iulie 2022, dar <strong><em>aflat sub cheie \u00een prim\u0103ria de sticl\u0103 a lui Dominic Fritz<\/em><\/strong>, problematica delicat\u0103 de la SC Colterm SA e la loc de cinste. La fel cum sunt \u0219i o serie de recomand\u0103ri anterioare, puse pe h\u00e2rtie de auditorii Camerei de Conturi, concluzii pe care speciali\u0219tii de noapte ai USR le-au tratat cu dosul! Scrie \u0219i asta, negru pe alb, tot \u00een actul de control! \u00cen rest, pe scurt, \u00een afar\u0103 de haosul din societatea de termoficare, actul \u00een sine mai are alte 14 capitole, f\u0103r\u0103 nicio excep\u021bie, toate din <em>genul thriller<\/em>, episoade care duc la o singur\u0103 concluzie. Una singur\u0103! Jale sau amatorism, depinde de cine face interpretarea legii!<\/p>\n<p>Acum, la fel ca \u0219i \u00een iarna trecut\u0103, c\u00e2nd to\u021bi abona\u021bii Colterm SA au r\u0103bdat de frig, \u0219i de data aceasta, a\u0219a cum a f\u0103cut-o \u00een auditul exclusiv de la societatea de termoficare, angaja\u021bii Camerei de Conturi Timi\u0219 au luat la puricat Prim\u0103ria Timi\u0219oara. Strict pe cauzele care au generat starea de insolven\u021b\u0103 a Colterm SA! <strong>\u00cen ideea \u00een care, conform prevederilor OUG 109 din 30 noiembrie 2011, privind guvernan\u021ba corporativ\u0103 a \u00eentreprinderilor publice, administra\u021bia local\u0103 are rol de\u2026 <u>autoritate public\u0103 tutelar\u0103<\/u> c\u00e2nd vine vorba despre societ\u0103\u021bile din subordine. <\/strong>Deci, nu e cum zicea Dominic Fritz c\u0103, datoria public\u0103 de la Colterm SA, nu e a municipalit\u0103\u021bii! Ba din contr\u0103, e exact invers, at\u00e2t timp c\u00e2t Prim\u0103ria Timi\u0219oara, conform legii, joac\u0103 rol de tutore, recte de entitate responsabil\u0103, nu de observator pasiv!<\/p>\n<p>Cert e c\u0103, prin ac\u021biunile de control desf\u0103\u0219urate de Camera de Conturi Timi\u0219, \u00een perioada 2019 \u2013 2021, at\u00e2t la nivelul UATM Timi\u0219oara c\u00e2t \u0219i la nivelul operatorului Colterm SA, s-a constatat c\u0103 <strong><em>\u201d\u2026autorit\u0103\u021bile administra\u021biei publice locale deliberative \u0219i executive nu au luat m\u0103suri de remediere a abaterilor constatate la societatea local\u0103 de termoficare<\/em><\/strong>\u201d. \u0218i, a\u0219a cum rezult\u0103 tot din documente, administra\u021bia nici nu au asigurat, prin Adunarea General\u0103 a Ac\u021bionarilor (AGA), un sistem de control \u00een cadrul operatorului Colterm SA, \u00een raport cu Consiliul de Administra\u021bie (CA) \u0219i directoratul entit\u0103\u021bii publice. De\u0219i, conform legii, ar fi avut posibilitatea \u0219i obliga\u021bia s\u0103 exercite, \u00een calitate de ac\u021bionar, o influen\u021b\u0103 determinant\u0103! Una peste alta, se arat\u0103 \u00een procesul-verbal de control al Camerei de Conturi, \u201d\u2026<strong><em>\u00eent\u00e2rzierea \u00een implementarea m\u0103surilor de eficientizare a influen\u021bat negativ lichiditatea, solvabilitatea \u0219i func\u021bionalitatea societ\u0103\u021bii, iar acest efect negativ s-a repercutat \u0219i asupra echilibrului bugetului local al Municipiului Timi\u0219oara<\/em><\/strong>\u201d.<\/p>\n<h5 class=\"wp-block-heading\"><strong>Vorbe-n v\u00e2nt<\/strong><\/h5>\n<p>Referitor la constat\u0103rile anterioare ale Camerei de Conturi Timi\u0219, nu e cazul s\u0103 insist\u0103m acum. Toat\u0103 sinteza abaterilor constatate, \u00een urma auditului de conformitate, desf\u0103\u0219urat at\u00e2t la UATM Timi\u0219oara, c\u00e2t \u0219i la Colterm SA, \u00een perioada 29 noiembrie \u2013 23 decembrie 2021, se afl\u0103 ata\u0219at\u0103 la finalul materialului. <strong>Important de re\u021binut e c\u0103 semnalele de alarm\u0103, trase cu disperare de auditorii publici externi, \u00een cazul societ\u0103\u021bii locale de termoficare, au intrat pe o ureche a administra\u021biei Dominic Fritz \u0219i au ie\u0219it pe alta<\/strong>! <a href=\"https:\/\/voceatimisului.ro\/radu-toanca-despre-o-noua-teapa-marca-fritz-firma-de-avocatura-a-colterm-a-disparut-ca-magarul-in-ceata\/\" target=\"_blank\" rel=\"noreferrer noopener\">C\u0103 dac\u0103 lucrurile ar fi stat altfel, Prim\u0103ria Timi\u0219oara nu ar fi acceptat introducerea <em>cererii de deschidere a procedurii insolven\u021bei<\/em>, sub semn\u0103tura pre\u0219edintelui CA al Colterm SA, Ioan Silviu Dobo\u0219i,<\/a> f\u0103r\u0103 a exista o hot\u0103r\u00e2re a AGA, \u00een scopul ini\u021bierii acestei proceduri \u0219i f\u0103r\u0103 ca mai marele CA s\u0103 aib\u0103 o \u00eemputernicire pentru acest demers legal, cu consecin\u021be deosebite pentru \u00eentreaga comunitate.<\/p>\n<p>Singurul document care exist\u0103 \u00een acest sens \u0219i care nu face dec\u00e2t s\u0103 confirme c\u0103 etapele declar\u0103rii insolven\u021bei Colterm SA au fost jonglate cu brio \u0219i unilateral de c\u0103tre administra\u021bia USR a lui Dominic Fritz este Hot\u0103r\u00e2rea CA nr. 104\/18.10.2021: \u201d<strong>\u2026<em>se aprob\u0103 deschiderea procedurii insolven\u021bei, \u00een form\u0103 general\u0103, fa\u021b\u0103 de compania local\u0103 de termoficare Colterm SA, la solicitarea directorului general, cu manifestarea inten\u021biei de reorganizare a societ\u0103\u021bii<\/em><\/strong>\u2026\u201d. At\u00e2t \u0219i nimic mai mult! Oricum, de departe, cea mai gogonat\u0103 situa\u021bie, a\u0219a cum se desprinde din analiza Camerei de Conturi Timi\u0219, face referire la achizi\u021bionarea certificatelor verzi, \u00een baza raportului 5028 din 08 martie 2021, document din care rezult\u0103 o estimare total\u0103 de 53.195.164 lei (10.888.599,50 euro) pentru achizi\u021bionarea unui num\u0103r de 274.000 certificate.<\/p>\n<p>Ulterior, dup\u0103 o s\u0103pt\u0103m\u00e2n\u0103, la data de 15 martie 2021, AGA din cadrul Colterm SA, \u00een calitate de organ de conducere a societ\u0103\u021bii locale de termoficare, este informat\u0103 c\u0103 <strong><em>\u201damenda \u00een cazul nerespect\u0103rii termenului de conformare este de 27.050.000 euro<\/em><\/strong><em>\u201d<\/em>. Mai mult, c\u0103 cei de la Colterm SA au lansat o cerere de ofert\u0103 pentru achizi\u021bia certificatelor EUA necesare, cu livrarea p\u00e2n\u0103 cel mai t\u00e2rziu \u00een 23 mai 2021, urm\u00e2nd ca plata acestora s\u0103 se efectueze, \u00een cel pu\u021bin 6 rate lunare. A\u0219adar, Prim\u0103ria Timi\u0219oara <strong><em><u>a<\/u><\/em><\/strong><strong><em>\u0219tiut \u0219i ar fi trebuit<\/em><\/strong> s\u0103 depun\u0103 toate diligen\u021bele necesare pentru a se asigura c\u0103 certificatele verzi, obligatorii \u00een cazul marilor poluatori, vor fi achizi\u021bionate \u00een termenul legal. \u0218i concluzia auditorilor Camerei de Conturi, subliniat\u0103 \u00een actul de control este clar\u0103: \u201d<strong><em>\u2026starea de pasivitate \u0219i de neimplicare a autorit\u0103\u021bii tutelare\u2026<\/em><\/strong>\u201d.<\/p>\n<p>\u0218i, tot \u00een acest context, auditorii externi au mai re\u021binut un aspect halucinant. Asta, numai dup\u0103 ce au vizionat \u00eenregistrarea \u0219edin\u021bei AGA a Colterm SA, convocat\u0103 de Consiliul Local, care a avut loc la data de 25 martie 2021, \u00een sala cinematografului Capitol unde, prin expunerea sa, viceprimarul USR Ruben La\u021bc\u0103u, a asigurat auditoriul c\u0103 ac\u021biunea de achizi\u021bie a 274.000 certificate CO2 este una avansat\u0103:\u201d<strong><em>\u2026deja avem discu\u021bii pentru aceste certificate, sunt 270.000 care trebuie cump\u0103rate. Un pachet de 100.000 la un cost de 2 euro, un pachet de 100.000 la un cost de 4 euro \u0219i restul, probabil, vor fi achizi\u021bionate de pe burs\u0103 \u0219i suntem un pic mai avansa\u021bi dec\u00e2t am fost anul trecut\u2026<\/em><\/strong><em>\u201d<\/em>. Deci, indubitabil \u0219i f\u0103r\u0103 echivoc, administra\u021bia lui Dominic Fritz a avut la cuno\u0219tin\u021b\u0103 despre con\u021binutul inform\u0103rilor alarmante din cadrul Colterm SA \u0219i, implicit, despre obliga\u021biile \u0219i consecin\u021bele financiare ale nerespect\u0103rii acestora.<\/p>\n<h5 class=\"wp-block-heading\"><strong>Basme \u0219i snoave<\/strong><\/h5>\n<p>Av\u00e2nd \u00een vedere evenimentele ulterioare, adic\u0103 AC\u021aIUNE ZERO, p\u00e2n\u0103 \u0219i Camera de Conturi Timi\u0219 a concluzionat c\u0103 discursul viceprimarului Ruben La\u021bc\u0103u, \u00een calitate de pre\u0219edinte AGA, nu a fost altceva dec\u00e2t o gargar\u0103 cu bicarbonat! E clar c\u0103 auditorii externi nu l-au catalogat drept mincinos patentat pe demnitarul userist, dar au afirmat cu t\u0103rie \u0219i \u00een scris c\u0103 povestea \u00eenfl\u0103c\u0103rat\u0103, spus\u0103 pe scena de la \u201dCapitol\u201d, din p\u0103cate, \u201d<strong><em>\u2026nu a fost sus\u021binut\u0103, \u00een realitate, de ac\u021biuni concrete ale administra\u021biei municipiului Timi\u0219oara<\/em><\/strong>\u201d. \u00centruc\u00e2t, ulterior, nu a mai fost convocat\u0103 AGA Colterm, nici m\u0103car pentru a prezenta motivele pentru care certificatele de CO2 nu pot fi, totu\u0219i, achizi\u021bionate. \u0218i nici nu s-a solicitat vreo alt\u0103 \u0219edin\u021b\u0103 pentru identificarea de noi solu\u021bii! O inac\u021biune, total nejustificat\u0103, a\u0219a cum a re\u021binut, negru pe alb, \u0219i Camera de Conturi Timi\u0219.<\/p>\n<p>Ca \u0219i consecin\u021be, lucrurile sunt extrem de complexe pentru municipiul Timi\u0219oara. \u00cen primul r\u00e2nd, exist\u0103 penalit\u0103\u021bi de 100 euro pentru fiecare ton\u0103 de dioxid de carbon, eliberat\u0103 \u00een atmosfer\u0103 de c\u0103tre operatorul care nu a cump\u0103rat certificatele de emisii de gaze, corespunz\u0103toare efectelor de ser\u0103, generate \u00een anul anterior<em>. <\/em><strong>\u00cen traducere liber\u0103, conform deciziei de impunere a Administra\u021biei Fondului de Mediu (AFM), amenda pentru Colterm SA, dup\u0103 discursul de pe scena fostului cinematograf \u201dCapitol\u201d, a fost una \u00een sum\u0103 total\u0103 de 106.800.000 lei (21.696.844,25 euro)<\/strong>. \u0218i e exact a\u0219a cum spune Camera de Conturi Timi\u0219! Mai precis, c\u0103 penalitatea AFM putea fi evitat\u0103, dac\u0103 organele de conducere a Colterm SA \u2013 Prim\u0103ria Timi\u0219oara prin AGA \u2013 \u0219i-ar fi \u00eendeplinit sarcinile de serviciu, nu ar fi r\u0103mas pasive \u0219i ar fi achizi\u021bionat certificatele CO2 necesare. \u00cen schimb, <em>prim\u0103ria de sticl\u0103<\/em> a lui Dominic Fritz a ales \u00eens\u0103, <em><u>f\u0103r\u0103 explica\u021bie<\/u><\/em>, s\u0103 nu fac\u0103 nimic din cele de mai sus!<\/p>\n<p>A\u0219a c\u0103, una peste alta, amenda de anul trecut a celor de la AFM, \u00een mod evident, a contribuit la starea de insolven\u021b\u0103 a societ\u0103\u021bii de termoficare, <strong><u>reprezent\u00e2nd 26%<\/u><\/strong> din totalul datoriilor \u00eenscrise pe tabelul crean\u021belor. Stupid \u0219i tot f\u0103r\u0103 explica\u021bie, anul acesta, <strong><u>datoria a crescut la 43%<\/u><\/strong> ca urmare a aplic\u0103rii unei noi penalit\u0103\u021bi tot de c\u0103tre AFM, \u00een sum\u0103 de 71.862.921 lei, urmare a neachizi\u021bion\u0103rii de certificate CO2, p\u00e2n\u0103 \u00een luna aprilie 2022, pentru emisiile de carbon din anul 2021: <strong><em>\u201d\u2026ca atare, apreciem c\u0103, fiind incidente dispozi\u021biile prev\u0103zute de Legea 85\/2014, <u>membrii organelor de conducere din cadrul societ\u0103\u021bii\u00a0au contribuit la starea de insolven\u021b\u0103<\/u> a acesteia, prin conducerea\u00a0deficitar\u0103 a activit\u0103\u021bii debitoarei\u201d.<\/em><\/strong> \u0218i v\u0103 mai spunem c\u0103, la data de 31 martie 2021, gradul de \u00eendatorare al municipiului Timi\u0219oara era de 1,91% dintr-un maxim admis de 30%. A\u0219a c\u0103 Prim\u0103ria Timi\u0219oara ar fi putut g\u0103si, oric\u00e2nd, solu\u021bii pentru Colterm SA. Nu de alta dar, indiferent de condi\u021bii, administra\u021bia lui Dominic Fritz era \u0219i este obligat\u0103 s\u0103 asigure veniturile necesare acoperirii sec\u021biunii de func\u021bionare a Colterm SA. Restul sunt pove\u0219ti!<\/p>\n<p>Totu\u0219i, realitatea trist\u0103 e c\u0103, azi, datoria Colterm SA c\u0103tre Administra\u021bia Fondului de Mediu se ridic\u0103 la suma total\u0103 de 178.725.554 lei. Adic\u0103, peste 36 milioane de euro! <strong>Cum auditorii publici consider\u0103 c\u0103 amenzile AFM constituie un prejudiciu la bugetul local, tocmai datorit\u0103 pasivit\u0103\u021bii \u0219i neimplic\u0103rii autorit\u0103\u021bii publice tutelare, Camera de Conturi a luat decizia sesiz\u0103rii organelor de urm\u0103rire penal\u0103<\/strong>! A\u0219adar, \u00een viitorul sezon rece, zecile de mii de abona\u021bi ai Colterm SA au acelea\u0219i solu\u021bii termice, ca \u0219i cele de anul trecut. Fie se \u00eembrac\u0103 mai bine fie se \u00eenc\u0103lzesc cu post\u0103rile triumfaliste de pe Facebook ale administra\u021biei USR! Cu men\u021biunea c\u0103, de data aceasta, cu siguran\u021b\u0103, temperaturile din apartamente, \u0219coli, azile de b\u0103tr\u00e2ni \u0219i spitale vor fi ceva mai ridicate, c\u0103ci clien\u021bii Colterm SA, au inclus, \u00een pre\u021bul gigacaloriei, \u0219i un film de ac\u021biune: <strong><em>viceprimarul Timi\u0219oarei, Ruben La\u021bc\u0103u, se bate, unu la unu, cu mafia intermediarilor de c\u0103rbune din Motru \u2013 Gorj, \u00een beneficiul unei societ\u0103\u021bi\u2026 \u00een insolven\u021b\u0103<\/em><\/strong>! <\/p>\n<p>Evident, acela\u0219i c\u0103rbune despre care vicele Ruben La\u021bc\u0103u spunea, la sf\u00e2r\u0219itul lui ianuarie 2022, c\u0103 nu exist\u0103 \u00een cantit\u0103\u021bi suficiente, a\u0219a c\u0103-l va cump\u0103ra din afara Rom\u00e2niei. Asta dup\u0103 ce, \u00eenainte, se jurase c\u0103 nu va mai folosi gram de c\u0103rbune la CET Sud, \u00een ideea de a reduce emisiile poluante \u0219i, astfel, \u0219i cantitatea de certificate verzi. Acelea pe care Prim\u0103ria Timi\u0219oara a uitat sa le cumpere doi ani la r\u00e2nd, de a b\u0103gat Colterm-ul \u00een insolven\u021b\u0103! Deci, ca s\u0103 fie clar pentru to\u021bi abona\u021bii societ\u0103\u021bii de termoficare: <em>filmul e unul de ac\u021biune, nu e o comedie\u2026<\/em><\/p>\n<figure class=\"wp-block-gallery has-nested-images columns-default is-cropped wp-block-gallery-1 is-layout-flex wp-block-gallery-is-layout-flex\">\n<figure class=\"wp-block-image size-large\"><a href=\"https:\/\/analyse.optim.biz\/wp-content\/uploads\/2025\/12\/colterm-sa2.jpg\"><img decoding=\"async\" width=\"680\" height=\"1024\" data-id=\"153049\" src=\"https:\/\/analyse.optim.biz\/wp-content\/uploads\/2025\/12\/colterm-sa2.jpg\" alt=\"Temelie! \u00cen cazul Colterm SA, Camera de Conturi Timi\u0219 \u0219i-a dus concluziile auditului de la Prim\u0103ria Timi\u0219oara \u00eenspre subminarea economiei na\u021bionale\" class=\"wp-image-153049\" loading=\"lazy\" title=\"colterm-sa2\"><\/a><\/figure>\n<figure class=\"wp-block-image size-large\"><a href=\"https:\/\/analyse.optim.biz\/wp-content\/uploads\/2025\/12\/colterm-sa1.jpg\"><img decoding=\"async\" width=\"590\" height=\"1024\" data-id=\"153048\" src=\"https:\/\/analyse.optim.biz\/wp-content\/uploads\/2025\/12\/colterm-sa1.jpg\" alt=\"Temelie! \u00cen cazul Colterm SA, Camera de Conturi Timi\u0219 \u0219i-a dus concluziile auditului de la Prim\u0103ria Timi\u0219oara \u00eenspre subminarea economiei na\u021bionale\" class=\"wp-image-153048\" loading=\"lazy\" title=\"colterm-sa1\"><\/a><\/figure>\n<figure class=\"wp-block-image size-large\"><a href=\"https:\/\/analyse.optim.biz\/wp-content\/uploads\/2025\/12\/img_3744.jpg\"><img decoding=\"async\" width=\"526\" height=\"1024\" data-id=\"153047\" src=\"https:\/\/analyse.optim.biz\/wp-content\/uploads\/2025\/12\/img_3744.jpg\" alt=\"Temelie! \u00cen cazul Colterm SA, Camera de Conturi Timi\u0219 \u0219i-a dus concluziile auditului de la Prim\u0103ria Timi\u0219oara \u00eenspre subminarea economiei na\u021bionale\" class=\"wp-image-153047\" loading=\"lazy\" title=\"img_3744\"><\/a><\/figure>\n<figure class=\"wp-block-image size-large\"><a href=\"https:\/\/analyse.optim.biz\/wp-content\/uploads\/2025\/12\/colterm-sa7.jpg\"><img decoding=\"async\" loading=\"lazy\" width=\"875\" height=\"1024\" data-id=\"153046\" src=\"https:\/\/analyse.optim.biz\/wp-content\/uploads\/2025\/12\/colterm-sa7.jpg\" alt=\"Temelie! \u00cen cazul Colterm SA, Camera de Conturi Timi\u0219 \u0219i-a dus concluziile auditului de la Prim\u0103ria Timi\u0219oara \u00eenspre subminarea economiei na\u021bionale\" class=\"wp-image-153046\" title=\"colterm-sa7\"><\/a><\/figure>\n<figure class=\"wp-block-image size-large\"><a href=\"https:\/\/analyse.optim.biz\/wp-content\/uploads\/2025\/12\/colterm-sa6.jpg\"><img decoding=\"async\" loading=\"lazy\" width=\"530\" height=\"1024\" data-id=\"153045\" src=\"https:\/\/analyse.optim.biz\/wp-content\/uploads\/2025\/12\/colterm-sa6.jpg\" alt=\"Temelie! \u00cen cazul Colterm SA, Camera de Conturi Timi\u0219 \u0219i-a dus concluziile auditului de la Prim\u0103ria Timi\u0219oara \u00eenspre subminarea economiei na\u021bionale\" class=\"wp-image-153045\" title=\"colterm-sa6\"><\/a><\/figure>\n<figure class=\"wp-block-image size-large\"><a href=\"https:\/\/analyse.optim.biz\/wp-content\/uploads\/2025\/12\/colterm-sa5.jpg\"><img decoding=\"async\" loading=\"lazy\" width=\"528\" height=\"1024\" data-id=\"153044\" src=\"https:\/\/analyse.optim.biz\/wp-content\/uploads\/2025\/12\/colterm-sa5.jpg\" alt=\"Temelie! \u00cen cazul Colterm SA, Camera de Conturi Timi\u0219 \u0219i-a dus concluziile auditului de la Prim\u0103ria Timi\u0219oara \u00eenspre subminarea economiei na\u021bionale\" class=\"wp-image-153044\" title=\"colterm-sa5\"><\/a><\/figure>\n<figure class=\"wp-block-image size-large\"><a href=\"https:\/\/analyse.optim.biz\/wp-content\/uploads\/2025\/12\/colterm-sa4.jpg\"><img decoding=\"async\" loading=\"lazy\" width=\"529\" height=\"1024\" data-id=\"153043\" src=\"https:\/\/analyse.optim.biz\/wp-content\/uploads\/2025\/12\/colterm-sa4.jpg\" alt=\"Temelie! \u00cen cazul Colterm SA, Camera de Conturi Timi\u0219 \u0219i-a dus concluziile auditului de la Prim\u0103ria Timi\u0219oara \u00eenspre subminarea economiei na\u021bionale\" class=\"wp-image-153043\" title=\"colterm-sa4\"><\/a><\/figure>\n<figure class=\"wp-block-image size-large\"><a href=\"https:\/\/analyse.optim.biz\/wp-content\/uploads\/2025\/12\/colterm-sa3.jpg\"><img decoding=\"async\" loading=\"lazy\" width=\"553\" height=\"1024\" data-id=\"153042\" src=\"https:\/\/analyse.optim.biz\/wp-content\/uploads\/2025\/12\/colterm-sa3.jpg\" alt=\"Temelie! \u00cen cazul Colterm SA, Camera de Conturi Timi\u0219 \u0219i-a dus concluziile auditului de la Prim\u0103ria Timi\u0219oara \u00eenspre subminarea economiei na\u021bionale\" class=\"wp-image-153042\" title=\"colterm-sa3\"><\/a><\/figure>\n<\/figure>\n<\/div>\n<\/div>\n<div class=\"td_block_wrap tdb_single_tags tdi_74 td-pb-border-top td_block_template_1\" data-td-block-uid=\"tdi_74\">\n<div class=\"tdb-block-inner td-fix-index\">\n<ul class=\"tdb-tags\">\n<li><span>Tags<\/span><\/li>\n<li><a href=\"https:\/\/voceatimisului.ro\/tag\/colterm-timisoara\/\">colterm timisoara<\/a><\/li>\n<li><a href=\"https:\/\/voceatimisului.ro\/tag\/curtea-de-conturi\/\">curtea de conturi<\/a><\/li>\n<li><a href=\"https:\/\/voceatimisului.ro\/tag\/dominic-fritz\/\">Dominic Fritz<\/a><\/li>\n<li><a href=\"https:\/\/voceatimisului.ro\/tag\/ruben-latcau\/\">Ruben La\u021bc\u0103u<\/a><\/li>\n<\/ul>\n<\/div>\n<\/div>\n<div class=\"td_block_wrap tdb_single_post_share tdi_75  td-pb-border-top td_block_template_1\" data-td-block-uid=\"tdi_75\">\n<div id=\"tdi_75\" class=\"td-post-sharing tdb-block td-ps-bg td-ps-notext td-post-sharing-style1 \">\n<div class=\"td-post-sharing-visible\"><a class=\"td-social-sharing-button td-social-sharing-button-js td-social-network td-social-facebook\" href=\"https:\/\/www.facebook.com\/sharer.php?u=https%3A%2F%2Fvoceatimisului.ro%2Ftemelie-in-cazul-colterm-sa-camera-de-conturi-timis-si-a-dus-concluziile-auditului-de-la-primaria-timisoara-inspre-subminarea-economiei-nationale%2F\" title=\"Facebook\" rel=\"noopener\"><\/p>\n<div class=\"td-social-but-text\">Facebook<\/div>\n<p><\/a><a class=\"td-social-sharing-button td-social-sharing-button-js td-social-network td-social-twitter\" href=\"https:\/\/twitter.com\/intent\/tweet?text=Temelie%21+%C3%8En+cazul+Colterm+SA%2C+Camera+de+Conturi+Timi%C8%99+%C8%99i-a+dus+concluziile+auditului+de+la+Prim%C4%83ria+Timi%C8%99oara+%C3%AEnspre+subminarea+economiei+na%C8%9Bionale&amp;url=https%3A%2F%2Fvoceatimisului.ro%2Ftemelie-in-cazul-colterm-sa-camera-de-conturi-timis-si-a-dus-concluziile-auditului-de-la-primaria-timisoara-inspre-subminarea-economiei-nationale%2F&amp;via=Vocea+Timisului\" title=\"Twitter\" rel=\"noopener\"><\/p>\n<div class=\"td-social-but-text\">Twitter<\/div>\n<p><\/a><a class=\"td-social-sharing-button td-social-sharing-button-js td-social-network td-social-pinterest\" href=\"https:\/\/pinterest.com\/pin\/create\/button\/?url=https:\/\/voceatimisului.ro\/temelie-in-cazul-colterm-sa-camera-de-conturi-timis-si-a-dus-concluziile-auditului-de-la-primaria-timisoara-inspre-subminarea-economiei-nationale\/&amp;media=https:\/\/analyse.optim.biz\/wp-content\/uploads\/2025\/12\/temelie-in-cazul-colterm-sa-camera-de-conturi-timis-si-a-dus-concluziile-auditului-de-la-primaria-jpg-1.webp&amp;description=Temelie%21+%C3%8En+cazul+Colterm+SA%2C+Camera+de+Conturi+Timi%C8%99+%C8%99i-a+dus+concluziile+auditului+de+la+Prim%C4%83ria+Timi%C8%99oara+%C3%AEnspre+subminarea+economiei+na%C8%9Bionale\" title=\"Pinterest\" rel=\"noopener\"><\/p>\n<div class=\"td-social-but-text\">Pinterest<\/div>\n<p><\/a><a class=\"td-social-sharing-button td-social-sharing-button-js td-social-network td-social-whatsapp\" href=\"https:\/\/api.whatsapp.com\/send?text=Temelie%21+%C3%8En+cazul+Colterm+SA%2C+Camera+de+Conturi+Timi%C8%99+%C8%99i-a+dus+concluziile+auditului+de+la+Prim%C4%83ria+Timi%C8%99oara+%C3%AEnspre+subminarea+economiei+na%C8%9Bionale%20%0A%0A%20https:\/\/voceatimisului.ro\/temelie-in-cazul-colterm-sa-camera-de-conturi-timis-si-a-dus-concluziile-auditului-de-la-primaria-timisoara-inspre-subminarea-economiei-nationale\/\" title=\"WhatsApp\" rel=\"noopener\"><\/p>\n<div class=\"td-social-but-text\">WhatsApp<\/div>\n<p><\/a><a class=\"td-social-sharing-button td-social-sharing-button-js td-social-network td-social-linkedin\" href=\"https:\/\/www.linkedin.com\/shareArticle?mini=true&amp;url=https:\/\/voceatimisului.ro\/temelie-in-cazul-colterm-sa-camera-de-conturi-timis-si-a-dus-concluziile-auditului-de-la-primaria-timisoara-inspre-subminarea-economiei-nationale\/&amp;title=Temelie%21+%C3%8En+cazul+Colterm+SA%2C+Camera+de+Conturi+Timi%C8%99+%C8%99i-a+dus+concluziile+auditului+de+la+Prim%C4%83ria+Timi%C8%99oara+%C3%AEnspre+subminarea+economiei+na%C8%9Bionale\" title=\"Linkedin\" rel=\"noopener\"><\/p>\n<div class=\"td-social-but-text\">Linkedin<\/div>\n<p><\/a><a class=\"td-social-sharing-button td-social-sharing-button-js td-social-network td-social-copy_url\" href=\"https:\/\/voceatimisului.ro\/temelie-in-cazul-colterm-sa-camera-de-conturi-timis-si-a-dus-concluziile-auditului-de-la-primaria-timisoara-inspre-subminarea-economiei-nationale\/\" title=\"Copy URL\" rel=\"noopener\"><\/p>\n<div class=\"td-social-but-text\">Copy URL<\/div>\n<p><\/a><\/div>\n<\/div>\n<\/div>\n<div class=\"td_block_wrap tdb_single_next_prev tdi_76 td-animation-stack td-next-prev-img-on td-pb-border-top td_block_template_1\" data-td-block-uid=\"tdi_76\">\n<div class=\"tdb-block-inner td-fix-index\">\n<div class=\"tdb-next-post tdb-next-post-bg tdb-post-prev\"><span>Articolul precedent<\/span><\/p>\n<div class=\"td-module-container\">\n<div class=\"td-image-container\"><a class=\"td-image-wrap\" href=\"https:\/\/voceatimisului.ro\/razboi-total-politia-locala-giroc-l-a-denuntat-la-dna-pe-primarul-psd-ionel-toma-pentru-infractiunea-de-abuz-in-serviciu-in-cazul-contractelor-de-asistenta-juridica-incheiate-cu-avocatul-sorinel-go\/\"><img loading=\"lazy\" decoding=\"async\" class=\"td-next-prev-image td-fix-index td-lazy-img\" title=\"R\u0103zboi total! Poli\u021bia local\u0103 Giroc l-a denun\u021bat la DNA pe primarul PSD Ionel Toma pentru infrac\u021biunea de abuz \u00een serviciu, \u00een cazul contractelor de asisten\u021b\u0103 juridic\u0103, \u00eencheiate cu avocatul Sorinel Golban\" width=\"696\" height=\"765\" src=\"https:\/\/analyse.optim.biz\/wp-content\/uploads\/2025\/12\/iosif-ionel-toma-si-sorinel-golban-696x765-1.jpg\"><\/a><\/div>\n<div class=\"next-prev-title\"><a href=\"https:\/\/voceatimisului.ro\/razboi-total-politia-locala-giroc-l-a-denuntat-la-dna-pe-primarul-psd-ionel-toma-pentru-infractiunea-de-abuz-in-serviciu-in-cazul-contractelor-de-asistenta-juridica-incheiate-cu-avocatul-sorinel-go\/\">R\u0103zboi total! Poli\u021bia local\u0103 Giroc l-a denun\u021bat la DNA pe primarul PSD Ionel Toma pentru infrac\u021biunea de abuz \u00een serviciu, \u00een cazul contractelor de asisten\u021b\u0103 juridic\u0103, \u00eencheiate cu avocatul Sorinel Golban<\/a><\/div>\n<\/div>\n<\/div>\n<div class=\"tdb-next-post tdb-next-post-bg tdb-post-next\"><span>Articolul urm\u0103tor<\/span><\/p>\n<div class=\"td-module-container\">\n<div class=\"td-image-container\"><a class=\"td-image-wrap\" href=\"https:\/\/voceatimisului.ro\/camera-de-conturi-confirma-dezvaluirile-voceatimisului-administratia-fritz-pasiva-la-activitatile-ilegale-ale-spalatoriei-fantoma-patronata-de-sirianul-sadi-farajallah\/\"><img loading=\"lazy\" decoding=\"async\" class=\"td-next-prev-image td-fix-index td-lazy-img\" title=\"Camera de Conturi confirm\u0103 dezv\u0103luirile VOCEATIMI\u0218ULUI. Administra\u021bia Fritz, pasiv\u0103 la activit\u0103\u021bile ilegale ale sp\u0103l\u0103toriei-fantom\u0103, patronat\u0103 de sirianul Sadi Farajallah\" width=\"696\" height=\"522\" src=\"https:\/\/analyse.optim.biz\/wp-content\/uploads\/2025\/12\/patronul-unei-spalatorii-auto-face-slalom-urias-printre-expertii-din-administratia-lui-dominic-fritz4-696x522-1.jpg\"><\/a><\/div>\n<div class=\"next-prev-title\"><a href=\"https:\/\/voceatimisului.ro\/camera-de-conturi-confirma-dezvaluirile-voceatimisului-administratia-fritz-pasiva-la-activitatile-ilegale-ale-spalatoriei-fantoma-patronata-de-sirianul-sadi-farajallah\/\">Camera de Conturi confirm\u0103 dezv\u0103luirile VOCEATIMI\u0218ULUI. Administra\u021bia Fritz, pasiv\u0103 la activit\u0103\u021bile ilegale ale sp\u0103l\u0103toriei-fantom\u0103, patronat\u0103 de sirianul Sadi Farajallah<\/a><\/div>\n<\/div>\n<\/div>\n<\/div>\n<\/div>\n<\/div>\n<\/div>\n<\/div>\n<\/div>\n<div class=\"vc_row_inner tdi_86  vc_row vc_inner wpb_row td-pb-row\">\n<div class=\"vc_column_inner tdi_88  wpb_column vc_column_container tdc-inner-column td-pb-span4 td-is-sticky\">\n<div class=\"vc_column-inner\">\n<div class=\"wpb_wrapper\" data-sticky-enabled-on=\"W3RydWUsdHJ1ZSx0cnVlLHRydWVd\" data-sticky-offset=\"20\" data-sticky-is-width-auto=\"W2ZhbHNlLGZhbHNlLGZhbHNlLGZhbHNlXQ==\">\n<div class=\"td_block_wrap tdb_single_related tdi_89 td_with_ajax_pagination td-pb-border-top td_block_template_1 tdb-single-related-posts\" data-td-block-uid=\"tdi_89\">\n<div id=\"tdi_89\" class=\"td_block_inner tdb-block-inner td-fix-index\">\n<div class=\"tdb_module_related td_module_wrap td-animation-stack td-meta-info-hide\">\n<div class=\"td-module-container td-category-pos-image\">\n<div class=\"td-module-meta-info\">\n<h3 class=\"entry-title td-module-title\"><a href=\"https:\/\/voceatimisului.ro\/retim-si-a-mutat-sediul-in-oradea-timisoara-pierde-taxe-administratia-fritz-tace\/\" rel=\"bookmark\" title=\"RETIM \u0219i-a mutat sediul \u00een Oradea. Timi\u0219oara pierde taxe, administra\u021bia Fritz tace\">RETIM \u0219i-a mutat sediul \u00een Oradea. Timi\u0219oara pierde taxe, administra\u021bia Fritz tace<\/a><\/h3>\n<\/div>\n<\/div>\n<\/div>\n<div class=\"tdb_module_related td_module_wrap td-animation-stack td-meta-info-hide\">\n<div class=\"td-module-container td-category-pos-image\">\n<div class=\"td-module-meta-info\">\n<h3 class=\"entry-title td-module-title\"><a href=\"https:\/\/voceatimisului.ro\/fritz-ignora-legea-ministerul-muncii-confirma-incetarea-functiei-lui-pokker-in-ziua-pensionarii\/\" rel=\"bookmark\" title=\"Fritz ignor\u0103 legea. Ministerul Muncii confirm\u0103 \u00eencetarea func\u021biei lui Pokker \u00een ziua pension\u0103rii\">Fritz ignor\u0103 legea. Ministerul Muncii confirm\u0103 \u00eencetarea func\u021biei lui Pokker \u00een ziua pension\u0103rii<\/a><\/h3>\n<\/div>\n<\/div>\n<\/div>\n<div class=\"tdb_module_related td_module_wrap td-animation-stack td-meta-info-hide\">\n<div class=\"td-module-container td-category-pos-image\">\n<div class=\"td-module-meta-info\">\n<h3 class=\"entry-title td-module-title\"><a href=\"https:\/\/voceatimisului.ro\/ruben-latcau-inventeaza-cifre-despre-stadion-simonis-il-pune-la-punct-cu-documentele-in-fata\/\" rel=\"bookmark\" title=\"Ruben La\u021bc\u0103u inventeaz\u0103 cifre despre stadion. Simonis \u00eel pune la punct cu documentele \u00een fa\u021b\u0103\">Ruben La\u021bc\u0103u inventeaz\u0103 cifre despre stadion. Simonis \u00eel pune la punct cu documentele \u00een fa\u021b\u0103<\/a><\/h3>\n<\/div>\n<\/div>\n<\/div>\n<\/div>\n<\/div>\n<\/div>\n<\/div>\n<\/div>\n<div class=\"vc_column_inner tdi_91  wpb_column vc_column_container tdc-inner-column td-pb-span8\">\n<div class=\"vc_column-inner\">\n<div class=\"wpb_wrapper\">\n<div class=\"td_block_wrap tdb_single_comments tdi_92 tdb-comm-layout2 td-pb-border-top td_block_template_2\" data-td-block-uid=\"tdi_92\">\n<div class=\"tdb-block-inner td-fix-index\">\n<div class=\"comments\" id=\"comments\">\n<div class=\"td-comments-title-wrap td_block_template_2\">\n<h4 class=\"td-comments-title td-block-title\"><span>6 COMENTARII<\/span><\/h4>\n<\/div>\n<ol class=\"comment-list\">\n<li class=\"comment \" id=\"comment-25608\">\n<article>\n<footer><cite>IMPOSTOR DE PRIMAR<\/cite><a class=\"comment-link\" href=\"https:\/\/voceatimisului.ro\/temelie-in-cazul-colterm-sa-camera-de-conturi-timis-si-a-dus-concluziile-auditului-de-la-primaria-timisoara-inspre-subminarea-economiei-nationale\/#comment-25608\"><time><br \/>\n\t\t\t\t\t\t    13 septembrie 2022\t\t\t\t\t\t    La\t\t\t\t\t\t    10:44 AM<\/time><\/a><\/footer>\n<div class=\"comment-content\">\n<p>Nu sunt un fan de a lui Robu cum imediat postaci USR vor sari ca arsi.Dar cum necum pe vremea lui Robu nici macar pe vremea lui Ceasca Timisoara in scolii,spitale,locuinta iarna nu au ramas fara pic de caldura.Dar acest primar neam FRITZ a reusit aceasta performanta.Cu toate ca guvernul care il saboteaza pe maestrul a virat bani pe care el i-a cheltuit pe alte minuni nu pentru Colterm<\/p>\n<\/div>\n<div class=\"comment-meta\" id=\"comment-25608\"><a rel=\"nofollow\" class=\"comment-reply-link\" href=\"https:\/\/voceatimisului.ro\/temelie-in-cazul-colterm-sa-camera-de-conturi-timis-si-a-dus-concluziile-auditului-de-la-primaria-timisoara-inspre-subminarea-economiei-nationale\/#comment-25608\" data-commentid=\"25608\" data-postid=\"153040\" data-belowelement=\"comment-25608\" data-respondelement=\"respond\" data-replyto=\"R\u0103spunde-i lui IMPOSTOR DE PRIMAR\" aria-label=\"R\u0103spunde-i lui IMPOSTOR DE PRIMAR\">R\u0103spunde\u021bi<\/a><\/div>\n<\/article>\n<\/li>\n<li class=\"comment \" id=\"comment-25578\">\n<article>\n<footer><cite>Justitiarul<\/cite><a class=\"comment-link\" href=\"https:\/\/voceatimisului.ro\/temelie-in-cazul-colterm-sa-camera-de-conturi-timis-si-a-dus-concluziile-auditului-de-la-primaria-timisoara-inspre-subminarea-economiei-nationale\/#comment-25578\"><time><br \/>\n\t\t\t\t\t\t    6 septembrie 2022\t\t\t\t\t\t    La\t\t\t\t\t\t    5:48 PM<\/time><\/a><\/footer>\n<div class=\"comment-content\">\n<p>John doe, \u2026\u2026esti un bou!<\/p>\n<\/div>\n<div class=\"comment-meta\" id=\"comment-25578\"><a rel=\"nofollow\" class=\"comment-reply-link\" href=\"https:\/\/voceatimisului.ro\/temelie-in-cazul-colterm-sa-camera-de-conturi-timis-si-a-dus-concluziile-auditului-de-la-primaria-timisoara-inspre-subminarea-economiei-nationale\/#comment-25578\" data-commentid=\"25578\" data-postid=\"153040\" data-belowelement=\"comment-25578\" data-respondelement=\"respond\" data-replyto=\"R\u0103spunde-i lui Justitiarul\" aria-label=\"R\u0103spunde-i lui Justitiarul\">R\u0103spunde\u021bi<\/a><\/div>\n<\/article>\n<\/li>\n<li class=\"comment \" id=\"comment-25573\">\n<article>\n<footer><cite>John doe<\/cite><a class=\"comment-link\" href=\"https:\/\/voceatimisului.ro\/temelie-in-cazul-colterm-sa-camera-de-conturi-timis-si-a-dus-concluziile-auditului-de-la-primaria-timisoara-inspre-subminarea-economiei-nationale\/#comment-25573\"><time><br \/>\n\t\t\t\t\t\t    6 septembrie 2022\t\t\t\t\t\t    La\t\t\t\t\t\t    10:42 AM<\/time><\/a><\/footer>\n<div class=\"comment-content\">\n<p>L\u0103sate de Fritz, vezi-de tramvaie \u0219i de minimafioti de Girov.<\/p>\n<\/div>\n<div class=\"comment-meta\" id=\"comment-25573\"><a rel=\"nofollow\" class=\"comment-reply-link\" href=\"https:\/\/voceatimisului.ro\/temelie-in-cazul-colterm-sa-camera-de-conturi-timis-si-a-dus-concluziile-auditului-de-la-primaria-timisoara-inspre-subminarea-economiei-nationale\/#comment-25573\" data-commentid=\"25573\" data-postid=\"153040\" data-belowelement=\"comment-25573\" data-respondelement=\"respond\" data-replyto=\"R\u0103spunde-i lui John doe\" aria-label=\"R\u0103spunde-i lui John doe\">R\u0103spunde\u021bi<\/a><\/div>\n<\/article>\n<ul class=\"children\">\n<li class=\"comment \" id=\"comment-25575\">\n<article>\n<footer><cite>Vlad Marcu<\/cite><a class=\"comment-link\" href=\"https:\/\/voceatimisului.ro\/temelie-in-cazul-colterm-sa-camera-de-conturi-timis-si-a-dus-concluziile-auditului-de-la-primaria-timisoara-inspre-subminarea-economiei-nationale\/#comment-25575\"><time><br \/>\n\t\t\t\t\t\t    6 septembrie 2022\t\t\t\t\t\t    La\t\t\t\t\t\t    11:55 AM<\/time><\/a><\/footer>\n<div class=\"comment-content\">\n<p>Sa traiti!<\/p>\n<\/div>\n<div class=\"comment-meta\" id=\"comment-25575\"><a rel=\"nofollow\" class=\"comment-reply-link\" href=\"https:\/\/voceatimisului.ro\/temelie-in-cazul-colterm-sa-camera-de-conturi-timis-si-a-dus-concluziile-auditului-de-la-primaria-timisoara-inspre-subminarea-economiei-nationale\/#comment-25575\" data-commentid=\"25575\" data-postid=\"153040\" data-belowelement=\"comment-25575\" data-respondelement=\"respond\" data-replyto=\"R\u0103spunde-i lui Vlad Marcu\" aria-label=\"R\u0103spunde-i lui Vlad Marcu\">R\u0103spunde\u021bi<\/a><\/div>\n<\/article>\n<\/li>\n<li class=\"comment \" id=\"comment-25581\">\n<article>\n<footer><cite><a href=\"http:\/\/www.voceatimisului.ro\" class=\"url\" rel=\"ugc external nofollow\">Radu Constantin<\/a><\/cite><a class=\"comment-link\" href=\"https:\/\/voceatimisului.ro\/temelie-in-cazul-colterm-sa-camera-de-conturi-timis-si-a-dus-concluziile-auditului-de-la-primaria-timisoara-inspre-subminarea-economiei-nationale\/#comment-25581\"><time><br \/>\n\t\t\t\t\t\t    7 septembrie 2022\t\t\t\t\t\t    La\t\t\t\t\t\t    9:12 AM<\/time><\/a><\/footer>\n<div class=\"comment-content\">\n<p>E\u0219ti prea prost s\u0103 \u00eemi pierd vremea cu tine.<\/p>\n<\/div>\n<div class=\"comment-meta\" id=\"comment-25581\"><a rel=\"nofollow\" class=\"comment-reply-link\" href=\"https:\/\/voceatimisului.ro\/temelie-in-cazul-colterm-sa-camera-de-conturi-timis-si-a-dus-concluziile-auditului-de-la-primaria-timisoara-inspre-subminarea-economiei-nationale\/#comment-25581\" data-commentid=\"25581\" data-postid=\"153040\" data-belowelement=\"comment-25581\" data-respondelement=\"respond\" data-replyto=\"R\u0103spunde-i lui Radu Constantin\" aria-label=\"R\u0103spunde-i lui Radu Constantin\">R\u0103spunde\u021bi<\/a><\/div>\n<\/article>\n<\/li>\n<\/ul>\n<\/li>\n<li class=\"comment \" id=\"comment-25572\">\n<article>\n<footer><cite>justitiarul<\/cite><a class=\"comment-link\" href=\"https:\/\/voceatimisului.ro\/temelie-in-cazul-colterm-sa-camera-de-conturi-timis-si-a-dus-concluziile-auditului-de-la-primaria-timisoara-inspre-subminarea-economiei-nationale\/#comment-25572\"><time><br \/>\n\t\t\t\t\t\t    6 septembrie 2022\t\t\t\t\t\t    La\t\t\t\t\t\t    8:02 AM<\/time><\/a><\/footer>\n<div class=\"comment-content\">\n<p>Daca o sa analizati actele incheiate la nivelul primariei si Colterm inca din 2019 o sa vedeti ca cei de la Camera de Conturi au anticipat dezastrul actual de unde rezulta indubitabil atat reaua credinta cat si lipsa totala a oricarei urme de profesionalism a administratiilor Robu si Fritz, combinata cu pasivitatea celorlalte institutii indreptatite (daca nu chiar obligate) sa intervina.<\/p>\n<\/div>\n<div class=\"comment-meta\" id=\"comment-25572\"><a rel=\"nofollow\" class=\"comment-reply-link\" href=\"https:\/\/voceatimisului.ro\/temelie-in-cazul-colterm-sa-camera-de-conturi-timis-si-a-dus-concluziile-auditului-de-la-primaria-timisoara-inspre-subminarea-economiei-nationale\/#comment-25572\" data-commentid=\"25572\" data-postid=\"153040\" data-belowelement=\"comment-25572\" data-respondelement=\"respond\" data-replyto=\"R\u0103spunde-i lui justitiarul\" aria-label=\"R\u0103spunde-i lui justitiarul\">R\u0103spunde\u021bi<\/a><\/div>\n<\/article>\n<\/li>\n<\/ol>\n<div id=\"respond\" class=\"comment-respond\">\n<h3 id=\"reply-title\" class=\"comment-reply-title\">L\u0102SA\u021aI UN MESAJ <small><a rel=\"nofollow\" id=\"cancel-comment-reply-link\" href=\"https:\/\/voceatimisului.ro\/temelie-in-cazul-colterm-sa-camera-de-conturi-timis-si-a-dus-concluziile-auditului-de-la-primaria-timisoara-inspre-subminarea-economiei-nationale\/#respond\">Renun\u021ba\u021bi la r\u0103spuns<\/a><\/small><\/h3>\n<div class=\"comment-form-input-wrap td-form-comment\">\n<div class=\"td-warning-comment\">V\u0103 rug\u0103m s\u0103 introduce\u021bi comentariul dvs.!<\/div>\n<\/div>\n<div class=\"comment-form-input-wrap td-form-author\">\n<div class=\"td-warning-author\">Introduce\u021bi aici numele dvs.<\/div>\n<\/div>\n<div class=\"comment-form-input-wrap td-form-email\">\n<div class=\"td-warning-email-error\">A\u021bi introdus o adres\u0103 de e-mail incorect\u0103!<\/div>\n<div class=\"td-warning-email\">V\u0103 rug\u0103m s\u0103 introduce\u021bi adresa dvs. de e-mail aici<\/div>\n<\/div>\n<\/div>\n<\/div>\n<\/div>\n<\/div>\n<\/div>\n<\/div>\n<\/div>\n<\/div>\n<\/div>\n<\/div>\n<div class=\"vc_column tdi_94  wpb_column vc_column_container tdc-column td-pb-span4 td-is-sticky\">\n<div class=\"wpb_wrapper\" data-sticky-enabled-on=\"W3RydWUsdHJ1ZSx0cnVlLHRydWVd\" data-sticky-offset=\"20\" data-sticky-is-width-auto=\"W2ZhbHNlLGZhbHNlLGZhbHNlLGZhbHNlXQ==\">\n<div class=\"vc_row_inner tdi_96  vc_row vc_inner wpb_row td-pb-row\">\n<div class=\"vc_column_inner tdi_98  wpb_column vc_column_container tdc-inner-column td-pb-span12\">\n<div class=\"vc_column-inner\">\n<div class=\"wpb_wrapper\">\n<div class=\"td_block_wrap td_block_title tdi_99 td-pb-border-top td_block_template_11 td-fix-index\" data-td-block-uid=\"tdi_99\">\n<div class=\"td-block-title-wrap\">\n<h4 class=\"td-block-title\"><span class=\"td-pulldown-size\">ANUN\u021aURI \u0218I PUBLICITATE<\/span><\/h4>\n<\/div>\n<\/div>\n<\/div>\n<\/div>\n<\/div>\n<\/div>\n<div class=\"wpb_wrapper td_block_wrap vc_widget_sidebar tdi_101 \">\n<aside id=\"block-10\" class=\"td_block_template_1 widget block-10 widget_block widget_media_image\">\n<figure class=\"wp-block-image size-full\"><a href=\"https:\/\/adpghiroda.ro\/index.html\" target=\"_blank\" rel=\" noreferrer noopener\"><img decoding=\"async\" loading=\"eager\" width=\"960\" height=\"960\" src=\"https:\/\/analyse.optim.biz\/wp-content\/uploads\/2025\/12\/adp-ghiroda2-6.jpg\" class=\"wp-image-171492\" title=\"adp-ghiroda2-6\"><\/a><\/figure>\n<\/aside>\n<aside id=\"block-11\" class=\"td_block_template_1 widget block-11 widget_block widget_media_image\">\n<figure class=\"wp-block-image size-full\"><a href=\"https:\/\/adpghiroda.ro\/index.html\" target=\"_blank\" rel=\" noreferrer noopener\"><img decoding=\"async\" loading=\"eager\" width=\"960\" height=\"960\" src=\"https:\/\/analyse.optim.biz\/wp-content\/uploads\/2025\/12\/adp-ghiroda1-6.jpg\" class=\"wp-image-171491\" title=\"adp-ghiroda1-6\"><\/a><\/figure>\n<\/aside>\n<aside id=\"block-17\" class=\"td_block_template_1 widget block-17 widget_block widget_media_image\">\n<figure class=\"wp-block-image size-large is-resized\"><a href=\"https:\/\/verde.events\/\" target=\"_blank\" rel=\" noreferrer noopener\"><img decoding=\"async\" loading=\"lazy\" width=\"1024\" height=\"683\" src=\"https:\/\/analyse.optim.biz\/wp-content\/uploads\/2025\/12\/verde-events-24-1024x683-7.jpg\" alt=\"Verde Events\" class=\"wp-image-174395\" title=\"verde-events-24-1024x683-7\"><\/a><figcaption class=\"wp-element-caption\"><strong><em>O experien\u021b\u0103 unic\u0103 pentru orice tip de eveniment<\/em><\/strong><\/figcaption><\/figure>\n<\/aside>\n<\/div>\n<div class=\"td_block_wrap td_flex_block_1 tdi_107 td-pb-border-top td_block_template_1 td_ajax_preloading_preload td_flex_block\" data-td-block-uid=\"tdi_107\">\n<div id=\"tdi_107\" class=\"td_block_inner td-mc1-wrap\">\n<div class=\"td_module_flex td_module_flex_1 td_module_wrap td-animation-stack td-meta-info-hide td-cpt-post\">\n<div class=\"td-module-container td-category-pos-image\">\n<div class=\"td-module-meta-info\">\n<h3 class=\"entry-title td-module-title\"><a href=\"https:\/\/voceatimisului.ro\/licitatia-de-e-ticketing-a-primariei-timisoara-trimisa-la-rescris-de-cnsc-documentatie-profund-viciata-si-semne-de-intrebare-privind-expertiza-din-spatele-proiectului\/\" rel=\"bookmark\" title=\"Licita\u021bia de e-ticketing a Prim\u0103riei Timi\u0219oara, trimis\u0103 la rescris de CNSC. Documenta\u021bie \u201eprofund viciat\u0103\u201d \u0219i semne de \u00eentrebare privind expertiza din spatele proiectului\">Licita\u021bia de e-ticketing a Prim\u0103riei Timi\u0219oara, trimis\u0103 la rescris de CNSC. Documenta\u021bie \u201eprofund viciat\u0103\u201d \u0219i semne de \u00eentrebare privind expertiza din spatele proiectului<\/a><\/h3>\n<\/div>\n<\/div>\n<\/div>\n<div class=\"td_module_flex td_module_flex_1 td_module_wrap td-animation-stack td-meta-info-hide td-cpt-post\">\n<div class=\"td-module-container td-category-pos-image\">\n<div class=\"td-module-meta-info\">\n<h3 class=\"entry-title td-module-title\"><a href=\"https:\/\/voceatimisului.ro\/dominic-fritz-si-pensionarii-de-lux-ai-legalitatii\/\" rel=\"bookmark\" title=\"Dominic Fritz \u0219i pensionarii de lux ai legalit\u0103\u021bii\">Dominic Fritz \u0219i pensionarii de lux ai legalit\u0103\u021bii<\/a><\/h3>\n<\/div>\n<\/div>\n<\/div>\n<div class=\"td_module_flex td_module_flex_1 td_module_wrap td-animation-stack td-meta-info-hide td-cpt-post\">\n<div class=\"td-module-container td-category-pos-image\">\n<div class=\"td-module-meta-info\">\n<h3 class=\"entry-title td-module-title\"><a href=\"https:\/\/voceatimisului.ro\/demolari-fara-drept-si-functionari-executati-administratia-fritz-tot-mai-aproape-de-comunismul-birocratic\/\" rel=\"bookmark\" title=\"Demol\u0103ri f\u0103r\u0103 drept \u0219i func\u021bionari executa\u021bi: administra\u021bia Fritz, tot mai aproape de comunismul birocratic\">Demol\u0103ri f\u0103r\u0103 drept \u0219i func\u021bionari executa\u021bi: administra\u021bia Fritz, tot mai aproape de comunismul birocratic<\/a><\/h3>\n<\/div>\n<\/div>\n<\/div>\n<div class=\"td_module_flex td_module_flex_1 td_module_wrap td-animation-stack td-meta-info-hide td-cpt-post\">\n<div class=\"td-module-container td-category-pos-image\">\n<div class=\"td-module-meta-info\">\n<h3 class=\"entry-title td-module-title\"><a href=\"https:\/\/voceatimisului.ro\/ruben-latcau-portavocea-gunoiului-ataca-fara-probe-pe-singurul-om-care-a-avut-curajul-sa-puna-stop-haosului-de-la-ghizela\/\" rel=\"bookmark\" title=\"Ruben La\u021bc\u0103u, portavocea gunoiului. Atac\u0103 f\u0103r\u0103 probe pe singurul om care a avut curajul s\u0103 pun\u0103 stop haosului de la Ghizela\">Ruben La\u021bc\u0103u, portavocea gunoiului. Atac\u0103 f\u0103r\u0103 probe pe singurul om care a avut curajul s\u0103 pun\u0103 stop haosului de la Ghizela<\/a><\/h3>\n<\/div>\n<\/div>\n<\/div>\n<div class=\"td_module_flex td_module_flex_1 td_module_wrap td-animation-stack td-meta-info-hide td-cpt-post\">\n<div class=\"td-module-container td-category-pos-image\">\n<div class=\"td-module-meta-info\">\n<h3 class=\"entry-title td-module-title\"><a href=\"https:\/\/voceatimisului.ro\/buldozerul-administratiei-fritz-loveste-din-nou-viceprimarul-romocean-i-a-executat-administrativ-pe-cei-doi-functionari-care-au-refuzat-sa-mai-participe-la-demolarile-abuzive\/\" rel=\"bookmark\" title=\"Buldozerul administra\u021biei Fritz love\u0219te din nou. Viceprimarul Romocean i-a executat administrativ pe cei doi func\u021bionari care au refuzat s\u0103 mai participe la demol\u0103rile abuzive\">Buldozerul administra\u021biei Fritz love\u0219te din nou. Viceprimarul Romocean i-a executat administrativ pe cei doi func\u021bionari care au refuzat s\u0103 mai participe la demol\u0103rile abuzive<\/a><\/h3>\n<\/div>\n<\/div>\n<\/div>\n<\/div>\n<\/div>\n<\/div>\n<\/div>\n<\/div>\n<\/div>\n<\/div>\n<\/div>\n<p><span class=\"td-page-meta\"><\/span><span class=\"td-page-meta\"><span class=\"td-page-meta\"><\/span><\/span><span class=\"td-page-meta\"><\/span><\/article>\n<p> Source URL: https:\/\/voceatimisului.ro\/temelie-in-cazul-colterm-sa-camera-de-conturi-timis-si-a-dus-concluziile-auditului-de-la-primaria-timisoara-inspre-subminarea-economiei-nationale\/<\/p>\n","protected":false},"excerpt":{"rendered":"<p>\u0218tiriExclusiv Temelie! \u00cen cazul Colterm SA, Camera de Conturi Timi\u0219 \u0219i-a dus concluziile auditului de la Prim\u0103ria Timi\u0219oara \u00eenspre subminarea economiei na\u021bionale Autor-Tiberiu Kiss 6 septembrie 2022 6 13543 Facebook Twitter Pinterest WhatsApp Linkedin Copy URL Temelie In cazul Colterm SA Camera de Conturi Timis si a dus concluziile auditului de la Primaria jpg Tramvaiul [&hellip;]<\/p>\n","protected":false},"author":1,"featured_media":1063874,"comment_status":"open","ping_status":"","sticky":false,"template":"","format":"standard","meta":{"footnotes":""},"categories":[89],"tags":[199],"class_list":["post-1063873","post","type-post","status-publish","format-standard","has-post-thumbnail","hentry","category-romania","tag-voceatimisului-ro"],"_links":{"self":[{"href":"https:\/\/analyse.optim.biz\/index.php?rest_route=\/wp\/v2\/posts\/1063873","targetHints":{"allow":["GET"]}}],"collection":[{"href":"https:\/\/analyse.optim.biz\/index.php?rest_route=\/wp\/v2\/posts"}],"about":[{"href":"https:\/\/analyse.optim.biz\/index.php?rest_route=\/wp\/v2\/types\/post"}],"author":[{"embeddable":true,"href":"https:\/\/analyse.optim.biz\/index.php?rest_route=\/wp\/v2\/users\/1"}],"replies":[{"embeddable":true,"href":"https:\/\/analyse.optim.biz\/index.php?rest_route=%2Fwp%2Fv2%2Fcomments&post=1063873"}],"version-history":[{"count":0,"href":"https:\/\/analyse.optim.biz\/index.php?rest_route=\/wp\/v2\/posts\/1063873\/revisions"}],"wp:featuredmedia":[{"embeddable":true,"href":"https:\/\/analyse.optim.biz\/index.php?rest_route=\/wp\/v2\/media\/1063874"}],"wp:attachment":[{"href":"https:\/\/analyse.optim.biz\/index.php?rest_route=%2Fwp%2Fv2%2Fmedia&parent=1063873"}],"wp:term":[{"taxonomy":"category","embeddable":true,"href":"https:\/\/analyse.optim.biz\/index.php?rest_route=%2Fwp%2Fv2%2Fcategories&post=1063873"},{"taxonomy":"post_tag","embeddable":true,"href":"https:\/\/analyse.optim.biz\/index.php?rest_route=%2Fwp%2Fv2%2Ftags&post=1063873"}],"curies":[{"name":"wp","href":"https:\/\/api.w.org\/{rel}","templated":true}]}}