{"id":106385,"date":"2018-09-23T18:52:55","date_gmt":"2018-09-23T15:52:55","guid":{"rendered":"https:\/\/analyse.optim.biz\/?p=106385"},"modified":"2018-09-23T18:52:55","modified_gmt":"2018-09-23T15:52:55","slug":"fosta-firma-a-lui-bogdan-chirieac-contracte-de-17-milioane-de-euro-cu-serviciul-de-telecomunicatii-speciale","status":"publish","type":"post","link":"https:\/\/analyse.optim.biz\/?p=106385","title":{"rendered":"Fosta firm\u0103 a lui Bogdan Chirieac, contracte de 17 milioane de euro cu Serviciul de Telecomunica\u021bii Speciale"},"content":{"rendered":"<div class=\"entry data-app-meta data-app-meta-article\" data-embed-base-url-canonical=\"https:\/\/www.digi24.ro\/embed\/stiri\/diverse\/fosta-firma-a-lui-bogdan-chirieac-contracte-de-17-milioane-de-euro-cu-serviciul-de-telecomunicatii-speciale-1001476\">\n<p data-index=\"1\"><strong><span lang=\"ro-RO\">Aproape 17 milioane de euro (75,8 milioane de lei) este valoarea contractelor \u00eencheiate \u00een ultimii zece ani \u00eentre Serviciul de Telecomunica\u021bii Speciale (STS) \u0219i Centrul pentru Servicii de Radiocomunica\u021bii (CSR),\u00a0 firma unde a fost ac\u0163ionar \u015fi Bogdan Chirieac \u2013 jurnalistul de la DCNews, informeaz\u0103 <a href=\"https:\/\/www.g4media.ro\/exclusiv-cate-milioane-de-euro-a-castigat-fosta-firma-a-lui-bogdan-chirieac-cu-serviciul-de-telecomunicatii-speciale-in-ultimii-zece-ani-generozitatea-statului-paralel-cu-centrul-pe.html\" data-skip-linkfix=\"1\">G4Media.ro.<\/a><\/span><\/strong><\/p>\n<p data-index=\"2\"><img loading=\"lazy\" decoding=\"async\" class=\"alignnone size-full wp-image-1001478\" src=\"https:\/\/analyse.optim.biz\/wp-content\/uploads\/2024\/09\/ad1hytk0n2ewyzaxmtfhyzywy2zjnzjlzji3ymfkngnhmq-thumb_.jpg\" width=\"450\" height=\"350\" data-skip-htmlfix=\"1\" title=\"ad1hytk0n2ewyzaxmtfhyzywy2zjnzjlzji3ymfkngnhmq-thumb_\"><\/p>\n<p data-index=\"3\"><span lang=\"ro-RO\">Ultimul contract dintr-un total de 7, toate oferite prin negociere direct\u0103, a fost \u00eencheiat \u00een 2016, dup\u0103 cum rezult\u0103 din serviciul electronic de achizi\u021bii publice (SEAP).<\/span><\/p>\n<p data-index=\"4\">\u201eNu am nici cea mai mic\u0103 leg\u0103tur\u0103 cu CSR, chiar nici cea mai mic\u0103\u201d, a fost primul r\u0103spuns al lui Bogdan Chirieac, contactat de G4Media.ro. Jurnalistul a admis ca \u0219tie cine sunt ac\u021bionarii \u0219i c\u0103 \u00eel cunoa\u0219te pe ac\u021bionarul principal.<\/p>\n<p data-index=\"5\">\u201eNu pot sa va spun, nu sunt informa\u021bii publice, ar trebui sa fie informa\u021bii publice\u201d, a mai r\u0103spuns Chirieac c\u00e2nd a fost \u00eentrebat\u00a0dac\u0103 el are vreun contract cu CSR.<\/p>\n<p data-index=\"6\">\u201eDe ce nu m\u0103 \u00eentreba\u021bi de Adev\u0103rul, de G\u00e2ndul, mereu sunt \u00eentrebat de CSR. Eu am fost ac\u021bionar \u0219i la Adevarul, nu doar la CSR, de ce nu ma \u00eentreba\u021bi de Adev\u0103rul?\u201d, s-a mai ar\u0103tat contrariat Bogdan Chirieac.<\/p>\n<p data-index=\"7\">STS a fost men\u0163ionat de Liviu Dragnea ca f\u0103c\u00e2nd parte, al\u0103turi de Serviciul de Protec\u021bie \u0219i Paz\u0103 \u0219i Serviciul Rom\u00e2n de Informa\u021bii, dintr-un presupus \u201cstat paralel\u201d care ar de\u021bine puterea \u00een Rom\u00e2nia.<\/p>\n<\/div>\n<p> Source URL: https:\/\/www.digi24.ro\/stiri\/diverse\/fosta-firma-a-lui-bogdan-chirieac-contracte-de-17-milioane-de-euro-cu-serviciul-de-telecomunicatii-speciale-1001476<\/p>\n","protected":false},"excerpt":{"rendered":"<p>Aproape 17 milioane de euro (75,8 milioane de lei) este valoarea contractelor \u00eencheiate \u00een ultimii zece ani \u00eentre Serviciul de Telecomunica\u021bii Speciale (STS) \u0219i Centrul pentru Servicii de Radiocomunica\u021bii (CSR),\u00a0 firma unde a fost ac\u0163ionar \u015fi Bogdan Chirieac \u2013 jurnalistul de la DCNews, informeaz\u0103 G4Media.ro. Ultimul contract dintr-un total de 7, toate oferite prin negociere [&hellip;]<\/p>\n","protected":false},"author":1,"featured_media":106386,"comment_status":"open","ping_status":"","sticky":false,"template":"","format":"standard","meta":{"footnotes":""},"categories":[2],"tags":[11],"class_list":["post-106385","post","type-post","status-publish","format-standard","has-post-thumbnail","hentry","category-politics","tag-digi24"],"_links":{"self":[{"href":"https:\/\/analyse.optim.biz\/index.php?rest_route=\/wp\/v2\/posts\/106385","targetHints":{"allow":["GET"]}}],"collection":[{"href":"https:\/\/analyse.optim.biz\/index.php?rest_route=\/wp\/v2\/posts"}],"about":[{"href":"https:\/\/analyse.optim.biz\/index.php?rest_route=\/wp\/v2\/types\/post"}],"author":[{"embeddable":true,"href":"https:\/\/analyse.optim.biz\/index.php?rest_route=\/wp\/v2\/users\/1"}],"replies":[{"embeddable":true,"href":"https:\/\/analyse.optim.biz\/index.php?rest_route=%2Fwp%2Fv2%2Fcomments&post=106385"}],"version-history":[{"count":0,"href":"https:\/\/analyse.optim.biz\/index.php?rest_route=\/wp\/v2\/posts\/106385\/revisions"}],"wp:featuredmedia":[{"embeddable":true,"href":"https:\/\/analyse.optim.biz\/index.php?rest_route=\/wp\/v2\/media\/106386"}],"wp:attachment":[{"href":"https:\/\/analyse.optim.biz\/index.php?rest_route=%2Fwp%2Fv2%2Fmedia&parent=106385"}],"wp:term":[{"taxonomy":"category","embeddable":true,"href":"https:\/\/analyse.optim.biz\/index.php?rest_route=%2Fwp%2Fv2%2Fcategories&post=106385"},{"taxonomy":"post_tag","embeddable":true,"href":"https:\/\/analyse.optim.biz\/index.php?rest_route=%2Fwp%2Fv2%2Ftags&post=106385"}],"curies":[{"name":"wp","href":"https:\/\/api.w.org\/{rel}","templated":true}]}}